{"id":70171,"date":"2024-04-12T03:42:21","date_gmt":"2024-04-12T09:42:21","guid":{"rendered":"https:\/\/nitu.mx\/?p=70171"},"modified":"2024-04-12T03:44:05","modified_gmt":"2024-04-12T09:44:05","slug":"mara-lezama-anuncia-nuevas-rutas-nacionales-hacia-quintana-roo","status":"publish","type":"post","link":"https:\/\/nitu.mx\/index.php\/2024\/04\/12\/mara-lezama-anuncia-nuevas-rutas-nacionales-hacia-quintana-roo\/","title":{"rendered":"Mara Lezama anuncia Nuevas Rutas Nacionales Hacia Quintana Roo"},"content":{"rendered":"<p>En el marco del Tianguis Tur\u00edstico M\u00e9xico 2024 en Acapulco, se anunciaron nuevas rutas nacionales hacia los aeropuertos de Quintana Roo, fortaleciendo as\u00ed su accesibilidad y conectividad.<\/p>\n<p>A partir del 2 de mayo, Aerom\u00e9xico operar\u00e1 dos vuelos diarios desde el Aeropuerto Internacional &#8220;Felipe \u00c1ngeles&#8221; hacia el reci\u00e9n inaugurado aeropuerto de Tulum &#8220;Felipe Carrillo Puerto&#8221;. Esta nueva conexi\u00f3n a\u00e9rea abre puertas al coraz\u00f3n del #CaribeMexicano en su Nueva Era de Turismo, como lo comparti\u00f3 la gobernadora Mara Lezama en redes sociales.<\/p>\n<p>Adem\u00e1s, Volaris anunci\u00f3 el lanzamiento de su vuelo Guadalajara-Tulum programado para el pr\u00f3ximo 5 de diciembre, cuyos boletos ya est\u00e1n a la venta desde esta semana. Asimismo, la aerol\u00ednea VivaAerobus implementar\u00e1 un vuelo diario entre el Aeropuerto Felipe \u00c1ngeles y Chetumal como parte de su plan de crecimiento.<\/p>\n<p>Por su parte, la aerol\u00ednea Aerus ha anunciado nuevas rutas entre Canc\u00fan, Cozumel, Chetumal, Chich\u00e9n Itz\u00e1 y M\u00e9rida para el pr\u00f3ximo mes de mayo, consolidando as\u00ed la conectividad regional de Quintana Roo.<\/p>\n<p>Actualmente, Quintana Roo cuenta con cuatro aeropuertos conectados con 42 ciudades de Estados Unidos, 20 de Canad\u00e1, 18 de Latinoam\u00e9rica y 24 rutas nacionales, lo que evidencia su creciente importancia como destino tur\u00edstico internacional.<\/p>\n","protected":false},"excerpt":{"rendered":"<p>En el marco del Tianguis Tur\u00edstico M\u00e9xico 2024 en Acapulco, se anunciaron nuevas rutas nacionales hacia los aeropuertos de Quintana Roo, fortaleciendo as\u00ed su accesibilidad y conectividad. A partir del 2 de mayo, Aerom\u00e9xico operar\u00e1 dos vuelos diarios desde el Aeropuerto Internacional &#8220;Felipe \u00c1ngeles&#8221; hacia el reci\u00e9n inaugurado aeropuerto de Tulum &#8220;Felipe Carrillo Puerto&#8221;. Esta [&hellip;]<\/p>\n","protected":false},"author":17,"featured_media":44927,"comment_status":"open","ping_status":"open","sticky":false,"template":"","format":"standard","meta":{"footnotes":""},"categories":[18475],"tags":[40,2625,260,9306,24958],"yoast_head":"<!-- This site is optimized with the Yoast SEO plugin v22.2 - https:\/\/yoast.com\/wordpress\/plugins\/seo\/ -->\n<title>Mara Lezama anuncia Nuevas Rutas Nacionales Hacia Quintana Roo - Nitu - Noticias de la Industria Turistica<\/title>\n<meta name=\"robots\" content=\"index, follow, max-snippet:-1, max-image-preview:large, max-video-preview:-1\" \/>\n<link rel=\"canonical\" href=\"https:\/\/nitu.mx\/index.php\/2024\/04\/12\/mara-lezama-anuncia-nuevas-rutas-nacionales-hacia-quintana-roo\/\" \/>\n<meta name=\"twitter:card\" content=\"summary_large_image\" \/>\n<meta name=\"twitter:title\" content=\"Mara Lezama anuncia Nuevas Rutas Nacionales Hacia Quintana Roo - Nitu - Noticias de la Industria Turistica\" \/>\n<meta name=\"twitter:description\" content=\"En el marco del Tianguis Tur\u00edstico M\u00e9xico 2024 en Acapulco, se anunciaron nuevas rutas nacionales hacia los aeropuertos de Quintana Roo, fortaleciendo as\u00ed su accesibilidad y conectividad. A partir del 2 de mayo, Aerom\u00e9xico operar\u00e1 dos vuelos diarios desde el Aeropuerto Internacional &#8220;Felipe \u00c1ngeles&#8221; hacia el reci\u00e9n inaugurado aeropuerto de Tulum &#8220;Felipe Carrillo Puerto&#8221;. Esta [&hellip;]\" \/>\n<meta name=\"twitter:image\" content=\"https:\/\/nitu.mx\/wp-content\/uploads\/2020\/08\/aeropuerto-cancun-aerea-.jpeg\" \/>\n<meta name=\"twitter:creator\" content=\"@NITUmx\" \/>\n<meta name=\"twitter:site\" content=\"@Arturo_Medina_G\" \/>\n<meta name=\"twitter:label1\" content=\"Escrito por\" \/>\n\t<meta name=\"twitter:data1\" content=\"Redacci\u00f3n\" \/>\n\t<meta name=\"twitter:label2\" content=\"Tiempo de lectura\" \/>\n\t<meta name=\"twitter:data2\" content=\"1 minuto\" \/>\n<script type=\"application\/ld+json\" class=\"yoast-schema-graph\">{\"@context\":\"https:\/\/schema.org\",\"@graph\":[{\"@type\":\"Article\",\"@id\":\"https:\/\/nitu.mx\/index.php\/2024\/04\/12\/mara-lezama-anuncia-nuevas-rutas-nacionales-hacia-quintana-roo\/#article\",\"isPartOf\":{\"@id\":\"https:\/\/nitu.mx\/index.php\/2024\/04\/12\/mara-lezama-anuncia-nuevas-rutas-nacionales-hacia-quintana-roo\/\"},\"author\":{\"name\":\"Redacci\u00f3n\",\"@id\":\"https:\/\/nitu.mx\/#\/schema\/person\/4a28fe9bd65924f7c90623773daf1b0b\"},\"headline\":\"Mara Lezama anuncia Nuevas Rutas Nacionales Hacia Quintana Roo\",\"datePublished\":\"2024-04-12T09:42:21+00:00\",\"dateModified\":\"2024-04-12T09:44:05+00:00\",\"mainEntityOfPage\":{\"@id\":\"https:\/\/nitu.mx\/index.php\/2024\/04\/12\/mara-lezama-anuncia-nuevas-rutas-nacionales-hacia-quintana-roo\/\"},\"wordCount\":214,\"commentCount\":0,\"publisher\":{\"@id\":\"https:\/\/nitu.mx\/#\/schema\/person\/ae7a53426417292d3dd07b45a33e01bc\"},\"image\":{\"@id\":\"https:\/\/nitu.mx\/index.php\/2024\/04\/12\/mara-lezama-anuncia-nuevas-rutas-nacionales-hacia-quintana-roo\/#primaryimage\"},\"thumbnailUrl\":\"https:\/\/nitu.mx\/wp-content\/uploads\/2020\/08\/aeropuerto-cancun-aerea-.jpeg\",\"keywords\":[\"Acapulco\",\"aeropuertos\",\"Quintana Roo\",\"rutas nacionales\",\"Tianguis Tur\u00edstico M\u00e9xico 2024\"],\"articleSection\":[\"Caribe Mexicano\"],\"inLanguage\":\"es-MX\",\"potentialAction\":[{\"@type\":\"CommentAction\",\"name\":\"Comment\",\"target\":[\"https:\/\/nitu.mx\/index.php\/2024\/04\/12\/mara-lezama-anuncia-nuevas-rutas-nacionales-hacia-quintana-roo\/#respond\"]}]},{\"@type\":\"WebPage\",\"@id\":\"https:\/\/nitu.mx\/index.php\/2024\/04\/12\/mara-lezama-anuncia-nuevas-rutas-nacionales-hacia-quintana-roo\/\",\"url\":\"https:\/\/nitu.mx\/index.php\/2024\/04\/12\/mara-lezama-anuncia-nuevas-rutas-nacionales-hacia-quintana-roo\/\",\"name\":\"Mara Lezama anuncia Nuevas Rutas Nacionales Hacia Quintana Roo - Nitu - Noticias de la Industria Turistica\",\"isPartOf\":{\"@id\":\"https:\/\/nitu.mx\/#website\"},\"primaryImageOfPage\":{\"@id\":\"https:\/\/nitu.mx\/index.php\/2024\/04\/12\/mara-lezama-anuncia-nuevas-rutas-nacionales-hacia-quintana-roo\/#primaryimage\"},\"image\":{\"@id\":\"https:\/\/nitu.mx\/index.php\/2024\/04\/12\/mara-lezama-anuncia-nuevas-rutas-nacionales-hacia-quintana-roo\/#primaryimage\"},\"thumbnailUrl\":\"https:\/\/nitu.mx\/wp-content\/uploads\/2020\/08\/aeropuerto-cancun-aerea-.jpeg\",\"datePublished\":\"2024-04-12T09:42:21+00:00\",\"dateModified\":\"2024-04-12T09:44:05+00:00\",\"breadcrumb\":{\"@id\":\"https:\/\/nitu.mx\/index.php\/2024\/04\/12\/mara-lezama-anuncia-nuevas-rutas-nacionales-hacia-quintana-roo\/#breadcrumb\"},\"inLanguage\":\"es-MX\",\"potentialAction\":[{\"@type\":\"ReadAction\",\"target\":[\"https:\/\/nitu.mx\/index.php\/2024\/04\/12\/mara-lezama-anuncia-nuevas-rutas-nacionales-hacia-quintana-roo\/\"]}]},{\"@type\":\"ImageObject\",\"inLanguage\":\"es-MX\",\"@id\":\"https:\/\/nitu.mx\/index.php\/2024\/04\/12\/mara-lezama-anuncia-nuevas-rutas-nacionales-hacia-quintana-roo\/#primaryimage\",\"url\":\"https:\/\/nitu.mx\/wp-content\/uploads\/2020\/08\/aeropuerto-cancun-aerea-.jpeg\",\"contentUrl\":\"https:\/\/nitu.mx\/wp-content\/uploads\/2020\/08\/aeropuerto-cancun-aerea-.jpeg\",\"width\":331,\"height\":152},{\"@type\":\"BreadcrumbList\",\"@id\":\"https:\/\/nitu.mx\/index.php\/2024\/04\/12\/mara-lezama-anuncia-nuevas-rutas-nacionales-hacia-quintana-roo\/#breadcrumb\",\"itemListElement\":[{\"@type\":\"ListItem\",\"position\":1,\"name\":\"Inicio\",\"item\":\"https:\/\/nitu.mx\/\"},{\"@type\":\"ListItem\",\"position\":2,\"name\":\"Mara Lezama anuncia Nuevas Rutas Nacionales Hacia Quintana Roo\"}]},{\"@type\":\"WebSite\",\"@id\":\"https:\/\/nitu.mx\/#website\",\"url\":\"https:\/\/nitu.mx\/\",\"name\":\"Nitu - Noticias de la Industria Turistica\",\"description\":\"Noticias de la Industria Turistica\",\"publisher\":{\"@id\":\"https:\/\/nitu.mx\/#\/schema\/person\/ae7a53426417292d3dd07b45a33e01bc\"},\"alternateName\":\"Noticias de la Industria Turistica\",\"potentialAction\":[{\"@type\":\"SearchAction\",\"target\":{\"@type\":\"EntryPoint\",\"urlTemplate\":\"https:\/\/nitu.mx\/?s={search_term_string}\"},\"query-input\":\"required name=search_term_string\"}],\"inLanguage\":\"es-MX\"},{\"@type\":[\"Person\",\"Organization\"],\"@id\":\"https:\/\/nitu.mx\/#\/schema\/person\/ae7a53426417292d3dd07b45a33e01bc\",\"name\":\"Arturo Medina\",\"image\":{\"@type\":\"ImageObject\",\"inLanguage\":\"es-MX\",\"@id\":\"https:\/\/nitu.mx\/#\/schema\/person\/image\/\",\"url\":\"https:\/\/nitu.mx\/wp-content\/uploads\/2024\/04\/4A315622-1904-4D5C-B022-878CDC840E04-90x90-1.jpeg\",\"contentUrl\":\"https:\/\/nitu.mx\/wp-content\/uploads\/2024\/04\/4A315622-1904-4D5C-B022-878CDC840E04-90x90-1.jpeg\",\"width\":90,\"height\":90,\"caption\":\"Arturo Medina\"},\"logo\":{\"@id\":\"https:\/\/nitu.mx\/#\/schema\/person\/image\/\"},\"description\":\"Director NITU.mx, Egresado de la Escuela de Periodismo Carlos Septi\u00e9n Garc\u00eda. Periodista y analista especializado en turismo desde hace 35 a\u00f1os, radicado en Canc\u00fan Q.Roo. arturo@nitu.mx\",\"sameAs\":[\"https:\/\/nitu.mx\",\"https:\/\/www.facebook.com\/NITUmx\/\",\"medinacancun\",\"https:\/\/twitter.com\/@Arturo_Medina_G\"]},{\"@type\":\"Person\",\"@id\":\"https:\/\/nitu.mx\/#\/schema\/person\/4a28fe9bd65924f7c90623773daf1b0b\",\"name\":\"Redacci\u00f3n\",\"image\":{\"@type\":\"ImageObject\",\"inLanguage\":\"es-MX\",\"@id\":\"https:\/\/nitu.mx\/#\/schema\/person\/image\/\",\"url\":\"https:\/\/secure.gravatar.com\/avatar\/5dd011c8ccfc5cd7e4c81e42252aab38?s=96&d=mm&r=g\",\"contentUrl\":\"https:\/\/secure.gravatar.com\/avatar\/5dd011c8ccfc5cd7e4c81e42252aab38?s=96&d=mm&r=g\",\"caption\":\"Redacci\u00f3n\"},\"url\":\"https:\/\/nitu.mx\/index.php\/author\/redaccion\/\"}]}<\/script>\n<!-- \/ Yoast SEO plugin. -->","yoast_head_json":{"title":"Mara Lezama anuncia Nuevas Rutas Nacionales Hacia Quintana Roo - Nitu - Noticias de la Industria Turistica","robots":{"index":"index","follow":"follow","max-snippet":"max-snippet:-1","max-image-preview":"max-image-preview:large","max-video-preview":"max-video-preview:-1"},"canonical":"https:\/\/nitu.mx\/index.php\/2024\/04\/12\/mara-lezama-anuncia-nuevas-rutas-nacionales-hacia-quintana-roo\/","twitter_card":"summary_large_image","twitter_title":"Mara Lezama anuncia Nuevas Rutas Nacionales Hacia Quintana Roo - Nitu - Noticias de la Industria Turistica","twitter_description":"En el marco del Tianguis Tur\u00edstico M\u00e9xico 2024 en Acapulco, se anunciaron nuevas rutas nacionales hacia los aeropuertos de Quintana Roo, fortaleciendo as\u00ed su accesibilidad y conectividad. A partir del 2 de mayo, Aerom\u00e9xico operar\u00e1 dos vuelos diarios desde el Aeropuerto Internacional &#8220;Felipe \u00c1ngeles&#8221; hacia el reci\u00e9n inaugurado aeropuerto de Tulum &#8220;Felipe Carrillo Puerto&#8221;. Esta [&hellip;]","twitter_image":"https:\/\/nitu.mx\/wp-content\/uploads\/2020\/08\/aeropuerto-cancun-aerea-.jpeg","twitter_creator":"@NITUmx","twitter_site":"@Arturo_Medina_G","twitter_misc":{"Escrito por":"Redacci\u00f3n","Tiempo de lectura":"1 minuto"},"schema":{"@context":"https:\/\/schema.org","@graph":[{"@type":"Article","@id":"https:\/\/nitu.mx\/index.php\/2024\/04\/12\/mara-lezama-anuncia-nuevas-rutas-nacionales-hacia-quintana-roo\/#article","isPartOf":{"@id":"https:\/\/nitu.mx\/index.php\/2024\/04\/12\/mara-lezama-anuncia-nuevas-rutas-nacionales-hacia-quintana-roo\/"},"author":{"name":"Redacci\u00f3n","@id":"https:\/\/nitu.mx\/#\/schema\/person\/4a28fe9bd65924f7c90623773daf1b0b"},"headline":"Mara Lezama anuncia Nuevas Rutas Nacionales Hacia Quintana Roo","datePublished":"2024-04-12T09:42:21+00:00","dateModified":"2024-04-12T09:44:05+00:00","mainEntityOfPage":{"@id":"https:\/\/nitu.mx\/index.php\/2024\/04\/12\/mara-lezama-anuncia-nuevas-rutas-nacionales-hacia-quintana-roo\/"},"wordCount":214,"commentCount":0,"publisher":{"@id":"https:\/\/nitu.mx\/#\/schema\/person\/ae7a53426417292d3dd07b45a33e01bc"},"image":{"@id":"https:\/\/nitu.mx\/index.php\/2024\/04\/12\/mara-lezama-anuncia-nuevas-rutas-nacionales-hacia-quintana-roo\/#primaryimage"},"thumbnailUrl":"https:\/\/nitu.mx\/wp-content\/uploads\/2020\/08\/aeropuerto-cancun-aerea-.jpeg","keywords":["Acapulco","aeropuertos","Quintana Roo","rutas nacionales","Tianguis Tur\u00edstico M\u00e9xico 2024"],"articleSection":["Caribe Mexicano"],"inLanguage":"es-MX","potentialAction":[{"@type":"CommentAction","name":"Comment","target":["https:\/\/nitu.mx\/index.php\/2024\/04\/12\/mara-lezama-anuncia-nuevas-rutas-nacionales-hacia-quintana-roo\/#respond"]}]},{"@type":"WebPage","@id":"https:\/\/nitu.mx\/index.php\/2024\/04\/12\/mara-lezama-anuncia-nuevas-rutas-nacionales-hacia-quintana-roo\/","url":"https:\/\/nitu.mx\/index.php\/2024\/04\/12\/mara-lezama-anuncia-nuevas-rutas-nacionales-hacia-quintana-roo\/","name":"Mara Lezama anuncia Nuevas Rutas Nacionales Hacia Quintana Roo - Nitu - Noticias de la Industria Turistica","isPartOf":{"@id":"https:\/\/nitu.mx\/#website"},"primaryImageOfPage":{"@id":"https:\/\/nitu.mx\/index.php\/2024\/04\/12\/mara-lezama-anuncia-nuevas-rutas-nacionales-hacia-quintana-roo\/#primaryimage"},"image":{"@id":"https:\/\/nitu.mx\/index.php\/2024\/04\/12\/mara-lezama-anuncia-nuevas-rutas-nacionales-hacia-quintana-roo\/#primaryimage"},"thumbnailUrl":"https:\/\/nitu.mx\/wp-content\/uploads\/2020\/08\/aeropuerto-cancun-aerea-.jpeg","datePublished":"2024-04-12T09:42:21+00:00","dateModified":"2024-04-12T09:44:05+00:00","breadcrumb":{"@id":"https:\/\/nitu.mx\/index.php\/2024\/04\/12\/mara-lezama-anuncia-nuevas-rutas-nacionales-hacia-quintana-roo\/#breadcrumb"},"inLanguage":"es-MX","potentialAction":[{"@type":"ReadAction","target":["https:\/\/nitu.mx\/index.php\/2024\/04\/12\/mara-lezama-anuncia-nuevas-rutas-nacionales-hacia-quintana-roo\/"]}]},{"@type":"ImageObject","inLanguage":"es-MX","@id":"https:\/\/nitu.mx\/index.php\/2024\/04\/12\/mara-lezama-anuncia-nuevas-rutas-nacionales-hacia-quintana-roo\/#primaryimage","url":"https:\/\/nitu.mx\/wp-content\/uploads\/2020\/08\/aeropuerto-cancun-aerea-.jpeg","contentUrl":"https:\/\/nitu.mx\/wp-content\/uploads\/2020\/08\/aeropuerto-cancun-aerea-.jpeg","width":331,"height":152},{"@type":"BreadcrumbList","@id":"https:\/\/nitu.mx\/index.php\/2024\/04\/12\/mara-lezama-anuncia-nuevas-rutas-nacionales-hacia-quintana-roo\/#breadcrumb","itemListElement":[{"@type":"ListItem","position":1,"name":"Inicio","item":"https:\/\/nitu.mx\/"},{"@type":"ListItem","position":2,"name":"Mara Lezama anuncia Nuevas Rutas Nacionales Hacia Quintana Roo"}]},{"@type":"WebSite","@id":"https:\/\/nitu.mx\/#website","url":"https:\/\/nitu.mx\/","name":"Nitu - Noticias de la Industria Turistica","description":"Noticias de la Industria Turistica","publisher":{"@id":"https:\/\/nitu.mx\/#\/schema\/person\/ae7a53426417292d3dd07b45a33e01bc"},"alternateName":"Noticias de la Industria Turistica","potentialAction":[{"@type":"SearchAction","target":{"@type":"EntryPoint","urlTemplate":"https:\/\/nitu.mx\/?s={search_term_string}"},"query-input":"required name=search_term_string"}],"inLanguage":"es-MX"},{"@type":["Person","Organization"],"@id":"https:\/\/nitu.mx\/#\/schema\/person\/ae7a53426417292d3dd07b45a33e01bc","name":"Arturo Medina","image":{"@type":"ImageObject","inLanguage":"es-MX","@id":"https:\/\/nitu.mx\/#\/schema\/person\/image\/","url":"https:\/\/nitu.mx\/wp-content\/uploads\/2024\/04\/4A315622-1904-4D5C-B022-878CDC840E04-90x90-1.jpeg","contentUrl":"https:\/\/nitu.mx\/wp-content\/uploads\/2024\/04\/4A315622-1904-4D5C-B022-878CDC840E04-90x90-1.jpeg","width":90,"height":90,"caption":"Arturo Medina"},"logo":{"@id":"https:\/\/nitu.mx\/#\/schema\/person\/image\/"},"description":"Director NITU.mx, Egresado de la Escuela de Periodismo Carlos Septi\u00e9n Garc\u00eda. Periodista y analista especializado en turismo desde hace 35 a\u00f1os, radicado en Canc\u00fan Q.Roo. arturo@nitu.mx","sameAs":["https:\/\/nitu.mx","https:\/\/www.facebook.com\/NITUmx\/","medinacancun","https:\/\/twitter.com\/@Arturo_Medina_G"]},{"@type":"Person","@id":"https:\/\/nitu.mx\/#\/schema\/person\/4a28fe9bd65924f7c90623773daf1b0b","name":"Redacci\u00f3n","image":{"@type":"ImageObject","inLanguage":"es-MX","@id":"https:\/\/nitu.mx\/#\/schema\/person\/image\/","url":"https:\/\/secure.gravatar.com\/avatar\/5dd011c8ccfc5cd7e4c81e42252aab38?s=96&d=mm&r=g","contentUrl":"https:\/\/secure.gravatar.com\/avatar\/5dd011c8ccfc5cd7e4c81e42252aab38?s=96&d=mm&r=g","caption":"Redacci\u00f3n"},"url":"https:\/\/nitu.mx\/index.php\/author\/redaccion\/"}]}},"views":1183,"_links":{"self":[{"href":"https:\/\/nitu.mx\/index.php\/wp-json\/wp\/v2\/posts\/70171"}],"collection":[{"href":"https:\/\/nitu.mx\/index.php\/wp-json\/wp\/v2\/posts"}],"about":[{"href":"https:\/\/nitu.mx\/index.php\/wp-json\/wp\/v2\/types\/post"}],"author":[{"embeddable":true,"href":"https:\/\/nitu.mx\/index.php\/wp-json\/wp\/v2\/users\/17"}],"replies":[{"embeddable":true,"href":"https:\/\/nitu.mx\/index.php\/wp-json\/wp\/v2\/comments?post=70171"}],"version-history":[{"count":1,"href":"https:\/\/nitu.mx\/index.php\/wp-json\/wp\/v2\/posts\/70171\/revisions"}],"predecessor-version":[{"id":70172,"href":"https:\/\/nitu.mx\/index.php\/wp-json\/wp\/v2\/posts\/70171\/revisions\/70172"}],"wp:featuredmedia":[{"embeddable":true,"href":"https:\/\/nitu.mx\/index.php\/wp-json\/wp\/v2\/media\/44927"}],"wp:attachment":[{"href":"https:\/\/nitu.mx\/index.php\/wp-json\/wp\/v2\/media?parent=70171"}],"wp:term":[{"taxonomy":"category","embeddable":true,"href":"https:\/\/nitu.mx\/index.php\/wp-json\/wp\/v2\/categories?post=70171"},{"taxonomy":"post_tag","embeddable":true,"href":"https:\/\/nitu.mx\/index.php\/wp-json\/wp\/v2\/tags?post=70171"}],"curies":[{"name":"wp","href":"https:\/\/api.w.org\/{rel}","templated":true}]}}