{"id":70169,"date":"2024-04-12T03:42:50","date_gmt":"2024-04-12T09:42:50","guid":{"rendered":"https:\/\/nitu.mx\/?p=70169"},"modified":"2024-04-12T03:44:19","modified_gmt":"2024-04-12T09:44:19","slug":"viva-aerobus-reduce-frecuencias","status":"publish","type":"post","link":"https:\/\/nitu.mx\/index.php\/2024\/04\/12\/viva-aerobus-reduce-frecuencias\/","title":{"rendered":"Viva Aerobus reduce frecuencias"},"content":{"rendered":"<p>Viva Aerobus enfrenta un per\u00edodo de desaf\u00edos debido a la revisi\u00f3n de motores Pratt &amp; Whitney, que afectar\u00e1 entre el 15 y el 20 por ciento de su flota, con una duraci\u00f3n estimada de hasta dos a\u00f1os. Esta situaci\u00f3n ha llevado a la aerol\u00ednea a reducir frecuencias en varias rutas, frenando su crecimiento.<\/p>\n<p>Juan Carlos Zuazua, director general de Viva Aerobus, se\u00f1al\u00f3 que esta medida impacta la operaci\u00f3n de la aerol\u00ednea, especialmente en el Aeropuerto Internacional de Ciudad de M\u00e9xico, donde la saturaci\u00f3n ha disminuido y los vuelos se desarrollan con mayor puntualidad.<br \/>\nA pesar de estos desaf\u00edos, Viva Aerobus contin\u00faa demostrando su compromiso con el Valle de M\u00e9xico, con un crecimiento notable en el Aeropuerto Internacional Felipe \u00c1ngeles, donde ya opera 35 despegues al d\u00eda, manteniendo una alta ocupaci\u00f3n promedio en cada vuelo.<\/p>\n","protected":false},"excerpt":{"rendered":"<p>Viva Aerobus enfrenta un per\u00edodo de desaf\u00edos debido a la revisi\u00f3n de motores Pratt &amp; Whitney, que afectar\u00e1 entre el 15 y el 20 por ciento de su flota, con una duraci\u00f3n estimada de hasta dos a\u00f1os. Esta situaci\u00f3n ha llevado a la aerol\u00ednea a reducir frecuencias en varias rutas, frenando su crecimiento. Juan Carlos [&hellip;]<\/p>\n","protected":false},"author":17,"featured_media":66191,"comment_status":"open","ping_status":"open","sticky":false,"template":"","format":"standard","meta":{"footnotes":""},"categories":[29,6],"tags":[3735,6114,8077,5168,2102],"yoast_head":"<!-- This site is optimized with the Yoast SEO plugin v22.2 - https:\/\/yoast.com\/wordpress\/plugins\/seo\/ -->\n<title>Viva Aerobus reduce frecuencias - Nitu - Noticias de la Industria Turistica<\/title>\n<meta name=\"robots\" content=\"index, follow, max-snippet:-1, max-image-preview:large, max-video-preview:-1\" \/>\n<link rel=\"canonical\" href=\"https:\/\/nitu.mx\/index.php\/2024\/04\/12\/viva-aerobus-reduce-frecuencias\/\" \/>\n<meta name=\"twitter:card\" content=\"summary_large_image\" \/>\n<meta name=\"twitter:title\" content=\"Viva Aerobus reduce frecuencias - Nitu - Noticias de la Industria Turistica\" \/>\n<meta name=\"twitter:description\" content=\"Viva Aerobus enfrenta un per\u00edodo de desaf\u00edos debido a la revisi\u00f3n de motores Pratt &amp; Whitney, que afectar\u00e1 entre el 15 y el 20 por ciento de su flota, con una duraci\u00f3n estimada de hasta dos a\u00f1os. Esta situaci\u00f3n ha llevado a la aerol\u00ednea a reducir frecuencias en varias rutas, frenando su crecimiento. Juan Carlos [&hellip;]\" \/>\n<meta name=\"twitter:image\" content=\"https:\/\/nitu.mx\/wp-content\/uploads\/2023\/09\/Viva-Aerobus-Aeronave-78.jpg\" \/>\n<meta name=\"twitter:creator\" content=\"@NITUmx\" \/>\n<meta name=\"twitter:site\" content=\"@Arturo_Medina_G\" \/>\n<meta name=\"twitter:label1\" content=\"Escrito por\" \/>\n\t<meta name=\"twitter:data1\" content=\"Redacci\u00f3n\" \/>\n\t<meta name=\"twitter:label2\" content=\"Tiempo de lectura\" \/>\n\t<meta name=\"twitter:data2\" content=\"1 minuto\" \/>\n<script type=\"application\/ld+json\" class=\"yoast-schema-graph\">{\"@context\":\"https:\/\/schema.org\",\"@graph\":[{\"@type\":\"Article\",\"@id\":\"https:\/\/nitu.mx\/index.php\/2024\/04\/12\/viva-aerobus-reduce-frecuencias\/#article\",\"isPartOf\":{\"@id\":\"https:\/\/nitu.mx\/index.php\/2024\/04\/12\/viva-aerobus-reduce-frecuencias\/\"},\"author\":{\"name\":\"Redacci\u00f3n\",\"@id\":\"https:\/\/nitu.mx\/#\/schema\/person\/4a28fe9bd65924f7c90623773daf1b0b\"},\"headline\":\"Viva Aerobus reduce frecuencias\",\"datePublished\":\"2024-04-12T09:42:50+00:00\",\"dateModified\":\"2024-04-12T09:44:19+00:00\",\"mainEntityOfPage\":{\"@id\":\"https:\/\/nitu.mx\/index.php\/2024\/04\/12\/viva-aerobus-reduce-frecuencias\/\"},\"wordCount\":152,\"commentCount\":0,\"publisher\":{\"@id\":\"https:\/\/nitu.mx\/#\/schema\/person\/ae7a53426417292d3dd07b45a33e01bc\"},\"image\":{\"@id\":\"https:\/\/nitu.mx\/index.php\/2024\/04\/12\/viva-aerobus-reduce-frecuencias\/#primaryimage\"},\"thumbnailUrl\":\"https:\/\/nitu.mx\/wp-content\/uploads\/2023\/09\/Viva-Aerobus-Aeronave-78.jpg\",\"keywords\":[\"Aerol\u00ednea\",\"flota\",\"motores Pratt &amp; Whitney\",\"rutas\",\"Viva Aerobus\"],\"articleSection\":[\"Aerol\u00edneas\",\"M\u00e9xico\"],\"inLanguage\":\"es-MX\",\"potentialAction\":[{\"@type\":\"CommentAction\",\"name\":\"Comment\",\"target\":[\"https:\/\/nitu.mx\/index.php\/2024\/04\/12\/viva-aerobus-reduce-frecuencias\/#respond\"]}]},{\"@type\":\"WebPage\",\"@id\":\"https:\/\/nitu.mx\/index.php\/2024\/04\/12\/viva-aerobus-reduce-frecuencias\/\",\"url\":\"https:\/\/nitu.mx\/index.php\/2024\/04\/12\/viva-aerobus-reduce-frecuencias\/\",\"name\":\"Viva Aerobus reduce frecuencias - Nitu - Noticias de la Industria Turistica\",\"isPartOf\":{\"@id\":\"https:\/\/nitu.mx\/#website\"},\"primaryImageOfPage\":{\"@id\":\"https:\/\/nitu.mx\/index.php\/2024\/04\/12\/viva-aerobus-reduce-frecuencias\/#primaryimage\"},\"image\":{\"@id\":\"https:\/\/nitu.mx\/index.php\/2024\/04\/12\/viva-aerobus-reduce-frecuencias\/#primaryimage\"},\"thumbnailUrl\":\"https:\/\/nitu.mx\/wp-content\/uploads\/2023\/09\/Viva-Aerobus-Aeronave-78.jpg\",\"datePublished\":\"2024-04-12T09:42:50+00:00\",\"dateModified\":\"2024-04-12T09:44:19+00:00\",\"breadcrumb\":{\"@id\":\"https:\/\/nitu.mx\/index.php\/2024\/04\/12\/viva-aerobus-reduce-frecuencias\/#breadcrumb\"},\"inLanguage\":\"es-MX\",\"potentialAction\":[{\"@type\":\"ReadAction\",\"target\":[\"https:\/\/nitu.mx\/index.php\/2024\/04\/12\/viva-aerobus-reduce-frecuencias\/\"]}]},{\"@type\":\"ImageObject\",\"inLanguage\":\"es-MX\",\"@id\":\"https:\/\/nitu.mx\/index.php\/2024\/04\/12\/viva-aerobus-reduce-frecuencias\/#primaryimage\",\"url\":\"https:\/\/nitu.mx\/wp-content\/uploads\/2023\/09\/Viva-Aerobus-Aeronave-78.jpg\",\"contentUrl\":\"https:\/\/nitu.mx\/wp-content\/uploads\/2023\/09\/Viva-Aerobus-Aeronave-78.jpg\",\"width\":1200,\"height\":675,\"caption\":\"Viva Aerobus\"},{\"@type\":\"BreadcrumbList\",\"@id\":\"https:\/\/nitu.mx\/index.php\/2024\/04\/12\/viva-aerobus-reduce-frecuencias\/#breadcrumb\",\"itemListElement\":[{\"@type\":\"ListItem\",\"position\":1,\"name\":\"Inicio\",\"item\":\"https:\/\/nitu.mx\/\"},{\"@type\":\"ListItem\",\"position\":2,\"name\":\"Viva Aerobus reduce frecuencias\"}]},{\"@type\":\"WebSite\",\"@id\":\"https:\/\/nitu.mx\/#website\",\"url\":\"https:\/\/nitu.mx\/\",\"name\":\"Nitu - Noticias de la Industria Turistica\",\"description\":\"Noticias de la Industria Turistica\",\"publisher\":{\"@id\":\"https:\/\/nitu.mx\/#\/schema\/person\/ae7a53426417292d3dd07b45a33e01bc\"},\"alternateName\":\"Noticias de la Industria Turistica\",\"potentialAction\":[{\"@type\":\"SearchAction\",\"target\":{\"@type\":\"EntryPoint\",\"urlTemplate\":\"https:\/\/nitu.mx\/?s={search_term_string}\"},\"query-input\":\"required name=search_term_string\"}],\"inLanguage\":\"es-MX\"},{\"@type\":[\"Person\",\"Organization\"],\"@id\":\"https:\/\/nitu.mx\/#\/schema\/person\/ae7a53426417292d3dd07b45a33e01bc\",\"name\":\"Arturo Medina\",\"image\":{\"@type\":\"ImageObject\",\"inLanguage\":\"es-MX\",\"@id\":\"https:\/\/nitu.mx\/#\/schema\/person\/image\/\",\"url\":\"https:\/\/nitu.mx\/wp-content\/uploads\/2024\/04\/4A315622-1904-4D5C-B022-878CDC840E04-90x90-1.jpeg\",\"contentUrl\":\"https:\/\/nitu.mx\/wp-content\/uploads\/2024\/04\/4A315622-1904-4D5C-B022-878CDC840E04-90x90-1.jpeg\",\"width\":90,\"height\":90,\"caption\":\"Arturo Medina\"},\"logo\":{\"@id\":\"https:\/\/nitu.mx\/#\/schema\/person\/image\/\"},\"description\":\"Director NITU.mx, Egresado de la Escuela de Periodismo Carlos Septi\u00e9n Garc\u00eda. Periodista y analista especializado en turismo desde hace 35 a\u00f1os, radicado en Canc\u00fan Q.Roo. arturo@nitu.mx\",\"sameAs\":[\"https:\/\/nitu.mx\",\"https:\/\/www.facebook.com\/NITUmx\/\",\"medinacancun\",\"https:\/\/twitter.com\/@Arturo_Medina_G\"]},{\"@type\":\"Person\",\"@id\":\"https:\/\/nitu.mx\/#\/schema\/person\/4a28fe9bd65924f7c90623773daf1b0b\",\"name\":\"Redacci\u00f3n\",\"image\":{\"@type\":\"ImageObject\",\"inLanguage\":\"es-MX\",\"@id\":\"https:\/\/nitu.mx\/#\/schema\/person\/image\/\",\"url\":\"https:\/\/secure.gravatar.com\/avatar\/5dd011c8ccfc5cd7e4c81e42252aab38?s=96&d=mm&r=g\",\"contentUrl\":\"https:\/\/secure.gravatar.com\/avatar\/5dd011c8ccfc5cd7e4c81e42252aab38?s=96&d=mm&r=g\",\"caption\":\"Redacci\u00f3n\"},\"url\":\"https:\/\/nitu.mx\/index.php\/author\/redaccion\/\"}]}<\/script>\n<!-- \/ Yoast SEO plugin. -->","yoast_head_json":{"title":"Viva Aerobus reduce frecuencias - Nitu - Noticias de la Industria Turistica","robots":{"index":"index","follow":"follow","max-snippet":"max-snippet:-1","max-image-preview":"max-image-preview:large","max-video-preview":"max-video-preview:-1"},"canonical":"https:\/\/nitu.mx\/index.php\/2024\/04\/12\/viva-aerobus-reduce-frecuencias\/","twitter_card":"summary_large_image","twitter_title":"Viva Aerobus reduce frecuencias - Nitu - Noticias de la Industria Turistica","twitter_description":"Viva Aerobus enfrenta un per\u00edodo de desaf\u00edos debido a la revisi\u00f3n de motores Pratt &amp; Whitney, que afectar\u00e1 entre el 15 y el 20 por ciento de su flota, con una duraci\u00f3n estimada de hasta dos a\u00f1os. Esta situaci\u00f3n ha llevado a la aerol\u00ednea a reducir frecuencias en varias rutas, frenando su crecimiento. Juan Carlos [&hellip;]","twitter_image":"https:\/\/nitu.mx\/wp-content\/uploads\/2023\/09\/Viva-Aerobus-Aeronave-78.jpg","twitter_creator":"@NITUmx","twitter_site":"@Arturo_Medina_G","twitter_misc":{"Escrito por":"Redacci\u00f3n","Tiempo de lectura":"1 minuto"},"schema":{"@context":"https:\/\/schema.org","@graph":[{"@type":"Article","@id":"https:\/\/nitu.mx\/index.php\/2024\/04\/12\/viva-aerobus-reduce-frecuencias\/#article","isPartOf":{"@id":"https:\/\/nitu.mx\/index.php\/2024\/04\/12\/viva-aerobus-reduce-frecuencias\/"},"author":{"name":"Redacci\u00f3n","@id":"https:\/\/nitu.mx\/#\/schema\/person\/4a28fe9bd65924f7c90623773daf1b0b"},"headline":"Viva Aerobus reduce frecuencias","datePublished":"2024-04-12T09:42:50+00:00","dateModified":"2024-04-12T09:44:19+00:00","mainEntityOfPage":{"@id":"https:\/\/nitu.mx\/index.php\/2024\/04\/12\/viva-aerobus-reduce-frecuencias\/"},"wordCount":152,"commentCount":0,"publisher":{"@id":"https:\/\/nitu.mx\/#\/schema\/person\/ae7a53426417292d3dd07b45a33e01bc"},"image":{"@id":"https:\/\/nitu.mx\/index.php\/2024\/04\/12\/viva-aerobus-reduce-frecuencias\/#primaryimage"},"thumbnailUrl":"https:\/\/nitu.mx\/wp-content\/uploads\/2023\/09\/Viva-Aerobus-Aeronave-78.jpg","keywords":["Aerol\u00ednea","flota","motores Pratt &amp; Whitney","rutas","Viva Aerobus"],"articleSection":["Aerol\u00edneas","M\u00e9xico"],"inLanguage":"es-MX","potentialAction":[{"@type":"CommentAction","name":"Comment","target":["https:\/\/nitu.mx\/index.php\/2024\/04\/12\/viva-aerobus-reduce-frecuencias\/#respond"]}]},{"@type":"WebPage","@id":"https:\/\/nitu.mx\/index.php\/2024\/04\/12\/viva-aerobus-reduce-frecuencias\/","url":"https:\/\/nitu.mx\/index.php\/2024\/04\/12\/viva-aerobus-reduce-frecuencias\/","name":"Viva Aerobus reduce frecuencias - Nitu - Noticias de la Industria Turistica","isPartOf":{"@id":"https:\/\/nitu.mx\/#website"},"primaryImageOfPage":{"@id":"https:\/\/nitu.mx\/index.php\/2024\/04\/12\/viva-aerobus-reduce-frecuencias\/#primaryimage"},"image":{"@id":"https:\/\/nitu.mx\/index.php\/2024\/04\/12\/viva-aerobus-reduce-frecuencias\/#primaryimage"},"thumbnailUrl":"https:\/\/nitu.mx\/wp-content\/uploads\/2023\/09\/Viva-Aerobus-Aeronave-78.jpg","datePublished":"2024-04-12T09:42:50+00:00","dateModified":"2024-04-12T09:44:19+00:00","breadcrumb":{"@id":"https:\/\/nitu.mx\/index.php\/2024\/04\/12\/viva-aerobus-reduce-frecuencias\/#breadcrumb"},"inLanguage":"es-MX","potentialAction":[{"@type":"ReadAction","target":["https:\/\/nitu.mx\/index.php\/2024\/04\/12\/viva-aerobus-reduce-frecuencias\/"]}]},{"@type":"ImageObject","inLanguage":"es-MX","@id":"https:\/\/nitu.mx\/index.php\/2024\/04\/12\/viva-aerobus-reduce-frecuencias\/#primaryimage","url":"https:\/\/nitu.mx\/wp-content\/uploads\/2023\/09\/Viva-Aerobus-Aeronave-78.jpg","contentUrl":"https:\/\/nitu.mx\/wp-content\/uploads\/2023\/09\/Viva-Aerobus-Aeronave-78.jpg","width":1200,"height":675,"caption":"Viva Aerobus"},{"@type":"BreadcrumbList","@id":"https:\/\/nitu.mx\/index.php\/2024\/04\/12\/viva-aerobus-reduce-frecuencias\/#breadcrumb","itemListElement":[{"@type":"ListItem","position":1,"name":"Inicio","item":"https:\/\/nitu.mx\/"},{"@type":"ListItem","position":2,"name":"Viva Aerobus reduce frecuencias"}]},{"@type":"WebSite","@id":"https:\/\/nitu.mx\/#website","url":"https:\/\/nitu.mx\/","name":"Nitu - Noticias de la Industria Turistica","description":"Noticias de la Industria Turistica","publisher":{"@id":"https:\/\/nitu.mx\/#\/schema\/person\/ae7a53426417292d3dd07b45a33e01bc"},"alternateName":"Noticias de la Industria Turistica","potentialAction":[{"@type":"SearchAction","target":{"@type":"EntryPoint","urlTemplate":"https:\/\/nitu.mx\/?s={search_term_string}"},"query-input":"required name=search_term_string"}],"inLanguage":"es-MX"},{"@type":["Person","Organization"],"@id":"https:\/\/nitu.mx\/#\/schema\/person\/ae7a53426417292d3dd07b45a33e01bc","name":"Arturo Medina","image":{"@type":"ImageObject","inLanguage":"es-MX","@id":"https:\/\/nitu.mx\/#\/schema\/person\/image\/","url":"https:\/\/nitu.mx\/wp-content\/uploads\/2024\/04\/4A315622-1904-4D5C-B022-878CDC840E04-90x90-1.jpeg","contentUrl":"https:\/\/nitu.mx\/wp-content\/uploads\/2024\/04\/4A315622-1904-4D5C-B022-878CDC840E04-90x90-1.jpeg","width":90,"height":90,"caption":"Arturo Medina"},"logo":{"@id":"https:\/\/nitu.mx\/#\/schema\/person\/image\/"},"description":"Director NITU.mx, Egresado de la Escuela de Periodismo Carlos Septi\u00e9n Garc\u00eda. Periodista y analista especializado en turismo desde hace 35 a\u00f1os, radicado en Canc\u00fan Q.Roo. arturo@nitu.mx","sameAs":["https:\/\/nitu.mx","https:\/\/www.facebook.com\/NITUmx\/","medinacancun","https:\/\/twitter.com\/@Arturo_Medina_G"]},{"@type":"Person","@id":"https:\/\/nitu.mx\/#\/schema\/person\/4a28fe9bd65924f7c90623773daf1b0b","name":"Redacci\u00f3n","image":{"@type":"ImageObject","inLanguage":"es-MX","@id":"https:\/\/nitu.mx\/#\/schema\/person\/image\/","url":"https:\/\/secure.gravatar.com\/avatar\/5dd011c8ccfc5cd7e4c81e42252aab38?s=96&d=mm&r=g","contentUrl":"https:\/\/secure.gravatar.com\/avatar\/5dd011c8ccfc5cd7e4c81e42252aab38?s=96&d=mm&r=g","caption":"Redacci\u00f3n"},"url":"https:\/\/nitu.mx\/index.php\/author\/redaccion\/"}]}},"views":1172,"_links":{"self":[{"href":"https:\/\/nitu.mx\/index.php\/wp-json\/wp\/v2\/posts\/70169"}],"collection":[{"href":"https:\/\/nitu.mx\/index.php\/wp-json\/wp\/v2\/posts"}],"about":[{"href":"https:\/\/nitu.mx\/index.php\/wp-json\/wp\/v2\/types\/post"}],"author":[{"embeddable":true,"href":"https:\/\/nitu.mx\/index.php\/wp-json\/wp\/v2\/users\/17"}],"replies":[{"embeddable":true,"href":"https:\/\/nitu.mx\/index.php\/wp-json\/wp\/v2\/comments?post=70169"}],"version-history":[{"count":1,"href":"https:\/\/nitu.mx\/index.php\/wp-json\/wp\/v2\/posts\/70169\/revisions"}],"predecessor-version":[{"id":70170,"href":"https:\/\/nitu.mx\/index.php\/wp-json\/wp\/v2\/posts\/70169\/revisions\/70170"}],"wp:featuredmedia":[{"embeddable":true,"href":"https:\/\/nitu.mx\/index.php\/wp-json\/wp\/v2\/media\/66191"}],"wp:attachment":[{"href":"https:\/\/nitu.mx\/index.php\/wp-json\/wp\/v2\/media?parent=70169"}],"wp:term":[{"taxonomy":"category","embeddable":true,"href":"https:\/\/nitu.mx\/index.php\/wp-json\/wp\/v2\/categories?post=70169"},{"taxonomy":"post_tag","embeddable":true,"href":"https:\/\/nitu.mx\/index.php\/wp-json\/wp\/v2\/tags?post=70169"}],"curies":[{"name":"wp","href":"https:\/\/api.w.org\/{rel}","templated":true}]}}