{"id":69985,"date":"2024-04-07T22:39:45","date_gmt":"2024-04-08T04:39:45","guid":{"rendered":"https:\/\/nitu.mx\/?p=69985"},"modified":"2024-04-07T22:39:46","modified_gmt":"2024-04-08T04:39:46","slug":"aeromexico-registra-2-8-mas-pasajeros-en-marzo-de-2024","status":"publish","type":"post","link":"https:\/\/nitu.mx\/index.php\/2024\/04\/07\/aeromexico-registra-2-8-mas-pasajeros-en-marzo-de-2024\/","title":{"rendered":"Aerom\u00e9xico registra 2.8% m\u00e1s pasajeros en marzo de 2024"},"content":{"rendered":"\n<p>En marzo de 2024, Grupo Aerom\u00e9xico transport\u00f3 2 millones 98 mil pasajeros, lo que representa un incremento interanual de 2.8%. Los pasajeros internacionales aumentaron un 25.8%, mientras que los nacionales disminuyeron un 5.6%.<\/p>\n\n\n\n<p>La aerol\u00ednea inform\u00f3 que la capacidad total, medida en asientos-kil\u00f3metro disponibles (ASK), aument\u00f3 un 13.4% interanual. Los AKO internacionales aumentaron un 25.8%, mientras que la capacidad nacional disminuy\u00f3 un 6.9% interanual.<\/p>\n\n\n\n<p>Por su parte, la demanda, medida en pasajeros-kil\u00f3metro (RPK), aument\u00f3 un 17.9% interanual. La demanda internacional aument\u00f3 un 30.5% respecto a\u00a0marzo de 2023\u00a0. La demanda interna disminuy\u00f3 un 2.6% respecto a\u00a0marzo de 2023.<\/p>\n\n\n\n<p>El factor de ocupaci\u00f3n de Aerom\u00e9xico\u00a0en marzo de 2024\u00a0fue de 86.3%, un aumento de 3.3 puntos porcentuales (pp) respecto a\u00a0marzo de 2023. El factor de ocupaci\u00f3n internacional aument\u00f3 3.1 pp y el factor de ocupaci\u00f3n nacional aument\u00f3 3.9 pp.<\/p>\n\n\n\n<p>Durante el primer trimestre del a\u00f1o, la l\u00ednea a\u00e9rea transport\u00f3 5 millones 979 mil pasajeros, esto es un incremento de 3.9% respecto a los 5 millones 756 mil viajeros que moviliz\u00f3 de enero a marzo del a\u00f1o. El tr\u00e1fico nacional disminuy\u00f3 3.1% respecto el mismo lapso del a\u00f1o pasado, sin embargo, el tr\u00e1fico de pasajeros internacionales del primer trimestre del 2024 aument\u00f3 21.5%, contra el primer trimestre de 2023. (<a href=\"https:\/\/nitu.mx\/index.php\/2024\/03\/25\/aeromexico-celebra-vuelos-diarios-a-boston\/\">Aerom\u00e9xico celebra vuelos diarios a Boston<\/a>).<\/p>\n","protected":false},"excerpt":{"rendered":"<p>En marzo de 2024, Grupo Aerom\u00e9xico transport\u00f3 2 millones 98 mil pasajeros, lo que representa un incremento interanual de 2.8%. Los pasajeros internacionales aumentaron un 25.8%, mientras que los nacionales disminuyeron un 5.6%. La aerol\u00ednea inform\u00f3 que la capacidad total, medida en asientos-kil\u00f3metro disponibles (ASK), aument\u00f3 un 13.4% interanual. Los AKO internacionales aumentaron un 25.8%, [&hellip;]<\/p>\n","protected":false},"author":17,"featured_media":46863,"comment_status":"open","ping_status":"open","sticky":false,"template":"","format":"standard","meta":{"footnotes":""},"categories":[29],"tags":[30,6280,3771],"yoast_head":"<!-- This site is optimized with the Yoast SEO plugin v22.2 - https:\/\/yoast.com\/wordpress\/plugins\/seo\/ -->\n<title>Aerom\u00e9xico registra 2.8% m\u00e1s pasajeros en marzo de 2024 - Nitu - Noticias de la Industria Turistica<\/title>\n<meta name=\"robots\" content=\"index, follow, max-snippet:-1, max-image-preview:large, max-video-preview:-1\" \/>\n<link rel=\"canonical\" href=\"https:\/\/nitu.mx\/index.php\/2024\/04\/07\/aeromexico-registra-2-8-mas-pasajeros-en-marzo-de-2024\/\" \/>\n<meta name=\"twitter:card\" content=\"summary_large_image\" \/>\n<meta name=\"twitter:title\" content=\"Aerom\u00e9xico registra 2.8% m\u00e1s pasajeros en marzo de 2024 - Nitu - Noticias de la Industria Turistica\" \/>\n<meta name=\"twitter:description\" content=\"En marzo de 2024, Grupo Aerom\u00e9xico transport\u00f3 2 millones 98 mil pasajeros, lo que representa un incremento interanual de 2.8%. Los pasajeros internacionales aumentaron un 25.8%, mientras que los nacionales disminuyeron un 5.6%. La aerol\u00ednea inform\u00f3 que la capacidad total, medida en asientos-kil\u00f3metro disponibles (ASK), aument\u00f3 un 13.4% interanual. Los AKO internacionales aumentaron un 25.8%, [&hellip;]\" \/>\n<meta name=\"twitter:image\" content=\"https:\/\/nitu.mx\/wp-content\/uploads\/2020\/10\/Aeromexico-Cancun-Tijuana.jpg\" \/>\n<meta name=\"twitter:creator\" content=\"@NITUmx\" \/>\n<meta name=\"twitter:site\" content=\"@Arturo_Medina_G\" \/>\n<meta name=\"twitter:label1\" content=\"Escrito por\" \/>\n\t<meta name=\"twitter:data1\" content=\"Redacci\u00f3n\" \/>\n\t<meta name=\"twitter:label2\" content=\"Tiempo de lectura\" \/>\n\t<meta name=\"twitter:data2\" content=\"1 minuto\" \/>\n<script type=\"application\/ld+json\" class=\"yoast-schema-graph\">{\"@context\":\"https:\/\/schema.org\",\"@graph\":[{\"@type\":\"Article\",\"@id\":\"https:\/\/nitu.mx\/index.php\/2024\/04\/07\/aeromexico-registra-2-8-mas-pasajeros-en-marzo-de-2024\/#article\",\"isPartOf\":{\"@id\":\"https:\/\/nitu.mx\/index.php\/2024\/04\/07\/aeromexico-registra-2-8-mas-pasajeros-en-marzo-de-2024\/\"},\"author\":{\"name\":\"Redacci\u00f3n\",\"@id\":\"https:\/\/nitu.mx\/#\/schema\/person\/4a28fe9bd65924f7c90623773daf1b0b\"},\"headline\":\"Aerom\u00e9xico registra 2.8% m\u00e1s pasajeros en marzo de 2024\",\"datePublished\":\"2024-04-08T04:39:45+00:00\",\"dateModified\":\"2024-04-08T04:39:46+00:00\",\"mainEntityOfPage\":{\"@id\":\"https:\/\/nitu.mx\/index.php\/2024\/04\/07\/aeromexico-registra-2-8-mas-pasajeros-en-marzo-de-2024\/\"},\"wordCount\":212,\"commentCount\":0,\"publisher\":{\"@id\":\"https:\/\/nitu.mx\/#\/schema\/person\/ae7a53426417292d3dd07b45a33e01bc\"},\"image\":{\"@id\":\"https:\/\/nitu.mx\/index.php\/2024\/04\/07\/aeromexico-registra-2-8-mas-pasajeros-en-marzo-de-2024\/#primaryimage\"},\"thumbnailUrl\":\"https:\/\/nitu.mx\/wp-content\/uploads\/2020\/10\/Aeromexico-Cancun-Tijuana.jpg\",\"keywords\":[\"Aerom\u00e9xico\",\"ocupaci\u00f3n\",\"pasajeros\"],\"articleSection\":[\"Aerol\u00edneas\"],\"inLanguage\":\"es-MX\",\"potentialAction\":[{\"@type\":\"CommentAction\",\"name\":\"Comment\",\"target\":[\"https:\/\/nitu.mx\/index.php\/2024\/04\/07\/aeromexico-registra-2-8-mas-pasajeros-en-marzo-de-2024\/#respond\"]}]},{\"@type\":\"WebPage\",\"@id\":\"https:\/\/nitu.mx\/index.php\/2024\/04\/07\/aeromexico-registra-2-8-mas-pasajeros-en-marzo-de-2024\/\",\"url\":\"https:\/\/nitu.mx\/index.php\/2024\/04\/07\/aeromexico-registra-2-8-mas-pasajeros-en-marzo-de-2024\/\",\"name\":\"Aerom\u00e9xico registra 2.8% m\u00e1s pasajeros en marzo de 2024 - Nitu - Noticias de la Industria Turistica\",\"isPartOf\":{\"@id\":\"https:\/\/nitu.mx\/#website\"},\"primaryImageOfPage\":{\"@id\":\"https:\/\/nitu.mx\/index.php\/2024\/04\/07\/aeromexico-registra-2-8-mas-pasajeros-en-marzo-de-2024\/#primaryimage\"},\"image\":{\"@id\":\"https:\/\/nitu.mx\/index.php\/2024\/04\/07\/aeromexico-registra-2-8-mas-pasajeros-en-marzo-de-2024\/#primaryimage\"},\"thumbnailUrl\":\"https:\/\/nitu.mx\/wp-content\/uploads\/2020\/10\/Aeromexico-Cancun-Tijuana.jpg\",\"datePublished\":\"2024-04-08T04:39:45+00:00\",\"dateModified\":\"2024-04-08T04:39:46+00:00\",\"breadcrumb\":{\"@id\":\"https:\/\/nitu.mx\/index.php\/2024\/04\/07\/aeromexico-registra-2-8-mas-pasajeros-en-marzo-de-2024\/#breadcrumb\"},\"inLanguage\":\"es-MX\",\"potentialAction\":[{\"@type\":\"ReadAction\",\"target\":[\"https:\/\/nitu.mx\/index.php\/2024\/04\/07\/aeromexico-registra-2-8-mas-pasajeros-en-marzo-de-2024\/\"]}]},{\"@type\":\"ImageObject\",\"inLanguage\":\"es-MX\",\"@id\":\"https:\/\/nitu.mx\/index.php\/2024\/04\/07\/aeromexico-registra-2-8-mas-pasajeros-en-marzo-de-2024\/#primaryimage\",\"url\":\"https:\/\/nitu.mx\/wp-content\/uploads\/2020\/10\/Aeromexico-Cancun-Tijuana.jpg\",\"contentUrl\":\"https:\/\/nitu.mx\/wp-content\/uploads\/2020\/10\/Aeromexico-Cancun-Tijuana.jpg\",\"width\":1200,\"height\":675,\"caption\":\"Aerom\u00e9xico\"},{\"@type\":\"BreadcrumbList\",\"@id\":\"https:\/\/nitu.mx\/index.php\/2024\/04\/07\/aeromexico-registra-2-8-mas-pasajeros-en-marzo-de-2024\/#breadcrumb\",\"itemListElement\":[{\"@type\":\"ListItem\",\"position\":1,\"name\":\"Inicio\",\"item\":\"https:\/\/nitu.mx\/\"},{\"@type\":\"ListItem\",\"position\":2,\"name\":\"Aerom\u00e9xico registra 2.8% m\u00e1s pasajeros en marzo de 2024\"}]},{\"@type\":\"WebSite\",\"@id\":\"https:\/\/nitu.mx\/#website\",\"url\":\"https:\/\/nitu.mx\/\",\"name\":\"Nitu - Noticias de la Industria Turistica\",\"description\":\"Noticias de la Industria Turistica\",\"publisher\":{\"@id\":\"https:\/\/nitu.mx\/#\/schema\/person\/ae7a53426417292d3dd07b45a33e01bc\"},\"alternateName\":\"Noticias de la Industria Turistica\",\"potentialAction\":[{\"@type\":\"SearchAction\",\"target\":{\"@type\":\"EntryPoint\",\"urlTemplate\":\"https:\/\/nitu.mx\/?s={search_term_string}\"},\"query-input\":\"required name=search_term_string\"}],\"inLanguage\":\"es-MX\"},{\"@type\":[\"Person\",\"Organization\"],\"@id\":\"https:\/\/nitu.mx\/#\/schema\/person\/ae7a53426417292d3dd07b45a33e01bc\",\"name\":\"Arturo Medina\",\"image\":{\"@type\":\"ImageObject\",\"inLanguage\":\"es-MX\",\"@id\":\"https:\/\/nitu.mx\/#\/schema\/person\/image\/\",\"url\":\"https:\/\/nitu.mx\/wp-content\/uploads\/2024\/04\/4A315622-1904-4D5C-B022-878CDC840E04-90x90-1.jpeg\",\"contentUrl\":\"https:\/\/nitu.mx\/wp-content\/uploads\/2024\/04\/4A315622-1904-4D5C-B022-878CDC840E04-90x90-1.jpeg\",\"width\":90,\"height\":90,\"caption\":\"Arturo Medina\"},\"logo\":{\"@id\":\"https:\/\/nitu.mx\/#\/schema\/person\/image\/\"},\"description\":\"Director NITU.mx, Egresado de la Escuela de Periodismo Carlos Septi\u00e9n Garc\u00eda. Periodista y analista especializado en turismo desde hace 35 a\u00f1os, radicado en Canc\u00fan Q.Roo. arturo@nitu.mx\",\"sameAs\":[\"https:\/\/nitu.mx\",\"https:\/\/www.facebook.com\/NITUmx\/\",\"medinacancun\",\"https:\/\/twitter.com\/@Arturo_Medina_G\"]},{\"@type\":\"Person\",\"@id\":\"https:\/\/nitu.mx\/#\/schema\/person\/4a28fe9bd65924f7c90623773daf1b0b\",\"name\":\"Redacci\u00f3n\",\"image\":{\"@type\":\"ImageObject\",\"inLanguage\":\"es-MX\",\"@id\":\"https:\/\/nitu.mx\/#\/schema\/person\/image\/\",\"url\":\"https:\/\/secure.gravatar.com\/avatar\/5dd011c8ccfc5cd7e4c81e42252aab38?s=96&d=mm&r=g\",\"contentUrl\":\"https:\/\/secure.gravatar.com\/avatar\/5dd011c8ccfc5cd7e4c81e42252aab38?s=96&d=mm&r=g\",\"caption\":\"Redacci\u00f3n\"},\"url\":\"https:\/\/nitu.mx\/index.php\/author\/redaccion\/\"}]}<\/script>\n<!-- \/ Yoast SEO plugin. -->","yoast_head_json":{"title":"Aerom\u00e9xico registra 2.8% m\u00e1s pasajeros en marzo de 2024 - Nitu - Noticias de la Industria Turistica","robots":{"index":"index","follow":"follow","max-snippet":"max-snippet:-1","max-image-preview":"max-image-preview:large","max-video-preview":"max-video-preview:-1"},"canonical":"https:\/\/nitu.mx\/index.php\/2024\/04\/07\/aeromexico-registra-2-8-mas-pasajeros-en-marzo-de-2024\/","twitter_card":"summary_large_image","twitter_title":"Aerom\u00e9xico registra 2.8% m\u00e1s pasajeros en marzo de 2024 - Nitu - Noticias de la Industria Turistica","twitter_description":"En marzo de 2024, Grupo Aerom\u00e9xico transport\u00f3 2 millones 98 mil pasajeros, lo que representa un incremento interanual de 2.8%. Los pasajeros internacionales aumentaron un 25.8%, mientras que los nacionales disminuyeron un 5.6%. La aerol\u00ednea inform\u00f3 que la capacidad total, medida en asientos-kil\u00f3metro disponibles (ASK), aument\u00f3 un 13.4% interanual. Los AKO internacionales aumentaron un 25.8%, [&hellip;]","twitter_image":"https:\/\/nitu.mx\/wp-content\/uploads\/2020\/10\/Aeromexico-Cancun-Tijuana.jpg","twitter_creator":"@NITUmx","twitter_site":"@Arturo_Medina_G","twitter_misc":{"Escrito por":"Redacci\u00f3n","Tiempo de lectura":"1 minuto"},"schema":{"@context":"https:\/\/schema.org","@graph":[{"@type":"Article","@id":"https:\/\/nitu.mx\/index.php\/2024\/04\/07\/aeromexico-registra-2-8-mas-pasajeros-en-marzo-de-2024\/#article","isPartOf":{"@id":"https:\/\/nitu.mx\/index.php\/2024\/04\/07\/aeromexico-registra-2-8-mas-pasajeros-en-marzo-de-2024\/"},"author":{"name":"Redacci\u00f3n","@id":"https:\/\/nitu.mx\/#\/schema\/person\/4a28fe9bd65924f7c90623773daf1b0b"},"headline":"Aerom\u00e9xico registra 2.8% m\u00e1s pasajeros en marzo de 2024","datePublished":"2024-04-08T04:39:45+00:00","dateModified":"2024-04-08T04:39:46+00:00","mainEntityOfPage":{"@id":"https:\/\/nitu.mx\/index.php\/2024\/04\/07\/aeromexico-registra-2-8-mas-pasajeros-en-marzo-de-2024\/"},"wordCount":212,"commentCount":0,"publisher":{"@id":"https:\/\/nitu.mx\/#\/schema\/person\/ae7a53426417292d3dd07b45a33e01bc"},"image":{"@id":"https:\/\/nitu.mx\/index.php\/2024\/04\/07\/aeromexico-registra-2-8-mas-pasajeros-en-marzo-de-2024\/#primaryimage"},"thumbnailUrl":"https:\/\/nitu.mx\/wp-content\/uploads\/2020\/10\/Aeromexico-Cancun-Tijuana.jpg","keywords":["Aerom\u00e9xico","ocupaci\u00f3n","pasajeros"],"articleSection":["Aerol\u00edneas"],"inLanguage":"es-MX","potentialAction":[{"@type":"CommentAction","name":"Comment","target":["https:\/\/nitu.mx\/index.php\/2024\/04\/07\/aeromexico-registra-2-8-mas-pasajeros-en-marzo-de-2024\/#respond"]}]},{"@type":"WebPage","@id":"https:\/\/nitu.mx\/index.php\/2024\/04\/07\/aeromexico-registra-2-8-mas-pasajeros-en-marzo-de-2024\/","url":"https:\/\/nitu.mx\/index.php\/2024\/04\/07\/aeromexico-registra-2-8-mas-pasajeros-en-marzo-de-2024\/","name":"Aerom\u00e9xico registra 2.8% m\u00e1s pasajeros en marzo de 2024 - Nitu - Noticias de la Industria Turistica","isPartOf":{"@id":"https:\/\/nitu.mx\/#website"},"primaryImageOfPage":{"@id":"https:\/\/nitu.mx\/index.php\/2024\/04\/07\/aeromexico-registra-2-8-mas-pasajeros-en-marzo-de-2024\/#primaryimage"},"image":{"@id":"https:\/\/nitu.mx\/index.php\/2024\/04\/07\/aeromexico-registra-2-8-mas-pasajeros-en-marzo-de-2024\/#primaryimage"},"thumbnailUrl":"https:\/\/nitu.mx\/wp-content\/uploads\/2020\/10\/Aeromexico-Cancun-Tijuana.jpg","datePublished":"2024-04-08T04:39:45+00:00","dateModified":"2024-04-08T04:39:46+00:00","breadcrumb":{"@id":"https:\/\/nitu.mx\/index.php\/2024\/04\/07\/aeromexico-registra-2-8-mas-pasajeros-en-marzo-de-2024\/#breadcrumb"},"inLanguage":"es-MX","potentialAction":[{"@type":"ReadAction","target":["https:\/\/nitu.mx\/index.php\/2024\/04\/07\/aeromexico-registra-2-8-mas-pasajeros-en-marzo-de-2024\/"]}]},{"@type":"ImageObject","inLanguage":"es-MX","@id":"https:\/\/nitu.mx\/index.php\/2024\/04\/07\/aeromexico-registra-2-8-mas-pasajeros-en-marzo-de-2024\/#primaryimage","url":"https:\/\/nitu.mx\/wp-content\/uploads\/2020\/10\/Aeromexico-Cancun-Tijuana.jpg","contentUrl":"https:\/\/nitu.mx\/wp-content\/uploads\/2020\/10\/Aeromexico-Cancun-Tijuana.jpg","width":1200,"height":675,"caption":"Aerom\u00e9xico"},{"@type":"BreadcrumbList","@id":"https:\/\/nitu.mx\/index.php\/2024\/04\/07\/aeromexico-registra-2-8-mas-pasajeros-en-marzo-de-2024\/#breadcrumb","itemListElement":[{"@type":"ListItem","position":1,"name":"Inicio","item":"https:\/\/nitu.mx\/"},{"@type":"ListItem","position":2,"name":"Aerom\u00e9xico registra 2.8% m\u00e1s pasajeros en marzo de 2024"}]},{"@type":"WebSite","@id":"https:\/\/nitu.mx\/#website","url":"https:\/\/nitu.mx\/","name":"Nitu - Noticias de la Industria Turistica","description":"Noticias de la Industria Turistica","publisher":{"@id":"https:\/\/nitu.mx\/#\/schema\/person\/ae7a53426417292d3dd07b45a33e01bc"},"alternateName":"Noticias de la Industria Turistica","potentialAction":[{"@type":"SearchAction","target":{"@type":"EntryPoint","urlTemplate":"https:\/\/nitu.mx\/?s={search_term_string}"},"query-input":"required name=search_term_string"}],"inLanguage":"es-MX"},{"@type":["Person","Organization"],"@id":"https:\/\/nitu.mx\/#\/schema\/person\/ae7a53426417292d3dd07b45a33e01bc","name":"Arturo Medina","image":{"@type":"ImageObject","inLanguage":"es-MX","@id":"https:\/\/nitu.mx\/#\/schema\/person\/image\/","url":"https:\/\/nitu.mx\/wp-content\/uploads\/2024\/04\/4A315622-1904-4D5C-B022-878CDC840E04-90x90-1.jpeg","contentUrl":"https:\/\/nitu.mx\/wp-content\/uploads\/2024\/04\/4A315622-1904-4D5C-B022-878CDC840E04-90x90-1.jpeg","width":90,"height":90,"caption":"Arturo Medina"},"logo":{"@id":"https:\/\/nitu.mx\/#\/schema\/person\/image\/"},"description":"Director NITU.mx, Egresado de la Escuela de Periodismo Carlos Septi\u00e9n Garc\u00eda. Periodista y analista especializado en turismo desde hace 35 a\u00f1os, radicado en Canc\u00fan Q.Roo. arturo@nitu.mx","sameAs":["https:\/\/nitu.mx","https:\/\/www.facebook.com\/NITUmx\/","medinacancun","https:\/\/twitter.com\/@Arturo_Medina_G"]},{"@type":"Person","@id":"https:\/\/nitu.mx\/#\/schema\/person\/4a28fe9bd65924f7c90623773daf1b0b","name":"Redacci\u00f3n","image":{"@type":"ImageObject","inLanguage":"es-MX","@id":"https:\/\/nitu.mx\/#\/schema\/person\/image\/","url":"https:\/\/secure.gravatar.com\/avatar\/5dd011c8ccfc5cd7e4c81e42252aab38?s=96&d=mm&r=g","contentUrl":"https:\/\/secure.gravatar.com\/avatar\/5dd011c8ccfc5cd7e4c81e42252aab38?s=96&d=mm&r=g","caption":"Redacci\u00f3n"},"url":"https:\/\/nitu.mx\/index.php\/author\/redaccion\/"}]}},"views":775,"_links":{"self":[{"href":"https:\/\/nitu.mx\/index.php\/wp-json\/wp\/v2\/posts\/69985"}],"collection":[{"href":"https:\/\/nitu.mx\/index.php\/wp-json\/wp\/v2\/posts"}],"about":[{"href":"https:\/\/nitu.mx\/index.php\/wp-json\/wp\/v2\/types\/post"}],"author":[{"embeddable":true,"href":"https:\/\/nitu.mx\/index.php\/wp-json\/wp\/v2\/users\/17"}],"replies":[{"embeddable":true,"href":"https:\/\/nitu.mx\/index.php\/wp-json\/wp\/v2\/comments?post=69985"}],"version-history":[{"count":1,"href":"https:\/\/nitu.mx\/index.php\/wp-json\/wp\/v2\/posts\/69985\/revisions"}],"predecessor-version":[{"id":69987,"href":"https:\/\/nitu.mx\/index.php\/wp-json\/wp\/v2\/posts\/69985\/revisions\/69987"}],"wp:featuredmedia":[{"embeddable":true,"href":"https:\/\/nitu.mx\/index.php\/wp-json\/wp\/v2\/media\/46863"}],"wp:attachment":[{"href":"https:\/\/nitu.mx\/index.php\/wp-json\/wp\/v2\/media?parent=69985"}],"wp:term":[{"taxonomy":"category","embeddable":true,"href":"https:\/\/nitu.mx\/index.php\/wp-json\/wp\/v2\/categories?post=69985"},{"taxonomy":"post_tag","embeddable":true,"href":"https:\/\/nitu.mx\/index.php\/wp-json\/wp\/v2\/tags?post=69985"}],"curies":[{"name":"wp","href":"https:\/\/api.w.org\/{rel}","templated":true}]}}