{"id":69979,"date":"2024-04-07T22:49:44","date_gmt":"2024-04-08T04:49:44","guid":{"rendered":"https:\/\/nitu.mx\/?p=69979"},"modified":"2024-04-07T22:49:44","modified_gmt":"2024-04-08T04:49:44","slug":"eclipse-solar-en-eu-impacto-en-viajes-aereos","status":"publish","type":"post","link":"https:\/\/nitu.mx\/index.php\/2024\/04\/07\/eclipse-solar-en-eu-impacto-en-viajes-aereos\/","title":{"rendered":"Eclipse Solar en EU, impacto en viajes a\u00e9reos"},"content":{"rendered":"<p>El d\u00eda de hoy 8 de abril de 2024, el eclipse solar que cruza Estados Unidos impulsar\u00e1 el turismo en docenas de destinos en todo el pa\u00eds. \u00bfC\u00f3mo afectar\u00e1 el eclipse al transporte a\u00e9reo en Estados Unidos?<br \/>\nDe acuerdo con un medio de comunicaci\u00f3n de Estados Unidos, la Administraci\u00f3n Federal de Aviaci\u00f3n dijo que podr\u00eda haber un aumento en el tr\u00e1fico en los aeropuertos en la trayectoria del eclipse. Sin embargo, los aeropuertos en la trayectoria del eclipse le dijeron a Skift que no estaban demasiado preocupados por posibles interrupciones.<br \/>\nDelta, United y Southwest est\u00e1n operando un conjunto especial de vuelos que permitir\u00e1n a los pasajeros ver el evento \u00fanico en la vida a 30,000 pies de altura. El vuelo especial de Delta del 8 de abril de Austin a Detroit se agot\u00f3 en menos de 24 horas.<br \/>\nY s\u00ed, es completamente seguro volar en medio de un eclipse solar. Frederic Bertley, CEO del Centro de Ciencia e Industria con sede en Columbus, Ohio, dijo que volar durante un eclipse es casi igual que volar de noche. (<a href=\"https:\/\/nitu.mx\/index.php\/2024\/04\/04\/mazatlan-epicentro-del-eclipse-solar-y-punto-de-encuentro-global\/\">Mazatl\u00e1n: Epicentro del eclipse solar y punto de encuentro global<\/a>).<\/p>\n","protected":false},"excerpt":{"rendered":"<p>El d\u00eda de hoy 8 de abril de 2024, el eclipse solar que cruza Estados Unidos impulsar\u00e1 el turismo en docenas de destinos en todo el pa\u00eds. \u00bfC\u00f3mo afectar\u00e1 el eclipse al transporte a\u00e9reo en Estados Unidos? De acuerdo con un medio de comunicaci\u00f3n de Estados Unidos, la Administraci\u00f3n Federal de Aviaci\u00f3n dijo que podr\u00eda [&hellip;]<\/p>\n","protected":false},"author":3,"featured_media":8136,"comment_status":"open","ping_status":"open","sticky":false,"template":"","format":"standard","meta":{"footnotes":""},"categories":[29,7],"tags":[24744,100,20428],"yoast_head":"<!-- This site is optimized with the Yoast SEO plugin v22.2 - https:\/\/yoast.com\/wordpress\/plugins\/seo\/ -->\n<title>Eclipse Solar en EU, impacto en viajes a\u00e9reos - Nitu - Noticias de la Industria Turistica<\/title>\n<meta name=\"robots\" content=\"index, follow, max-snippet:-1, max-image-preview:large, max-video-preview:-1\" \/>\n<link rel=\"canonical\" href=\"https:\/\/nitu.mx\/index.php\/2024\/04\/07\/eclipse-solar-en-eu-impacto-en-viajes-aereos\/\" \/>\n<meta name=\"twitter:card\" content=\"summary_large_image\" \/>\n<meta name=\"twitter:title\" content=\"Eclipse Solar en EU, impacto en viajes a\u00e9reos - Nitu - Noticias de la Industria Turistica\" \/>\n<meta name=\"twitter:description\" content=\"El d\u00eda de hoy 8 de abril de 2024, el eclipse solar que cruza Estados Unidos impulsar\u00e1 el turismo en docenas de destinos en todo el pa\u00eds. \u00bfC\u00f3mo afectar\u00e1 el eclipse al transporte a\u00e9reo en Estados Unidos? De acuerdo con un medio de comunicaci\u00f3n de Estados Unidos, la Administraci\u00f3n Federal de Aviaci\u00f3n dijo que podr\u00eda [&hellip;]\" \/>\n<meta name=\"twitter:image\" content=\"https:\/\/nitu.mx\/wp-content\/uploads\/2017\/03\/avion-blanco.jpg\" \/>\n<meta name=\"twitter:creator\" content=\"@NITUmx\" \/>\n<meta name=\"twitter:site\" content=\"@Arturo_Medina_G\" \/>\n<meta name=\"twitter:label1\" content=\"Escrito por\" \/>\n\t<meta name=\"twitter:data1\" content=\"Alejandra Moncisbays\" \/>\n\t<meta name=\"twitter:label2\" content=\"Tiempo de lectura\" \/>\n\t<meta name=\"twitter:data2\" content=\"1 minuto\" \/>\n<script type=\"application\/ld+json\" class=\"yoast-schema-graph\">{\"@context\":\"https:\/\/schema.org\",\"@graph\":[{\"@type\":\"Article\",\"@id\":\"https:\/\/nitu.mx\/index.php\/2024\/04\/07\/eclipse-solar-en-eu-impacto-en-viajes-aereos\/#article\",\"isPartOf\":{\"@id\":\"https:\/\/nitu.mx\/index.php\/2024\/04\/07\/eclipse-solar-en-eu-impacto-en-viajes-aereos\/\"},\"author\":{\"name\":\"Alejandra Moncisbays\",\"@id\":\"https:\/\/nitu.mx\/#\/schema\/person\/2ecd887b19dfd3382d1f14fc5acf24a8\"},\"headline\":\"Eclipse Solar en EU, impacto en viajes a\u00e9reos\",\"datePublished\":\"2024-04-08T04:49:44+00:00\",\"dateModified\":\"2024-04-08T04:49:44+00:00\",\"mainEntityOfPage\":{\"@id\":\"https:\/\/nitu.mx\/index.php\/2024\/04\/07\/eclipse-solar-en-eu-impacto-en-viajes-aereos\/\"},\"wordCount\":203,\"commentCount\":0,\"publisher\":{\"@id\":\"https:\/\/nitu.mx\/#\/schema\/person\/ae7a53426417292d3dd07b45a33e01bc\"},\"image\":{\"@id\":\"https:\/\/nitu.mx\/index.php\/2024\/04\/07\/eclipse-solar-en-eu-impacto-en-viajes-aereos\/#primaryimage\"},\"thumbnailUrl\":\"https:\/\/nitu.mx\/wp-content\/uploads\/2017\/03\/avion-blanco.jpg\",\"keywords\":[\"eclipse solar\",\"Estados Unidos\",\"Viajes a\u00e9reos\"],\"articleSection\":[\"Aerol\u00edneas\",\"Estados Unidos\"],\"inLanguage\":\"es-MX\",\"potentialAction\":[{\"@type\":\"CommentAction\",\"name\":\"Comment\",\"target\":[\"https:\/\/nitu.mx\/index.php\/2024\/04\/07\/eclipse-solar-en-eu-impacto-en-viajes-aereos\/#respond\"]}]},{\"@type\":\"WebPage\",\"@id\":\"https:\/\/nitu.mx\/index.php\/2024\/04\/07\/eclipse-solar-en-eu-impacto-en-viajes-aereos\/\",\"url\":\"https:\/\/nitu.mx\/index.php\/2024\/04\/07\/eclipse-solar-en-eu-impacto-en-viajes-aereos\/\",\"name\":\"Eclipse Solar en EU, impacto en viajes a\u00e9reos - Nitu - Noticias de la Industria Turistica\",\"isPartOf\":{\"@id\":\"https:\/\/nitu.mx\/#website\"},\"primaryImageOfPage\":{\"@id\":\"https:\/\/nitu.mx\/index.php\/2024\/04\/07\/eclipse-solar-en-eu-impacto-en-viajes-aereos\/#primaryimage\"},\"image\":{\"@id\":\"https:\/\/nitu.mx\/index.php\/2024\/04\/07\/eclipse-solar-en-eu-impacto-en-viajes-aereos\/#primaryimage\"},\"thumbnailUrl\":\"https:\/\/nitu.mx\/wp-content\/uploads\/2017\/03\/avion-blanco.jpg\",\"datePublished\":\"2024-04-08T04:49:44+00:00\",\"dateModified\":\"2024-04-08T04:49:44+00:00\",\"breadcrumb\":{\"@id\":\"https:\/\/nitu.mx\/index.php\/2024\/04\/07\/eclipse-solar-en-eu-impacto-en-viajes-aereos\/#breadcrumb\"},\"inLanguage\":\"es-MX\",\"potentialAction\":[{\"@type\":\"ReadAction\",\"target\":[\"https:\/\/nitu.mx\/index.php\/2024\/04\/07\/eclipse-solar-en-eu-impacto-en-viajes-aereos\/\"]}]},{\"@type\":\"ImageObject\",\"inLanguage\":\"es-MX\",\"@id\":\"https:\/\/nitu.mx\/index.php\/2024\/04\/07\/eclipse-solar-en-eu-impacto-en-viajes-aereos\/#primaryimage\",\"url\":\"https:\/\/nitu.mx\/wp-content\/uploads\/2017\/03\/avion-blanco.jpg\",\"contentUrl\":\"https:\/\/nitu.mx\/wp-content\/uploads\/2017\/03\/avion-blanco.jpg\",\"width\":850,\"height\":480,\"caption\":\"avion\"},{\"@type\":\"BreadcrumbList\",\"@id\":\"https:\/\/nitu.mx\/index.php\/2024\/04\/07\/eclipse-solar-en-eu-impacto-en-viajes-aereos\/#breadcrumb\",\"itemListElement\":[{\"@type\":\"ListItem\",\"position\":1,\"name\":\"Inicio\",\"item\":\"https:\/\/nitu.mx\/\"},{\"@type\":\"ListItem\",\"position\":2,\"name\":\"Eclipse Solar en EU, impacto en viajes a\u00e9reos\"}]},{\"@type\":\"WebSite\",\"@id\":\"https:\/\/nitu.mx\/#website\",\"url\":\"https:\/\/nitu.mx\/\",\"name\":\"Nitu - Noticias de la Industria Turistica\",\"description\":\"Noticias de la Industria Turistica\",\"publisher\":{\"@id\":\"https:\/\/nitu.mx\/#\/schema\/person\/ae7a53426417292d3dd07b45a33e01bc\"},\"alternateName\":\"Noticias de la Industria Turistica\",\"potentialAction\":[{\"@type\":\"SearchAction\",\"target\":{\"@type\":\"EntryPoint\",\"urlTemplate\":\"https:\/\/nitu.mx\/?s={search_term_string}\"},\"query-input\":\"required name=search_term_string\"}],\"inLanguage\":\"es-MX\"},{\"@type\":[\"Person\",\"Organization\"],\"@id\":\"https:\/\/nitu.mx\/#\/schema\/person\/ae7a53426417292d3dd07b45a33e01bc\",\"name\":\"Arturo Medina\",\"image\":{\"@type\":\"ImageObject\",\"inLanguage\":\"es-MX\",\"@id\":\"https:\/\/nitu.mx\/#\/schema\/person\/image\/\",\"url\":\"https:\/\/nitu.mx\/wp-content\/uploads\/2024\/04\/4A315622-1904-4D5C-B022-878CDC840E04-90x90-1.jpeg\",\"contentUrl\":\"https:\/\/nitu.mx\/wp-content\/uploads\/2024\/04\/4A315622-1904-4D5C-B022-878CDC840E04-90x90-1.jpeg\",\"width\":90,\"height\":90,\"caption\":\"Arturo Medina\"},\"logo\":{\"@id\":\"https:\/\/nitu.mx\/#\/schema\/person\/image\/\"},\"description\":\"Director NITU.mx, Egresado de la Escuela de Periodismo Carlos Septi\u00e9n Garc\u00eda. Periodista y analista especializado en turismo desde hace 35 a\u00f1os, radicado en Canc\u00fan Q.Roo. arturo@nitu.mx\",\"sameAs\":[\"https:\/\/nitu.mx\",\"https:\/\/www.facebook.com\/NITUmx\/\",\"medinacancun\",\"https:\/\/twitter.com\/@Arturo_Medina_G\"]},{\"@type\":\"Person\",\"@id\":\"https:\/\/nitu.mx\/#\/schema\/person\/2ecd887b19dfd3382d1f14fc5acf24a8\",\"name\":\"Alejandra Moncisbays\",\"image\":{\"@type\":\"ImageObject\",\"inLanguage\":\"es-MX\",\"@id\":\"https:\/\/nitu.mx\/#\/schema\/person\/image\/\",\"url\":\"https:\/\/secure.gravatar.com\/avatar\/e74f7af0be172b7804dacfd0bfbef787?s=96&d=mm&r=g\",\"contentUrl\":\"https:\/\/secure.gravatar.com\/avatar\/e74f7af0be172b7804dacfd0bfbef787?s=96&d=mm&r=g\",\"caption\":\"Alejandra Moncisbays\"},\"description\":\"Curs\u00e9 la carrera de Periodismo y Comunicaci\u00f3n en la Facultad de Estudios Profesionales Acatl\u00e1n. Vivo en Canc\u00fan desde hace 24 a\u00f1os. Fui reportera de La Tarde de Canc\u00fan, y Novedades de Quintana Roo, colabor\u00e9 en TVCUN, edit\u00e9 Cancun\u00edssimo y colabor\u00e9 en las revistas Latitud21, entre otras, con principal enfoque en los sectores empresarial y tur\u00edstico. Desde hace varios a\u00f1os soy Agente de Seguros con c\u00e9dula de la Comisi\u00f3n Nacional de Seguros y Fianzas. Actualmente, me desarrollo en los \u00e1mbitos del periodismo y el sector asegurador.\",\"sameAs\":[\"https:\/\/nitu.mx\"],\"url\":\"https:\/\/nitu.mx\/index.php\/author\/alejandra\/\"}]}<\/script>\n<!-- \/ Yoast SEO plugin. -->","yoast_head_json":{"title":"Eclipse Solar en EU, impacto en viajes a\u00e9reos - Nitu - Noticias de la Industria Turistica","robots":{"index":"index","follow":"follow","max-snippet":"max-snippet:-1","max-image-preview":"max-image-preview:large","max-video-preview":"max-video-preview:-1"},"canonical":"https:\/\/nitu.mx\/index.php\/2024\/04\/07\/eclipse-solar-en-eu-impacto-en-viajes-aereos\/","twitter_card":"summary_large_image","twitter_title":"Eclipse Solar en EU, impacto en viajes a\u00e9reos - Nitu - Noticias de la Industria Turistica","twitter_description":"El d\u00eda de hoy 8 de abril de 2024, el eclipse solar que cruza Estados Unidos impulsar\u00e1 el turismo en docenas de destinos en todo el pa\u00eds. \u00bfC\u00f3mo afectar\u00e1 el eclipse al transporte a\u00e9reo en Estados Unidos? De acuerdo con un medio de comunicaci\u00f3n de Estados Unidos, la Administraci\u00f3n Federal de Aviaci\u00f3n dijo que podr\u00eda [&hellip;]","twitter_image":"https:\/\/nitu.mx\/wp-content\/uploads\/2017\/03\/avion-blanco.jpg","twitter_creator":"@NITUmx","twitter_site":"@Arturo_Medina_G","twitter_misc":{"Escrito por":"Alejandra Moncisbays","Tiempo de lectura":"1 minuto"},"schema":{"@context":"https:\/\/schema.org","@graph":[{"@type":"Article","@id":"https:\/\/nitu.mx\/index.php\/2024\/04\/07\/eclipse-solar-en-eu-impacto-en-viajes-aereos\/#article","isPartOf":{"@id":"https:\/\/nitu.mx\/index.php\/2024\/04\/07\/eclipse-solar-en-eu-impacto-en-viajes-aereos\/"},"author":{"name":"Alejandra Moncisbays","@id":"https:\/\/nitu.mx\/#\/schema\/person\/2ecd887b19dfd3382d1f14fc5acf24a8"},"headline":"Eclipse Solar en EU, impacto en viajes a\u00e9reos","datePublished":"2024-04-08T04:49:44+00:00","dateModified":"2024-04-08T04:49:44+00:00","mainEntityOfPage":{"@id":"https:\/\/nitu.mx\/index.php\/2024\/04\/07\/eclipse-solar-en-eu-impacto-en-viajes-aereos\/"},"wordCount":203,"commentCount":0,"publisher":{"@id":"https:\/\/nitu.mx\/#\/schema\/person\/ae7a53426417292d3dd07b45a33e01bc"},"image":{"@id":"https:\/\/nitu.mx\/index.php\/2024\/04\/07\/eclipse-solar-en-eu-impacto-en-viajes-aereos\/#primaryimage"},"thumbnailUrl":"https:\/\/nitu.mx\/wp-content\/uploads\/2017\/03\/avion-blanco.jpg","keywords":["eclipse solar","Estados Unidos","Viajes a\u00e9reos"],"articleSection":["Aerol\u00edneas","Estados Unidos"],"inLanguage":"es-MX","potentialAction":[{"@type":"CommentAction","name":"Comment","target":["https:\/\/nitu.mx\/index.php\/2024\/04\/07\/eclipse-solar-en-eu-impacto-en-viajes-aereos\/#respond"]}]},{"@type":"WebPage","@id":"https:\/\/nitu.mx\/index.php\/2024\/04\/07\/eclipse-solar-en-eu-impacto-en-viajes-aereos\/","url":"https:\/\/nitu.mx\/index.php\/2024\/04\/07\/eclipse-solar-en-eu-impacto-en-viajes-aereos\/","name":"Eclipse Solar en EU, impacto en viajes a\u00e9reos - Nitu - Noticias de la Industria Turistica","isPartOf":{"@id":"https:\/\/nitu.mx\/#website"},"primaryImageOfPage":{"@id":"https:\/\/nitu.mx\/index.php\/2024\/04\/07\/eclipse-solar-en-eu-impacto-en-viajes-aereos\/#primaryimage"},"image":{"@id":"https:\/\/nitu.mx\/index.php\/2024\/04\/07\/eclipse-solar-en-eu-impacto-en-viajes-aereos\/#primaryimage"},"thumbnailUrl":"https:\/\/nitu.mx\/wp-content\/uploads\/2017\/03\/avion-blanco.jpg","datePublished":"2024-04-08T04:49:44+00:00","dateModified":"2024-04-08T04:49:44+00:00","breadcrumb":{"@id":"https:\/\/nitu.mx\/index.php\/2024\/04\/07\/eclipse-solar-en-eu-impacto-en-viajes-aereos\/#breadcrumb"},"inLanguage":"es-MX","potentialAction":[{"@type":"ReadAction","target":["https:\/\/nitu.mx\/index.php\/2024\/04\/07\/eclipse-solar-en-eu-impacto-en-viajes-aereos\/"]}]},{"@type":"ImageObject","inLanguage":"es-MX","@id":"https:\/\/nitu.mx\/index.php\/2024\/04\/07\/eclipse-solar-en-eu-impacto-en-viajes-aereos\/#primaryimage","url":"https:\/\/nitu.mx\/wp-content\/uploads\/2017\/03\/avion-blanco.jpg","contentUrl":"https:\/\/nitu.mx\/wp-content\/uploads\/2017\/03\/avion-blanco.jpg","width":850,"height":480,"caption":"avion"},{"@type":"BreadcrumbList","@id":"https:\/\/nitu.mx\/index.php\/2024\/04\/07\/eclipse-solar-en-eu-impacto-en-viajes-aereos\/#breadcrumb","itemListElement":[{"@type":"ListItem","position":1,"name":"Inicio","item":"https:\/\/nitu.mx\/"},{"@type":"ListItem","position":2,"name":"Eclipse Solar en EU, impacto en viajes a\u00e9reos"}]},{"@type":"WebSite","@id":"https:\/\/nitu.mx\/#website","url":"https:\/\/nitu.mx\/","name":"Nitu - Noticias de la Industria Turistica","description":"Noticias de la Industria Turistica","publisher":{"@id":"https:\/\/nitu.mx\/#\/schema\/person\/ae7a53426417292d3dd07b45a33e01bc"},"alternateName":"Noticias de la Industria Turistica","potentialAction":[{"@type":"SearchAction","target":{"@type":"EntryPoint","urlTemplate":"https:\/\/nitu.mx\/?s={search_term_string}"},"query-input":"required name=search_term_string"}],"inLanguage":"es-MX"},{"@type":["Person","Organization"],"@id":"https:\/\/nitu.mx\/#\/schema\/person\/ae7a53426417292d3dd07b45a33e01bc","name":"Arturo Medina","image":{"@type":"ImageObject","inLanguage":"es-MX","@id":"https:\/\/nitu.mx\/#\/schema\/person\/image\/","url":"https:\/\/nitu.mx\/wp-content\/uploads\/2024\/04\/4A315622-1904-4D5C-B022-878CDC840E04-90x90-1.jpeg","contentUrl":"https:\/\/nitu.mx\/wp-content\/uploads\/2024\/04\/4A315622-1904-4D5C-B022-878CDC840E04-90x90-1.jpeg","width":90,"height":90,"caption":"Arturo Medina"},"logo":{"@id":"https:\/\/nitu.mx\/#\/schema\/person\/image\/"},"description":"Director NITU.mx, Egresado de la Escuela de Periodismo Carlos Septi\u00e9n Garc\u00eda. Periodista y analista especializado en turismo desde hace 35 a\u00f1os, radicado en Canc\u00fan Q.Roo. arturo@nitu.mx","sameAs":["https:\/\/nitu.mx","https:\/\/www.facebook.com\/NITUmx\/","medinacancun","https:\/\/twitter.com\/@Arturo_Medina_G"]},{"@type":"Person","@id":"https:\/\/nitu.mx\/#\/schema\/person\/2ecd887b19dfd3382d1f14fc5acf24a8","name":"Alejandra Moncisbays","image":{"@type":"ImageObject","inLanguage":"es-MX","@id":"https:\/\/nitu.mx\/#\/schema\/person\/image\/","url":"https:\/\/secure.gravatar.com\/avatar\/e74f7af0be172b7804dacfd0bfbef787?s=96&d=mm&r=g","contentUrl":"https:\/\/secure.gravatar.com\/avatar\/e74f7af0be172b7804dacfd0bfbef787?s=96&d=mm&r=g","caption":"Alejandra Moncisbays"},"description":"Curs\u00e9 la carrera de Periodismo y Comunicaci\u00f3n en la Facultad de Estudios Profesionales Acatl\u00e1n. Vivo en Canc\u00fan desde hace 24 a\u00f1os. Fui reportera de La Tarde de Canc\u00fan, y Novedades de Quintana Roo, colabor\u00e9 en TVCUN, edit\u00e9 Cancun\u00edssimo y colabor\u00e9 en las revistas Latitud21, entre otras, con principal enfoque en los sectores empresarial y tur\u00edstico. Desde hace varios a\u00f1os soy Agente de Seguros con c\u00e9dula de la Comisi\u00f3n Nacional de Seguros y Fianzas. Actualmente, me desarrollo en los \u00e1mbitos del periodismo y el sector asegurador.","sameAs":["https:\/\/nitu.mx"],"url":"https:\/\/nitu.mx\/index.php\/author\/alejandra\/"}]}},"views":741,"_links":{"self":[{"href":"https:\/\/nitu.mx\/index.php\/wp-json\/wp\/v2\/posts\/69979"}],"collection":[{"href":"https:\/\/nitu.mx\/index.php\/wp-json\/wp\/v2\/posts"}],"about":[{"href":"https:\/\/nitu.mx\/index.php\/wp-json\/wp\/v2\/types\/post"}],"author":[{"embeddable":true,"href":"https:\/\/nitu.mx\/index.php\/wp-json\/wp\/v2\/users\/3"}],"replies":[{"embeddable":true,"href":"https:\/\/nitu.mx\/index.php\/wp-json\/wp\/v2\/comments?post=69979"}],"version-history":[{"count":2,"href":"https:\/\/nitu.mx\/index.php\/wp-json\/wp\/v2\/posts\/69979\/revisions"}],"predecessor-version":[{"id":69991,"href":"https:\/\/nitu.mx\/index.php\/wp-json\/wp\/v2\/posts\/69979\/revisions\/69991"}],"wp:featuredmedia":[{"embeddable":true,"href":"https:\/\/nitu.mx\/index.php\/wp-json\/wp\/v2\/media\/8136"}],"wp:attachment":[{"href":"https:\/\/nitu.mx\/index.php\/wp-json\/wp\/v2\/media?parent=69979"}],"wp:term":[{"taxonomy":"category","embeddable":true,"href":"https:\/\/nitu.mx\/index.php\/wp-json\/wp\/v2\/categories?post=69979"},{"taxonomy":"post_tag","embeddable":true,"href":"https:\/\/nitu.mx\/index.php\/wp-json\/wp\/v2\/tags?post=69979"}],"curies":[{"name":"wp","href":"https:\/\/api.w.org\/{rel}","templated":true}]}}