{"id":69895,"date":"2024-04-04T00:15:03","date_gmt":"2024-04-04T06:15:03","guid":{"rendered":"https:\/\/nitu.mx\/?p=69895"},"modified":"2024-04-04T00:15:03","modified_gmt":"2024-04-04T06:15:03","slug":"rcd-hotels-presenta-el-nuevo-ava-resort-cancun-en-guatemala","status":"publish","type":"post","link":"https:\/\/nitu.mx\/index.php\/2024\/04\/04\/rcd-hotels-presenta-el-nuevo-ava-resort-cancun-en-guatemala\/","title":{"rendered":"RCD Hotels presenta el nuevo AVA Resort Canc\u00fan en Guatemala"},"content":{"rendered":"<p>En un reciente evento en Guatemala, RCD Hotels, la reconocida firma del empresario mexicano Roberto Chapur, present\u00f3 oficialmente su \u00faltima joya en el mundo de la hospitalidad de lujo: el Hotel AVA Resort Canc\u00fan. Este nuevo establecimiento se suma a la prestigiosa colecci\u00f3n de propiedades de lujo de la marca, ampliamente conocida por su excelencia en M\u00e9xico, el Caribe y Estados Unidos.<\/p>\n<p>Durante la conferencia de prensa, a la que asistieron agentes de viajes, influencers, medios especializados en turismo y personalidades del sector, se revelaron detalles exclusivos del AVA Resort Canc\u00fan. A trav\u00e9s de un recorrido virtual que mostr\u00f3 videos y fotograf\u00edas de sus instalaciones, los invitados pudieron apreciar la elegancia de las habitaciones y suites, todas con vistas al Mar Caribe, as\u00ed como sus restaurantes gourmet, un spa de primera categor\u00eda, y la revolucionaria tecnolog\u00eda Crystal Lagoons que permite disfrutar de enormes piscinas navegables.<\/p>\n<p>Adem\u00e1s, se enfatiz\u00f3 en la diversidad de actividades y servicios del resort, que promete superar las expectativas de los viajeros m\u00e1s exigentes con su modelo All-Inclusive. Este nuevo hotel no solo busca ofrecer una experiencia inolvidable a sus hu\u00e9spedes sino tambi\u00e9n fortalecer la presencia de RCD Hotels en el sector tur\u00edstico internacional.<\/p>\n<p>El lanzamiento de AVA Resort Canc\u00fan refleja el empe\u00f1o de RCD Hotels por continuar innovando en el mercado de lujo y ofrecer experiencias \u00fanicas que realcen la belleza natural y el lujo en el hospedaje. Este anuncio no solo pone en alto el nombre de RCD Hotels sino que tambi\u00e9n promete enriquecer la oferta tur\u00edstica de Canc\u00fan, consolidando a\u00fan m\u00e1s su posici\u00f3n como destino de primer nivel en el Caribe Mexicano. (<a href=\"https:\/\/nitu.mx\/index.php\/2024\/02\/01\/ava-resort-cancun-de-aic-anuncia-apertura-con-promociones\/\">AVA Resort Canc\u00fan de AIC anuncia apertura con promociones<\/a>).<\/p>\n","protected":false},"excerpt":{"rendered":"<p>En un reciente evento en Guatemala, RCD Hotels, la reconocida firma del empresario mexicano Roberto Chapur, present\u00f3 oficialmente su \u00faltima joya en el mundo de la hospitalidad de lujo: el Hotel AVA Resort Canc\u00fan. Este nuevo establecimiento se suma a la prestigiosa colecci\u00f3n de propiedades de lujo de la marca, ampliamente conocida por su excelencia [&hellip;]<\/p>\n","protected":false},"author":3,"featured_media":69908,"comment_status":"open","ping_status":"open","sticky":false,"template":"","format":"standard","meta":{"footnotes":""},"categories":[2],"tags":[24890,1638,2676,186],"yoast_head":"<!-- This site is optimized with the Yoast SEO plugin v22.2 - https:\/\/yoast.com\/wordpress\/plugins\/seo\/ -->\n<title>RCD Hotels presenta el nuevo AVA Resort Canc\u00fan en Guatemala - Nitu - Noticias de la Industria Turistica<\/title>\n<meta name=\"robots\" content=\"index, follow, max-snippet:-1, max-image-preview:large, max-video-preview:-1\" \/>\n<link rel=\"canonical\" href=\"https:\/\/nitu.mx\/index.php\/2024\/04\/04\/rcd-hotels-presenta-el-nuevo-ava-resort-cancun-en-guatemala\/\" \/>\n<meta name=\"twitter:card\" content=\"summary_large_image\" \/>\n<meta name=\"twitter:title\" content=\"RCD Hotels presenta el nuevo AVA Resort Canc\u00fan en Guatemala - Nitu - Noticias de la Industria Turistica\" \/>\n<meta name=\"twitter:description\" content=\"En un reciente evento en Guatemala, RCD Hotels, la reconocida firma del empresario mexicano Roberto Chapur, present\u00f3 oficialmente su \u00faltima joya en el mundo de la hospitalidad de lujo: el Hotel AVA Resort Canc\u00fan. Este nuevo establecimiento se suma a la prestigiosa colecci\u00f3n de propiedades de lujo de la marca, ampliamente conocida por su excelencia [&hellip;]\" \/>\n<meta name=\"twitter:image\" content=\"https:\/\/nitu.mx\/wp-content\/uploads\/2024\/04\/AVA-Resort-Cancun.jpeg\" \/>\n<meta name=\"twitter:creator\" content=\"@NITUmx\" \/>\n<meta name=\"twitter:site\" content=\"@Arturo_Medina_G\" \/>\n<meta name=\"twitter:label1\" content=\"Escrito por\" \/>\n\t<meta name=\"twitter:data1\" content=\"Alejandra Moncisbays\" \/>\n\t<meta name=\"twitter:label2\" content=\"Tiempo de lectura\" \/>\n\t<meta name=\"twitter:data2\" content=\"1 minuto\" \/>\n<script type=\"application\/ld+json\" class=\"yoast-schema-graph\">{\"@context\":\"https:\/\/schema.org\",\"@graph\":[{\"@type\":\"Article\",\"@id\":\"https:\/\/nitu.mx\/index.php\/2024\/04\/04\/rcd-hotels-presenta-el-nuevo-ava-resort-cancun-en-guatemala\/#article\",\"isPartOf\":{\"@id\":\"https:\/\/nitu.mx\/index.php\/2024\/04\/04\/rcd-hotels-presenta-el-nuevo-ava-resort-cancun-en-guatemala\/\"},\"author\":{\"name\":\"Alejandra Moncisbays\",\"@id\":\"https:\/\/nitu.mx\/#\/schema\/person\/2ecd887b19dfd3382d1f14fc5acf24a8\"},\"headline\":\"RCD Hotels presenta el nuevo AVA Resort Canc\u00fan en Guatemala\",\"datePublished\":\"2024-04-04T06:15:03+00:00\",\"dateModified\":\"2024-04-04T06:15:03+00:00\",\"mainEntityOfPage\":{\"@id\":\"https:\/\/nitu.mx\/index.php\/2024\/04\/04\/rcd-hotels-presenta-el-nuevo-ava-resort-cancun-en-guatemala\/\"},\"wordCount\":310,\"commentCount\":0,\"publisher\":{\"@id\":\"https:\/\/nitu.mx\/#\/schema\/person\/ae7a53426417292d3dd07b45a33e01bc\"},\"image\":{\"@id\":\"https:\/\/nitu.mx\/index.php\/2024\/04\/04\/rcd-hotels-presenta-el-nuevo-ava-resort-cancun-en-guatemala\/#primaryimage\"},\"thumbnailUrl\":\"https:\/\/nitu.mx\/wp-content\/uploads\/2024\/04\/AVA-Resort-Cancun.jpeg\",\"keywords\":[\"AVA Resort Canc\u00fan\",\"Guatemala\",\"RCD Hotels\",\"Roberto Chapur\"],\"articleSection\":[\"Hoteles\"],\"inLanguage\":\"es-MX\",\"potentialAction\":[{\"@type\":\"CommentAction\",\"name\":\"Comment\",\"target\":[\"https:\/\/nitu.mx\/index.php\/2024\/04\/04\/rcd-hotels-presenta-el-nuevo-ava-resort-cancun-en-guatemala\/#respond\"]}]},{\"@type\":\"WebPage\",\"@id\":\"https:\/\/nitu.mx\/index.php\/2024\/04\/04\/rcd-hotels-presenta-el-nuevo-ava-resort-cancun-en-guatemala\/\",\"url\":\"https:\/\/nitu.mx\/index.php\/2024\/04\/04\/rcd-hotels-presenta-el-nuevo-ava-resort-cancun-en-guatemala\/\",\"name\":\"RCD Hotels presenta el nuevo AVA Resort Canc\u00fan en Guatemala - Nitu - Noticias de la Industria Turistica\",\"isPartOf\":{\"@id\":\"https:\/\/nitu.mx\/#website\"},\"primaryImageOfPage\":{\"@id\":\"https:\/\/nitu.mx\/index.php\/2024\/04\/04\/rcd-hotels-presenta-el-nuevo-ava-resort-cancun-en-guatemala\/#primaryimage\"},\"image\":{\"@id\":\"https:\/\/nitu.mx\/index.php\/2024\/04\/04\/rcd-hotels-presenta-el-nuevo-ava-resort-cancun-en-guatemala\/#primaryimage\"},\"thumbnailUrl\":\"https:\/\/nitu.mx\/wp-content\/uploads\/2024\/04\/AVA-Resort-Cancun.jpeg\",\"datePublished\":\"2024-04-04T06:15:03+00:00\",\"dateModified\":\"2024-04-04T06:15:03+00:00\",\"breadcrumb\":{\"@id\":\"https:\/\/nitu.mx\/index.php\/2024\/04\/04\/rcd-hotels-presenta-el-nuevo-ava-resort-cancun-en-guatemala\/#breadcrumb\"},\"inLanguage\":\"es-MX\",\"potentialAction\":[{\"@type\":\"ReadAction\",\"target\":[\"https:\/\/nitu.mx\/index.php\/2024\/04\/04\/rcd-hotels-presenta-el-nuevo-ava-resort-cancun-en-guatemala\/\"]}]},{\"@type\":\"ImageObject\",\"inLanguage\":\"es-MX\",\"@id\":\"https:\/\/nitu.mx\/index.php\/2024\/04\/04\/rcd-hotels-presenta-el-nuevo-ava-resort-cancun-en-guatemala\/#primaryimage\",\"url\":\"https:\/\/nitu.mx\/wp-content\/uploads\/2024\/04\/AVA-Resort-Cancun.jpeg\",\"contentUrl\":\"https:\/\/nitu.mx\/wp-content\/uploads\/2024\/04\/AVA-Resort-Cancun.jpeg\",\"width\":1200,\"height\":675,\"caption\":\"AVA Resort Canc\u00fan\"},{\"@type\":\"BreadcrumbList\",\"@id\":\"https:\/\/nitu.mx\/index.php\/2024\/04\/04\/rcd-hotels-presenta-el-nuevo-ava-resort-cancun-en-guatemala\/#breadcrumb\",\"itemListElement\":[{\"@type\":\"ListItem\",\"position\":1,\"name\":\"Inicio\",\"item\":\"https:\/\/nitu.mx\/\"},{\"@type\":\"ListItem\",\"position\":2,\"name\":\"RCD Hotels presenta el nuevo AVA Resort Canc\u00fan en Guatemala\"}]},{\"@type\":\"WebSite\",\"@id\":\"https:\/\/nitu.mx\/#website\",\"url\":\"https:\/\/nitu.mx\/\",\"name\":\"Nitu - Noticias de la Industria Turistica\",\"description\":\"Noticias de la Industria Turistica\",\"publisher\":{\"@id\":\"https:\/\/nitu.mx\/#\/schema\/person\/ae7a53426417292d3dd07b45a33e01bc\"},\"alternateName\":\"Noticias de la Industria Turistica\",\"potentialAction\":[{\"@type\":\"SearchAction\",\"target\":{\"@type\":\"EntryPoint\",\"urlTemplate\":\"https:\/\/nitu.mx\/?s={search_term_string}\"},\"query-input\":\"required name=search_term_string\"}],\"inLanguage\":\"es-MX\"},{\"@type\":[\"Person\",\"Organization\"],\"@id\":\"https:\/\/nitu.mx\/#\/schema\/person\/ae7a53426417292d3dd07b45a33e01bc\",\"name\":\"Arturo Medina\",\"image\":{\"@type\":\"ImageObject\",\"inLanguage\":\"es-MX\",\"@id\":\"https:\/\/nitu.mx\/#\/schema\/person\/image\/\",\"url\":\"https:\/\/nitu.mx\/wp-content\/uploads\/2024\/04\/4A315622-1904-4D5C-B022-878CDC840E04-90x90-1.jpeg\",\"contentUrl\":\"https:\/\/nitu.mx\/wp-content\/uploads\/2024\/04\/4A315622-1904-4D5C-B022-878CDC840E04-90x90-1.jpeg\",\"width\":90,\"height\":90,\"caption\":\"Arturo Medina\"},\"logo\":{\"@id\":\"https:\/\/nitu.mx\/#\/schema\/person\/image\/\"},\"description\":\"Director NITU.mx, Egresado de la Escuela de Periodismo Carlos Septi\u00e9n Garc\u00eda. Periodista y analista especializado en turismo desde hace 35 a\u00f1os, radicado en Canc\u00fan Q.Roo. arturo@nitu.mx\",\"sameAs\":[\"https:\/\/nitu.mx\",\"https:\/\/www.facebook.com\/NITUmx\/\",\"medinacancun\",\"https:\/\/twitter.com\/@Arturo_Medina_G\"]},{\"@type\":\"Person\",\"@id\":\"https:\/\/nitu.mx\/#\/schema\/person\/2ecd887b19dfd3382d1f14fc5acf24a8\",\"name\":\"Alejandra Moncisbays\",\"image\":{\"@type\":\"ImageObject\",\"inLanguage\":\"es-MX\",\"@id\":\"https:\/\/nitu.mx\/#\/schema\/person\/image\/\",\"url\":\"https:\/\/secure.gravatar.com\/avatar\/e74f7af0be172b7804dacfd0bfbef787?s=96&d=mm&r=g\",\"contentUrl\":\"https:\/\/secure.gravatar.com\/avatar\/e74f7af0be172b7804dacfd0bfbef787?s=96&d=mm&r=g\",\"caption\":\"Alejandra Moncisbays\"},\"description\":\"Curs\u00e9 la carrera de Periodismo y Comunicaci\u00f3n en la Facultad de Estudios Profesionales Acatl\u00e1n. Vivo en Canc\u00fan desde hace 24 a\u00f1os. Fui reportera de La Tarde de Canc\u00fan, y Novedades de Quintana Roo, colabor\u00e9 en TVCUN, edit\u00e9 Cancun\u00edssimo y colabor\u00e9 en las revistas Latitud21, entre otras, con principal enfoque en los sectores empresarial y tur\u00edstico. Desde hace varios a\u00f1os soy Agente de Seguros con c\u00e9dula de la Comisi\u00f3n Nacional de Seguros y Fianzas. Actualmente, me desarrollo en los \u00e1mbitos del periodismo y el sector asegurador.\",\"sameAs\":[\"https:\/\/nitu.mx\"],\"url\":\"https:\/\/nitu.mx\/index.php\/author\/alejandra\/\"}]}<\/script>\n<!-- \/ Yoast SEO plugin. -->","yoast_head_json":{"title":"RCD Hotels presenta el nuevo AVA Resort Canc\u00fan en Guatemala - Nitu - Noticias de la Industria Turistica","robots":{"index":"index","follow":"follow","max-snippet":"max-snippet:-1","max-image-preview":"max-image-preview:large","max-video-preview":"max-video-preview:-1"},"canonical":"https:\/\/nitu.mx\/index.php\/2024\/04\/04\/rcd-hotels-presenta-el-nuevo-ava-resort-cancun-en-guatemala\/","twitter_card":"summary_large_image","twitter_title":"RCD Hotels presenta el nuevo AVA Resort Canc\u00fan en Guatemala - Nitu - Noticias de la Industria Turistica","twitter_description":"En un reciente evento en Guatemala, RCD Hotels, la reconocida firma del empresario mexicano Roberto Chapur, present\u00f3 oficialmente su \u00faltima joya en el mundo de la hospitalidad de lujo: el Hotel AVA Resort Canc\u00fan. Este nuevo establecimiento se suma a la prestigiosa colecci\u00f3n de propiedades de lujo de la marca, ampliamente conocida por su excelencia [&hellip;]","twitter_image":"https:\/\/nitu.mx\/wp-content\/uploads\/2024\/04\/AVA-Resort-Cancun.jpeg","twitter_creator":"@NITUmx","twitter_site":"@Arturo_Medina_G","twitter_misc":{"Escrito por":"Alejandra Moncisbays","Tiempo de lectura":"1 minuto"},"schema":{"@context":"https:\/\/schema.org","@graph":[{"@type":"Article","@id":"https:\/\/nitu.mx\/index.php\/2024\/04\/04\/rcd-hotels-presenta-el-nuevo-ava-resort-cancun-en-guatemala\/#article","isPartOf":{"@id":"https:\/\/nitu.mx\/index.php\/2024\/04\/04\/rcd-hotels-presenta-el-nuevo-ava-resort-cancun-en-guatemala\/"},"author":{"name":"Alejandra Moncisbays","@id":"https:\/\/nitu.mx\/#\/schema\/person\/2ecd887b19dfd3382d1f14fc5acf24a8"},"headline":"RCD Hotels presenta el nuevo AVA Resort Canc\u00fan en Guatemala","datePublished":"2024-04-04T06:15:03+00:00","dateModified":"2024-04-04T06:15:03+00:00","mainEntityOfPage":{"@id":"https:\/\/nitu.mx\/index.php\/2024\/04\/04\/rcd-hotels-presenta-el-nuevo-ava-resort-cancun-en-guatemala\/"},"wordCount":310,"commentCount":0,"publisher":{"@id":"https:\/\/nitu.mx\/#\/schema\/person\/ae7a53426417292d3dd07b45a33e01bc"},"image":{"@id":"https:\/\/nitu.mx\/index.php\/2024\/04\/04\/rcd-hotels-presenta-el-nuevo-ava-resort-cancun-en-guatemala\/#primaryimage"},"thumbnailUrl":"https:\/\/nitu.mx\/wp-content\/uploads\/2024\/04\/AVA-Resort-Cancun.jpeg","keywords":["AVA Resort Canc\u00fan","Guatemala","RCD Hotels","Roberto Chapur"],"articleSection":["Hoteles"],"inLanguage":"es-MX","potentialAction":[{"@type":"CommentAction","name":"Comment","target":["https:\/\/nitu.mx\/index.php\/2024\/04\/04\/rcd-hotels-presenta-el-nuevo-ava-resort-cancun-en-guatemala\/#respond"]}]},{"@type":"WebPage","@id":"https:\/\/nitu.mx\/index.php\/2024\/04\/04\/rcd-hotels-presenta-el-nuevo-ava-resort-cancun-en-guatemala\/","url":"https:\/\/nitu.mx\/index.php\/2024\/04\/04\/rcd-hotels-presenta-el-nuevo-ava-resort-cancun-en-guatemala\/","name":"RCD Hotels presenta el nuevo AVA Resort Canc\u00fan en Guatemala - Nitu - Noticias de la Industria Turistica","isPartOf":{"@id":"https:\/\/nitu.mx\/#website"},"primaryImageOfPage":{"@id":"https:\/\/nitu.mx\/index.php\/2024\/04\/04\/rcd-hotels-presenta-el-nuevo-ava-resort-cancun-en-guatemala\/#primaryimage"},"image":{"@id":"https:\/\/nitu.mx\/index.php\/2024\/04\/04\/rcd-hotels-presenta-el-nuevo-ava-resort-cancun-en-guatemala\/#primaryimage"},"thumbnailUrl":"https:\/\/nitu.mx\/wp-content\/uploads\/2024\/04\/AVA-Resort-Cancun.jpeg","datePublished":"2024-04-04T06:15:03+00:00","dateModified":"2024-04-04T06:15:03+00:00","breadcrumb":{"@id":"https:\/\/nitu.mx\/index.php\/2024\/04\/04\/rcd-hotels-presenta-el-nuevo-ava-resort-cancun-en-guatemala\/#breadcrumb"},"inLanguage":"es-MX","potentialAction":[{"@type":"ReadAction","target":["https:\/\/nitu.mx\/index.php\/2024\/04\/04\/rcd-hotels-presenta-el-nuevo-ava-resort-cancun-en-guatemala\/"]}]},{"@type":"ImageObject","inLanguage":"es-MX","@id":"https:\/\/nitu.mx\/index.php\/2024\/04\/04\/rcd-hotels-presenta-el-nuevo-ava-resort-cancun-en-guatemala\/#primaryimage","url":"https:\/\/nitu.mx\/wp-content\/uploads\/2024\/04\/AVA-Resort-Cancun.jpeg","contentUrl":"https:\/\/nitu.mx\/wp-content\/uploads\/2024\/04\/AVA-Resort-Cancun.jpeg","width":1200,"height":675,"caption":"AVA Resort Canc\u00fan"},{"@type":"BreadcrumbList","@id":"https:\/\/nitu.mx\/index.php\/2024\/04\/04\/rcd-hotels-presenta-el-nuevo-ava-resort-cancun-en-guatemala\/#breadcrumb","itemListElement":[{"@type":"ListItem","position":1,"name":"Inicio","item":"https:\/\/nitu.mx\/"},{"@type":"ListItem","position":2,"name":"RCD Hotels presenta el nuevo AVA Resort Canc\u00fan en Guatemala"}]},{"@type":"WebSite","@id":"https:\/\/nitu.mx\/#website","url":"https:\/\/nitu.mx\/","name":"Nitu - Noticias de la Industria Turistica","description":"Noticias de la Industria Turistica","publisher":{"@id":"https:\/\/nitu.mx\/#\/schema\/person\/ae7a53426417292d3dd07b45a33e01bc"},"alternateName":"Noticias de la Industria Turistica","potentialAction":[{"@type":"SearchAction","target":{"@type":"EntryPoint","urlTemplate":"https:\/\/nitu.mx\/?s={search_term_string}"},"query-input":"required name=search_term_string"}],"inLanguage":"es-MX"},{"@type":["Person","Organization"],"@id":"https:\/\/nitu.mx\/#\/schema\/person\/ae7a53426417292d3dd07b45a33e01bc","name":"Arturo Medina","image":{"@type":"ImageObject","inLanguage":"es-MX","@id":"https:\/\/nitu.mx\/#\/schema\/person\/image\/","url":"https:\/\/nitu.mx\/wp-content\/uploads\/2024\/04\/4A315622-1904-4D5C-B022-878CDC840E04-90x90-1.jpeg","contentUrl":"https:\/\/nitu.mx\/wp-content\/uploads\/2024\/04\/4A315622-1904-4D5C-B022-878CDC840E04-90x90-1.jpeg","width":90,"height":90,"caption":"Arturo Medina"},"logo":{"@id":"https:\/\/nitu.mx\/#\/schema\/person\/image\/"},"description":"Director NITU.mx, Egresado de la Escuela de Periodismo Carlos Septi\u00e9n Garc\u00eda. Periodista y analista especializado en turismo desde hace 35 a\u00f1os, radicado en Canc\u00fan Q.Roo. arturo@nitu.mx","sameAs":["https:\/\/nitu.mx","https:\/\/www.facebook.com\/NITUmx\/","medinacancun","https:\/\/twitter.com\/@Arturo_Medina_G"]},{"@type":"Person","@id":"https:\/\/nitu.mx\/#\/schema\/person\/2ecd887b19dfd3382d1f14fc5acf24a8","name":"Alejandra Moncisbays","image":{"@type":"ImageObject","inLanguage":"es-MX","@id":"https:\/\/nitu.mx\/#\/schema\/person\/image\/","url":"https:\/\/secure.gravatar.com\/avatar\/e74f7af0be172b7804dacfd0bfbef787?s=96&d=mm&r=g","contentUrl":"https:\/\/secure.gravatar.com\/avatar\/e74f7af0be172b7804dacfd0bfbef787?s=96&d=mm&r=g","caption":"Alejandra Moncisbays"},"description":"Curs\u00e9 la carrera de Periodismo y Comunicaci\u00f3n en la Facultad de Estudios Profesionales Acatl\u00e1n. Vivo en Canc\u00fan desde hace 24 a\u00f1os. Fui reportera de La Tarde de Canc\u00fan, y Novedades de Quintana Roo, colabor\u00e9 en TVCUN, edit\u00e9 Cancun\u00edssimo y colabor\u00e9 en las revistas Latitud21, entre otras, con principal enfoque en los sectores empresarial y tur\u00edstico. Desde hace varios a\u00f1os soy Agente de Seguros con c\u00e9dula de la Comisi\u00f3n Nacional de Seguros y Fianzas. Actualmente, me desarrollo en los \u00e1mbitos del periodismo y el sector asegurador.","sameAs":["https:\/\/nitu.mx"],"url":"https:\/\/nitu.mx\/index.php\/author\/alejandra\/"}]}},"views":1568,"_links":{"self":[{"href":"https:\/\/nitu.mx\/index.php\/wp-json\/wp\/v2\/posts\/69895"}],"collection":[{"href":"https:\/\/nitu.mx\/index.php\/wp-json\/wp\/v2\/posts"}],"about":[{"href":"https:\/\/nitu.mx\/index.php\/wp-json\/wp\/v2\/types\/post"}],"author":[{"embeddable":true,"href":"https:\/\/nitu.mx\/index.php\/wp-json\/wp\/v2\/users\/3"}],"replies":[{"embeddable":true,"href":"https:\/\/nitu.mx\/index.php\/wp-json\/wp\/v2\/comments?post=69895"}],"version-history":[{"count":2,"href":"https:\/\/nitu.mx\/index.php\/wp-json\/wp\/v2\/posts\/69895\/revisions"}],"predecessor-version":[{"id":69909,"href":"https:\/\/nitu.mx\/index.php\/wp-json\/wp\/v2\/posts\/69895\/revisions\/69909"}],"wp:featuredmedia":[{"embeddable":true,"href":"https:\/\/nitu.mx\/index.php\/wp-json\/wp\/v2\/media\/69908"}],"wp:attachment":[{"href":"https:\/\/nitu.mx\/index.php\/wp-json\/wp\/v2\/media?parent=69895"}],"wp:term":[{"taxonomy":"category","embeddable":true,"href":"https:\/\/nitu.mx\/index.php\/wp-json\/wp\/v2\/categories?post=69895"},{"taxonomy":"post_tag","embeddable":true,"href":"https:\/\/nitu.mx\/index.php\/wp-json\/wp\/v2\/tags?post=69895"}],"curies":[{"name":"wp","href":"https:\/\/api.w.org\/{rel}","templated":true}]}}