{"id":69891,"date":"2024-04-04T00:03:41","date_gmt":"2024-04-04T06:03:41","guid":{"rendered":"https:\/\/nitu.mx\/?p=69891"},"modified":"2024-04-04T00:03:42","modified_gmt":"2024-04-04T06:03:42","slug":"baja-california-sur-destacara-su-esencia-en-el-tianguis-turistico-2024","status":"publish","type":"post","link":"https:\/\/nitu.mx\/index.php\/2024\/04\/04\/baja-california-sur-destacara-su-esencia-en-el-tianguis-turistico-2024\/","title":{"rendered":"Baja California Sur destacar\u00e1 su esencia en el Tianguis Tur\u00edstico 2024"},"content":{"rendered":"<p>Baja California Sur se alista para mostrar sus fortalezas en el Tianguis Tur\u00edstico 2024, que se llevar\u00e1 a cabo en Acapulco, Guerrero, del 8 al 12 de abril. Este evento, el m\u00e1s destacado del sector tur\u00edstico en M\u00e9xico, contar\u00e1 con la participaci\u00f3n activa del estado, incluyendo su gobierno, el sector hotelero, turoperadores y otros proveedores de servicios tur\u00edsticos. El objetivo es destacar la riqueza natural, gastron\u00f3mica y cultural de la regi\u00f3n.<br \/>\nLa Secretar\u00eda de Turismo y Econom\u00eda (SETUE) subraya la preparaci\u00f3n de Baja California Sur para este importante evento, que espera atraer a m\u00e1s de mil 500 compradores internacionales. Se ha confirmado la presencia de 682 empresas y mil 162 compradores de 41 pa\u00edses, as\u00ed como mil 625 expositores de 930 negocios, lo que resalta la magnitud y el alcance internacional del Tianguis Tur\u00edstico.<br \/>\nEste a\u00f1o, el Tianguis Tur\u00edstico se enfocar\u00e1 nuevamente en la inclusi\u00f3n, promoviendo la inserci\u00f3n laboral de personas con discapacidad en el turismo. Baja California Sur busca no solo impulsar sus destinos sino tambi\u00e9n contribuir a un sector m\u00e1s inclusivo y diverso. (<a href=\"https:\/\/nitu.mx\/index.php\/2024\/03\/19\/tianguis-turistico-2024-tiene-1079-compradores-confirmados\/\">Tianguis Tur\u00edstico 2024 tiene 1,079 compradores confirmados<\/a>).<\/p>\n","protected":false},"excerpt":{"rendered":"<p>Baja California Sur se alista para mostrar sus fortalezas en el Tianguis Tur\u00edstico 2024, que se llevar\u00e1 a cabo en Acapulco, Guerrero, del 8 al 12 de abril. Este evento, el m\u00e1s destacado del sector tur\u00edstico en M\u00e9xico, contar\u00e1 con la participaci\u00f3n activa del estado, incluyendo su gobierno, el sector hotelero, turoperadores y otros proveedores [&hellip;]<\/p>\n","protected":false},"author":3,"featured_media":51216,"comment_status":"open","ping_status":"open","sticky":false,"template":"","format":"standard","meta":{"footnotes":""},"categories":[23336],"tags":[167,24892,1064],"yoast_head":"<!-- This site is optimized with the Yoast SEO plugin v22.2 - https:\/\/yoast.com\/wordpress\/plugins\/seo\/ -->\n<title>Baja California Sur destacar\u00e1 su esencia en el Tianguis Tur\u00edstico 2024 - Nitu - Noticias de la Industria Turistica<\/title>\n<meta name=\"robots\" content=\"index, follow, max-snippet:-1, max-image-preview:large, max-video-preview:-1\" \/>\n<link rel=\"canonical\" href=\"https:\/\/nitu.mx\/index.php\/2024\/04\/04\/baja-california-sur-destacara-su-esencia-en-el-tianguis-turistico-2024\/\" \/>\n<meta name=\"twitter:card\" content=\"summary_large_image\" \/>\n<meta name=\"twitter:title\" content=\"Baja California Sur destacar\u00e1 su esencia en el Tianguis Tur\u00edstico 2024 - Nitu - Noticias de la Industria Turistica\" \/>\n<meta name=\"twitter:description\" content=\"Baja California Sur se alista para mostrar sus fortalezas en el Tianguis Tur\u00edstico 2024, que se llevar\u00e1 a cabo en Acapulco, Guerrero, del 8 al 12 de abril. Este evento, el m\u00e1s destacado del sector tur\u00edstico en M\u00e9xico, contar\u00e1 con la participaci\u00f3n activa del estado, incluyendo su gobierno, el sector hotelero, turoperadores y otros proveedores [&hellip;]\" \/>\n<meta name=\"twitter:image\" content=\"https:\/\/nitu.mx\/wp-content\/uploads\/2021\/03\/Los-Cabos-Verified-Sharecare.jpg\" \/>\n<meta name=\"twitter:creator\" content=\"@NITUmx\" \/>\n<meta name=\"twitter:site\" content=\"@Arturo_Medina_G\" \/>\n<meta name=\"twitter:label1\" content=\"Escrito por\" \/>\n\t<meta name=\"twitter:data1\" content=\"Alejandra Moncisbays\" \/>\n\t<meta name=\"twitter:label2\" content=\"Tiempo de lectura\" \/>\n\t<meta name=\"twitter:data2\" content=\"1 minuto\" \/>\n<script type=\"application\/ld+json\" class=\"yoast-schema-graph\">{\"@context\":\"https:\/\/schema.org\",\"@graph\":[{\"@type\":\"Article\",\"@id\":\"https:\/\/nitu.mx\/index.php\/2024\/04\/04\/baja-california-sur-destacara-su-esencia-en-el-tianguis-turistico-2024\/#article\",\"isPartOf\":{\"@id\":\"https:\/\/nitu.mx\/index.php\/2024\/04\/04\/baja-california-sur-destacara-su-esencia-en-el-tianguis-turistico-2024\/\"},\"author\":{\"name\":\"Alejandra Moncisbays\",\"@id\":\"https:\/\/nitu.mx\/#\/schema\/person\/2ecd887b19dfd3382d1f14fc5acf24a8\"},\"headline\":\"Baja California Sur destacar\u00e1 su esencia en el Tianguis Tur\u00edstico 2024\",\"datePublished\":\"2024-04-04T06:03:41+00:00\",\"dateModified\":\"2024-04-04T06:03:42+00:00\",\"mainEntityOfPage\":{\"@id\":\"https:\/\/nitu.mx\/index.php\/2024\/04\/04\/baja-california-sur-destacara-su-esencia-en-el-tianguis-turistico-2024\/\"},\"wordCount\":203,\"commentCount\":0,\"publisher\":{\"@id\":\"https:\/\/nitu.mx\/#\/schema\/person\/ae7a53426417292d3dd07b45a33e01bc\"},\"image\":{\"@id\":\"https:\/\/nitu.mx\/index.php\/2024\/04\/04\/baja-california-sur-destacara-su-esencia-en-el-tianguis-turistico-2024\/#primaryimage\"},\"thumbnailUrl\":\"https:\/\/nitu.mx\/wp-content\/uploads\/2021\/03\/Los-Cabos-Verified-Sharecare.jpg\",\"keywords\":[\"Baja California Sur\",\"SETUE\",\"Tianguis Tur\u00edstico\"],\"articleSection\":[\"Tianguis Tur\u00edstico\"],\"inLanguage\":\"es-MX\",\"potentialAction\":[{\"@type\":\"CommentAction\",\"name\":\"Comment\",\"target\":[\"https:\/\/nitu.mx\/index.php\/2024\/04\/04\/baja-california-sur-destacara-su-esencia-en-el-tianguis-turistico-2024\/#respond\"]}]},{\"@type\":\"WebPage\",\"@id\":\"https:\/\/nitu.mx\/index.php\/2024\/04\/04\/baja-california-sur-destacara-su-esencia-en-el-tianguis-turistico-2024\/\",\"url\":\"https:\/\/nitu.mx\/index.php\/2024\/04\/04\/baja-california-sur-destacara-su-esencia-en-el-tianguis-turistico-2024\/\",\"name\":\"Baja California Sur destacar\u00e1 su esencia en el Tianguis Tur\u00edstico 2024 - Nitu - Noticias de la Industria Turistica\",\"isPartOf\":{\"@id\":\"https:\/\/nitu.mx\/#website\"},\"primaryImageOfPage\":{\"@id\":\"https:\/\/nitu.mx\/index.php\/2024\/04\/04\/baja-california-sur-destacara-su-esencia-en-el-tianguis-turistico-2024\/#primaryimage\"},\"image\":{\"@id\":\"https:\/\/nitu.mx\/index.php\/2024\/04\/04\/baja-california-sur-destacara-su-esencia-en-el-tianguis-turistico-2024\/#primaryimage\"},\"thumbnailUrl\":\"https:\/\/nitu.mx\/wp-content\/uploads\/2021\/03\/Los-Cabos-Verified-Sharecare.jpg\",\"datePublished\":\"2024-04-04T06:03:41+00:00\",\"dateModified\":\"2024-04-04T06:03:42+00:00\",\"breadcrumb\":{\"@id\":\"https:\/\/nitu.mx\/index.php\/2024\/04\/04\/baja-california-sur-destacara-su-esencia-en-el-tianguis-turistico-2024\/#breadcrumb\"},\"inLanguage\":\"es-MX\",\"potentialAction\":[{\"@type\":\"ReadAction\",\"target\":[\"https:\/\/nitu.mx\/index.php\/2024\/04\/04\/baja-california-sur-destacara-su-esencia-en-el-tianguis-turistico-2024\/\"]}]},{\"@type\":\"ImageObject\",\"inLanguage\":\"es-MX\",\"@id\":\"https:\/\/nitu.mx\/index.php\/2024\/04\/04\/baja-california-sur-destacara-su-esencia-en-el-tianguis-turistico-2024\/#primaryimage\",\"url\":\"https:\/\/nitu.mx\/wp-content\/uploads\/2021\/03\/Los-Cabos-Verified-Sharecare.jpg\",\"contentUrl\":\"https:\/\/nitu.mx\/wp-content\/uploads\/2021\/03\/Los-Cabos-Verified-Sharecare.jpg\",\"width\":1200,\"height\":675,\"caption\":\"Los Cabos IBTM Am\u00e9ricas Baja California Sur\"},{\"@type\":\"BreadcrumbList\",\"@id\":\"https:\/\/nitu.mx\/index.php\/2024\/04\/04\/baja-california-sur-destacara-su-esencia-en-el-tianguis-turistico-2024\/#breadcrumb\",\"itemListElement\":[{\"@type\":\"ListItem\",\"position\":1,\"name\":\"Inicio\",\"item\":\"https:\/\/nitu.mx\/\"},{\"@type\":\"ListItem\",\"position\":2,\"name\":\"Baja California Sur destacar\u00e1 su esencia en el Tianguis Tur\u00edstico 2024\"}]},{\"@type\":\"WebSite\",\"@id\":\"https:\/\/nitu.mx\/#website\",\"url\":\"https:\/\/nitu.mx\/\",\"name\":\"Nitu - Noticias de la Industria Turistica\",\"description\":\"Noticias de la Industria Turistica\",\"publisher\":{\"@id\":\"https:\/\/nitu.mx\/#\/schema\/person\/ae7a53426417292d3dd07b45a33e01bc\"},\"alternateName\":\"Noticias de la Industria Turistica\",\"potentialAction\":[{\"@type\":\"SearchAction\",\"target\":{\"@type\":\"EntryPoint\",\"urlTemplate\":\"https:\/\/nitu.mx\/?s={search_term_string}\"},\"query-input\":\"required name=search_term_string\"}],\"inLanguage\":\"es-MX\"},{\"@type\":[\"Person\",\"Organization\"],\"@id\":\"https:\/\/nitu.mx\/#\/schema\/person\/ae7a53426417292d3dd07b45a33e01bc\",\"name\":\"Arturo Medina\",\"image\":{\"@type\":\"ImageObject\",\"inLanguage\":\"es-MX\",\"@id\":\"https:\/\/nitu.mx\/#\/schema\/person\/image\/\",\"url\":\"https:\/\/nitu.mx\/wp-content\/uploads\/2024\/04\/4A315622-1904-4D5C-B022-878CDC840E04-90x90-1.jpeg\",\"contentUrl\":\"https:\/\/nitu.mx\/wp-content\/uploads\/2024\/04\/4A315622-1904-4D5C-B022-878CDC840E04-90x90-1.jpeg\",\"width\":90,\"height\":90,\"caption\":\"Arturo Medina\"},\"logo\":{\"@id\":\"https:\/\/nitu.mx\/#\/schema\/person\/image\/\"},\"description\":\"Director NITU.mx, Egresado de la Escuela de Periodismo Carlos Septi\u00e9n Garc\u00eda. Periodista y analista especializado en turismo desde hace 35 a\u00f1os, radicado en Canc\u00fan Q.Roo. arturo@nitu.mx\",\"sameAs\":[\"https:\/\/nitu.mx\",\"https:\/\/www.facebook.com\/NITUmx\/\",\"medinacancun\",\"https:\/\/twitter.com\/@Arturo_Medina_G\"]},{\"@type\":\"Person\",\"@id\":\"https:\/\/nitu.mx\/#\/schema\/person\/2ecd887b19dfd3382d1f14fc5acf24a8\",\"name\":\"Alejandra Moncisbays\",\"image\":{\"@type\":\"ImageObject\",\"inLanguage\":\"es-MX\",\"@id\":\"https:\/\/nitu.mx\/#\/schema\/person\/image\/\",\"url\":\"https:\/\/secure.gravatar.com\/avatar\/e74f7af0be172b7804dacfd0bfbef787?s=96&d=mm&r=g\",\"contentUrl\":\"https:\/\/secure.gravatar.com\/avatar\/e74f7af0be172b7804dacfd0bfbef787?s=96&d=mm&r=g\",\"caption\":\"Alejandra Moncisbays\"},\"description\":\"Curs\u00e9 la carrera de Periodismo y Comunicaci\u00f3n en la Facultad de Estudios Profesionales Acatl\u00e1n. Vivo en Canc\u00fan desde hace 24 a\u00f1os. Fui reportera de La Tarde de Canc\u00fan, y Novedades de Quintana Roo, colabor\u00e9 en TVCUN, edit\u00e9 Cancun\u00edssimo y colabor\u00e9 en las revistas Latitud21, entre otras, con principal enfoque en los sectores empresarial y tur\u00edstico. Desde hace varios a\u00f1os soy Agente de Seguros con c\u00e9dula de la Comisi\u00f3n Nacional de Seguros y Fianzas. Actualmente, me desarrollo en los \u00e1mbitos del periodismo y el sector asegurador.\",\"sameAs\":[\"https:\/\/nitu.mx\"],\"url\":\"https:\/\/nitu.mx\/index.php\/author\/alejandra\/\"}]}<\/script>\n<!-- \/ Yoast SEO plugin. -->","yoast_head_json":{"title":"Baja California Sur destacar\u00e1 su esencia en el Tianguis Tur\u00edstico 2024 - Nitu - Noticias de la Industria Turistica","robots":{"index":"index","follow":"follow","max-snippet":"max-snippet:-1","max-image-preview":"max-image-preview:large","max-video-preview":"max-video-preview:-1"},"canonical":"https:\/\/nitu.mx\/index.php\/2024\/04\/04\/baja-california-sur-destacara-su-esencia-en-el-tianguis-turistico-2024\/","twitter_card":"summary_large_image","twitter_title":"Baja California Sur destacar\u00e1 su esencia en el Tianguis Tur\u00edstico 2024 - Nitu - Noticias de la Industria Turistica","twitter_description":"Baja California Sur se alista para mostrar sus fortalezas en el Tianguis Tur\u00edstico 2024, que se llevar\u00e1 a cabo en Acapulco, Guerrero, del 8 al 12 de abril. Este evento, el m\u00e1s destacado del sector tur\u00edstico en M\u00e9xico, contar\u00e1 con la participaci\u00f3n activa del estado, incluyendo su gobierno, el sector hotelero, turoperadores y otros proveedores [&hellip;]","twitter_image":"https:\/\/nitu.mx\/wp-content\/uploads\/2021\/03\/Los-Cabos-Verified-Sharecare.jpg","twitter_creator":"@NITUmx","twitter_site":"@Arturo_Medina_G","twitter_misc":{"Escrito por":"Alejandra Moncisbays","Tiempo de lectura":"1 minuto"},"schema":{"@context":"https:\/\/schema.org","@graph":[{"@type":"Article","@id":"https:\/\/nitu.mx\/index.php\/2024\/04\/04\/baja-california-sur-destacara-su-esencia-en-el-tianguis-turistico-2024\/#article","isPartOf":{"@id":"https:\/\/nitu.mx\/index.php\/2024\/04\/04\/baja-california-sur-destacara-su-esencia-en-el-tianguis-turistico-2024\/"},"author":{"name":"Alejandra Moncisbays","@id":"https:\/\/nitu.mx\/#\/schema\/person\/2ecd887b19dfd3382d1f14fc5acf24a8"},"headline":"Baja California Sur destacar\u00e1 su esencia en el Tianguis Tur\u00edstico 2024","datePublished":"2024-04-04T06:03:41+00:00","dateModified":"2024-04-04T06:03:42+00:00","mainEntityOfPage":{"@id":"https:\/\/nitu.mx\/index.php\/2024\/04\/04\/baja-california-sur-destacara-su-esencia-en-el-tianguis-turistico-2024\/"},"wordCount":203,"commentCount":0,"publisher":{"@id":"https:\/\/nitu.mx\/#\/schema\/person\/ae7a53426417292d3dd07b45a33e01bc"},"image":{"@id":"https:\/\/nitu.mx\/index.php\/2024\/04\/04\/baja-california-sur-destacara-su-esencia-en-el-tianguis-turistico-2024\/#primaryimage"},"thumbnailUrl":"https:\/\/nitu.mx\/wp-content\/uploads\/2021\/03\/Los-Cabos-Verified-Sharecare.jpg","keywords":["Baja California Sur","SETUE","Tianguis Tur\u00edstico"],"articleSection":["Tianguis Tur\u00edstico"],"inLanguage":"es-MX","potentialAction":[{"@type":"CommentAction","name":"Comment","target":["https:\/\/nitu.mx\/index.php\/2024\/04\/04\/baja-california-sur-destacara-su-esencia-en-el-tianguis-turistico-2024\/#respond"]}]},{"@type":"WebPage","@id":"https:\/\/nitu.mx\/index.php\/2024\/04\/04\/baja-california-sur-destacara-su-esencia-en-el-tianguis-turistico-2024\/","url":"https:\/\/nitu.mx\/index.php\/2024\/04\/04\/baja-california-sur-destacara-su-esencia-en-el-tianguis-turistico-2024\/","name":"Baja California Sur destacar\u00e1 su esencia en el Tianguis Tur\u00edstico 2024 - Nitu - Noticias de la Industria Turistica","isPartOf":{"@id":"https:\/\/nitu.mx\/#website"},"primaryImageOfPage":{"@id":"https:\/\/nitu.mx\/index.php\/2024\/04\/04\/baja-california-sur-destacara-su-esencia-en-el-tianguis-turistico-2024\/#primaryimage"},"image":{"@id":"https:\/\/nitu.mx\/index.php\/2024\/04\/04\/baja-california-sur-destacara-su-esencia-en-el-tianguis-turistico-2024\/#primaryimage"},"thumbnailUrl":"https:\/\/nitu.mx\/wp-content\/uploads\/2021\/03\/Los-Cabos-Verified-Sharecare.jpg","datePublished":"2024-04-04T06:03:41+00:00","dateModified":"2024-04-04T06:03:42+00:00","breadcrumb":{"@id":"https:\/\/nitu.mx\/index.php\/2024\/04\/04\/baja-california-sur-destacara-su-esencia-en-el-tianguis-turistico-2024\/#breadcrumb"},"inLanguage":"es-MX","potentialAction":[{"@type":"ReadAction","target":["https:\/\/nitu.mx\/index.php\/2024\/04\/04\/baja-california-sur-destacara-su-esencia-en-el-tianguis-turistico-2024\/"]}]},{"@type":"ImageObject","inLanguage":"es-MX","@id":"https:\/\/nitu.mx\/index.php\/2024\/04\/04\/baja-california-sur-destacara-su-esencia-en-el-tianguis-turistico-2024\/#primaryimage","url":"https:\/\/nitu.mx\/wp-content\/uploads\/2021\/03\/Los-Cabos-Verified-Sharecare.jpg","contentUrl":"https:\/\/nitu.mx\/wp-content\/uploads\/2021\/03\/Los-Cabos-Verified-Sharecare.jpg","width":1200,"height":675,"caption":"Los Cabos IBTM Am\u00e9ricas Baja California Sur"},{"@type":"BreadcrumbList","@id":"https:\/\/nitu.mx\/index.php\/2024\/04\/04\/baja-california-sur-destacara-su-esencia-en-el-tianguis-turistico-2024\/#breadcrumb","itemListElement":[{"@type":"ListItem","position":1,"name":"Inicio","item":"https:\/\/nitu.mx\/"},{"@type":"ListItem","position":2,"name":"Baja California Sur destacar\u00e1 su esencia en el Tianguis Tur\u00edstico 2024"}]},{"@type":"WebSite","@id":"https:\/\/nitu.mx\/#website","url":"https:\/\/nitu.mx\/","name":"Nitu - Noticias de la Industria Turistica","description":"Noticias de la Industria Turistica","publisher":{"@id":"https:\/\/nitu.mx\/#\/schema\/person\/ae7a53426417292d3dd07b45a33e01bc"},"alternateName":"Noticias de la Industria Turistica","potentialAction":[{"@type":"SearchAction","target":{"@type":"EntryPoint","urlTemplate":"https:\/\/nitu.mx\/?s={search_term_string}"},"query-input":"required name=search_term_string"}],"inLanguage":"es-MX"},{"@type":["Person","Organization"],"@id":"https:\/\/nitu.mx\/#\/schema\/person\/ae7a53426417292d3dd07b45a33e01bc","name":"Arturo Medina","image":{"@type":"ImageObject","inLanguage":"es-MX","@id":"https:\/\/nitu.mx\/#\/schema\/person\/image\/","url":"https:\/\/nitu.mx\/wp-content\/uploads\/2024\/04\/4A315622-1904-4D5C-B022-878CDC840E04-90x90-1.jpeg","contentUrl":"https:\/\/nitu.mx\/wp-content\/uploads\/2024\/04\/4A315622-1904-4D5C-B022-878CDC840E04-90x90-1.jpeg","width":90,"height":90,"caption":"Arturo Medina"},"logo":{"@id":"https:\/\/nitu.mx\/#\/schema\/person\/image\/"},"description":"Director NITU.mx, Egresado de la Escuela de Periodismo Carlos Septi\u00e9n Garc\u00eda. Periodista y analista especializado en turismo desde hace 35 a\u00f1os, radicado en Canc\u00fan Q.Roo. arturo@nitu.mx","sameAs":["https:\/\/nitu.mx","https:\/\/www.facebook.com\/NITUmx\/","medinacancun","https:\/\/twitter.com\/@Arturo_Medina_G"]},{"@type":"Person","@id":"https:\/\/nitu.mx\/#\/schema\/person\/2ecd887b19dfd3382d1f14fc5acf24a8","name":"Alejandra Moncisbays","image":{"@type":"ImageObject","inLanguage":"es-MX","@id":"https:\/\/nitu.mx\/#\/schema\/person\/image\/","url":"https:\/\/secure.gravatar.com\/avatar\/e74f7af0be172b7804dacfd0bfbef787?s=96&d=mm&r=g","contentUrl":"https:\/\/secure.gravatar.com\/avatar\/e74f7af0be172b7804dacfd0bfbef787?s=96&d=mm&r=g","caption":"Alejandra Moncisbays"},"description":"Curs\u00e9 la carrera de Periodismo y Comunicaci\u00f3n en la Facultad de Estudios Profesionales Acatl\u00e1n. Vivo en Canc\u00fan desde hace 24 a\u00f1os. Fui reportera de La Tarde de Canc\u00fan, y Novedades de Quintana Roo, colabor\u00e9 en TVCUN, edit\u00e9 Cancun\u00edssimo y colabor\u00e9 en las revistas Latitud21, entre otras, con principal enfoque en los sectores empresarial y tur\u00edstico. Desde hace varios a\u00f1os soy Agente de Seguros con c\u00e9dula de la Comisi\u00f3n Nacional de Seguros y Fianzas. Actualmente, me desarrollo en los \u00e1mbitos del periodismo y el sector asegurador.","sameAs":["https:\/\/nitu.mx"],"url":"https:\/\/nitu.mx\/index.php\/author\/alejandra\/"}]}},"views":986,"_links":{"self":[{"href":"https:\/\/nitu.mx\/index.php\/wp-json\/wp\/v2\/posts\/69891"}],"collection":[{"href":"https:\/\/nitu.mx\/index.php\/wp-json\/wp\/v2\/posts"}],"about":[{"href":"https:\/\/nitu.mx\/index.php\/wp-json\/wp\/v2\/types\/post"}],"author":[{"embeddable":true,"href":"https:\/\/nitu.mx\/index.php\/wp-json\/wp\/v2\/users\/3"}],"replies":[{"embeddable":true,"href":"https:\/\/nitu.mx\/index.php\/wp-json\/wp\/v2\/comments?post=69891"}],"version-history":[{"count":2,"href":"https:\/\/nitu.mx\/index.php\/wp-json\/wp\/v2\/posts\/69891\/revisions"}],"predecessor-version":[{"id":69904,"href":"https:\/\/nitu.mx\/index.php\/wp-json\/wp\/v2\/posts\/69891\/revisions\/69904"}],"wp:featuredmedia":[{"embeddable":true,"href":"https:\/\/nitu.mx\/index.php\/wp-json\/wp\/v2\/media\/51216"}],"wp:attachment":[{"href":"https:\/\/nitu.mx\/index.php\/wp-json\/wp\/v2\/media?parent=69891"}],"wp:term":[{"taxonomy":"category","embeddable":true,"href":"https:\/\/nitu.mx\/index.php\/wp-json\/wp\/v2\/categories?post=69891"},{"taxonomy":"post_tag","embeddable":true,"href":"https:\/\/nitu.mx\/index.php\/wp-json\/wp\/v2\/tags?post=69891"}],"curies":[{"name":"wp","href":"https:\/\/api.w.org\/{rel}","templated":true}]}}