{"id":69887,"date":"2024-04-03T23:51:11","date_gmt":"2024-04-04T05:51:11","guid":{"rendered":"https:\/\/nitu.mx\/?p=69887"},"modified":"2024-04-03T23:51:12","modified_gmt":"2024-04-04T05:51:12","slug":"auge-del-turismo-de-congresos-y-convenciones-en-quintana-roo","status":"publish","type":"post","link":"https:\/\/nitu.mx\/index.php\/2024\/04\/03\/auge-del-turismo-de-congresos-y-convenciones-en-quintana-roo\/","title":{"rendered":"Auge del turismo de congresos y convenciones en Quintana Roo"},"content":{"rendered":"<p>En el din\u00e1mico entorno del Caribe Mexicano, Quintana Roo emerge como un epicentro en la industria de congresos y convenciones, consolidando su reputaci\u00f3n como una de las principales potencias globales en este segmento. Este 2024, las estad\u00edsticas revelan un incremento significativo en la afluencia de viajeros que eligen este destino no solo por sus paradis\u00edacas playas sino tambi\u00e9n por su oferta en eventos corporativos y reuniones profesionales.<\/p>\n<p>Bernardo Cueto Riestra, secretario de Turismo de Quintana Roo, destaca la robusta infraestructura del estado, que se ha convertido en un atractivo fundamental para organizadores de eventos de talla internacional. &#8220;Nuestra fortaleza radica en la capacidad de acoger diversos eventos, posicion\u00e1ndonos como un destino ideal para la industria de congresos y convenciones,&#8221; afirma Cueto. Esta especializaci\u00f3n ha permitido diversificar la oferta tur\u00edstica y desestacionalizar la demanda, garantizando un flujo constante de visitantes.<\/p>\n<p>La oferta hotelera del Caribe Mexicano refleja esta tendencia, con un 80% de los viajeros atra\u00eddos por el sol y la playa, y un creciente 20% que participa en actividades de congresos, convenciones y reuniones de negocios. Este \u00faltimo segmento disfruta de la doble ventaja de combinar el ocio con el trabajo, aprovechando tanto las instalaciones especializadas como los encantos naturales y culturales de la regi\u00f3n.<\/p>\n<p>&#8220;La estrategia no solo est\u00e1 en ofrecer espacios para eventos sino en entender y adaptarse a las necesidades del viajero moderno, buscando siempre fortalecer nuestra posici\u00f3n frente a destinos competitivos como Orlando, Miami y Las Vegas&#8221;, se\u00f1ala Cueto. Con una mirada puesta en el mercado norteamericano, Quintana Roo no solo busca igualar sino superar las expectativas de este exigente segmento.<\/p>\n<p>El crecimiento del turismo de congresos y convenciones en Quintana Roo es un testimonio del trabajo conjunto entre el sector p\u00fablico y los operadores hoteleros, quienes han sabido adaptarse a las nuevas tendencias del mercado, ofreciendo una experiencia que combina negocios con placer, en uno de los entornos m\u00e1s espectaculares del mundo.<\/p>\n<p>Esta transformaci\u00f3n no solo representa un impulso econ\u00f3mico para la regi\u00f3n sino tambi\u00e9n un paso adelante en la consolidaci\u00f3n de Quintana Roo como un l\u00edder indiscutible en el panorama tur\u00edstico global. Con estad\u00edsticas en ascenso y una oferta cada vez m\u00e1s diversificada, el Caribe Mexicano se perfila como el destino preferente para el turismo de congresos y convenciones, marcando el inicio de una nueva era en la industria tur\u00edstica de la regi\u00f3n. (<a href=\"https:\/\/nitu.mx\/index.php\/2024\/01\/15\/grupo-xcaret-fue-reconocido-como-el-mejor-proveedor-del-segmento-mice-por-la-mbta\/\">Grupo Xcaret fue reconocido como el mejor proveedor del segmento MICE por la MBTA<\/a>).<\/p>\n","protected":false},"excerpt":{"rendered":"<p>En el din\u00e1mico entorno del Caribe Mexicano, Quintana Roo emerge como un epicentro en la industria de congresos y convenciones, consolidando su reputaci\u00f3n como una de las principales potencias globales en este segmento. Este 2024, las estad\u00edsticas revelan un incremento significativo en la afluencia de viajeros que eligen este destino no solo por sus paradis\u00edacas [&hellip;]<\/p>\n","protected":false},"author":3,"featured_media":69776,"comment_status":"open","ping_status":"open","sticky":false,"template":"","format":"standard","meta":{"footnotes":""},"categories":[18475],"tags":[17013,6596,260,6024,421],"yoast_head":"<!-- This site is optimized with the Yoast SEO plugin v22.2 - https:\/\/yoast.com\/wordpress\/plugins\/seo\/ -->\n<title>Auge del turismo de congresos y convenciones en Quintana Roo - Nitu - Noticias de la Industria Turistica<\/title>\n<meta name=\"robots\" content=\"index, follow, max-snippet:-1, max-image-preview:large, max-video-preview:-1\" \/>\n<link rel=\"canonical\" href=\"https:\/\/nitu.mx\/index.php\/2024\/04\/03\/auge-del-turismo-de-congresos-y-convenciones-en-quintana-roo\/\" \/>\n<meta name=\"twitter:card\" content=\"summary_large_image\" \/>\n<meta name=\"twitter:title\" content=\"Auge del turismo de congresos y convenciones en Quintana Roo - Nitu - Noticias de la Industria Turistica\" \/>\n<meta name=\"twitter:description\" content=\"En el din\u00e1mico entorno del Caribe Mexicano, Quintana Roo emerge como un epicentro en la industria de congresos y convenciones, consolidando su reputaci\u00f3n como una de las principales potencias globales en este segmento. Este 2024, las estad\u00edsticas revelan un incremento significativo en la afluencia de viajeros que eligen este destino no solo por sus paradis\u00edacas [&hellip;]\" \/>\n<meta name=\"twitter:image\" content=\"https:\/\/nitu.mx\/wp-content\/uploads\/2024\/03\/Cancun-Playas-1.jpeg\" \/>\n<meta name=\"twitter:creator\" content=\"@NITUmx\" \/>\n<meta name=\"twitter:site\" content=\"@Arturo_Medina_G\" \/>\n<meta name=\"twitter:label1\" content=\"Escrito por\" \/>\n\t<meta name=\"twitter:data1\" content=\"Alejandra Moncisbays\" \/>\n\t<meta name=\"twitter:label2\" content=\"Tiempo de lectura\" \/>\n\t<meta name=\"twitter:data2\" content=\"2 minutos\" \/>\n<script type=\"application\/ld+json\" class=\"yoast-schema-graph\">{\"@context\":\"https:\/\/schema.org\",\"@graph\":[{\"@type\":\"Article\",\"@id\":\"https:\/\/nitu.mx\/index.php\/2024\/04\/03\/auge-del-turismo-de-congresos-y-convenciones-en-quintana-roo\/#article\",\"isPartOf\":{\"@id\":\"https:\/\/nitu.mx\/index.php\/2024\/04\/03\/auge-del-turismo-de-congresos-y-convenciones-en-quintana-roo\/\"},\"author\":{\"name\":\"Alejandra Moncisbays\",\"@id\":\"https:\/\/nitu.mx\/#\/schema\/person\/2ecd887b19dfd3382d1f14fc5acf24a8\"},\"headline\":\"Auge del turismo de congresos y convenciones en Quintana Roo\",\"datePublished\":\"2024-04-04T05:51:11+00:00\",\"dateModified\":\"2024-04-04T05:51:12+00:00\",\"mainEntityOfPage\":{\"@id\":\"https:\/\/nitu.mx\/index.php\/2024\/04\/03\/auge-del-turismo-de-congresos-y-convenciones-en-quintana-roo\/\"},\"wordCount\":435,\"commentCount\":0,\"publisher\":{\"@id\":\"https:\/\/nitu.mx\/#\/schema\/person\/ae7a53426417292d3dd07b45a33e01bc\"},\"image\":{\"@id\":\"https:\/\/nitu.mx\/index.php\/2024\/04\/03\/auge-del-turismo-de-congresos-y-convenciones-en-quintana-roo\/#primaryimage\"},\"thumbnailUrl\":\"https:\/\/nitu.mx\/wp-content\/uploads\/2024\/03\/Cancun-Playas-1.jpeg\",\"keywords\":[\"Bernardo Cueto Riestra\",\"congresos y convenciones\",\"Quintana Roo\",\"Reuniones\",\"turismo\"],\"articleSection\":[\"Caribe Mexicano\"],\"inLanguage\":\"es-MX\",\"potentialAction\":[{\"@type\":\"CommentAction\",\"name\":\"Comment\",\"target\":[\"https:\/\/nitu.mx\/index.php\/2024\/04\/03\/auge-del-turismo-de-congresos-y-convenciones-en-quintana-roo\/#respond\"]}]},{\"@type\":\"WebPage\",\"@id\":\"https:\/\/nitu.mx\/index.php\/2024\/04\/03\/auge-del-turismo-de-congresos-y-convenciones-en-quintana-roo\/\",\"url\":\"https:\/\/nitu.mx\/index.php\/2024\/04\/03\/auge-del-turismo-de-congresos-y-convenciones-en-quintana-roo\/\",\"name\":\"Auge del turismo de congresos y convenciones en Quintana Roo - Nitu - Noticias de la Industria Turistica\",\"isPartOf\":{\"@id\":\"https:\/\/nitu.mx\/#website\"},\"primaryImageOfPage\":{\"@id\":\"https:\/\/nitu.mx\/index.php\/2024\/04\/03\/auge-del-turismo-de-congresos-y-convenciones-en-quintana-roo\/#primaryimage\"},\"image\":{\"@id\":\"https:\/\/nitu.mx\/index.php\/2024\/04\/03\/auge-del-turismo-de-congresos-y-convenciones-en-quintana-roo\/#primaryimage\"},\"thumbnailUrl\":\"https:\/\/nitu.mx\/wp-content\/uploads\/2024\/03\/Cancun-Playas-1.jpeg\",\"datePublished\":\"2024-04-04T05:51:11+00:00\",\"dateModified\":\"2024-04-04T05:51:12+00:00\",\"breadcrumb\":{\"@id\":\"https:\/\/nitu.mx\/index.php\/2024\/04\/03\/auge-del-turismo-de-congresos-y-convenciones-en-quintana-roo\/#breadcrumb\"},\"inLanguage\":\"es-MX\",\"potentialAction\":[{\"@type\":\"ReadAction\",\"target\":[\"https:\/\/nitu.mx\/index.php\/2024\/04\/03\/auge-del-turismo-de-congresos-y-convenciones-en-quintana-roo\/\"]}]},{\"@type\":\"ImageObject\",\"inLanguage\":\"es-MX\",\"@id\":\"https:\/\/nitu.mx\/index.php\/2024\/04\/03\/auge-del-turismo-de-congresos-y-convenciones-en-quintana-roo\/#primaryimage\",\"url\":\"https:\/\/nitu.mx\/wp-content\/uploads\/2024\/03\/Cancun-Playas-1.jpeg\",\"contentUrl\":\"https:\/\/nitu.mx\/wp-content\/uploads\/2024\/03\/Cancun-Playas-1.jpeg\",\"width\":1200,\"height\":675,\"caption\":\"Canc\u00fan Playas\"},{\"@type\":\"BreadcrumbList\",\"@id\":\"https:\/\/nitu.mx\/index.php\/2024\/04\/03\/auge-del-turismo-de-congresos-y-convenciones-en-quintana-roo\/#breadcrumb\",\"itemListElement\":[{\"@type\":\"ListItem\",\"position\":1,\"name\":\"Inicio\",\"item\":\"https:\/\/nitu.mx\/\"},{\"@type\":\"ListItem\",\"position\":2,\"name\":\"Auge del turismo de congresos y convenciones en Quintana Roo\"}]},{\"@type\":\"WebSite\",\"@id\":\"https:\/\/nitu.mx\/#website\",\"url\":\"https:\/\/nitu.mx\/\",\"name\":\"Nitu - Noticias de la Industria Turistica\",\"description\":\"Noticias de la Industria Turistica\",\"publisher\":{\"@id\":\"https:\/\/nitu.mx\/#\/schema\/person\/ae7a53426417292d3dd07b45a33e01bc\"},\"alternateName\":\"Noticias de la Industria Turistica\",\"potentialAction\":[{\"@type\":\"SearchAction\",\"target\":{\"@type\":\"EntryPoint\",\"urlTemplate\":\"https:\/\/nitu.mx\/?s={search_term_string}\"},\"query-input\":\"required name=search_term_string\"}],\"inLanguage\":\"es-MX\"},{\"@type\":[\"Person\",\"Organization\"],\"@id\":\"https:\/\/nitu.mx\/#\/schema\/person\/ae7a53426417292d3dd07b45a33e01bc\",\"name\":\"Arturo Medina\",\"image\":{\"@type\":\"ImageObject\",\"inLanguage\":\"es-MX\",\"@id\":\"https:\/\/nitu.mx\/#\/schema\/person\/image\/\",\"url\":\"https:\/\/nitu.mx\/wp-content\/uploads\/2024\/04\/4A315622-1904-4D5C-B022-878CDC840E04-90x90-1.jpeg\",\"contentUrl\":\"https:\/\/nitu.mx\/wp-content\/uploads\/2024\/04\/4A315622-1904-4D5C-B022-878CDC840E04-90x90-1.jpeg\",\"width\":90,\"height\":90,\"caption\":\"Arturo Medina\"},\"logo\":{\"@id\":\"https:\/\/nitu.mx\/#\/schema\/person\/image\/\"},\"description\":\"Director NITU.mx, Egresado de la Escuela de Periodismo Carlos Septi\u00e9n Garc\u00eda. Periodista y analista especializado en turismo desde hace 35 a\u00f1os, radicado en Canc\u00fan Q.Roo. arturo@nitu.mx\",\"sameAs\":[\"https:\/\/nitu.mx\",\"https:\/\/www.facebook.com\/NITUmx\/\",\"medinacancun\",\"https:\/\/twitter.com\/@Arturo_Medina_G\"]},{\"@type\":\"Person\",\"@id\":\"https:\/\/nitu.mx\/#\/schema\/person\/2ecd887b19dfd3382d1f14fc5acf24a8\",\"name\":\"Alejandra Moncisbays\",\"image\":{\"@type\":\"ImageObject\",\"inLanguage\":\"es-MX\",\"@id\":\"https:\/\/nitu.mx\/#\/schema\/person\/image\/\",\"url\":\"https:\/\/secure.gravatar.com\/avatar\/e74f7af0be172b7804dacfd0bfbef787?s=96&d=mm&r=g\",\"contentUrl\":\"https:\/\/secure.gravatar.com\/avatar\/e74f7af0be172b7804dacfd0bfbef787?s=96&d=mm&r=g\",\"caption\":\"Alejandra Moncisbays\"},\"description\":\"Curs\u00e9 la carrera de Periodismo y Comunicaci\u00f3n en la Facultad de Estudios Profesionales Acatl\u00e1n. Vivo en Canc\u00fan desde hace 24 a\u00f1os. Fui reportera de La Tarde de Canc\u00fan, y Novedades de Quintana Roo, colabor\u00e9 en TVCUN, edit\u00e9 Cancun\u00edssimo y colabor\u00e9 en las revistas Latitud21, entre otras, con principal enfoque en los sectores empresarial y tur\u00edstico. Desde hace varios a\u00f1os soy Agente de Seguros con c\u00e9dula de la Comisi\u00f3n Nacional de Seguros y Fianzas. Actualmente, me desarrollo en los \u00e1mbitos del periodismo y el sector asegurador.\",\"sameAs\":[\"https:\/\/nitu.mx\"],\"url\":\"https:\/\/nitu.mx\/index.php\/author\/alejandra\/\"}]}<\/script>\n<!-- \/ Yoast SEO plugin. -->","yoast_head_json":{"title":"Auge del turismo de congresos y convenciones en Quintana Roo - Nitu - Noticias de la Industria Turistica","robots":{"index":"index","follow":"follow","max-snippet":"max-snippet:-1","max-image-preview":"max-image-preview:large","max-video-preview":"max-video-preview:-1"},"canonical":"https:\/\/nitu.mx\/index.php\/2024\/04\/03\/auge-del-turismo-de-congresos-y-convenciones-en-quintana-roo\/","twitter_card":"summary_large_image","twitter_title":"Auge del turismo de congresos y convenciones en Quintana Roo - Nitu - Noticias de la Industria Turistica","twitter_description":"En el din\u00e1mico entorno del Caribe Mexicano, Quintana Roo emerge como un epicentro en la industria de congresos y convenciones, consolidando su reputaci\u00f3n como una de las principales potencias globales en este segmento. Este 2024, las estad\u00edsticas revelan un incremento significativo en la afluencia de viajeros que eligen este destino no solo por sus paradis\u00edacas [&hellip;]","twitter_image":"https:\/\/nitu.mx\/wp-content\/uploads\/2024\/03\/Cancun-Playas-1.jpeg","twitter_creator":"@NITUmx","twitter_site":"@Arturo_Medina_G","twitter_misc":{"Escrito por":"Alejandra Moncisbays","Tiempo de lectura":"2 minutos"},"schema":{"@context":"https:\/\/schema.org","@graph":[{"@type":"Article","@id":"https:\/\/nitu.mx\/index.php\/2024\/04\/03\/auge-del-turismo-de-congresos-y-convenciones-en-quintana-roo\/#article","isPartOf":{"@id":"https:\/\/nitu.mx\/index.php\/2024\/04\/03\/auge-del-turismo-de-congresos-y-convenciones-en-quintana-roo\/"},"author":{"name":"Alejandra Moncisbays","@id":"https:\/\/nitu.mx\/#\/schema\/person\/2ecd887b19dfd3382d1f14fc5acf24a8"},"headline":"Auge del turismo de congresos y convenciones en Quintana Roo","datePublished":"2024-04-04T05:51:11+00:00","dateModified":"2024-04-04T05:51:12+00:00","mainEntityOfPage":{"@id":"https:\/\/nitu.mx\/index.php\/2024\/04\/03\/auge-del-turismo-de-congresos-y-convenciones-en-quintana-roo\/"},"wordCount":435,"commentCount":0,"publisher":{"@id":"https:\/\/nitu.mx\/#\/schema\/person\/ae7a53426417292d3dd07b45a33e01bc"},"image":{"@id":"https:\/\/nitu.mx\/index.php\/2024\/04\/03\/auge-del-turismo-de-congresos-y-convenciones-en-quintana-roo\/#primaryimage"},"thumbnailUrl":"https:\/\/nitu.mx\/wp-content\/uploads\/2024\/03\/Cancun-Playas-1.jpeg","keywords":["Bernardo Cueto Riestra","congresos y convenciones","Quintana Roo","Reuniones","turismo"],"articleSection":["Caribe Mexicano"],"inLanguage":"es-MX","potentialAction":[{"@type":"CommentAction","name":"Comment","target":["https:\/\/nitu.mx\/index.php\/2024\/04\/03\/auge-del-turismo-de-congresos-y-convenciones-en-quintana-roo\/#respond"]}]},{"@type":"WebPage","@id":"https:\/\/nitu.mx\/index.php\/2024\/04\/03\/auge-del-turismo-de-congresos-y-convenciones-en-quintana-roo\/","url":"https:\/\/nitu.mx\/index.php\/2024\/04\/03\/auge-del-turismo-de-congresos-y-convenciones-en-quintana-roo\/","name":"Auge del turismo de congresos y convenciones en Quintana Roo - Nitu - Noticias de la Industria Turistica","isPartOf":{"@id":"https:\/\/nitu.mx\/#website"},"primaryImageOfPage":{"@id":"https:\/\/nitu.mx\/index.php\/2024\/04\/03\/auge-del-turismo-de-congresos-y-convenciones-en-quintana-roo\/#primaryimage"},"image":{"@id":"https:\/\/nitu.mx\/index.php\/2024\/04\/03\/auge-del-turismo-de-congresos-y-convenciones-en-quintana-roo\/#primaryimage"},"thumbnailUrl":"https:\/\/nitu.mx\/wp-content\/uploads\/2024\/03\/Cancun-Playas-1.jpeg","datePublished":"2024-04-04T05:51:11+00:00","dateModified":"2024-04-04T05:51:12+00:00","breadcrumb":{"@id":"https:\/\/nitu.mx\/index.php\/2024\/04\/03\/auge-del-turismo-de-congresos-y-convenciones-en-quintana-roo\/#breadcrumb"},"inLanguage":"es-MX","potentialAction":[{"@type":"ReadAction","target":["https:\/\/nitu.mx\/index.php\/2024\/04\/03\/auge-del-turismo-de-congresos-y-convenciones-en-quintana-roo\/"]}]},{"@type":"ImageObject","inLanguage":"es-MX","@id":"https:\/\/nitu.mx\/index.php\/2024\/04\/03\/auge-del-turismo-de-congresos-y-convenciones-en-quintana-roo\/#primaryimage","url":"https:\/\/nitu.mx\/wp-content\/uploads\/2024\/03\/Cancun-Playas-1.jpeg","contentUrl":"https:\/\/nitu.mx\/wp-content\/uploads\/2024\/03\/Cancun-Playas-1.jpeg","width":1200,"height":675,"caption":"Canc\u00fan Playas"},{"@type":"BreadcrumbList","@id":"https:\/\/nitu.mx\/index.php\/2024\/04\/03\/auge-del-turismo-de-congresos-y-convenciones-en-quintana-roo\/#breadcrumb","itemListElement":[{"@type":"ListItem","position":1,"name":"Inicio","item":"https:\/\/nitu.mx\/"},{"@type":"ListItem","position":2,"name":"Auge del turismo de congresos y convenciones en Quintana Roo"}]},{"@type":"WebSite","@id":"https:\/\/nitu.mx\/#website","url":"https:\/\/nitu.mx\/","name":"Nitu - Noticias de la Industria Turistica","description":"Noticias de la Industria Turistica","publisher":{"@id":"https:\/\/nitu.mx\/#\/schema\/person\/ae7a53426417292d3dd07b45a33e01bc"},"alternateName":"Noticias de la Industria Turistica","potentialAction":[{"@type":"SearchAction","target":{"@type":"EntryPoint","urlTemplate":"https:\/\/nitu.mx\/?s={search_term_string}"},"query-input":"required name=search_term_string"}],"inLanguage":"es-MX"},{"@type":["Person","Organization"],"@id":"https:\/\/nitu.mx\/#\/schema\/person\/ae7a53426417292d3dd07b45a33e01bc","name":"Arturo Medina","image":{"@type":"ImageObject","inLanguage":"es-MX","@id":"https:\/\/nitu.mx\/#\/schema\/person\/image\/","url":"https:\/\/nitu.mx\/wp-content\/uploads\/2024\/04\/4A315622-1904-4D5C-B022-878CDC840E04-90x90-1.jpeg","contentUrl":"https:\/\/nitu.mx\/wp-content\/uploads\/2024\/04\/4A315622-1904-4D5C-B022-878CDC840E04-90x90-1.jpeg","width":90,"height":90,"caption":"Arturo Medina"},"logo":{"@id":"https:\/\/nitu.mx\/#\/schema\/person\/image\/"},"description":"Director NITU.mx, Egresado de la Escuela de Periodismo Carlos Septi\u00e9n Garc\u00eda. Periodista y analista especializado en turismo desde hace 35 a\u00f1os, radicado en Canc\u00fan Q.Roo. arturo@nitu.mx","sameAs":["https:\/\/nitu.mx","https:\/\/www.facebook.com\/NITUmx\/","medinacancun","https:\/\/twitter.com\/@Arturo_Medina_G"]},{"@type":"Person","@id":"https:\/\/nitu.mx\/#\/schema\/person\/2ecd887b19dfd3382d1f14fc5acf24a8","name":"Alejandra Moncisbays","image":{"@type":"ImageObject","inLanguage":"es-MX","@id":"https:\/\/nitu.mx\/#\/schema\/person\/image\/","url":"https:\/\/secure.gravatar.com\/avatar\/e74f7af0be172b7804dacfd0bfbef787?s=96&d=mm&r=g","contentUrl":"https:\/\/secure.gravatar.com\/avatar\/e74f7af0be172b7804dacfd0bfbef787?s=96&d=mm&r=g","caption":"Alejandra Moncisbays"},"description":"Curs\u00e9 la carrera de Periodismo y Comunicaci\u00f3n en la Facultad de Estudios Profesionales Acatl\u00e1n. Vivo en Canc\u00fan desde hace 24 a\u00f1os. Fui reportera de La Tarde de Canc\u00fan, y Novedades de Quintana Roo, colabor\u00e9 en TVCUN, edit\u00e9 Cancun\u00edssimo y colabor\u00e9 en las revistas Latitud21, entre otras, con principal enfoque en los sectores empresarial y tur\u00edstico. Desde hace varios a\u00f1os soy Agente de Seguros con c\u00e9dula de la Comisi\u00f3n Nacional de Seguros y Fianzas. Actualmente, me desarrollo en los \u00e1mbitos del periodismo y el sector asegurador.","sameAs":["https:\/\/nitu.mx"],"url":"https:\/\/nitu.mx\/index.php\/author\/alejandra\/"}]}},"views":791,"_links":{"self":[{"href":"https:\/\/nitu.mx\/index.php\/wp-json\/wp\/v2\/posts\/69887"}],"collection":[{"href":"https:\/\/nitu.mx\/index.php\/wp-json\/wp\/v2\/posts"}],"about":[{"href":"https:\/\/nitu.mx\/index.php\/wp-json\/wp\/v2\/types\/post"}],"author":[{"embeddable":true,"href":"https:\/\/nitu.mx\/index.php\/wp-json\/wp\/v2\/users\/3"}],"replies":[{"embeddable":true,"href":"https:\/\/nitu.mx\/index.php\/wp-json\/wp\/v2\/comments?post=69887"}],"version-history":[{"count":2,"href":"https:\/\/nitu.mx\/index.php\/wp-json\/wp\/v2\/posts\/69887\/revisions"}],"predecessor-version":[{"id":69899,"href":"https:\/\/nitu.mx\/index.php\/wp-json\/wp\/v2\/posts\/69887\/revisions\/69899"}],"wp:featuredmedia":[{"embeddable":true,"href":"https:\/\/nitu.mx\/index.php\/wp-json\/wp\/v2\/media\/69776"}],"wp:attachment":[{"href":"https:\/\/nitu.mx\/index.php\/wp-json\/wp\/v2\/media?parent=69887"}],"wp:term":[{"taxonomy":"category","embeddable":true,"href":"https:\/\/nitu.mx\/index.php\/wp-json\/wp\/v2\/categories?post=69887"},{"taxonomy":"post_tag","embeddable":true,"href":"https:\/\/nitu.mx\/index.php\/wp-json\/wp\/v2\/tags?post=69887"}],"curies":[{"name":"wp","href":"https:\/\/api.w.org\/{rel}","templated":true}]}}