{"id":69837,"date":"2024-04-02T23:52:07","date_gmt":"2024-04-03T05:52:07","guid":{"rendered":"https:\/\/nitu.mx\/?p=69837"},"modified":"2024-04-02T23:52:08","modified_gmt":"2024-04-03T05:52:08","slug":"viva-aerobus-y-volaris-encabezan-vuelos-retrasados-en-aicm","status":"publish","type":"post","link":"https:\/\/nitu.mx\/index.php\/2024\/04\/02\/viva-aerobus-y-volaris-encabezan-vuelos-retrasados-en-aicm\/","title":{"rendered":"Viva Aerobus y Volaris encabezan vuelos retrasados en AICM"},"content":{"rendered":"<p>En enero de 2024, el Aeropuerto Internacional de la Ciudad de M\u00e9xico (AICM) enfrent\u00f3 desaf\u00edos en puntualidad, con 236 vuelos reportados fuera de su horario programado. Esto representa cerca del 0.9% del total de operaciones, equivalente a uno de cada cien vuelos experimentando irregularidades en su despegue.<br \/>\nLas aerol\u00edneas Viva Aerobus y Volaris fueron responsables del 88.5% de estos incidentes, con Viva Aerobus acumulando el 61% de las irregularidades y Volaris el 27.5%. Esta concentraci\u00f3n de vuelos irregulares por parte de estas dos compa\u00f1\u00edas pone de relieve la necesidad de un manejo m\u00e1s estricto del cumplimiento de horarios de vuelo.<br \/>\nEl AICM, que gestiona m\u00e1s del 40% del tr\u00e1fico a\u00e9reo de pasajeros en M\u00e9xico, ha advertido que tales pr\u00e1cticas no solo desorganizan las operaciones de la terminal, sino que tambi\u00e9n afectan directamente a los usuarios, provocando retrasos y posibles saturaciones. La autoridad aeroportuaria ha indicado que se impondr\u00e1n sanciones a las aerol\u00edneas que persistan en estas pr\u00e1cticas, incluida la posible negaci\u00f3n de futuras autorizaciones de plan de vuelo.<br \/>\nAdem\u00e1s de Viva Aerobus y Volaris, otras aerol\u00edneas como Magnicharters, Air Canad\u00e1 y Avianca tambi\u00e9n registraron vuelos irregulares en enero, aunque en menor medida. La situaci\u00f3n destaca la importancia de adherirse a los horarios establecidos para asegurar la fluidez y eficiencia de las operaciones en uno de los aeropuertos m\u00e1s importantes y transitados del pa\u00eds. (<a href=\"https:\/\/nitu.mx\/index.php\/2024\/03\/31\/semana-santa-incidentes-en-vuelos-del-aicm\/\">Semana Santa: Incidentes en vuelos del AICM<\/a>).<\/p>\n","protected":false},"excerpt":{"rendered":"<p>En enero de 2024, el Aeropuerto Internacional de la Ciudad de M\u00e9xico (AICM) enfrent\u00f3 desaf\u00edos en puntualidad, con 236 vuelos reportados fuera de su horario programado. Esto representa cerca del 0.9% del total de operaciones, equivalente a uno de cada cien vuelos experimentando irregularidades en su despegue. Las aerol\u00edneas Viva Aerobus y Volaris fueron responsables [&hellip;]<\/p>\n","protected":false},"author":3,"featured_media":4042,"comment_status":"open","ping_status":"open","sticky":false,"template":"","format":"standard","meta":{"footnotes":""},"categories":[29],"tags":[294,24881,293,131,4042],"yoast_head":"<!-- This site is optimized with the Yoast SEO plugin v22.2 - https:\/\/yoast.com\/wordpress\/plugins\/seo\/ -->\n<title>Viva Aerobus y Volaris encabezan vuelos retrasados en AICM - Nitu - Noticias de la Industria Turistica<\/title>\n<meta name=\"robots\" content=\"index, follow, max-snippet:-1, max-image-preview:large, max-video-preview:-1\" \/>\n<link rel=\"canonical\" href=\"https:\/\/nitu.mx\/index.php\/2024\/04\/02\/viva-aerobus-y-volaris-encabezan-vuelos-retrasados-en-aicm\/\" \/>\n<meta name=\"twitter:card\" content=\"summary_large_image\" \/>\n<meta name=\"twitter:title\" content=\"Viva Aerobus y Volaris encabezan vuelos retrasados en AICM - Nitu - Noticias de la Industria Turistica\" \/>\n<meta name=\"twitter:description\" content=\"En enero de 2024, el Aeropuerto Internacional de la Ciudad de M\u00e9xico (AICM) enfrent\u00f3 desaf\u00edos en puntualidad, con 236 vuelos reportados fuera de su horario programado. Esto representa cerca del 0.9% del total de operaciones, equivalente a uno de cada cien vuelos experimentando irregularidades en su despegue. Las aerol\u00edneas Viva Aerobus y Volaris fueron responsables [&hellip;]\" \/>\n<meta name=\"twitter:image\" content=\"https:\/\/nitu.mx\/wp-content\/uploads\/2016\/11\/aicm-slots.jpg\" \/>\n<meta name=\"twitter:creator\" content=\"@NITUmx\" \/>\n<meta name=\"twitter:site\" content=\"@Arturo_Medina_G\" \/>\n<meta name=\"twitter:label1\" content=\"Escrito por\" \/>\n\t<meta name=\"twitter:data1\" content=\"Alejandra Moncisbays\" \/>\n\t<meta name=\"twitter:label2\" content=\"Tiempo de lectura\" \/>\n\t<meta name=\"twitter:data2\" content=\"1 minuto\" \/>\n<script type=\"application\/ld+json\" class=\"yoast-schema-graph\">{\"@context\":\"https:\/\/schema.org\",\"@graph\":[{\"@type\":\"Article\",\"@id\":\"https:\/\/nitu.mx\/index.php\/2024\/04\/02\/viva-aerobus-y-volaris-encabezan-vuelos-retrasados-en-aicm\/#article\",\"isPartOf\":{\"@id\":\"https:\/\/nitu.mx\/index.php\/2024\/04\/02\/viva-aerobus-y-volaris-encabezan-vuelos-retrasados-en-aicm\/\"},\"author\":{\"name\":\"Alejandra Moncisbays\",\"@id\":\"https:\/\/nitu.mx\/#\/schema\/person\/2ecd887b19dfd3382d1f14fc5acf24a8\"},\"headline\":\"Viva Aerobus y Volaris encabezan vuelos retrasados en AICM\",\"datePublished\":\"2024-04-03T05:52:07+00:00\",\"dateModified\":\"2024-04-03T05:52:08+00:00\",\"mainEntityOfPage\":{\"@id\":\"https:\/\/nitu.mx\/index.php\/2024\/04\/02\/viva-aerobus-y-volaris-encabezan-vuelos-retrasados-en-aicm\/\"},\"wordCount\":254,\"commentCount\":0,\"publisher\":{\"@id\":\"https:\/\/nitu.mx\/#\/schema\/person\/ae7a53426417292d3dd07b45a33e01bc\"},\"image\":{\"@id\":\"https:\/\/nitu.mx\/index.php\/2024\/04\/02\/viva-aerobus-y-volaris-encabezan-vuelos-retrasados-en-aicm\/#primaryimage\"},\"thumbnailUrl\":\"https:\/\/nitu.mx\/wp-content\/uploads\/2016\/11\/aicm-slots.jpg\",\"keywords\":[\"AICM\",\"retrasados\",\"VivaAerobus\",\"Volaris\",\"Vuelos\"],\"articleSection\":[\"Aerol\u00edneas\"],\"inLanguage\":\"es-MX\",\"potentialAction\":[{\"@type\":\"CommentAction\",\"name\":\"Comment\",\"target\":[\"https:\/\/nitu.mx\/index.php\/2024\/04\/02\/viva-aerobus-y-volaris-encabezan-vuelos-retrasados-en-aicm\/#respond\"]}]},{\"@type\":\"WebPage\",\"@id\":\"https:\/\/nitu.mx\/index.php\/2024\/04\/02\/viva-aerobus-y-volaris-encabezan-vuelos-retrasados-en-aicm\/\",\"url\":\"https:\/\/nitu.mx\/index.php\/2024\/04\/02\/viva-aerobus-y-volaris-encabezan-vuelos-retrasados-en-aicm\/\",\"name\":\"Viva Aerobus y Volaris encabezan vuelos retrasados en AICM - Nitu - Noticias de la Industria Turistica\",\"isPartOf\":{\"@id\":\"https:\/\/nitu.mx\/#website\"},\"primaryImageOfPage\":{\"@id\":\"https:\/\/nitu.mx\/index.php\/2024\/04\/02\/viva-aerobus-y-volaris-encabezan-vuelos-retrasados-en-aicm\/#primaryimage\"},\"image\":{\"@id\":\"https:\/\/nitu.mx\/index.php\/2024\/04\/02\/viva-aerobus-y-volaris-encabezan-vuelos-retrasados-en-aicm\/#primaryimage\"},\"thumbnailUrl\":\"https:\/\/nitu.mx\/wp-content\/uploads\/2016\/11\/aicm-slots.jpg\",\"datePublished\":\"2024-04-03T05:52:07+00:00\",\"dateModified\":\"2024-04-03T05:52:08+00:00\",\"breadcrumb\":{\"@id\":\"https:\/\/nitu.mx\/index.php\/2024\/04\/02\/viva-aerobus-y-volaris-encabezan-vuelos-retrasados-en-aicm\/#breadcrumb\"},\"inLanguage\":\"es-MX\",\"potentialAction\":[{\"@type\":\"ReadAction\",\"target\":[\"https:\/\/nitu.mx\/index.php\/2024\/04\/02\/viva-aerobus-y-volaris-encabezan-vuelos-retrasados-en-aicm\/\"]}]},{\"@type\":\"ImageObject\",\"inLanguage\":\"es-MX\",\"@id\":\"https:\/\/nitu.mx\/index.php\/2024\/04\/02\/viva-aerobus-y-volaris-encabezan-vuelos-retrasados-en-aicm\/#primaryimage\",\"url\":\"https:\/\/nitu.mx\/wp-content\/uploads\/2016\/11\/aicm-slots.jpg\",\"contentUrl\":\"https:\/\/nitu.mx\/wp-content\/uploads\/2016\/11\/aicm-slots.jpg\",\"width\":1178,\"height\":723,\"caption\":\"AICM slots IATA SCT\"},{\"@type\":\"BreadcrumbList\",\"@id\":\"https:\/\/nitu.mx\/index.php\/2024\/04\/02\/viva-aerobus-y-volaris-encabezan-vuelos-retrasados-en-aicm\/#breadcrumb\",\"itemListElement\":[{\"@type\":\"ListItem\",\"position\":1,\"name\":\"Inicio\",\"item\":\"https:\/\/nitu.mx\/\"},{\"@type\":\"ListItem\",\"position\":2,\"name\":\"Viva Aerobus y Volaris encabezan vuelos retrasados en AICM\"}]},{\"@type\":\"WebSite\",\"@id\":\"https:\/\/nitu.mx\/#website\",\"url\":\"https:\/\/nitu.mx\/\",\"name\":\"Nitu - Noticias de la Industria Turistica\",\"description\":\"Noticias de la Industria Turistica\",\"publisher\":{\"@id\":\"https:\/\/nitu.mx\/#\/schema\/person\/ae7a53426417292d3dd07b45a33e01bc\"},\"alternateName\":\"Noticias de la Industria Turistica\",\"potentialAction\":[{\"@type\":\"SearchAction\",\"target\":{\"@type\":\"EntryPoint\",\"urlTemplate\":\"https:\/\/nitu.mx\/?s={search_term_string}\"},\"query-input\":\"required name=search_term_string\"}],\"inLanguage\":\"es-MX\"},{\"@type\":[\"Person\",\"Organization\"],\"@id\":\"https:\/\/nitu.mx\/#\/schema\/person\/ae7a53426417292d3dd07b45a33e01bc\",\"name\":\"Arturo Medina\",\"image\":{\"@type\":\"ImageObject\",\"inLanguage\":\"es-MX\",\"@id\":\"https:\/\/nitu.mx\/#\/schema\/person\/image\/\",\"url\":\"https:\/\/nitu.mx\/wp-content\/uploads\/2024\/04\/4A315622-1904-4D5C-B022-878CDC840E04-90x90-1.jpeg\",\"contentUrl\":\"https:\/\/nitu.mx\/wp-content\/uploads\/2024\/04\/4A315622-1904-4D5C-B022-878CDC840E04-90x90-1.jpeg\",\"width\":90,\"height\":90,\"caption\":\"Arturo Medina\"},\"logo\":{\"@id\":\"https:\/\/nitu.mx\/#\/schema\/person\/image\/\"},\"description\":\"Director NITU.mx, Egresado de la Escuela de Periodismo Carlos Septi\u00e9n Garc\u00eda. Periodista y analista especializado en turismo desde hace 35 a\u00f1os, radicado en Canc\u00fan Q.Roo. arturo@nitu.mx\",\"sameAs\":[\"https:\/\/nitu.mx\",\"https:\/\/www.facebook.com\/NITUmx\/\",\"medinacancun\",\"https:\/\/twitter.com\/@Arturo_Medina_G\"]},{\"@type\":\"Person\",\"@id\":\"https:\/\/nitu.mx\/#\/schema\/person\/2ecd887b19dfd3382d1f14fc5acf24a8\",\"name\":\"Alejandra Moncisbays\",\"image\":{\"@type\":\"ImageObject\",\"inLanguage\":\"es-MX\",\"@id\":\"https:\/\/nitu.mx\/#\/schema\/person\/image\/\",\"url\":\"https:\/\/secure.gravatar.com\/avatar\/e74f7af0be172b7804dacfd0bfbef787?s=96&d=mm&r=g\",\"contentUrl\":\"https:\/\/secure.gravatar.com\/avatar\/e74f7af0be172b7804dacfd0bfbef787?s=96&d=mm&r=g\",\"caption\":\"Alejandra Moncisbays\"},\"description\":\"Curs\u00e9 la carrera de Periodismo y Comunicaci\u00f3n en la Facultad de Estudios Profesionales Acatl\u00e1n. Vivo en Canc\u00fan desde hace 24 a\u00f1os. Fui reportera de La Tarde de Canc\u00fan, y Novedades de Quintana Roo, colabor\u00e9 en TVCUN, edit\u00e9 Cancun\u00edssimo y colabor\u00e9 en las revistas Latitud21, entre otras, con principal enfoque en los sectores empresarial y tur\u00edstico. Desde hace varios a\u00f1os soy Agente de Seguros con c\u00e9dula de la Comisi\u00f3n Nacional de Seguros y Fianzas. Actualmente, me desarrollo en los \u00e1mbitos del periodismo y el sector asegurador.\",\"sameAs\":[\"https:\/\/nitu.mx\"],\"url\":\"https:\/\/nitu.mx\/index.php\/author\/alejandra\/\"}]}<\/script>\n<!-- \/ Yoast SEO plugin. -->","yoast_head_json":{"title":"Viva Aerobus y Volaris encabezan vuelos retrasados en AICM - Nitu - Noticias de la Industria Turistica","robots":{"index":"index","follow":"follow","max-snippet":"max-snippet:-1","max-image-preview":"max-image-preview:large","max-video-preview":"max-video-preview:-1"},"canonical":"https:\/\/nitu.mx\/index.php\/2024\/04\/02\/viva-aerobus-y-volaris-encabezan-vuelos-retrasados-en-aicm\/","twitter_card":"summary_large_image","twitter_title":"Viva Aerobus y Volaris encabezan vuelos retrasados en AICM - Nitu - Noticias de la Industria Turistica","twitter_description":"En enero de 2024, el Aeropuerto Internacional de la Ciudad de M\u00e9xico (AICM) enfrent\u00f3 desaf\u00edos en puntualidad, con 236 vuelos reportados fuera de su horario programado. Esto representa cerca del 0.9% del total de operaciones, equivalente a uno de cada cien vuelos experimentando irregularidades en su despegue. Las aerol\u00edneas Viva Aerobus y Volaris fueron responsables [&hellip;]","twitter_image":"https:\/\/nitu.mx\/wp-content\/uploads\/2016\/11\/aicm-slots.jpg","twitter_creator":"@NITUmx","twitter_site":"@Arturo_Medina_G","twitter_misc":{"Escrito por":"Alejandra Moncisbays","Tiempo de lectura":"1 minuto"},"schema":{"@context":"https:\/\/schema.org","@graph":[{"@type":"Article","@id":"https:\/\/nitu.mx\/index.php\/2024\/04\/02\/viva-aerobus-y-volaris-encabezan-vuelos-retrasados-en-aicm\/#article","isPartOf":{"@id":"https:\/\/nitu.mx\/index.php\/2024\/04\/02\/viva-aerobus-y-volaris-encabezan-vuelos-retrasados-en-aicm\/"},"author":{"name":"Alejandra Moncisbays","@id":"https:\/\/nitu.mx\/#\/schema\/person\/2ecd887b19dfd3382d1f14fc5acf24a8"},"headline":"Viva Aerobus y Volaris encabezan vuelos retrasados en AICM","datePublished":"2024-04-03T05:52:07+00:00","dateModified":"2024-04-03T05:52:08+00:00","mainEntityOfPage":{"@id":"https:\/\/nitu.mx\/index.php\/2024\/04\/02\/viva-aerobus-y-volaris-encabezan-vuelos-retrasados-en-aicm\/"},"wordCount":254,"commentCount":0,"publisher":{"@id":"https:\/\/nitu.mx\/#\/schema\/person\/ae7a53426417292d3dd07b45a33e01bc"},"image":{"@id":"https:\/\/nitu.mx\/index.php\/2024\/04\/02\/viva-aerobus-y-volaris-encabezan-vuelos-retrasados-en-aicm\/#primaryimage"},"thumbnailUrl":"https:\/\/nitu.mx\/wp-content\/uploads\/2016\/11\/aicm-slots.jpg","keywords":["AICM","retrasados","VivaAerobus","Volaris","Vuelos"],"articleSection":["Aerol\u00edneas"],"inLanguage":"es-MX","potentialAction":[{"@type":"CommentAction","name":"Comment","target":["https:\/\/nitu.mx\/index.php\/2024\/04\/02\/viva-aerobus-y-volaris-encabezan-vuelos-retrasados-en-aicm\/#respond"]}]},{"@type":"WebPage","@id":"https:\/\/nitu.mx\/index.php\/2024\/04\/02\/viva-aerobus-y-volaris-encabezan-vuelos-retrasados-en-aicm\/","url":"https:\/\/nitu.mx\/index.php\/2024\/04\/02\/viva-aerobus-y-volaris-encabezan-vuelos-retrasados-en-aicm\/","name":"Viva Aerobus y Volaris encabezan vuelos retrasados en AICM - Nitu - Noticias de la Industria Turistica","isPartOf":{"@id":"https:\/\/nitu.mx\/#website"},"primaryImageOfPage":{"@id":"https:\/\/nitu.mx\/index.php\/2024\/04\/02\/viva-aerobus-y-volaris-encabezan-vuelos-retrasados-en-aicm\/#primaryimage"},"image":{"@id":"https:\/\/nitu.mx\/index.php\/2024\/04\/02\/viva-aerobus-y-volaris-encabezan-vuelos-retrasados-en-aicm\/#primaryimage"},"thumbnailUrl":"https:\/\/nitu.mx\/wp-content\/uploads\/2016\/11\/aicm-slots.jpg","datePublished":"2024-04-03T05:52:07+00:00","dateModified":"2024-04-03T05:52:08+00:00","breadcrumb":{"@id":"https:\/\/nitu.mx\/index.php\/2024\/04\/02\/viva-aerobus-y-volaris-encabezan-vuelos-retrasados-en-aicm\/#breadcrumb"},"inLanguage":"es-MX","potentialAction":[{"@type":"ReadAction","target":["https:\/\/nitu.mx\/index.php\/2024\/04\/02\/viva-aerobus-y-volaris-encabezan-vuelos-retrasados-en-aicm\/"]}]},{"@type":"ImageObject","inLanguage":"es-MX","@id":"https:\/\/nitu.mx\/index.php\/2024\/04\/02\/viva-aerobus-y-volaris-encabezan-vuelos-retrasados-en-aicm\/#primaryimage","url":"https:\/\/nitu.mx\/wp-content\/uploads\/2016\/11\/aicm-slots.jpg","contentUrl":"https:\/\/nitu.mx\/wp-content\/uploads\/2016\/11\/aicm-slots.jpg","width":1178,"height":723,"caption":"AICM slots IATA SCT"},{"@type":"BreadcrumbList","@id":"https:\/\/nitu.mx\/index.php\/2024\/04\/02\/viva-aerobus-y-volaris-encabezan-vuelos-retrasados-en-aicm\/#breadcrumb","itemListElement":[{"@type":"ListItem","position":1,"name":"Inicio","item":"https:\/\/nitu.mx\/"},{"@type":"ListItem","position":2,"name":"Viva Aerobus y Volaris encabezan vuelos retrasados en AICM"}]},{"@type":"WebSite","@id":"https:\/\/nitu.mx\/#website","url":"https:\/\/nitu.mx\/","name":"Nitu - Noticias de la Industria Turistica","description":"Noticias de la Industria Turistica","publisher":{"@id":"https:\/\/nitu.mx\/#\/schema\/person\/ae7a53426417292d3dd07b45a33e01bc"},"alternateName":"Noticias de la Industria Turistica","potentialAction":[{"@type":"SearchAction","target":{"@type":"EntryPoint","urlTemplate":"https:\/\/nitu.mx\/?s={search_term_string}"},"query-input":"required name=search_term_string"}],"inLanguage":"es-MX"},{"@type":["Person","Organization"],"@id":"https:\/\/nitu.mx\/#\/schema\/person\/ae7a53426417292d3dd07b45a33e01bc","name":"Arturo Medina","image":{"@type":"ImageObject","inLanguage":"es-MX","@id":"https:\/\/nitu.mx\/#\/schema\/person\/image\/","url":"https:\/\/nitu.mx\/wp-content\/uploads\/2024\/04\/4A315622-1904-4D5C-B022-878CDC840E04-90x90-1.jpeg","contentUrl":"https:\/\/nitu.mx\/wp-content\/uploads\/2024\/04\/4A315622-1904-4D5C-B022-878CDC840E04-90x90-1.jpeg","width":90,"height":90,"caption":"Arturo Medina"},"logo":{"@id":"https:\/\/nitu.mx\/#\/schema\/person\/image\/"},"description":"Director NITU.mx, Egresado de la Escuela de Periodismo Carlos Septi\u00e9n Garc\u00eda. Periodista y analista especializado en turismo desde hace 35 a\u00f1os, radicado en Canc\u00fan Q.Roo. arturo@nitu.mx","sameAs":["https:\/\/nitu.mx","https:\/\/www.facebook.com\/NITUmx\/","medinacancun","https:\/\/twitter.com\/@Arturo_Medina_G"]},{"@type":"Person","@id":"https:\/\/nitu.mx\/#\/schema\/person\/2ecd887b19dfd3382d1f14fc5acf24a8","name":"Alejandra Moncisbays","image":{"@type":"ImageObject","inLanguage":"es-MX","@id":"https:\/\/nitu.mx\/#\/schema\/person\/image\/","url":"https:\/\/secure.gravatar.com\/avatar\/e74f7af0be172b7804dacfd0bfbef787?s=96&d=mm&r=g","contentUrl":"https:\/\/secure.gravatar.com\/avatar\/e74f7af0be172b7804dacfd0bfbef787?s=96&d=mm&r=g","caption":"Alejandra Moncisbays"},"description":"Curs\u00e9 la carrera de Periodismo y Comunicaci\u00f3n en la Facultad de Estudios Profesionales Acatl\u00e1n. Vivo en Canc\u00fan desde hace 24 a\u00f1os. Fui reportera de La Tarde de Canc\u00fan, y Novedades de Quintana Roo, colabor\u00e9 en TVCUN, edit\u00e9 Cancun\u00edssimo y colabor\u00e9 en las revistas Latitud21, entre otras, con principal enfoque en los sectores empresarial y tur\u00edstico. Desde hace varios a\u00f1os soy Agente de Seguros con c\u00e9dula de la Comisi\u00f3n Nacional de Seguros y Fianzas. Actualmente, me desarrollo en los \u00e1mbitos del periodismo y el sector asegurador.","sameAs":["https:\/\/nitu.mx"],"url":"https:\/\/nitu.mx\/index.php\/author\/alejandra\/"}]}},"views":758,"_links":{"self":[{"href":"https:\/\/nitu.mx\/index.php\/wp-json\/wp\/v2\/posts\/69837"}],"collection":[{"href":"https:\/\/nitu.mx\/index.php\/wp-json\/wp\/v2\/posts"}],"about":[{"href":"https:\/\/nitu.mx\/index.php\/wp-json\/wp\/v2\/types\/post"}],"author":[{"embeddable":true,"href":"https:\/\/nitu.mx\/index.php\/wp-json\/wp\/v2\/users\/3"}],"replies":[{"embeddable":true,"href":"https:\/\/nitu.mx\/index.php\/wp-json\/wp\/v2\/comments?post=69837"}],"version-history":[{"count":2,"href":"https:\/\/nitu.mx\/index.php\/wp-json\/wp\/v2\/posts\/69837\/revisions"}],"predecessor-version":[{"id":69865,"href":"https:\/\/nitu.mx\/index.php\/wp-json\/wp\/v2\/posts\/69837\/revisions\/69865"}],"wp:featuredmedia":[{"embeddable":true,"href":"https:\/\/nitu.mx\/index.php\/wp-json\/wp\/v2\/media\/4042"}],"wp:attachment":[{"href":"https:\/\/nitu.mx\/index.php\/wp-json\/wp\/v2\/media?parent=69837"}],"wp:term":[{"taxonomy":"category","embeddable":true,"href":"https:\/\/nitu.mx\/index.php\/wp-json\/wp\/v2\/categories?post=69837"},{"taxonomy":"post_tag","embeddable":true,"href":"https:\/\/nitu.mx\/index.php\/wp-json\/wp\/v2\/tags?post=69837"}],"curies":[{"name":"wp","href":"https:\/\/api.w.org\/{rel}","templated":true}]}}