{"id":69827,"date":"2024-04-02T23:33:34","date_gmt":"2024-04-03T05:33:34","guid":{"rendered":"https:\/\/nitu.mx\/?p=69827"},"modified":"2024-04-02T23:33:35","modified_gmt":"2024-04-03T05:33:35","slug":"el-fondo-de-eu-certares-va-por-air-france-klm","status":"publish","type":"post","link":"https:\/\/nitu.mx\/index.php\/2024\/04\/02\/el-fondo-de-eu-certares-va-por-air-france-klm\/","title":{"rendered":"El fondo de EU, Certares va por Air France-KLM"},"content":{"rendered":"<p>El fondo estadounidense Certares contin\u00faa con la idea de ser parte de grandes grupos tur\u00edsticos europeos. Tras interesarse por relevantes compa\u00f1\u00edas del sector como ITA Airways, FTI Group y, m\u00e1s recientemente, Alpitour World; el fondo de inversi\u00f3n estadounidense estar\u00eda negociando con el Gobierno de Francia su entrada en el accionariado de Air France-KLM, uno de los conglomerados a\u00e9reos m\u00e1s importantes del mundo.<br \/>\nSeg\u00fan ha revelado una fuente pr\u00f3xima a las negociaciones al medio especializado TourMaG.com, el Estado franc\u00e9s est\u00e1 necesitado de \u201cdinero fresco\u201d y ver\u00eda con buenos ojos la venta de la mayor parte de su participaci\u00f3n accionarial en el holding franco-neerland\u00e9s, que actualmente asciende al 28.6%, refiere Tourinews.<br \/>\nDe esta manera, la oferta de Certares para adquirir un 20% del capital de Air France-KLM rondar\u00eda los mil millones de euros. De confirmarse esta operaci\u00f3n, el Estado galo tan solo mantendr\u00eda en su poder un 8.6% del total de acciones. (<a href=\"https:\/\/nitu.mx\/index.php\/2023\/09\/05\/air-france-klm-y-airbus-crearan-empresa-conjunta-dedicada-al-soporte-de-componentes-del-airbus-a350\/\">Air France-KLM y Airbus crear\u00e1n empresa conjunta dedicada al soporte de componentes del Airbus A350<\/a>).<\/p>\n","protected":false},"excerpt":{"rendered":"<p>El fondo estadounidense Certares contin\u00faa con la idea de ser parte de grandes grupos tur\u00edsticos europeos. Tras interesarse por relevantes compa\u00f1\u00edas del sector como ITA Airways, FTI Group y, m\u00e1s recientemente, Alpitour World; el fondo de inversi\u00f3n estadounidense estar\u00eda negociando con el Gobierno de Francia su entrada en el accionariado de Air France-KLM, uno de [&hellip;]<\/p>\n","protected":false},"author":3,"featured_media":63739,"comment_status":"open","ping_status":"open","sticky":false,"template":"","format":"standard","meta":{"footnotes":""},"categories":[19462],"tags":[24875,24874,1827,24873],"yoast_head":"<!-- This site is optimized with the Yoast SEO plugin v22.2 - https:\/\/yoast.com\/wordpress\/plugins\/seo\/ -->\n<title>El fondo de EU, Certares va por Air France-KLM - Nitu - Noticias de la Industria Turistica<\/title>\n<meta name=\"robots\" content=\"index, follow, max-snippet:-1, max-image-preview:large, max-video-preview:-1\" \/>\n<link rel=\"canonical\" href=\"https:\/\/nitu.mx\/index.php\/2024\/04\/02\/el-fondo-de-eu-certares-va-por-air-france-klm\/\" \/>\n<meta name=\"twitter:card\" content=\"summary_large_image\" \/>\n<meta name=\"twitter:title\" content=\"El fondo de EU, Certares va por Air France-KLM - Nitu - Noticias de la Industria Turistica\" \/>\n<meta name=\"twitter:description\" content=\"El fondo estadounidense Certares contin\u00faa con la idea de ser parte de grandes grupos tur\u00edsticos europeos. Tras interesarse por relevantes compa\u00f1\u00edas del sector como ITA Airways, FTI Group y, m\u00e1s recientemente, Alpitour World; el fondo de inversi\u00f3n estadounidense estar\u00eda negociando con el Gobierno de Francia su entrada en el accionariado de Air France-KLM, uno de [&hellip;]\" \/>\n<meta name=\"twitter:image\" content=\"https:\/\/nitu.mx\/wp-content\/uploads\/2023\/03\/Grupo-Air-France-KLM.jpg\" \/>\n<meta name=\"twitter:creator\" content=\"@NITUmx\" \/>\n<meta name=\"twitter:site\" content=\"@Arturo_Medina_G\" \/>\n<meta name=\"twitter:label1\" content=\"Escrito por\" \/>\n\t<meta name=\"twitter:data1\" content=\"Alejandra Moncisbays\" \/>\n\t<meta name=\"twitter:label2\" content=\"Tiempo de lectura\" \/>\n\t<meta name=\"twitter:data2\" content=\"1 minuto\" \/>\n<script type=\"application\/ld+json\" class=\"yoast-schema-graph\">{\"@context\":\"https:\/\/schema.org\",\"@graph\":[{\"@type\":\"Article\",\"@id\":\"https:\/\/nitu.mx\/index.php\/2024\/04\/02\/el-fondo-de-eu-certares-va-por-air-france-klm\/#article\",\"isPartOf\":{\"@id\":\"https:\/\/nitu.mx\/index.php\/2024\/04\/02\/el-fondo-de-eu-certares-va-por-air-france-klm\/\"},\"author\":{\"name\":\"Alejandra Moncisbays\",\"@id\":\"https:\/\/nitu.mx\/#\/schema\/person\/2ecd887b19dfd3382d1f14fc5acf24a8\"},\"headline\":\"El fondo de EU, Certares va por Air France-KLM\",\"datePublished\":\"2024-04-03T05:33:34+00:00\",\"dateModified\":\"2024-04-03T05:33:35+00:00\",\"mainEntityOfPage\":{\"@id\":\"https:\/\/nitu.mx\/index.php\/2024\/04\/02\/el-fondo-de-eu-certares-va-por-air-france-klm\/\"},\"wordCount\":190,\"commentCount\":0,\"publisher\":{\"@id\":\"https:\/\/nitu.mx\/#\/schema\/person\/ae7a53426417292d3dd07b45a33e01bc\"},\"image\":{\"@id\":\"https:\/\/nitu.mx\/index.php\/2024\/04\/02\/el-fondo-de-eu-certares-va-por-air-france-klm\/#primaryimage\"},\"thumbnailUrl\":\"https:\/\/nitu.mx\/wp-content\/uploads\/2023\/03\/Grupo-Air-France-KLM.jpg\",\"keywords\":[\"Air France-KLM\",\"Certares\",\"EU\",\"Fondo\"],\"articleSection\":[\"Aeropuertos\"],\"inLanguage\":\"es-MX\",\"potentialAction\":[{\"@type\":\"CommentAction\",\"name\":\"Comment\",\"target\":[\"https:\/\/nitu.mx\/index.php\/2024\/04\/02\/el-fondo-de-eu-certares-va-por-air-france-klm\/#respond\"]}]},{\"@type\":\"WebPage\",\"@id\":\"https:\/\/nitu.mx\/index.php\/2024\/04\/02\/el-fondo-de-eu-certares-va-por-air-france-klm\/\",\"url\":\"https:\/\/nitu.mx\/index.php\/2024\/04\/02\/el-fondo-de-eu-certares-va-por-air-france-klm\/\",\"name\":\"El fondo de EU, Certares va por Air France-KLM - Nitu - Noticias de la Industria Turistica\",\"isPartOf\":{\"@id\":\"https:\/\/nitu.mx\/#website\"},\"primaryImageOfPage\":{\"@id\":\"https:\/\/nitu.mx\/index.php\/2024\/04\/02\/el-fondo-de-eu-certares-va-por-air-france-klm\/#primaryimage\"},\"image\":{\"@id\":\"https:\/\/nitu.mx\/index.php\/2024\/04\/02\/el-fondo-de-eu-certares-va-por-air-france-klm\/#primaryimage\"},\"thumbnailUrl\":\"https:\/\/nitu.mx\/wp-content\/uploads\/2023\/03\/Grupo-Air-France-KLM.jpg\",\"datePublished\":\"2024-04-03T05:33:34+00:00\",\"dateModified\":\"2024-04-03T05:33:35+00:00\",\"breadcrumb\":{\"@id\":\"https:\/\/nitu.mx\/index.php\/2024\/04\/02\/el-fondo-de-eu-certares-va-por-air-france-klm\/#breadcrumb\"},\"inLanguage\":\"es-MX\",\"potentialAction\":[{\"@type\":\"ReadAction\",\"target\":[\"https:\/\/nitu.mx\/index.php\/2024\/04\/02\/el-fondo-de-eu-certares-va-por-air-france-klm\/\"]}]},{\"@type\":\"ImageObject\",\"inLanguage\":\"es-MX\",\"@id\":\"https:\/\/nitu.mx\/index.php\/2024\/04\/02\/el-fondo-de-eu-certares-va-por-air-france-klm\/#primaryimage\",\"url\":\"https:\/\/nitu.mx\/wp-content\/uploads\/2023\/03\/Grupo-Air-France-KLM.jpg\",\"contentUrl\":\"https:\/\/nitu.mx\/wp-content\/uploads\/2023\/03\/Grupo-Air-France-KLM.jpg\",\"width\":1200,\"height\":675,\"caption\":\"Grupo Air France KLM\"},{\"@type\":\"BreadcrumbList\",\"@id\":\"https:\/\/nitu.mx\/index.php\/2024\/04\/02\/el-fondo-de-eu-certares-va-por-air-france-klm\/#breadcrumb\",\"itemListElement\":[{\"@type\":\"ListItem\",\"position\":1,\"name\":\"Inicio\",\"item\":\"https:\/\/nitu.mx\/\"},{\"@type\":\"ListItem\",\"position\":2,\"name\":\"El fondo de EU, Certares va por Air France-KLM\"}]},{\"@type\":\"WebSite\",\"@id\":\"https:\/\/nitu.mx\/#website\",\"url\":\"https:\/\/nitu.mx\/\",\"name\":\"Nitu - Noticias de la Industria Turistica\",\"description\":\"Noticias de la Industria Turistica\",\"publisher\":{\"@id\":\"https:\/\/nitu.mx\/#\/schema\/person\/ae7a53426417292d3dd07b45a33e01bc\"},\"alternateName\":\"Noticias de la Industria Turistica\",\"potentialAction\":[{\"@type\":\"SearchAction\",\"target\":{\"@type\":\"EntryPoint\",\"urlTemplate\":\"https:\/\/nitu.mx\/?s={search_term_string}\"},\"query-input\":\"required name=search_term_string\"}],\"inLanguage\":\"es-MX\"},{\"@type\":[\"Person\",\"Organization\"],\"@id\":\"https:\/\/nitu.mx\/#\/schema\/person\/ae7a53426417292d3dd07b45a33e01bc\",\"name\":\"Arturo Medina\",\"image\":{\"@type\":\"ImageObject\",\"inLanguage\":\"es-MX\",\"@id\":\"https:\/\/nitu.mx\/#\/schema\/person\/image\/\",\"url\":\"https:\/\/nitu.mx\/wp-content\/uploads\/2024\/04\/4A315622-1904-4D5C-B022-878CDC840E04-90x90-1.jpeg\",\"contentUrl\":\"https:\/\/nitu.mx\/wp-content\/uploads\/2024\/04\/4A315622-1904-4D5C-B022-878CDC840E04-90x90-1.jpeg\",\"width\":90,\"height\":90,\"caption\":\"Arturo Medina\"},\"logo\":{\"@id\":\"https:\/\/nitu.mx\/#\/schema\/person\/image\/\"},\"description\":\"Director NITU.mx, Egresado de la Escuela de Periodismo Carlos Septi\u00e9n Garc\u00eda. Periodista y analista especializado en turismo desde hace 35 a\u00f1os, radicado en Canc\u00fan Q.Roo. arturo@nitu.mx\",\"sameAs\":[\"https:\/\/nitu.mx\",\"https:\/\/www.facebook.com\/NITUmx\/\",\"medinacancun\",\"https:\/\/twitter.com\/@Arturo_Medina_G\"]},{\"@type\":\"Person\",\"@id\":\"https:\/\/nitu.mx\/#\/schema\/person\/2ecd887b19dfd3382d1f14fc5acf24a8\",\"name\":\"Alejandra Moncisbays\",\"image\":{\"@type\":\"ImageObject\",\"inLanguage\":\"es-MX\",\"@id\":\"https:\/\/nitu.mx\/#\/schema\/person\/image\/\",\"url\":\"https:\/\/secure.gravatar.com\/avatar\/e74f7af0be172b7804dacfd0bfbef787?s=96&d=mm&r=g\",\"contentUrl\":\"https:\/\/secure.gravatar.com\/avatar\/e74f7af0be172b7804dacfd0bfbef787?s=96&d=mm&r=g\",\"caption\":\"Alejandra Moncisbays\"},\"description\":\"Curs\u00e9 la carrera de Periodismo y Comunicaci\u00f3n en la Facultad de Estudios Profesionales Acatl\u00e1n. Vivo en Canc\u00fan desde hace 24 a\u00f1os. Fui reportera de La Tarde de Canc\u00fan, y Novedades de Quintana Roo, colabor\u00e9 en TVCUN, edit\u00e9 Cancun\u00edssimo y colabor\u00e9 en las revistas Latitud21, entre otras, con principal enfoque en los sectores empresarial y tur\u00edstico. Desde hace varios a\u00f1os soy Agente de Seguros con c\u00e9dula de la Comisi\u00f3n Nacional de Seguros y Fianzas. Actualmente, me desarrollo en los \u00e1mbitos del periodismo y el sector asegurador.\",\"sameAs\":[\"https:\/\/nitu.mx\"],\"url\":\"https:\/\/nitu.mx\/index.php\/author\/alejandra\/\"}]}<\/script>\n<!-- \/ Yoast SEO plugin. -->","yoast_head_json":{"title":"El fondo de EU, Certares va por Air France-KLM - Nitu - Noticias de la Industria Turistica","robots":{"index":"index","follow":"follow","max-snippet":"max-snippet:-1","max-image-preview":"max-image-preview:large","max-video-preview":"max-video-preview:-1"},"canonical":"https:\/\/nitu.mx\/index.php\/2024\/04\/02\/el-fondo-de-eu-certares-va-por-air-france-klm\/","twitter_card":"summary_large_image","twitter_title":"El fondo de EU, Certares va por Air France-KLM - Nitu - Noticias de la Industria Turistica","twitter_description":"El fondo estadounidense Certares contin\u00faa con la idea de ser parte de grandes grupos tur\u00edsticos europeos. Tras interesarse por relevantes compa\u00f1\u00edas del sector como ITA Airways, FTI Group y, m\u00e1s recientemente, Alpitour World; el fondo de inversi\u00f3n estadounidense estar\u00eda negociando con el Gobierno de Francia su entrada en el accionariado de Air France-KLM, uno de [&hellip;]","twitter_image":"https:\/\/nitu.mx\/wp-content\/uploads\/2023\/03\/Grupo-Air-France-KLM.jpg","twitter_creator":"@NITUmx","twitter_site":"@Arturo_Medina_G","twitter_misc":{"Escrito por":"Alejandra Moncisbays","Tiempo de lectura":"1 minuto"},"schema":{"@context":"https:\/\/schema.org","@graph":[{"@type":"Article","@id":"https:\/\/nitu.mx\/index.php\/2024\/04\/02\/el-fondo-de-eu-certares-va-por-air-france-klm\/#article","isPartOf":{"@id":"https:\/\/nitu.mx\/index.php\/2024\/04\/02\/el-fondo-de-eu-certares-va-por-air-france-klm\/"},"author":{"name":"Alejandra Moncisbays","@id":"https:\/\/nitu.mx\/#\/schema\/person\/2ecd887b19dfd3382d1f14fc5acf24a8"},"headline":"El fondo de EU, Certares va por Air France-KLM","datePublished":"2024-04-03T05:33:34+00:00","dateModified":"2024-04-03T05:33:35+00:00","mainEntityOfPage":{"@id":"https:\/\/nitu.mx\/index.php\/2024\/04\/02\/el-fondo-de-eu-certares-va-por-air-france-klm\/"},"wordCount":190,"commentCount":0,"publisher":{"@id":"https:\/\/nitu.mx\/#\/schema\/person\/ae7a53426417292d3dd07b45a33e01bc"},"image":{"@id":"https:\/\/nitu.mx\/index.php\/2024\/04\/02\/el-fondo-de-eu-certares-va-por-air-france-klm\/#primaryimage"},"thumbnailUrl":"https:\/\/nitu.mx\/wp-content\/uploads\/2023\/03\/Grupo-Air-France-KLM.jpg","keywords":["Air France-KLM","Certares","EU","Fondo"],"articleSection":["Aeropuertos"],"inLanguage":"es-MX","potentialAction":[{"@type":"CommentAction","name":"Comment","target":["https:\/\/nitu.mx\/index.php\/2024\/04\/02\/el-fondo-de-eu-certares-va-por-air-france-klm\/#respond"]}]},{"@type":"WebPage","@id":"https:\/\/nitu.mx\/index.php\/2024\/04\/02\/el-fondo-de-eu-certares-va-por-air-france-klm\/","url":"https:\/\/nitu.mx\/index.php\/2024\/04\/02\/el-fondo-de-eu-certares-va-por-air-france-klm\/","name":"El fondo de EU, Certares va por Air France-KLM - Nitu - Noticias de la Industria Turistica","isPartOf":{"@id":"https:\/\/nitu.mx\/#website"},"primaryImageOfPage":{"@id":"https:\/\/nitu.mx\/index.php\/2024\/04\/02\/el-fondo-de-eu-certares-va-por-air-france-klm\/#primaryimage"},"image":{"@id":"https:\/\/nitu.mx\/index.php\/2024\/04\/02\/el-fondo-de-eu-certares-va-por-air-france-klm\/#primaryimage"},"thumbnailUrl":"https:\/\/nitu.mx\/wp-content\/uploads\/2023\/03\/Grupo-Air-France-KLM.jpg","datePublished":"2024-04-03T05:33:34+00:00","dateModified":"2024-04-03T05:33:35+00:00","breadcrumb":{"@id":"https:\/\/nitu.mx\/index.php\/2024\/04\/02\/el-fondo-de-eu-certares-va-por-air-france-klm\/#breadcrumb"},"inLanguage":"es-MX","potentialAction":[{"@type":"ReadAction","target":["https:\/\/nitu.mx\/index.php\/2024\/04\/02\/el-fondo-de-eu-certares-va-por-air-france-klm\/"]}]},{"@type":"ImageObject","inLanguage":"es-MX","@id":"https:\/\/nitu.mx\/index.php\/2024\/04\/02\/el-fondo-de-eu-certares-va-por-air-france-klm\/#primaryimage","url":"https:\/\/nitu.mx\/wp-content\/uploads\/2023\/03\/Grupo-Air-France-KLM.jpg","contentUrl":"https:\/\/nitu.mx\/wp-content\/uploads\/2023\/03\/Grupo-Air-France-KLM.jpg","width":1200,"height":675,"caption":"Grupo Air France KLM"},{"@type":"BreadcrumbList","@id":"https:\/\/nitu.mx\/index.php\/2024\/04\/02\/el-fondo-de-eu-certares-va-por-air-france-klm\/#breadcrumb","itemListElement":[{"@type":"ListItem","position":1,"name":"Inicio","item":"https:\/\/nitu.mx\/"},{"@type":"ListItem","position":2,"name":"El fondo de EU, Certares va por Air France-KLM"}]},{"@type":"WebSite","@id":"https:\/\/nitu.mx\/#website","url":"https:\/\/nitu.mx\/","name":"Nitu - Noticias de la Industria Turistica","description":"Noticias de la Industria Turistica","publisher":{"@id":"https:\/\/nitu.mx\/#\/schema\/person\/ae7a53426417292d3dd07b45a33e01bc"},"alternateName":"Noticias de la Industria Turistica","potentialAction":[{"@type":"SearchAction","target":{"@type":"EntryPoint","urlTemplate":"https:\/\/nitu.mx\/?s={search_term_string}"},"query-input":"required name=search_term_string"}],"inLanguage":"es-MX"},{"@type":["Person","Organization"],"@id":"https:\/\/nitu.mx\/#\/schema\/person\/ae7a53426417292d3dd07b45a33e01bc","name":"Arturo Medina","image":{"@type":"ImageObject","inLanguage":"es-MX","@id":"https:\/\/nitu.mx\/#\/schema\/person\/image\/","url":"https:\/\/nitu.mx\/wp-content\/uploads\/2024\/04\/4A315622-1904-4D5C-B022-878CDC840E04-90x90-1.jpeg","contentUrl":"https:\/\/nitu.mx\/wp-content\/uploads\/2024\/04\/4A315622-1904-4D5C-B022-878CDC840E04-90x90-1.jpeg","width":90,"height":90,"caption":"Arturo Medina"},"logo":{"@id":"https:\/\/nitu.mx\/#\/schema\/person\/image\/"},"description":"Director NITU.mx, Egresado de la Escuela de Periodismo Carlos Septi\u00e9n Garc\u00eda. Periodista y analista especializado en turismo desde hace 35 a\u00f1os, radicado en Canc\u00fan Q.Roo. arturo@nitu.mx","sameAs":["https:\/\/nitu.mx","https:\/\/www.facebook.com\/NITUmx\/","medinacancun","https:\/\/twitter.com\/@Arturo_Medina_G"]},{"@type":"Person","@id":"https:\/\/nitu.mx\/#\/schema\/person\/2ecd887b19dfd3382d1f14fc5acf24a8","name":"Alejandra Moncisbays","image":{"@type":"ImageObject","inLanguage":"es-MX","@id":"https:\/\/nitu.mx\/#\/schema\/person\/image\/","url":"https:\/\/secure.gravatar.com\/avatar\/e74f7af0be172b7804dacfd0bfbef787?s=96&d=mm&r=g","contentUrl":"https:\/\/secure.gravatar.com\/avatar\/e74f7af0be172b7804dacfd0bfbef787?s=96&d=mm&r=g","caption":"Alejandra Moncisbays"},"description":"Curs\u00e9 la carrera de Periodismo y Comunicaci\u00f3n en la Facultad de Estudios Profesionales Acatl\u00e1n. Vivo en Canc\u00fan desde hace 24 a\u00f1os. Fui reportera de La Tarde de Canc\u00fan, y Novedades de Quintana Roo, colabor\u00e9 en TVCUN, edit\u00e9 Cancun\u00edssimo y colabor\u00e9 en las revistas Latitud21, entre otras, con principal enfoque en los sectores empresarial y tur\u00edstico. Desde hace varios a\u00f1os soy Agente de Seguros con c\u00e9dula de la Comisi\u00f3n Nacional de Seguros y Fianzas. Actualmente, me desarrollo en los \u00e1mbitos del periodismo y el sector asegurador.","sameAs":["https:\/\/nitu.mx"],"url":"https:\/\/nitu.mx\/index.php\/author\/alejandra\/"}]}},"views":1183,"_links":{"self":[{"href":"https:\/\/nitu.mx\/index.php\/wp-json\/wp\/v2\/posts\/69827"}],"collection":[{"href":"https:\/\/nitu.mx\/index.php\/wp-json\/wp\/v2\/posts"}],"about":[{"href":"https:\/\/nitu.mx\/index.php\/wp-json\/wp\/v2\/types\/post"}],"author":[{"embeddable":true,"href":"https:\/\/nitu.mx\/index.php\/wp-json\/wp\/v2\/users\/3"}],"replies":[{"embeddable":true,"href":"https:\/\/nitu.mx\/index.php\/wp-json\/wp\/v2\/comments?post=69827"}],"version-history":[{"count":2,"href":"https:\/\/nitu.mx\/index.php\/wp-json\/wp\/v2\/posts\/69827\/revisions"}],"predecessor-version":[{"id":69854,"href":"https:\/\/nitu.mx\/index.php\/wp-json\/wp\/v2\/posts\/69827\/revisions\/69854"}],"wp:featuredmedia":[{"embeddable":true,"href":"https:\/\/nitu.mx\/index.php\/wp-json\/wp\/v2\/media\/63739"}],"wp:attachment":[{"href":"https:\/\/nitu.mx\/index.php\/wp-json\/wp\/v2\/media?parent=69827"}],"wp:term":[{"taxonomy":"category","embeddable":true,"href":"https:\/\/nitu.mx\/index.php\/wp-json\/wp\/v2\/categories?post=69827"},{"taxonomy":"post_tag","embeddable":true,"href":"https:\/\/nitu.mx\/index.php\/wp-json\/wp\/v2\/tags?post=69827"}],"curies":[{"name":"wp","href":"https:\/\/api.w.org\/{rel}","templated":true}]}}