{"id":69505,"date":"2024-03-21T07:11:53","date_gmt":"2024-03-21T13:11:53","guid":{"rendered":"https:\/\/nitu.mx\/?p=69505"},"modified":"2024-03-21T07:11:54","modified_gmt":"2024-03-21T13:11:54","slug":"minor-hotels-introduce-la-marca-avani-en-latam-con-el-avani-cancun-airport","status":"publish","type":"post","link":"https:\/\/nitu.mx\/index.php\/2024\/03\/21\/minor-hotels-introduce-la-marca-avani-en-latam-con-el-avani-cancun-airport\/","title":{"rendered":"Minor Hotels introduce la marca Avani en Latam con el Avani Canc\u00fan Airport"},"content":{"rendered":"<p>Avani Hotels &amp; Resorts, la marca lifestyle de Minor Hotels, aterriza en M\u00e9xico con la apertura del hotel m\u00e1s grande de este concepto en Latinoam\u00e9rica. Este centro de hospedaje de 140 habitaciones, cuenta con alberca, bar, gimnasio, sal\u00f3n de eventos y suma ser pet frendly.<br \/>\nLa apertura de Avani Canc\u00fan Airport en M\u00e9xico refleja la apuesta del grupo hotelero por reforzar su presencia en Latinoam\u00e9rica con una marca posicionada para atraer a viajeros con mentalidad millennial, de negocios y amantes de la cultura en busca de<br \/>\nDurante la ceremonia inaugural, Christian Daghelinckx, Managing Director en Am\u00e9rica para NH HOTEL GROUP coment\u00f3 el plan de expansi\u00f3n de Canc\u00fan: \u201c\u2026 no solamente desarrollemos hoteles urbanos si no que estamos enfocados al segmento de placer, vacacional en hoteles cinco estrellas satisfaciendo los gustos de los viajeros m\u00e1s exigentes y que buscan algo diferente\u201c.<br \/>\nEn la ceremonia tambi\u00e9n estuvo presente, el se\u00f1or embajador de Tailandia en M\u00e9xico Sr. Paisan. Rupanichkij,    el secretario de Turismo Bernardo Cueto Riestra, Lorenzo Graciano, director general de la Regi\u00f3n de M\u00e9xico &amp; Cuba; entre otras personalidades.<br \/>\nEste concepto, que es una de las ocho marcas dentro del grupo, ofrece un equilibrio con su ADN juvenil y vanguardista, enfocado en el estilo de vida y adapt\u00e1ndose a la vibrante cultura del pa\u00eds. Se ubica a 7 minutos del Aeropuerto Internacional de Canc\u00fan y a tan s\u00f3lo 20 minutos de la zona hotelera.<\/p>\n<p>La propuesta de Avani en M\u00e9xico<br \/>\nEsta nueva apuesta va en l\u00ednea con las cifras preliminares que comparti\u00f3 el Consejo de Promoci\u00f3n Tur\u00edstica de Quintana Roo, que celebr\u00f3 la llegada de 21 millones 46 mil turistas durante el 2023, marcando un aumento significativo del 6.9% en comparaci\u00f3n con el a\u00f1o anterior y siendo Canc\u00fan uno de los destinos m\u00e1s destacados con un 77.9%.<br \/>\nPara satisfacer la demanda e introducir la marca Avani de forma impactante en la regi\u00f3n, el hotel de 140 habitaciones cuenta con 8 salones, restaurante, bar, gimnasio y alberca.<\/p>\n<p>firme compromiso con la sostenibilidad. Las pr\u00e1cticas medioambientales y sociales incluyen la gesti\u00f3n eficiente de la energ\u00eda con sistemas de iluminaci\u00f3n LED que se activan con la llave de la habitaci\u00f3n; la gesti\u00f3n eficaz de los residuos, incluido el reciclaje y el compostaje de m\u00e1s del 70% de los residuos alimentarios; el uso de productos ecol\u00f3gicos y envases de alimentos biodegradables; la promoci\u00f3n del transporte sostenible entre los hu\u00e9spedes; y la selecci\u00f3n de proveedores basada en criterios de sostenibilidad.<\/p>\n","protected":false},"excerpt":{"rendered":"<p>Avani Hotels &amp; Resorts, la marca lifestyle de Minor Hotels, aterriza en M\u00e9xico con la apertura del hotel m\u00e1s grande de este concepto en Latinoam\u00e9rica. Este centro de hospedaje de 140 habitaciones, cuenta con alberca, bar, gimnasio, sal\u00f3n de eventos y suma ser pet frendly. La apertura de Avani Canc\u00fan Airport en M\u00e9xico refleja la [&hellip;]<\/p>\n","protected":false},"author":3,"featured_media":69507,"comment_status":"open","ping_status":"open","sticky":false,"template":"","format":"standard","meta":{"footnotes":""},"categories":[18475,2],"tags":[],"yoast_head":"<!-- This site is optimized with the Yoast SEO plugin v22.2 - https:\/\/yoast.com\/wordpress\/plugins\/seo\/ -->\n<title>Minor Hotels introduce la marca Avani en Latam con el Avani Canc\u00fan Airport - Nitu - Noticias de la Industria Turistica<\/title>\n<meta name=\"robots\" content=\"index, follow, max-snippet:-1, max-image-preview:large, max-video-preview:-1\" \/>\n<link rel=\"canonical\" href=\"https:\/\/nitu.mx\/index.php\/2024\/03\/21\/minor-hotels-introduce-la-marca-avani-en-latam-con-el-avani-cancun-airport\/\" \/>\n<meta name=\"twitter:card\" content=\"summary_large_image\" \/>\n<meta name=\"twitter:title\" content=\"Minor Hotels introduce la marca Avani en Latam con el Avani Canc\u00fan Airport - Nitu - Noticias de la Industria Turistica\" \/>\n<meta name=\"twitter:description\" content=\"Avani Hotels &amp; Resorts, la marca lifestyle de Minor Hotels, aterriza en M\u00e9xico con la apertura del hotel m\u00e1s grande de este concepto en Latinoam\u00e9rica. Este centro de hospedaje de 140 habitaciones, cuenta con alberca, bar, gimnasio, sal\u00f3n de eventos y suma ser pet frendly. La apertura de Avani Canc\u00fan Airport en M\u00e9xico refleja la [&hellip;]\" \/>\n<meta name=\"twitter:image\" content=\"https:\/\/nitu.mx\/wp-content\/uploads\/2024\/03\/22d109bd-c4ab-4abf-95f8-6476f3203a72.jpeg\" \/>\n<meta name=\"twitter:creator\" content=\"@NITUmx\" \/>\n<meta name=\"twitter:site\" content=\"@Arturo_Medina_G\" \/>\n<meta name=\"twitter:label1\" content=\"Escrito por\" \/>\n\t<meta name=\"twitter:data1\" content=\"Alejandra Moncisbays\" \/>\n\t<meta name=\"twitter:label2\" content=\"Tiempo de lectura\" \/>\n\t<meta name=\"twitter:data2\" content=\"2 minutos\" \/>\n<script type=\"application\/ld+json\" class=\"yoast-schema-graph\">{\"@context\":\"https:\/\/schema.org\",\"@graph\":[{\"@type\":\"Article\",\"@id\":\"https:\/\/nitu.mx\/index.php\/2024\/03\/21\/minor-hotels-introduce-la-marca-avani-en-latam-con-el-avani-cancun-airport\/#article\",\"isPartOf\":{\"@id\":\"https:\/\/nitu.mx\/index.php\/2024\/03\/21\/minor-hotels-introduce-la-marca-avani-en-latam-con-el-avani-cancun-airport\/\"},\"author\":{\"name\":\"Alejandra Moncisbays\",\"@id\":\"https:\/\/nitu.mx\/#\/schema\/person\/2ecd887b19dfd3382d1f14fc5acf24a8\"},\"headline\":\"Minor Hotels introduce la marca Avani en Latam con el Avani Canc\u00fan Airport\",\"datePublished\":\"2024-03-21T13:11:53+00:00\",\"dateModified\":\"2024-03-21T13:11:54+00:00\",\"mainEntityOfPage\":{\"@id\":\"https:\/\/nitu.mx\/index.php\/2024\/03\/21\/minor-hotels-introduce-la-marca-avani-en-latam-con-el-avani-cancun-airport\/\"},\"wordCount\":445,\"commentCount\":0,\"publisher\":{\"@id\":\"https:\/\/nitu.mx\/#\/schema\/person\/ae7a53426417292d3dd07b45a33e01bc\"},\"image\":{\"@id\":\"https:\/\/nitu.mx\/index.php\/2024\/03\/21\/minor-hotels-introduce-la-marca-avani-en-latam-con-el-avani-cancun-airport\/#primaryimage\"},\"thumbnailUrl\":\"https:\/\/nitu.mx\/wp-content\/uploads\/2024\/03\/22d109bd-c4ab-4abf-95f8-6476f3203a72.jpeg\",\"articleSection\":[\"Caribe Mexicano\",\"Hoteles\"],\"inLanguage\":\"es-MX\",\"potentialAction\":[{\"@type\":\"CommentAction\",\"name\":\"Comment\",\"target\":[\"https:\/\/nitu.mx\/index.php\/2024\/03\/21\/minor-hotels-introduce-la-marca-avani-en-latam-con-el-avani-cancun-airport\/#respond\"]}]},{\"@type\":\"WebPage\",\"@id\":\"https:\/\/nitu.mx\/index.php\/2024\/03\/21\/minor-hotels-introduce-la-marca-avani-en-latam-con-el-avani-cancun-airport\/\",\"url\":\"https:\/\/nitu.mx\/index.php\/2024\/03\/21\/minor-hotels-introduce-la-marca-avani-en-latam-con-el-avani-cancun-airport\/\",\"name\":\"Minor Hotels introduce la marca Avani en Latam con el Avani Canc\u00fan Airport - Nitu - Noticias de la Industria Turistica\",\"isPartOf\":{\"@id\":\"https:\/\/nitu.mx\/#website\"},\"primaryImageOfPage\":{\"@id\":\"https:\/\/nitu.mx\/index.php\/2024\/03\/21\/minor-hotels-introduce-la-marca-avani-en-latam-con-el-avani-cancun-airport\/#primaryimage\"},\"image\":{\"@id\":\"https:\/\/nitu.mx\/index.php\/2024\/03\/21\/minor-hotels-introduce-la-marca-avani-en-latam-con-el-avani-cancun-airport\/#primaryimage\"},\"thumbnailUrl\":\"https:\/\/nitu.mx\/wp-content\/uploads\/2024\/03\/22d109bd-c4ab-4abf-95f8-6476f3203a72.jpeg\",\"datePublished\":\"2024-03-21T13:11:53+00:00\",\"dateModified\":\"2024-03-21T13:11:54+00:00\",\"breadcrumb\":{\"@id\":\"https:\/\/nitu.mx\/index.php\/2024\/03\/21\/minor-hotels-introduce-la-marca-avani-en-latam-con-el-avani-cancun-airport\/#breadcrumb\"},\"inLanguage\":\"es-MX\",\"potentialAction\":[{\"@type\":\"ReadAction\",\"target\":[\"https:\/\/nitu.mx\/index.php\/2024\/03\/21\/minor-hotels-introduce-la-marca-avani-en-latam-con-el-avani-cancun-airport\/\"]}]},{\"@type\":\"ImageObject\",\"inLanguage\":\"es-MX\",\"@id\":\"https:\/\/nitu.mx\/index.php\/2024\/03\/21\/minor-hotels-introduce-la-marca-avani-en-latam-con-el-avani-cancun-airport\/#primaryimage\",\"url\":\"https:\/\/nitu.mx\/wp-content\/uploads\/2024\/03\/22d109bd-c4ab-4abf-95f8-6476f3203a72.jpeg\",\"contentUrl\":\"https:\/\/nitu.mx\/wp-content\/uploads\/2024\/03\/22d109bd-c4ab-4abf-95f8-6476f3203a72.jpeg\",\"width\":1600,\"height\":1200},{\"@type\":\"BreadcrumbList\",\"@id\":\"https:\/\/nitu.mx\/index.php\/2024\/03\/21\/minor-hotels-introduce-la-marca-avani-en-latam-con-el-avani-cancun-airport\/#breadcrumb\",\"itemListElement\":[{\"@type\":\"ListItem\",\"position\":1,\"name\":\"Inicio\",\"item\":\"https:\/\/nitu.mx\/\"},{\"@type\":\"ListItem\",\"position\":2,\"name\":\"Minor Hotels introduce la marca Avani en Latam con el Avani Canc\u00fan Airport\"}]},{\"@type\":\"WebSite\",\"@id\":\"https:\/\/nitu.mx\/#website\",\"url\":\"https:\/\/nitu.mx\/\",\"name\":\"Nitu - Noticias de la Industria Turistica\",\"description\":\"Noticias de la Industria Turistica\",\"publisher\":{\"@id\":\"https:\/\/nitu.mx\/#\/schema\/person\/ae7a53426417292d3dd07b45a33e01bc\"},\"alternateName\":\"Noticias de la Industria Turistica\",\"potentialAction\":[{\"@type\":\"SearchAction\",\"target\":{\"@type\":\"EntryPoint\",\"urlTemplate\":\"https:\/\/nitu.mx\/?s={search_term_string}\"},\"query-input\":\"required name=search_term_string\"}],\"inLanguage\":\"es-MX\"},{\"@type\":[\"Person\",\"Organization\"],\"@id\":\"https:\/\/nitu.mx\/#\/schema\/person\/ae7a53426417292d3dd07b45a33e01bc\",\"name\":\"Arturo Medina\",\"image\":{\"@type\":\"ImageObject\",\"inLanguage\":\"es-MX\",\"@id\":\"https:\/\/nitu.mx\/#\/schema\/person\/image\/\",\"url\":\"https:\/\/nitu.mx\/wp-content\/uploads\/2024\/04\/4A315622-1904-4D5C-B022-878CDC840E04-90x90-1.jpeg\",\"contentUrl\":\"https:\/\/nitu.mx\/wp-content\/uploads\/2024\/04\/4A315622-1904-4D5C-B022-878CDC840E04-90x90-1.jpeg\",\"width\":90,\"height\":90,\"caption\":\"Arturo Medina\"},\"logo\":{\"@id\":\"https:\/\/nitu.mx\/#\/schema\/person\/image\/\"},\"description\":\"Director NITU.mx, Egresado de la Escuela de Periodismo Carlos Septi\u00e9n Garc\u00eda. Periodista y analista especializado en turismo desde hace 35 a\u00f1os, radicado en Canc\u00fan Q.Roo. arturo@nitu.mx\",\"sameAs\":[\"https:\/\/nitu.mx\",\"https:\/\/www.facebook.com\/NITUmx\/\",\"medinacancun\",\"https:\/\/twitter.com\/@Arturo_Medina_G\"]},{\"@type\":\"Person\",\"@id\":\"https:\/\/nitu.mx\/#\/schema\/person\/2ecd887b19dfd3382d1f14fc5acf24a8\",\"name\":\"Alejandra Moncisbays\",\"image\":{\"@type\":\"ImageObject\",\"inLanguage\":\"es-MX\",\"@id\":\"https:\/\/nitu.mx\/#\/schema\/person\/image\/\",\"url\":\"https:\/\/secure.gravatar.com\/avatar\/e74f7af0be172b7804dacfd0bfbef787?s=96&d=mm&r=g\",\"contentUrl\":\"https:\/\/secure.gravatar.com\/avatar\/e74f7af0be172b7804dacfd0bfbef787?s=96&d=mm&r=g\",\"caption\":\"Alejandra Moncisbays\"},\"description\":\"Curs\u00e9 la carrera de Periodismo y Comunicaci\u00f3n en la Facultad de Estudios Profesionales Acatl\u00e1n. Vivo en Canc\u00fan desde hace 24 a\u00f1os. Fui reportera de La Tarde de Canc\u00fan, y Novedades de Quintana Roo, colabor\u00e9 en TVCUN, edit\u00e9 Cancun\u00edssimo y colabor\u00e9 en las revistas Latitud21, entre otras, con principal enfoque en los sectores empresarial y tur\u00edstico. Desde hace varios a\u00f1os soy Agente de Seguros con c\u00e9dula de la Comisi\u00f3n Nacional de Seguros y Fianzas. Actualmente, me desarrollo en los \u00e1mbitos del periodismo y el sector asegurador.\",\"sameAs\":[\"https:\/\/nitu.mx\"],\"url\":\"https:\/\/nitu.mx\/index.php\/author\/alejandra\/\"}]}<\/script>\n<!-- \/ Yoast SEO plugin. -->","yoast_head_json":{"title":"Minor Hotels introduce la marca Avani en Latam con el Avani Canc\u00fan Airport - Nitu - Noticias de la Industria Turistica","robots":{"index":"index","follow":"follow","max-snippet":"max-snippet:-1","max-image-preview":"max-image-preview:large","max-video-preview":"max-video-preview:-1"},"canonical":"https:\/\/nitu.mx\/index.php\/2024\/03\/21\/minor-hotels-introduce-la-marca-avani-en-latam-con-el-avani-cancun-airport\/","twitter_card":"summary_large_image","twitter_title":"Minor Hotels introduce la marca Avani en Latam con el Avani Canc\u00fan Airport - Nitu - Noticias de la Industria Turistica","twitter_description":"Avani Hotels &amp; Resorts, la marca lifestyle de Minor Hotels, aterriza en M\u00e9xico con la apertura del hotel m\u00e1s grande de este concepto en Latinoam\u00e9rica. Este centro de hospedaje de 140 habitaciones, cuenta con alberca, bar, gimnasio, sal\u00f3n de eventos y suma ser pet frendly. La apertura de Avani Canc\u00fan Airport en M\u00e9xico refleja la [&hellip;]","twitter_image":"https:\/\/nitu.mx\/wp-content\/uploads\/2024\/03\/22d109bd-c4ab-4abf-95f8-6476f3203a72.jpeg","twitter_creator":"@NITUmx","twitter_site":"@Arturo_Medina_G","twitter_misc":{"Escrito por":"Alejandra Moncisbays","Tiempo de lectura":"2 minutos"},"schema":{"@context":"https:\/\/schema.org","@graph":[{"@type":"Article","@id":"https:\/\/nitu.mx\/index.php\/2024\/03\/21\/minor-hotels-introduce-la-marca-avani-en-latam-con-el-avani-cancun-airport\/#article","isPartOf":{"@id":"https:\/\/nitu.mx\/index.php\/2024\/03\/21\/minor-hotels-introduce-la-marca-avani-en-latam-con-el-avani-cancun-airport\/"},"author":{"name":"Alejandra Moncisbays","@id":"https:\/\/nitu.mx\/#\/schema\/person\/2ecd887b19dfd3382d1f14fc5acf24a8"},"headline":"Minor Hotels introduce la marca Avani en Latam con el Avani Canc\u00fan Airport","datePublished":"2024-03-21T13:11:53+00:00","dateModified":"2024-03-21T13:11:54+00:00","mainEntityOfPage":{"@id":"https:\/\/nitu.mx\/index.php\/2024\/03\/21\/minor-hotels-introduce-la-marca-avani-en-latam-con-el-avani-cancun-airport\/"},"wordCount":445,"commentCount":0,"publisher":{"@id":"https:\/\/nitu.mx\/#\/schema\/person\/ae7a53426417292d3dd07b45a33e01bc"},"image":{"@id":"https:\/\/nitu.mx\/index.php\/2024\/03\/21\/minor-hotels-introduce-la-marca-avani-en-latam-con-el-avani-cancun-airport\/#primaryimage"},"thumbnailUrl":"https:\/\/nitu.mx\/wp-content\/uploads\/2024\/03\/22d109bd-c4ab-4abf-95f8-6476f3203a72.jpeg","articleSection":["Caribe Mexicano","Hoteles"],"inLanguage":"es-MX","potentialAction":[{"@type":"CommentAction","name":"Comment","target":["https:\/\/nitu.mx\/index.php\/2024\/03\/21\/minor-hotels-introduce-la-marca-avani-en-latam-con-el-avani-cancun-airport\/#respond"]}]},{"@type":"WebPage","@id":"https:\/\/nitu.mx\/index.php\/2024\/03\/21\/minor-hotels-introduce-la-marca-avani-en-latam-con-el-avani-cancun-airport\/","url":"https:\/\/nitu.mx\/index.php\/2024\/03\/21\/minor-hotels-introduce-la-marca-avani-en-latam-con-el-avani-cancun-airport\/","name":"Minor Hotels introduce la marca Avani en Latam con el Avani Canc\u00fan Airport - Nitu - Noticias de la Industria Turistica","isPartOf":{"@id":"https:\/\/nitu.mx\/#website"},"primaryImageOfPage":{"@id":"https:\/\/nitu.mx\/index.php\/2024\/03\/21\/minor-hotels-introduce-la-marca-avani-en-latam-con-el-avani-cancun-airport\/#primaryimage"},"image":{"@id":"https:\/\/nitu.mx\/index.php\/2024\/03\/21\/minor-hotels-introduce-la-marca-avani-en-latam-con-el-avani-cancun-airport\/#primaryimage"},"thumbnailUrl":"https:\/\/nitu.mx\/wp-content\/uploads\/2024\/03\/22d109bd-c4ab-4abf-95f8-6476f3203a72.jpeg","datePublished":"2024-03-21T13:11:53+00:00","dateModified":"2024-03-21T13:11:54+00:00","breadcrumb":{"@id":"https:\/\/nitu.mx\/index.php\/2024\/03\/21\/minor-hotels-introduce-la-marca-avani-en-latam-con-el-avani-cancun-airport\/#breadcrumb"},"inLanguage":"es-MX","potentialAction":[{"@type":"ReadAction","target":["https:\/\/nitu.mx\/index.php\/2024\/03\/21\/minor-hotels-introduce-la-marca-avani-en-latam-con-el-avani-cancun-airport\/"]}]},{"@type":"ImageObject","inLanguage":"es-MX","@id":"https:\/\/nitu.mx\/index.php\/2024\/03\/21\/minor-hotels-introduce-la-marca-avani-en-latam-con-el-avani-cancun-airport\/#primaryimage","url":"https:\/\/nitu.mx\/wp-content\/uploads\/2024\/03\/22d109bd-c4ab-4abf-95f8-6476f3203a72.jpeg","contentUrl":"https:\/\/nitu.mx\/wp-content\/uploads\/2024\/03\/22d109bd-c4ab-4abf-95f8-6476f3203a72.jpeg","width":1600,"height":1200},{"@type":"BreadcrumbList","@id":"https:\/\/nitu.mx\/index.php\/2024\/03\/21\/minor-hotels-introduce-la-marca-avani-en-latam-con-el-avani-cancun-airport\/#breadcrumb","itemListElement":[{"@type":"ListItem","position":1,"name":"Inicio","item":"https:\/\/nitu.mx\/"},{"@type":"ListItem","position":2,"name":"Minor Hotels introduce la marca Avani en Latam con el Avani Canc\u00fan Airport"}]},{"@type":"WebSite","@id":"https:\/\/nitu.mx\/#website","url":"https:\/\/nitu.mx\/","name":"Nitu - Noticias de la Industria Turistica","description":"Noticias de la Industria Turistica","publisher":{"@id":"https:\/\/nitu.mx\/#\/schema\/person\/ae7a53426417292d3dd07b45a33e01bc"},"alternateName":"Noticias de la Industria Turistica","potentialAction":[{"@type":"SearchAction","target":{"@type":"EntryPoint","urlTemplate":"https:\/\/nitu.mx\/?s={search_term_string}"},"query-input":"required name=search_term_string"}],"inLanguage":"es-MX"},{"@type":["Person","Organization"],"@id":"https:\/\/nitu.mx\/#\/schema\/person\/ae7a53426417292d3dd07b45a33e01bc","name":"Arturo Medina","image":{"@type":"ImageObject","inLanguage":"es-MX","@id":"https:\/\/nitu.mx\/#\/schema\/person\/image\/","url":"https:\/\/nitu.mx\/wp-content\/uploads\/2024\/04\/4A315622-1904-4D5C-B022-878CDC840E04-90x90-1.jpeg","contentUrl":"https:\/\/nitu.mx\/wp-content\/uploads\/2024\/04\/4A315622-1904-4D5C-B022-878CDC840E04-90x90-1.jpeg","width":90,"height":90,"caption":"Arturo Medina"},"logo":{"@id":"https:\/\/nitu.mx\/#\/schema\/person\/image\/"},"description":"Director NITU.mx, Egresado de la Escuela de Periodismo Carlos Septi\u00e9n Garc\u00eda. Periodista y analista especializado en turismo desde hace 35 a\u00f1os, radicado en Canc\u00fan Q.Roo. arturo@nitu.mx","sameAs":["https:\/\/nitu.mx","https:\/\/www.facebook.com\/NITUmx\/","medinacancun","https:\/\/twitter.com\/@Arturo_Medina_G"]},{"@type":"Person","@id":"https:\/\/nitu.mx\/#\/schema\/person\/2ecd887b19dfd3382d1f14fc5acf24a8","name":"Alejandra Moncisbays","image":{"@type":"ImageObject","inLanguage":"es-MX","@id":"https:\/\/nitu.mx\/#\/schema\/person\/image\/","url":"https:\/\/secure.gravatar.com\/avatar\/e74f7af0be172b7804dacfd0bfbef787?s=96&d=mm&r=g","contentUrl":"https:\/\/secure.gravatar.com\/avatar\/e74f7af0be172b7804dacfd0bfbef787?s=96&d=mm&r=g","caption":"Alejandra Moncisbays"},"description":"Curs\u00e9 la carrera de Periodismo y Comunicaci\u00f3n en la Facultad de Estudios Profesionales Acatl\u00e1n. Vivo en Canc\u00fan desde hace 24 a\u00f1os. Fui reportera de La Tarde de Canc\u00fan, y Novedades de Quintana Roo, colabor\u00e9 en TVCUN, edit\u00e9 Cancun\u00edssimo y colabor\u00e9 en las revistas Latitud21, entre otras, con principal enfoque en los sectores empresarial y tur\u00edstico. Desde hace varios a\u00f1os soy Agente de Seguros con c\u00e9dula de la Comisi\u00f3n Nacional de Seguros y Fianzas. Actualmente, me desarrollo en los \u00e1mbitos del periodismo y el sector asegurador.","sameAs":["https:\/\/nitu.mx"],"url":"https:\/\/nitu.mx\/index.php\/author\/alejandra\/"}]}},"views":1196,"_links":{"self":[{"href":"https:\/\/nitu.mx\/index.php\/wp-json\/wp\/v2\/posts\/69505"}],"collection":[{"href":"https:\/\/nitu.mx\/index.php\/wp-json\/wp\/v2\/posts"}],"about":[{"href":"https:\/\/nitu.mx\/index.php\/wp-json\/wp\/v2\/types\/post"}],"author":[{"embeddable":true,"href":"https:\/\/nitu.mx\/index.php\/wp-json\/wp\/v2\/users\/3"}],"replies":[{"embeddable":true,"href":"https:\/\/nitu.mx\/index.php\/wp-json\/wp\/v2\/comments?post=69505"}],"version-history":[{"count":1,"href":"https:\/\/nitu.mx\/index.php\/wp-json\/wp\/v2\/posts\/69505\/revisions"}],"predecessor-version":[{"id":69506,"href":"https:\/\/nitu.mx\/index.php\/wp-json\/wp\/v2\/posts\/69505\/revisions\/69506"}],"wp:featuredmedia":[{"embeddable":true,"href":"https:\/\/nitu.mx\/index.php\/wp-json\/wp\/v2\/media\/69507"}],"wp:attachment":[{"href":"https:\/\/nitu.mx\/index.php\/wp-json\/wp\/v2\/media?parent=69505"}],"wp:term":[{"taxonomy":"category","embeddable":true,"href":"https:\/\/nitu.mx\/index.php\/wp-json\/wp\/v2\/categories?post=69505"},{"taxonomy":"post_tag","embeddable":true,"href":"https:\/\/nitu.mx\/index.php\/wp-json\/wp\/v2\/tags?post=69505"}],"curies":[{"name":"wp","href":"https:\/\/api.w.org\/{rel}","templated":true}]}}