{"id":69235,"date":"2024-03-11T23:32:51","date_gmt":"2024-03-12T05:32:51","guid":{"rendered":"https:\/\/nitu.mx\/?p=69235"},"modified":"2024-03-11T23:32:51","modified_gmt":"2024-03-12T05:32:51","slug":"millennials-principal-segmento-del-caribe-mexicano","status":"publish","type":"post","link":"https:\/\/nitu.mx\/index.php\/2024\/03\/11\/millennials-principal-segmento-del-caribe-mexicano\/","title":{"rendered":"Millennials: principal segmento del Caribe Mexicano"},"content":{"rendered":"<p>Los millennials se consolidaron como el principal segmento tur\u00edstico del Caribe mexicano en 2023, representando el 39.9% de los m\u00e1s de 21 millones de visitantes que recibi\u00f3 la regi\u00f3n.<br \/>\nEste grupo, compuesto por personas entre 20 y 39 a\u00f1os de edad, se caracteriza por su gusto por la aventura, la gastronom\u00eda y las experiencias culturales, lo que ha impulsado el desarrollo de nuevos productos y servicios tur\u00edsticos en el Caribe mexicano.<br \/>\nEn segundo lugar se ubicaron los turistas de la &#8220;Generaci\u00f3n X&#8221; (40-59 a\u00f1os) con 34.9%, seguidos por la &#8220;Generaci\u00f3n Z&#8221; (0-19 a\u00f1os) con 15.3% y los &#8220;Baby Boomers&#8221; (60 a\u00f1os en adelante) con 9.8%.<br \/>\nEn cuanto a la procedencia, los turistas de Estados Unidos lideraron con 39.7%, seguidos por los nacionales (39.5%) y los de Latinoam\u00e9rica (8%).<br \/>\nLos principales estados de origen de los turistas estadounidenses fueron Texas, Florida, California, Illinois, Nueva York y Colorado.<br \/>\nEn el caso del turismo nacional, los principales estados de origen fueron Ciudad de M\u00e9xico, Nuevo Le\u00f3n, Estado de M\u00e9xico, Chihuahua, Jalisco y Quer\u00e9taro.<br \/>\nEstos datos se desprenden del Perfil y Comportamiento del Turista del Consejo de Promoci\u00f3n Tur\u00edstica de Quintana Roo (CPTQ), que se elabora a partir de encuestas realizadas a los visitantes en los aeropuertos y otros puntos de afluencia tur\u00edstica.<br \/>\nEl estudio revela que el turismo en el Caribe mexicano es cada vez m\u00e1s diverso y din\u00e1mico, lo que exige un enfoque integral para satisfacer las necesidades de los diferentes segmentos de visitantes. (<a href=\"https:\/\/nitu.mx\/index.php\/2024\/03\/05\/busca-caribe-mexicano-elevar-el-numero-de-visitas-desde-alemania-en-itb\/\">Busca Caribe Mexicano elevar el numero de visitas desde Alemania en ITB<\/a>).<\/p>\n","protected":false},"excerpt":{"rendered":"<p>Los millennials se consolidaron como el principal segmento tur\u00edstico del Caribe mexicano en 2023, representando el 39.9% de los m\u00e1s de 21 millones de visitantes que recibi\u00f3 la regi\u00f3n. Este grupo, compuesto por personas entre 20 y 39 a\u00f1os de edad, se caracteriza por su gusto por la aventura, la gastronom\u00eda y las experiencias culturales, [&hellip;]<\/p>\n","protected":false},"author":17,"featured_media":61183,"comment_status":"open","ping_status":"open","sticky":false,"template":"","format":"standard","meta":{"footnotes":""},"categories":[18475],"tags":[83,4757,421],"yoast_head":"<!-- This site is optimized with the Yoast SEO plugin v22.2 - https:\/\/yoast.com\/wordpress\/plugins\/seo\/ -->\n<title>Millennials: principal segmento del Caribe Mexicano - Nitu - Noticias de la Industria Turistica<\/title>\n<meta name=\"robots\" content=\"index, follow, max-snippet:-1, max-image-preview:large, max-video-preview:-1\" \/>\n<link rel=\"canonical\" href=\"https:\/\/nitu.mx\/index.php\/2024\/03\/11\/millennials-principal-segmento-del-caribe-mexicano\/\" \/>\n<meta name=\"twitter:card\" content=\"summary_large_image\" \/>\n<meta name=\"twitter:title\" content=\"Millennials: principal segmento del Caribe Mexicano - Nitu - Noticias de la Industria Turistica\" \/>\n<meta name=\"twitter:description\" content=\"Los millennials se consolidaron como el principal segmento tur\u00edstico del Caribe mexicano en 2023, representando el 39.9% de los m\u00e1s de 21 millones de visitantes que recibi\u00f3 la regi\u00f3n. Este grupo, compuesto por personas entre 20 y 39 a\u00f1os de edad, se caracteriza por su gusto por la aventura, la gastronom\u00eda y las experiencias culturales, [&hellip;]\" \/>\n<meta name=\"twitter:image\" content=\"https:\/\/nitu.mx\/wp-content\/uploads\/2022\/09\/Caribe-Mexicano-American-Airlines.jpg\" \/>\n<meta name=\"twitter:creator\" content=\"@NITUmx\" \/>\n<meta name=\"twitter:site\" content=\"@Arturo_Medina_G\" \/>\n<meta name=\"twitter:label1\" content=\"Escrito por\" \/>\n\t<meta name=\"twitter:data1\" content=\"Redacci\u00f3n\" \/>\n\t<meta name=\"twitter:label2\" content=\"Tiempo de lectura\" \/>\n\t<meta name=\"twitter:data2\" content=\"1 minuto\" \/>\n<script type=\"application\/ld+json\" class=\"yoast-schema-graph\">{\"@context\":\"https:\/\/schema.org\",\"@graph\":[{\"@type\":\"Article\",\"@id\":\"https:\/\/nitu.mx\/index.php\/2024\/03\/11\/millennials-principal-segmento-del-caribe-mexicano\/#article\",\"isPartOf\":{\"@id\":\"https:\/\/nitu.mx\/index.php\/2024\/03\/11\/millennials-principal-segmento-del-caribe-mexicano\/\"},\"author\":{\"name\":\"Redacci\u00f3n\",\"@id\":\"https:\/\/nitu.mx\/#\/schema\/person\/4a28fe9bd65924f7c90623773daf1b0b\"},\"headline\":\"Millennials: principal segmento del Caribe Mexicano\",\"datePublished\":\"2024-03-12T05:32:51+00:00\",\"dateModified\":\"2024-03-12T05:32:51+00:00\",\"mainEntityOfPage\":{\"@id\":\"https:\/\/nitu.mx\/index.php\/2024\/03\/11\/millennials-principal-segmento-del-caribe-mexicano\/\"},\"wordCount\":269,\"commentCount\":0,\"publisher\":{\"@id\":\"https:\/\/nitu.mx\/#\/schema\/person\/ae7a53426417292d3dd07b45a33e01bc\"},\"image\":{\"@id\":\"https:\/\/nitu.mx\/index.php\/2024\/03\/11\/millennials-principal-segmento-del-caribe-mexicano\/#primaryimage\"},\"thumbnailUrl\":\"https:\/\/nitu.mx\/wp-content\/uploads\/2022\/09\/Caribe-Mexicano-American-Airlines.jpg\",\"keywords\":[\"Caribe mexicano\",\"millennials\",\"turismo\"],\"articleSection\":[\"Caribe Mexicano\"],\"inLanguage\":\"es-MX\",\"potentialAction\":[{\"@type\":\"CommentAction\",\"name\":\"Comment\",\"target\":[\"https:\/\/nitu.mx\/index.php\/2024\/03\/11\/millennials-principal-segmento-del-caribe-mexicano\/#respond\"]}]},{\"@type\":\"WebPage\",\"@id\":\"https:\/\/nitu.mx\/index.php\/2024\/03\/11\/millennials-principal-segmento-del-caribe-mexicano\/\",\"url\":\"https:\/\/nitu.mx\/index.php\/2024\/03\/11\/millennials-principal-segmento-del-caribe-mexicano\/\",\"name\":\"Millennials: principal segmento del Caribe Mexicano - Nitu - Noticias de la Industria Turistica\",\"isPartOf\":{\"@id\":\"https:\/\/nitu.mx\/#website\"},\"primaryImageOfPage\":{\"@id\":\"https:\/\/nitu.mx\/index.php\/2024\/03\/11\/millennials-principal-segmento-del-caribe-mexicano\/#primaryimage\"},\"image\":{\"@id\":\"https:\/\/nitu.mx\/index.php\/2024\/03\/11\/millennials-principal-segmento-del-caribe-mexicano\/#primaryimage\"},\"thumbnailUrl\":\"https:\/\/nitu.mx\/wp-content\/uploads\/2022\/09\/Caribe-Mexicano-American-Airlines.jpg\",\"datePublished\":\"2024-03-12T05:32:51+00:00\",\"dateModified\":\"2024-03-12T05:32:51+00:00\",\"breadcrumb\":{\"@id\":\"https:\/\/nitu.mx\/index.php\/2024\/03\/11\/millennials-principal-segmento-del-caribe-mexicano\/#breadcrumb\"},\"inLanguage\":\"es-MX\",\"potentialAction\":[{\"@type\":\"ReadAction\",\"target\":[\"https:\/\/nitu.mx\/index.php\/2024\/03\/11\/millennials-principal-segmento-del-caribe-mexicano\/\"]}]},{\"@type\":\"ImageObject\",\"inLanguage\":\"es-MX\",\"@id\":\"https:\/\/nitu.mx\/index.php\/2024\/03\/11\/millennials-principal-segmento-del-caribe-mexicano\/#primaryimage\",\"url\":\"https:\/\/nitu.mx\/wp-content\/uploads\/2022\/09\/Caribe-Mexicano-American-Airlines.jpg\",\"contentUrl\":\"https:\/\/nitu.mx\/wp-content\/uploads\/2022\/09\/Caribe-Mexicano-American-Airlines.jpg\",\"width\":1200,\"height\":675,\"caption\":\"Caribe Mexicano Canc\u00fan\"},{\"@type\":\"BreadcrumbList\",\"@id\":\"https:\/\/nitu.mx\/index.php\/2024\/03\/11\/millennials-principal-segmento-del-caribe-mexicano\/#breadcrumb\",\"itemListElement\":[{\"@type\":\"ListItem\",\"position\":1,\"name\":\"Inicio\",\"item\":\"https:\/\/nitu.mx\/\"},{\"@type\":\"ListItem\",\"position\":2,\"name\":\"Millennials: principal segmento del Caribe Mexicano\"}]},{\"@type\":\"WebSite\",\"@id\":\"https:\/\/nitu.mx\/#website\",\"url\":\"https:\/\/nitu.mx\/\",\"name\":\"Nitu - Noticias de la Industria Turistica\",\"description\":\"Noticias de la Industria Turistica\",\"publisher\":{\"@id\":\"https:\/\/nitu.mx\/#\/schema\/person\/ae7a53426417292d3dd07b45a33e01bc\"},\"alternateName\":\"Noticias de la Industria Turistica\",\"potentialAction\":[{\"@type\":\"SearchAction\",\"target\":{\"@type\":\"EntryPoint\",\"urlTemplate\":\"https:\/\/nitu.mx\/?s={search_term_string}\"},\"query-input\":\"required name=search_term_string\"}],\"inLanguage\":\"es-MX\"},{\"@type\":[\"Person\",\"Organization\"],\"@id\":\"https:\/\/nitu.mx\/#\/schema\/person\/ae7a53426417292d3dd07b45a33e01bc\",\"name\":\"Arturo Medina\",\"image\":{\"@type\":\"ImageObject\",\"inLanguage\":\"es-MX\",\"@id\":\"https:\/\/nitu.mx\/#\/schema\/person\/image\/\",\"url\":\"https:\/\/nitu.mx\/wp-content\/uploads\/2024\/04\/4A315622-1904-4D5C-B022-878CDC840E04-90x90-1.jpeg\",\"contentUrl\":\"https:\/\/nitu.mx\/wp-content\/uploads\/2024\/04\/4A315622-1904-4D5C-B022-878CDC840E04-90x90-1.jpeg\",\"width\":90,\"height\":90,\"caption\":\"Arturo Medina\"},\"logo\":{\"@id\":\"https:\/\/nitu.mx\/#\/schema\/person\/image\/\"},\"description\":\"Director NITU.mx, Egresado de la Escuela de Periodismo Carlos Septi\u00e9n Garc\u00eda. Periodista y analista especializado en turismo desde hace 35 a\u00f1os, radicado en Canc\u00fan Q.Roo. arturo@nitu.mx\",\"sameAs\":[\"https:\/\/nitu.mx\",\"https:\/\/www.facebook.com\/NITUmx\/\",\"medinacancun\",\"https:\/\/twitter.com\/@Arturo_Medina_G\"]},{\"@type\":\"Person\",\"@id\":\"https:\/\/nitu.mx\/#\/schema\/person\/4a28fe9bd65924f7c90623773daf1b0b\",\"name\":\"Redacci\u00f3n\",\"image\":{\"@type\":\"ImageObject\",\"inLanguage\":\"es-MX\",\"@id\":\"https:\/\/nitu.mx\/#\/schema\/person\/image\/\",\"url\":\"https:\/\/secure.gravatar.com\/avatar\/5dd011c8ccfc5cd7e4c81e42252aab38?s=96&d=mm&r=g\",\"contentUrl\":\"https:\/\/secure.gravatar.com\/avatar\/5dd011c8ccfc5cd7e4c81e42252aab38?s=96&d=mm&r=g\",\"caption\":\"Redacci\u00f3n\"},\"url\":\"https:\/\/nitu.mx\/index.php\/author\/redaccion\/\"}]}<\/script>\n<!-- \/ Yoast SEO plugin. -->","yoast_head_json":{"title":"Millennials: principal segmento del Caribe Mexicano - Nitu - Noticias de la Industria Turistica","robots":{"index":"index","follow":"follow","max-snippet":"max-snippet:-1","max-image-preview":"max-image-preview:large","max-video-preview":"max-video-preview:-1"},"canonical":"https:\/\/nitu.mx\/index.php\/2024\/03\/11\/millennials-principal-segmento-del-caribe-mexicano\/","twitter_card":"summary_large_image","twitter_title":"Millennials: principal segmento del Caribe Mexicano - Nitu - Noticias de la Industria Turistica","twitter_description":"Los millennials se consolidaron como el principal segmento tur\u00edstico del Caribe mexicano en 2023, representando el 39.9% de los m\u00e1s de 21 millones de visitantes que recibi\u00f3 la regi\u00f3n. Este grupo, compuesto por personas entre 20 y 39 a\u00f1os de edad, se caracteriza por su gusto por la aventura, la gastronom\u00eda y las experiencias culturales, [&hellip;]","twitter_image":"https:\/\/nitu.mx\/wp-content\/uploads\/2022\/09\/Caribe-Mexicano-American-Airlines.jpg","twitter_creator":"@NITUmx","twitter_site":"@Arturo_Medina_G","twitter_misc":{"Escrito por":"Redacci\u00f3n","Tiempo de lectura":"1 minuto"},"schema":{"@context":"https:\/\/schema.org","@graph":[{"@type":"Article","@id":"https:\/\/nitu.mx\/index.php\/2024\/03\/11\/millennials-principal-segmento-del-caribe-mexicano\/#article","isPartOf":{"@id":"https:\/\/nitu.mx\/index.php\/2024\/03\/11\/millennials-principal-segmento-del-caribe-mexicano\/"},"author":{"name":"Redacci\u00f3n","@id":"https:\/\/nitu.mx\/#\/schema\/person\/4a28fe9bd65924f7c90623773daf1b0b"},"headline":"Millennials: principal segmento del Caribe Mexicano","datePublished":"2024-03-12T05:32:51+00:00","dateModified":"2024-03-12T05:32:51+00:00","mainEntityOfPage":{"@id":"https:\/\/nitu.mx\/index.php\/2024\/03\/11\/millennials-principal-segmento-del-caribe-mexicano\/"},"wordCount":269,"commentCount":0,"publisher":{"@id":"https:\/\/nitu.mx\/#\/schema\/person\/ae7a53426417292d3dd07b45a33e01bc"},"image":{"@id":"https:\/\/nitu.mx\/index.php\/2024\/03\/11\/millennials-principal-segmento-del-caribe-mexicano\/#primaryimage"},"thumbnailUrl":"https:\/\/nitu.mx\/wp-content\/uploads\/2022\/09\/Caribe-Mexicano-American-Airlines.jpg","keywords":["Caribe mexicano","millennials","turismo"],"articleSection":["Caribe Mexicano"],"inLanguage":"es-MX","potentialAction":[{"@type":"CommentAction","name":"Comment","target":["https:\/\/nitu.mx\/index.php\/2024\/03\/11\/millennials-principal-segmento-del-caribe-mexicano\/#respond"]}]},{"@type":"WebPage","@id":"https:\/\/nitu.mx\/index.php\/2024\/03\/11\/millennials-principal-segmento-del-caribe-mexicano\/","url":"https:\/\/nitu.mx\/index.php\/2024\/03\/11\/millennials-principal-segmento-del-caribe-mexicano\/","name":"Millennials: principal segmento del Caribe Mexicano - Nitu - Noticias de la Industria Turistica","isPartOf":{"@id":"https:\/\/nitu.mx\/#website"},"primaryImageOfPage":{"@id":"https:\/\/nitu.mx\/index.php\/2024\/03\/11\/millennials-principal-segmento-del-caribe-mexicano\/#primaryimage"},"image":{"@id":"https:\/\/nitu.mx\/index.php\/2024\/03\/11\/millennials-principal-segmento-del-caribe-mexicano\/#primaryimage"},"thumbnailUrl":"https:\/\/nitu.mx\/wp-content\/uploads\/2022\/09\/Caribe-Mexicano-American-Airlines.jpg","datePublished":"2024-03-12T05:32:51+00:00","dateModified":"2024-03-12T05:32:51+00:00","breadcrumb":{"@id":"https:\/\/nitu.mx\/index.php\/2024\/03\/11\/millennials-principal-segmento-del-caribe-mexicano\/#breadcrumb"},"inLanguage":"es-MX","potentialAction":[{"@type":"ReadAction","target":["https:\/\/nitu.mx\/index.php\/2024\/03\/11\/millennials-principal-segmento-del-caribe-mexicano\/"]}]},{"@type":"ImageObject","inLanguage":"es-MX","@id":"https:\/\/nitu.mx\/index.php\/2024\/03\/11\/millennials-principal-segmento-del-caribe-mexicano\/#primaryimage","url":"https:\/\/nitu.mx\/wp-content\/uploads\/2022\/09\/Caribe-Mexicano-American-Airlines.jpg","contentUrl":"https:\/\/nitu.mx\/wp-content\/uploads\/2022\/09\/Caribe-Mexicano-American-Airlines.jpg","width":1200,"height":675,"caption":"Caribe Mexicano Canc\u00fan"},{"@type":"BreadcrumbList","@id":"https:\/\/nitu.mx\/index.php\/2024\/03\/11\/millennials-principal-segmento-del-caribe-mexicano\/#breadcrumb","itemListElement":[{"@type":"ListItem","position":1,"name":"Inicio","item":"https:\/\/nitu.mx\/"},{"@type":"ListItem","position":2,"name":"Millennials: principal segmento del Caribe Mexicano"}]},{"@type":"WebSite","@id":"https:\/\/nitu.mx\/#website","url":"https:\/\/nitu.mx\/","name":"Nitu - Noticias de la Industria Turistica","description":"Noticias de la Industria Turistica","publisher":{"@id":"https:\/\/nitu.mx\/#\/schema\/person\/ae7a53426417292d3dd07b45a33e01bc"},"alternateName":"Noticias de la Industria Turistica","potentialAction":[{"@type":"SearchAction","target":{"@type":"EntryPoint","urlTemplate":"https:\/\/nitu.mx\/?s={search_term_string}"},"query-input":"required name=search_term_string"}],"inLanguage":"es-MX"},{"@type":["Person","Organization"],"@id":"https:\/\/nitu.mx\/#\/schema\/person\/ae7a53426417292d3dd07b45a33e01bc","name":"Arturo Medina","image":{"@type":"ImageObject","inLanguage":"es-MX","@id":"https:\/\/nitu.mx\/#\/schema\/person\/image\/","url":"https:\/\/nitu.mx\/wp-content\/uploads\/2024\/04\/4A315622-1904-4D5C-B022-878CDC840E04-90x90-1.jpeg","contentUrl":"https:\/\/nitu.mx\/wp-content\/uploads\/2024\/04\/4A315622-1904-4D5C-B022-878CDC840E04-90x90-1.jpeg","width":90,"height":90,"caption":"Arturo Medina"},"logo":{"@id":"https:\/\/nitu.mx\/#\/schema\/person\/image\/"},"description":"Director NITU.mx, Egresado de la Escuela de Periodismo Carlos Septi\u00e9n Garc\u00eda. Periodista y analista especializado en turismo desde hace 35 a\u00f1os, radicado en Canc\u00fan Q.Roo. arturo@nitu.mx","sameAs":["https:\/\/nitu.mx","https:\/\/www.facebook.com\/NITUmx\/","medinacancun","https:\/\/twitter.com\/@Arturo_Medina_G"]},{"@type":"Person","@id":"https:\/\/nitu.mx\/#\/schema\/person\/4a28fe9bd65924f7c90623773daf1b0b","name":"Redacci\u00f3n","image":{"@type":"ImageObject","inLanguage":"es-MX","@id":"https:\/\/nitu.mx\/#\/schema\/person\/image\/","url":"https:\/\/secure.gravatar.com\/avatar\/5dd011c8ccfc5cd7e4c81e42252aab38?s=96&d=mm&r=g","contentUrl":"https:\/\/secure.gravatar.com\/avatar\/5dd011c8ccfc5cd7e4c81e42252aab38?s=96&d=mm&r=g","caption":"Redacci\u00f3n"},"url":"https:\/\/nitu.mx\/index.php\/author\/redaccion\/"}]}},"views":554,"_links":{"self":[{"href":"https:\/\/nitu.mx\/index.php\/wp-json\/wp\/v2\/posts\/69235"}],"collection":[{"href":"https:\/\/nitu.mx\/index.php\/wp-json\/wp\/v2\/posts"}],"about":[{"href":"https:\/\/nitu.mx\/index.php\/wp-json\/wp\/v2\/types\/post"}],"author":[{"embeddable":true,"href":"https:\/\/nitu.mx\/index.php\/wp-json\/wp\/v2\/users\/17"}],"replies":[{"embeddable":true,"href":"https:\/\/nitu.mx\/index.php\/wp-json\/wp\/v2\/comments?post=69235"}],"version-history":[{"count":2,"href":"https:\/\/nitu.mx\/index.php\/wp-json\/wp\/v2\/posts\/69235\/revisions"}],"predecessor-version":[{"id":69261,"href":"https:\/\/nitu.mx\/index.php\/wp-json\/wp\/v2\/posts\/69235\/revisions\/69261"}],"wp:featuredmedia":[{"embeddable":true,"href":"https:\/\/nitu.mx\/index.php\/wp-json\/wp\/v2\/media\/61183"}],"wp:attachment":[{"href":"https:\/\/nitu.mx\/index.php\/wp-json\/wp\/v2\/media?parent=69235"}],"wp:term":[{"taxonomy":"category","embeddable":true,"href":"https:\/\/nitu.mx\/index.php\/wp-json\/wp\/v2\/categories?post=69235"},{"taxonomy":"post_tag","embeddable":true,"href":"https:\/\/nitu.mx\/index.php\/wp-json\/wp\/v2\/tags?post=69235"}],"curies":[{"name":"wp","href":"https:\/\/api.w.org\/{rel}","templated":true}]}}