{"id":69199,"date":"2024-03-10T22:15:59","date_gmt":"2024-03-11T04:15:59","guid":{"rendered":"https:\/\/nitu.mx\/?p=69199"},"modified":"2024-03-10T22:15:59","modified_gmt":"2024-03-11T04:15:59","slug":"quintana-roo-incrementara-numero-de-turistas-alemanes","status":"publish","type":"post","link":"https:\/\/nitu.mx\/index.php\/2024\/03\/10\/quintana-roo-incrementara-numero-de-turistas-alemanes\/","title":{"rendered":"Quintana Roo incrementar\u00e1 n\u00famero de turistas alemanes"},"content":{"rendered":"<p>Tras la asistencia a la ITB 2024 en Berl\u00edn, Bernardo Cueto, secretario de Turismo de Quintana Roo, anunci\u00f3 importantes avances en conectividad a\u00e9rea con Alemania. A partir del segundo semestre, Quintana Roo incrementar\u00e1 su conectividad con el mercado alem\u00e1n: se establecer\u00e1n dos vuelos semanales de Frankfurt a Tulum y tres vuelos semanales a Canc\u00fan, operados por las aerol\u00edneas C\u00f3ndor y Discover de Lufthansa.<br \/>\nEste incremento en las frecuencias de vuelo es un paso estrat\u00e9gico para atraer a m\u00e1s de 200 mil turistas alemanes en 2024, reforzando la presencia europea en los destinos tur\u00edsticos de Quintana Roo.<br \/>\nAdem\u00e1s, se planea organizar un foro internacional en la Riviera Maya y mantener reuniones con ONU Turismo para fortalecer la promoci\u00f3n tur\u00edstica de la regi\u00f3n. (<a href=\"https:\/\/nitu.mx\/index.php\/2024\/03\/05\/busca-caribe-mexicano-elevar-el-numero-de-visitas-desde-alemania-en-itb\/\">Busca Caribe Mexicano elevar el numero de visitas desde Alemania en ITB<\/a>).<\/p>\n","protected":false},"excerpt":{"rendered":"<p>Tras la asistencia a la ITB 2024 en Berl\u00edn, Bernardo Cueto, secretario de Turismo de Quintana Roo, anunci\u00f3 importantes avances en conectividad a\u00e9rea con Alemania. A partir del segundo semestre, Quintana Roo incrementar\u00e1 su conectividad con el mercado alem\u00e1n: se establecer\u00e1n dos vuelos semanales de Frankfurt a Tulum y tres vuelos semanales a Canc\u00fan, operados [&hellip;]<\/p>\n","protected":false},"author":17,"featured_media":69224,"comment_status":"open","ping_status":"open","sticky":false,"template":"","format":"standard","meta":{"footnotes":""},"categories":[18475],"tags":[3511,13931,24715,1153,24718,4042],"yoast_head":"<!-- This site is optimized with the Yoast SEO plugin v22.2 - https:\/\/yoast.com\/wordpress\/plugins\/seo\/ -->\n<title>Quintana Roo incrementar\u00e1 n\u00famero de turistas alemanes - Nitu - Noticias de la Industria Turistica<\/title>\n<meta name=\"robots\" content=\"index, follow, max-snippet:-1, max-image-preview:large, max-video-preview:-1\" \/>\n<link rel=\"canonical\" href=\"https:\/\/nitu.mx\/index.php\/2024\/03\/10\/quintana-roo-incrementara-numero-de-turistas-alemanes\/\" \/>\n<meta name=\"twitter:card\" content=\"summary_large_image\" \/>\n<meta name=\"twitter:title\" content=\"Quintana Roo incrementar\u00e1 n\u00famero de turistas alemanes - Nitu - Noticias de la Industria Turistica\" \/>\n<meta name=\"twitter:description\" content=\"Tras la asistencia a la ITB 2024 en Berl\u00edn, Bernardo Cueto, secretario de Turismo de Quintana Roo, anunci\u00f3 importantes avances en conectividad a\u00e9rea con Alemania. A partir del segundo semestre, Quintana Roo incrementar\u00e1 su conectividad con el mercado alem\u00e1n: se establecer\u00e1n dos vuelos semanales de Frankfurt a Tulum y tres vuelos semanales a Canc\u00fan, operados [&hellip;]\" \/>\n<meta name=\"twitter:image\" content=\"https:\/\/nitu.mx\/wp-content\/uploads\/2024\/03\/ITB-2024-Caribe-Mexicano.jpg\" \/>\n<meta name=\"twitter:creator\" content=\"@NITUmx\" \/>\n<meta name=\"twitter:site\" content=\"@Arturo_Medina_G\" \/>\n<meta name=\"twitter:label1\" content=\"Escrito por\" \/>\n\t<meta name=\"twitter:data1\" content=\"Redacci\u00f3n\" \/>\n\t<meta name=\"twitter:label2\" content=\"Tiempo de lectura\" \/>\n\t<meta name=\"twitter:data2\" content=\"1 minuto\" \/>\n<script type=\"application\/ld+json\" class=\"yoast-schema-graph\">{\"@context\":\"https:\/\/schema.org\",\"@graph\":[{\"@type\":\"Article\",\"@id\":\"https:\/\/nitu.mx\/index.php\/2024\/03\/10\/quintana-roo-incrementara-numero-de-turistas-alemanes\/#article\",\"isPartOf\":{\"@id\":\"https:\/\/nitu.mx\/index.php\/2024\/03\/10\/quintana-roo-incrementara-numero-de-turistas-alemanes\/\"},\"author\":{\"name\":\"Redacci\u00f3n\",\"@id\":\"https:\/\/nitu.mx\/#\/schema\/person\/4a28fe9bd65924f7c90623773daf1b0b\"},\"headline\":\"Quintana Roo incrementar\u00e1 n\u00famero de turistas alemanes\",\"datePublished\":\"2024-03-11T04:15:59+00:00\",\"dateModified\":\"2024-03-11T04:15:59+00:00\",\"mainEntityOfPage\":{\"@id\":\"https:\/\/nitu.mx\/index.php\/2024\/03\/10\/quintana-roo-incrementara-numero-de-turistas-alemanes\/\"},\"wordCount\":152,\"commentCount\":0,\"publisher\":{\"@id\":\"https:\/\/nitu.mx\/#\/schema\/person\/ae7a53426417292d3dd07b45a33e01bc\"},\"image\":{\"@id\":\"https:\/\/nitu.mx\/index.php\/2024\/03\/10\/quintana-roo-incrementara-numero-de-turistas-alemanes\/#primaryimage\"},\"thumbnailUrl\":\"https:\/\/nitu.mx\/wp-content\/uploads\/2024\/03\/ITB-2024-Caribe-Mexicano.jpg\",\"keywords\":[\"Berl\u00edn\",\"Bernardo Cueto\",\"ITB 2024\",\"Sedetur\",\"turismo alem\u00e1n\",\"Vuelos\"],\"articleSection\":[\"Caribe Mexicano\"],\"inLanguage\":\"es-MX\",\"potentialAction\":[{\"@type\":\"CommentAction\",\"name\":\"Comment\",\"target\":[\"https:\/\/nitu.mx\/index.php\/2024\/03\/10\/quintana-roo-incrementara-numero-de-turistas-alemanes\/#respond\"]}]},{\"@type\":\"WebPage\",\"@id\":\"https:\/\/nitu.mx\/index.php\/2024\/03\/10\/quintana-roo-incrementara-numero-de-turistas-alemanes\/\",\"url\":\"https:\/\/nitu.mx\/index.php\/2024\/03\/10\/quintana-roo-incrementara-numero-de-turistas-alemanes\/\",\"name\":\"Quintana Roo incrementar\u00e1 n\u00famero de turistas alemanes - Nitu - Noticias de la Industria Turistica\",\"isPartOf\":{\"@id\":\"https:\/\/nitu.mx\/#website\"},\"primaryImageOfPage\":{\"@id\":\"https:\/\/nitu.mx\/index.php\/2024\/03\/10\/quintana-roo-incrementara-numero-de-turistas-alemanes\/#primaryimage\"},\"image\":{\"@id\":\"https:\/\/nitu.mx\/index.php\/2024\/03\/10\/quintana-roo-incrementara-numero-de-turistas-alemanes\/#primaryimage\"},\"thumbnailUrl\":\"https:\/\/nitu.mx\/wp-content\/uploads\/2024\/03\/ITB-2024-Caribe-Mexicano.jpg\",\"datePublished\":\"2024-03-11T04:15:59+00:00\",\"dateModified\":\"2024-03-11T04:15:59+00:00\",\"breadcrumb\":{\"@id\":\"https:\/\/nitu.mx\/index.php\/2024\/03\/10\/quintana-roo-incrementara-numero-de-turistas-alemanes\/#breadcrumb\"},\"inLanguage\":\"es-MX\",\"potentialAction\":[{\"@type\":\"ReadAction\",\"target\":[\"https:\/\/nitu.mx\/index.php\/2024\/03\/10\/quintana-roo-incrementara-numero-de-turistas-alemanes\/\"]}]},{\"@type\":\"ImageObject\",\"inLanguage\":\"es-MX\",\"@id\":\"https:\/\/nitu.mx\/index.php\/2024\/03\/10\/quintana-roo-incrementara-numero-de-turistas-alemanes\/#primaryimage\",\"url\":\"https:\/\/nitu.mx\/wp-content\/uploads\/2024\/03\/ITB-2024-Caribe-Mexicano.jpg\",\"contentUrl\":\"https:\/\/nitu.mx\/wp-content\/uploads\/2024\/03\/ITB-2024-Caribe-Mexicano.jpg\",\"width\":1200,\"height\":675,\"caption\":\"ITB 2024 Caribe Mexicano\"},{\"@type\":\"BreadcrumbList\",\"@id\":\"https:\/\/nitu.mx\/index.php\/2024\/03\/10\/quintana-roo-incrementara-numero-de-turistas-alemanes\/#breadcrumb\",\"itemListElement\":[{\"@type\":\"ListItem\",\"position\":1,\"name\":\"Inicio\",\"item\":\"https:\/\/nitu.mx\/\"},{\"@type\":\"ListItem\",\"position\":2,\"name\":\"Quintana Roo incrementar\u00e1 n\u00famero de turistas alemanes\"}]},{\"@type\":\"WebSite\",\"@id\":\"https:\/\/nitu.mx\/#website\",\"url\":\"https:\/\/nitu.mx\/\",\"name\":\"Nitu - Noticias de la Industria Turistica\",\"description\":\"Noticias de la Industria Turistica\",\"publisher\":{\"@id\":\"https:\/\/nitu.mx\/#\/schema\/person\/ae7a53426417292d3dd07b45a33e01bc\"},\"alternateName\":\"Noticias de la Industria Turistica\",\"potentialAction\":[{\"@type\":\"SearchAction\",\"target\":{\"@type\":\"EntryPoint\",\"urlTemplate\":\"https:\/\/nitu.mx\/?s={search_term_string}\"},\"query-input\":\"required name=search_term_string\"}],\"inLanguage\":\"es-MX\"},{\"@type\":[\"Person\",\"Organization\"],\"@id\":\"https:\/\/nitu.mx\/#\/schema\/person\/ae7a53426417292d3dd07b45a33e01bc\",\"name\":\"Arturo Medina\",\"image\":{\"@type\":\"ImageObject\",\"inLanguage\":\"es-MX\",\"@id\":\"https:\/\/nitu.mx\/#\/schema\/person\/image\/\",\"url\":\"https:\/\/nitu.mx\/wp-content\/uploads\/2024\/04\/4A315622-1904-4D5C-B022-878CDC840E04-90x90-1.jpeg\",\"contentUrl\":\"https:\/\/nitu.mx\/wp-content\/uploads\/2024\/04\/4A315622-1904-4D5C-B022-878CDC840E04-90x90-1.jpeg\",\"width\":90,\"height\":90,\"caption\":\"Arturo Medina\"},\"logo\":{\"@id\":\"https:\/\/nitu.mx\/#\/schema\/person\/image\/\"},\"description\":\"Director NITU.mx, Egresado de la Escuela de Periodismo Carlos Septi\u00e9n Garc\u00eda. Periodista y analista especializado en turismo desde hace 35 a\u00f1os, radicado en Canc\u00fan Q.Roo. arturo@nitu.mx\",\"sameAs\":[\"https:\/\/nitu.mx\",\"https:\/\/www.facebook.com\/NITUmx\/\",\"medinacancun\",\"https:\/\/twitter.com\/@Arturo_Medina_G\"]},{\"@type\":\"Person\",\"@id\":\"https:\/\/nitu.mx\/#\/schema\/person\/4a28fe9bd65924f7c90623773daf1b0b\",\"name\":\"Redacci\u00f3n\",\"image\":{\"@type\":\"ImageObject\",\"inLanguage\":\"es-MX\",\"@id\":\"https:\/\/nitu.mx\/#\/schema\/person\/image\/\",\"url\":\"https:\/\/secure.gravatar.com\/avatar\/5dd011c8ccfc5cd7e4c81e42252aab38?s=96&d=mm&r=g\",\"contentUrl\":\"https:\/\/secure.gravatar.com\/avatar\/5dd011c8ccfc5cd7e4c81e42252aab38?s=96&d=mm&r=g\",\"caption\":\"Redacci\u00f3n\"},\"url\":\"https:\/\/nitu.mx\/index.php\/author\/redaccion\/\"}]}<\/script>\n<!-- \/ Yoast SEO plugin. -->","yoast_head_json":{"title":"Quintana Roo incrementar\u00e1 n\u00famero de turistas alemanes - Nitu - Noticias de la Industria Turistica","robots":{"index":"index","follow":"follow","max-snippet":"max-snippet:-1","max-image-preview":"max-image-preview:large","max-video-preview":"max-video-preview:-1"},"canonical":"https:\/\/nitu.mx\/index.php\/2024\/03\/10\/quintana-roo-incrementara-numero-de-turistas-alemanes\/","twitter_card":"summary_large_image","twitter_title":"Quintana Roo incrementar\u00e1 n\u00famero de turistas alemanes - Nitu - Noticias de la Industria Turistica","twitter_description":"Tras la asistencia a la ITB 2024 en Berl\u00edn, Bernardo Cueto, secretario de Turismo de Quintana Roo, anunci\u00f3 importantes avances en conectividad a\u00e9rea con Alemania. A partir del segundo semestre, Quintana Roo incrementar\u00e1 su conectividad con el mercado alem\u00e1n: se establecer\u00e1n dos vuelos semanales de Frankfurt a Tulum y tres vuelos semanales a Canc\u00fan, operados [&hellip;]","twitter_image":"https:\/\/nitu.mx\/wp-content\/uploads\/2024\/03\/ITB-2024-Caribe-Mexicano.jpg","twitter_creator":"@NITUmx","twitter_site":"@Arturo_Medina_G","twitter_misc":{"Escrito por":"Redacci\u00f3n","Tiempo de lectura":"1 minuto"},"schema":{"@context":"https:\/\/schema.org","@graph":[{"@type":"Article","@id":"https:\/\/nitu.mx\/index.php\/2024\/03\/10\/quintana-roo-incrementara-numero-de-turistas-alemanes\/#article","isPartOf":{"@id":"https:\/\/nitu.mx\/index.php\/2024\/03\/10\/quintana-roo-incrementara-numero-de-turistas-alemanes\/"},"author":{"name":"Redacci\u00f3n","@id":"https:\/\/nitu.mx\/#\/schema\/person\/4a28fe9bd65924f7c90623773daf1b0b"},"headline":"Quintana Roo incrementar\u00e1 n\u00famero de turistas alemanes","datePublished":"2024-03-11T04:15:59+00:00","dateModified":"2024-03-11T04:15:59+00:00","mainEntityOfPage":{"@id":"https:\/\/nitu.mx\/index.php\/2024\/03\/10\/quintana-roo-incrementara-numero-de-turistas-alemanes\/"},"wordCount":152,"commentCount":0,"publisher":{"@id":"https:\/\/nitu.mx\/#\/schema\/person\/ae7a53426417292d3dd07b45a33e01bc"},"image":{"@id":"https:\/\/nitu.mx\/index.php\/2024\/03\/10\/quintana-roo-incrementara-numero-de-turistas-alemanes\/#primaryimage"},"thumbnailUrl":"https:\/\/nitu.mx\/wp-content\/uploads\/2024\/03\/ITB-2024-Caribe-Mexicano.jpg","keywords":["Berl\u00edn","Bernardo Cueto","ITB 2024","Sedetur","turismo alem\u00e1n","Vuelos"],"articleSection":["Caribe Mexicano"],"inLanguage":"es-MX","potentialAction":[{"@type":"CommentAction","name":"Comment","target":["https:\/\/nitu.mx\/index.php\/2024\/03\/10\/quintana-roo-incrementara-numero-de-turistas-alemanes\/#respond"]}]},{"@type":"WebPage","@id":"https:\/\/nitu.mx\/index.php\/2024\/03\/10\/quintana-roo-incrementara-numero-de-turistas-alemanes\/","url":"https:\/\/nitu.mx\/index.php\/2024\/03\/10\/quintana-roo-incrementara-numero-de-turistas-alemanes\/","name":"Quintana Roo incrementar\u00e1 n\u00famero de turistas alemanes - Nitu - Noticias de la Industria Turistica","isPartOf":{"@id":"https:\/\/nitu.mx\/#website"},"primaryImageOfPage":{"@id":"https:\/\/nitu.mx\/index.php\/2024\/03\/10\/quintana-roo-incrementara-numero-de-turistas-alemanes\/#primaryimage"},"image":{"@id":"https:\/\/nitu.mx\/index.php\/2024\/03\/10\/quintana-roo-incrementara-numero-de-turistas-alemanes\/#primaryimage"},"thumbnailUrl":"https:\/\/nitu.mx\/wp-content\/uploads\/2024\/03\/ITB-2024-Caribe-Mexicano.jpg","datePublished":"2024-03-11T04:15:59+00:00","dateModified":"2024-03-11T04:15:59+00:00","breadcrumb":{"@id":"https:\/\/nitu.mx\/index.php\/2024\/03\/10\/quintana-roo-incrementara-numero-de-turistas-alemanes\/#breadcrumb"},"inLanguage":"es-MX","potentialAction":[{"@type":"ReadAction","target":["https:\/\/nitu.mx\/index.php\/2024\/03\/10\/quintana-roo-incrementara-numero-de-turistas-alemanes\/"]}]},{"@type":"ImageObject","inLanguage":"es-MX","@id":"https:\/\/nitu.mx\/index.php\/2024\/03\/10\/quintana-roo-incrementara-numero-de-turistas-alemanes\/#primaryimage","url":"https:\/\/nitu.mx\/wp-content\/uploads\/2024\/03\/ITB-2024-Caribe-Mexicano.jpg","contentUrl":"https:\/\/nitu.mx\/wp-content\/uploads\/2024\/03\/ITB-2024-Caribe-Mexicano.jpg","width":1200,"height":675,"caption":"ITB 2024 Caribe Mexicano"},{"@type":"BreadcrumbList","@id":"https:\/\/nitu.mx\/index.php\/2024\/03\/10\/quintana-roo-incrementara-numero-de-turistas-alemanes\/#breadcrumb","itemListElement":[{"@type":"ListItem","position":1,"name":"Inicio","item":"https:\/\/nitu.mx\/"},{"@type":"ListItem","position":2,"name":"Quintana Roo incrementar\u00e1 n\u00famero de turistas alemanes"}]},{"@type":"WebSite","@id":"https:\/\/nitu.mx\/#website","url":"https:\/\/nitu.mx\/","name":"Nitu - Noticias de la Industria Turistica","description":"Noticias de la Industria Turistica","publisher":{"@id":"https:\/\/nitu.mx\/#\/schema\/person\/ae7a53426417292d3dd07b45a33e01bc"},"alternateName":"Noticias de la Industria Turistica","potentialAction":[{"@type":"SearchAction","target":{"@type":"EntryPoint","urlTemplate":"https:\/\/nitu.mx\/?s={search_term_string}"},"query-input":"required name=search_term_string"}],"inLanguage":"es-MX"},{"@type":["Person","Organization"],"@id":"https:\/\/nitu.mx\/#\/schema\/person\/ae7a53426417292d3dd07b45a33e01bc","name":"Arturo Medina","image":{"@type":"ImageObject","inLanguage":"es-MX","@id":"https:\/\/nitu.mx\/#\/schema\/person\/image\/","url":"https:\/\/nitu.mx\/wp-content\/uploads\/2024\/04\/4A315622-1904-4D5C-B022-878CDC840E04-90x90-1.jpeg","contentUrl":"https:\/\/nitu.mx\/wp-content\/uploads\/2024\/04\/4A315622-1904-4D5C-B022-878CDC840E04-90x90-1.jpeg","width":90,"height":90,"caption":"Arturo Medina"},"logo":{"@id":"https:\/\/nitu.mx\/#\/schema\/person\/image\/"},"description":"Director NITU.mx, Egresado de la Escuela de Periodismo Carlos Septi\u00e9n Garc\u00eda. Periodista y analista especializado en turismo desde hace 35 a\u00f1os, radicado en Canc\u00fan Q.Roo. arturo@nitu.mx","sameAs":["https:\/\/nitu.mx","https:\/\/www.facebook.com\/NITUmx\/","medinacancun","https:\/\/twitter.com\/@Arturo_Medina_G"]},{"@type":"Person","@id":"https:\/\/nitu.mx\/#\/schema\/person\/4a28fe9bd65924f7c90623773daf1b0b","name":"Redacci\u00f3n","image":{"@type":"ImageObject","inLanguage":"es-MX","@id":"https:\/\/nitu.mx\/#\/schema\/person\/image\/","url":"https:\/\/secure.gravatar.com\/avatar\/5dd011c8ccfc5cd7e4c81e42252aab38?s=96&d=mm&r=g","contentUrl":"https:\/\/secure.gravatar.com\/avatar\/5dd011c8ccfc5cd7e4c81e42252aab38?s=96&d=mm&r=g","caption":"Redacci\u00f3n"},"url":"https:\/\/nitu.mx\/index.php\/author\/redaccion\/"}]}},"views":732,"_links":{"self":[{"href":"https:\/\/nitu.mx\/index.php\/wp-json\/wp\/v2\/posts\/69199"}],"collection":[{"href":"https:\/\/nitu.mx\/index.php\/wp-json\/wp\/v2\/posts"}],"about":[{"href":"https:\/\/nitu.mx\/index.php\/wp-json\/wp\/v2\/types\/post"}],"author":[{"embeddable":true,"href":"https:\/\/nitu.mx\/index.php\/wp-json\/wp\/v2\/users\/17"}],"replies":[{"embeddable":true,"href":"https:\/\/nitu.mx\/index.php\/wp-json\/wp\/v2\/comments?post=69199"}],"version-history":[{"count":2,"href":"https:\/\/nitu.mx\/index.php\/wp-json\/wp\/v2\/posts\/69199\/revisions"}],"predecessor-version":[{"id":69225,"href":"https:\/\/nitu.mx\/index.php\/wp-json\/wp\/v2\/posts\/69199\/revisions\/69225"}],"wp:featuredmedia":[{"embeddable":true,"href":"https:\/\/nitu.mx\/index.php\/wp-json\/wp\/v2\/media\/69224"}],"wp:attachment":[{"href":"https:\/\/nitu.mx\/index.php\/wp-json\/wp\/v2\/media?parent=69199"}],"wp:term":[{"taxonomy":"category","embeddable":true,"href":"https:\/\/nitu.mx\/index.php\/wp-json\/wp\/v2\/categories?post=69199"},{"taxonomy":"post_tag","embeddable":true,"href":"https:\/\/nitu.mx\/index.php\/wp-json\/wp\/v2\/tags?post=69199"}],"curies":[{"name":"wp","href":"https:\/\/api.w.org\/{rel}","templated":true}]}}