{"id":69050,"date":"2024-03-04T21:14:40","date_gmt":"2024-03-05T03:14:40","guid":{"rendered":"https:\/\/nitu.mx\/?p=69050"},"modified":"2024-03-04T21:14:41","modified_gmt":"2024-03-05T03:14:41","slug":"con-corre-vuela-y-celebra-volaris-festeja-18-anos","status":"publish","type":"post","link":"https:\/\/nitu.mx\/index.php\/2024\/03\/04\/con-corre-vuela-y-celebra-volaris-festeja-18-anos\/","title":{"rendered":"Con corre, vuela y celebra, Volaris festeja 18 a\u00f1os"},"content":{"rendered":"<p>Volaris, la aerol\u00ednea mexicana de ultra bajo costo que opera en M\u00e9xico, Estados Unidos, Centro y Sudam\u00e9rica, celebra el despegue de su primer vuelo desde el Aeropuerto Internacional de Toluca con destino al Aeropuerto Internacional de Tijuana hace 18 a\u00f1os en este mes.<br \/>\nPara ello, lanz\u00f3 una campa\u00f1a denominada Corre, vuela y celebra con Volaris, por lo que durante todo el mes de marzo del 2024, por su 18 aniversario, tienen ofertas en sus boletos de avi\u00f3n. (<a href=\"https:\/\/nitu.mx\/index.php\/2024\/02\/27\/volaris-crecimiento-sostenido-en-2023-a-pesar-de-desafios-operativos\/\">Volaris: crecimiento sostenido en 2023 a pesar de desaf\u00edos operativos<\/a>).<\/p>\n","protected":false},"excerpt":{"rendered":"<p>Volaris, la aerol\u00ednea mexicana de ultra bajo costo que opera en M\u00e9xico, Estados Unidos, Centro y Sudam\u00e9rica, celebra el despegue de su primer vuelo desde el Aeropuerto Internacional de Toluca con destino al Aeropuerto Internacional de Tijuana hace 18 a\u00f1os en este mes. Para ello, lanz\u00f3 una campa\u00f1a denominada Corre, vuela y celebra con Volaris, [&hellip;]<\/p>\n","protected":false},"author":17,"featured_media":68787,"comment_status":"open","ping_status":"open","sticky":false,"template":"","format":"standard","meta":{"footnotes":""},"categories":[29],"tags":[6511,6579,131],"yoast_head":"<!-- This site is optimized with the Yoast SEO plugin v22.2 - https:\/\/yoast.com\/wordpress\/plugins\/seo\/ -->\n<title>Con corre, vuela y celebra, Volaris festeja 18 a\u00f1os - Nitu - Noticias de la Industria Turistica<\/title>\n<meta name=\"robots\" content=\"index, follow, max-snippet:-1, max-image-preview:large, max-video-preview:-1\" \/>\n<link rel=\"canonical\" href=\"https:\/\/nitu.mx\/index.php\/2024\/03\/04\/con-corre-vuela-y-celebra-volaris-festeja-18-anos\/\" \/>\n<meta name=\"twitter:card\" content=\"summary_large_image\" \/>\n<meta name=\"twitter:title\" content=\"Con corre, vuela y celebra, Volaris festeja 18 a\u00f1os - Nitu - Noticias de la Industria Turistica\" \/>\n<meta name=\"twitter:description\" content=\"Volaris, la aerol\u00ednea mexicana de ultra bajo costo que opera en M\u00e9xico, Estados Unidos, Centro y Sudam\u00e9rica, celebra el despegue de su primer vuelo desde el Aeropuerto Internacional de Toluca con destino al Aeropuerto Internacional de Tijuana hace 18 a\u00f1os en este mes. Para ello, lanz\u00f3 una campa\u00f1a denominada Corre, vuela y celebra con Volaris, [&hellip;]\" \/>\n<meta name=\"twitter:image\" content=\"https:\/\/nitu.mx\/wp-content\/uploads\/2024\/02\/Volaris-avion-131.jpg\" \/>\n<meta name=\"twitter:creator\" content=\"@NITUmx\" \/>\n<meta name=\"twitter:site\" content=\"@Arturo_Medina_G\" \/>\n<meta name=\"twitter:label1\" content=\"Escrito por\" \/>\n\t<meta name=\"twitter:data1\" content=\"Redacci\u00f3n\" \/>\n<script type=\"application\/ld+json\" class=\"yoast-schema-graph\">{\"@context\":\"https:\/\/schema.org\",\"@graph\":[{\"@type\":\"Article\",\"@id\":\"https:\/\/nitu.mx\/index.php\/2024\/03\/04\/con-corre-vuela-y-celebra-volaris-festeja-18-anos\/#article\",\"isPartOf\":{\"@id\":\"https:\/\/nitu.mx\/index.php\/2024\/03\/04\/con-corre-vuela-y-celebra-volaris-festeja-18-anos\/\"},\"author\":{\"name\":\"Redacci\u00f3n\",\"@id\":\"https:\/\/nitu.mx\/#\/schema\/person\/4a28fe9bd65924f7c90623773daf1b0b\"},\"headline\":\"Con corre, vuela y celebra, Volaris festeja 18 a\u00f1os\",\"datePublished\":\"2024-03-05T03:14:40+00:00\",\"dateModified\":\"2024-03-05T03:14:41+00:00\",\"mainEntityOfPage\":{\"@id\":\"https:\/\/nitu.mx\/index.php\/2024\/03\/04\/con-corre-vuela-y-celebra-volaris-festeja-18-anos\/\"},\"wordCount\":99,\"commentCount\":0,\"publisher\":{\"@id\":\"https:\/\/nitu.mx\/#\/schema\/person\/ae7a53426417292d3dd07b45a33e01bc\"},\"image\":{\"@id\":\"https:\/\/nitu.mx\/index.php\/2024\/03\/04\/con-corre-vuela-y-celebra-volaris-festeja-18-anos\/#primaryimage\"},\"thumbnailUrl\":\"https:\/\/nitu.mx\/wp-content\/uploads\/2024\/02\/Volaris-avion-131.jpg\",\"keywords\":[\"Aniversario\",\"campa\u00f1a\",\"Volaris\"],\"articleSection\":[\"Aerol\u00edneas\"],\"inLanguage\":\"es-MX\",\"potentialAction\":[{\"@type\":\"CommentAction\",\"name\":\"Comment\",\"target\":[\"https:\/\/nitu.mx\/index.php\/2024\/03\/04\/con-corre-vuela-y-celebra-volaris-festeja-18-anos\/#respond\"]}]},{\"@type\":\"WebPage\",\"@id\":\"https:\/\/nitu.mx\/index.php\/2024\/03\/04\/con-corre-vuela-y-celebra-volaris-festeja-18-anos\/\",\"url\":\"https:\/\/nitu.mx\/index.php\/2024\/03\/04\/con-corre-vuela-y-celebra-volaris-festeja-18-anos\/\",\"name\":\"Con corre, vuela y celebra, Volaris festeja 18 a\u00f1os - Nitu - Noticias de la Industria Turistica\",\"isPartOf\":{\"@id\":\"https:\/\/nitu.mx\/#website\"},\"primaryImageOfPage\":{\"@id\":\"https:\/\/nitu.mx\/index.php\/2024\/03\/04\/con-corre-vuela-y-celebra-volaris-festeja-18-anos\/#primaryimage\"},\"image\":{\"@id\":\"https:\/\/nitu.mx\/index.php\/2024\/03\/04\/con-corre-vuela-y-celebra-volaris-festeja-18-anos\/#primaryimage\"},\"thumbnailUrl\":\"https:\/\/nitu.mx\/wp-content\/uploads\/2024\/02\/Volaris-avion-131.jpg\",\"datePublished\":\"2024-03-05T03:14:40+00:00\",\"dateModified\":\"2024-03-05T03:14:41+00:00\",\"breadcrumb\":{\"@id\":\"https:\/\/nitu.mx\/index.php\/2024\/03\/04\/con-corre-vuela-y-celebra-volaris-festeja-18-anos\/#breadcrumb\"},\"inLanguage\":\"es-MX\",\"potentialAction\":[{\"@type\":\"ReadAction\",\"target\":[\"https:\/\/nitu.mx\/index.php\/2024\/03\/04\/con-corre-vuela-y-celebra-volaris-festeja-18-anos\/\"]}]},{\"@type\":\"ImageObject\",\"inLanguage\":\"es-MX\",\"@id\":\"https:\/\/nitu.mx\/index.php\/2024\/03\/04\/con-corre-vuela-y-celebra-volaris-festeja-18-anos\/#primaryimage\",\"url\":\"https:\/\/nitu.mx\/wp-content\/uploads\/2024\/02\/Volaris-avion-131.jpg\",\"contentUrl\":\"https:\/\/nitu.mx\/wp-content\/uploads\/2024\/02\/Volaris-avion-131.jpg\",\"width\":1200,\"height\":675,\"caption\":\"Volaris avi\u00f3n 131\"},{\"@type\":\"BreadcrumbList\",\"@id\":\"https:\/\/nitu.mx\/index.php\/2024\/03\/04\/con-corre-vuela-y-celebra-volaris-festeja-18-anos\/#breadcrumb\",\"itemListElement\":[{\"@type\":\"ListItem\",\"position\":1,\"name\":\"Inicio\",\"item\":\"https:\/\/nitu.mx\/\"},{\"@type\":\"ListItem\",\"position\":2,\"name\":\"Con corre, vuela y celebra, Volaris festeja 18 a\u00f1os\"}]},{\"@type\":\"WebSite\",\"@id\":\"https:\/\/nitu.mx\/#website\",\"url\":\"https:\/\/nitu.mx\/\",\"name\":\"Nitu - Noticias de la Industria Turistica\",\"description\":\"Noticias de la Industria Turistica\",\"publisher\":{\"@id\":\"https:\/\/nitu.mx\/#\/schema\/person\/ae7a53426417292d3dd07b45a33e01bc\"},\"alternateName\":\"Noticias de la Industria Turistica\",\"potentialAction\":[{\"@type\":\"SearchAction\",\"target\":{\"@type\":\"EntryPoint\",\"urlTemplate\":\"https:\/\/nitu.mx\/?s={search_term_string}\"},\"query-input\":\"required name=search_term_string\"}],\"inLanguage\":\"es-MX\"},{\"@type\":[\"Person\",\"Organization\"],\"@id\":\"https:\/\/nitu.mx\/#\/schema\/person\/ae7a53426417292d3dd07b45a33e01bc\",\"name\":\"Arturo Medina\",\"image\":{\"@type\":\"ImageObject\",\"inLanguage\":\"es-MX\",\"@id\":\"https:\/\/nitu.mx\/#\/schema\/person\/image\/\",\"url\":\"https:\/\/nitu.mx\/wp-content\/uploads\/2024\/04\/4A315622-1904-4D5C-B022-878CDC840E04-90x90-1.jpeg\",\"contentUrl\":\"https:\/\/nitu.mx\/wp-content\/uploads\/2024\/04\/4A315622-1904-4D5C-B022-878CDC840E04-90x90-1.jpeg\",\"width\":90,\"height\":90,\"caption\":\"Arturo Medina\"},\"logo\":{\"@id\":\"https:\/\/nitu.mx\/#\/schema\/person\/image\/\"},\"description\":\"Director NITU.mx, Egresado de la Escuela de Periodismo Carlos Septi\u00e9n Garc\u00eda. Periodista y analista especializado en turismo desde hace 35 a\u00f1os, radicado en Canc\u00fan Q.Roo. arturo@nitu.mx\",\"sameAs\":[\"https:\/\/nitu.mx\",\"https:\/\/www.facebook.com\/NITUmx\/\",\"medinacancun\",\"https:\/\/twitter.com\/@Arturo_Medina_G\"]},{\"@type\":\"Person\",\"@id\":\"https:\/\/nitu.mx\/#\/schema\/person\/4a28fe9bd65924f7c90623773daf1b0b\",\"name\":\"Redacci\u00f3n\",\"image\":{\"@type\":\"ImageObject\",\"inLanguage\":\"es-MX\",\"@id\":\"https:\/\/nitu.mx\/#\/schema\/person\/image\/\",\"url\":\"https:\/\/secure.gravatar.com\/avatar\/5dd011c8ccfc5cd7e4c81e42252aab38?s=96&d=mm&r=g\",\"contentUrl\":\"https:\/\/secure.gravatar.com\/avatar\/5dd011c8ccfc5cd7e4c81e42252aab38?s=96&d=mm&r=g\",\"caption\":\"Redacci\u00f3n\"},\"url\":\"https:\/\/nitu.mx\/index.php\/author\/redaccion\/\"}]}<\/script>\n<!-- \/ Yoast SEO plugin. -->","yoast_head_json":{"title":"Con corre, vuela y celebra, Volaris festeja 18 a\u00f1os - Nitu - Noticias de la Industria Turistica","robots":{"index":"index","follow":"follow","max-snippet":"max-snippet:-1","max-image-preview":"max-image-preview:large","max-video-preview":"max-video-preview:-1"},"canonical":"https:\/\/nitu.mx\/index.php\/2024\/03\/04\/con-corre-vuela-y-celebra-volaris-festeja-18-anos\/","twitter_card":"summary_large_image","twitter_title":"Con corre, vuela y celebra, Volaris festeja 18 a\u00f1os - Nitu - Noticias de la Industria Turistica","twitter_description":"Volaris, la aerol\u00ednea mexicana de ultra bajo costo que opera en M\u00e9xico, Estados Unidos, Centro y Sudam\u00e9rica, celebra el despegue de su primer vuelo desde el Aeropuerto Internacional de Toluca con destino al Aeropuerto Internacional de Tijuana hace 18 a\u00f1os en este mes. Para ello, lanz\u00f3 una campa\u00f1a denominada Corre, vuela y celebra con Volaris, [&hellip;]","twitter_image":"https:\/\/nitu.mx\/wp-content\/uploads\/2024\/02\/Volaris-avion-131.jpg","twitter_creator":"@NITUmx","twitter_site":"@Arturo_Medina_G","twitter_misc":{"Escrito por":"Redacci\u00f3n"},"schema":{"@context":"https:\/\/schema.org","@graph":[{"@type":"Article","@id":"https:\/\/nitu.mx\/index.php\/2024\/03\/04\/con-corre-vuela-y-celebra-volaris-festeja-18-anos\/#article","isPartOf":{"@id":"https:\/\/nitu.mx\/index.php\/2024\/03\/04\/con-corre-vuela-y-celebra-volaris-festeja-18-anos\/"},"author":{"name":"Redacci\u00f3n","@id":"https:\/\/nitu.mx\/#\/schema\/person\/4a28fe9bd65924f7c90623773daf1b0b"},"headline":"Con corre, vuela y celebra, Volaris festeja 18 a\u00f1os","datePublished":"2024-03-05T03:14:40+00:00","dateModified":"2024-03-05T03:14:41+00:00","mainEntityOfPage":{"@id":"https:\/\/nitu.mx\/index.php\/2024\/03\/04\/con-corre-vuela-y-celebra-volaris-festeja-18-anos\/"},"wordCount":99,"commentCount":0,"publisher":{"@id":"https:\/\/nitu.mx\/#\/schema\/person\/ae7a53426417292d3dd07b45a33e01bc"},"image":{"@id":"https:\/\/nitu.mx\/index.php\/2024\/03\/04\/con-corre-vuela-y-celebra-volaris-festeja-18-anos\/#primaryimage"},"thumbnailUrl":"https:\/\/nitu.mx\/wp-content\/uploads\/2024\/02\/Volaris-avion-131.jpg","keywords":["Aniversario","campa\u00f1a","Volaris"],"articleSection":["Aerol\u00edneas"],"inLanguage":"es-MX","potentialAction":[{"@type":"CommentAction","name":"Comment","target":["https:\/\/nitu.mx\/index.php\/2024\/03\/04\/con-corre-vuela-y-celebra-volaris-festeja-18-anos\/#respond"]}]},{"@type":"WebPage","@id":"https:\/\/nitu.mx\/index.php\/2024\/03\/04\/con-corre-vuela-y-celebra-volaris-festeja-18-anos\/","url":"https:\/\/nitu.mx\/index.php\/2024\/03\/04\/con-corre-vuela-y-celebra-volaris-festeja-18-anos\/","name":"Con corre, vuela y celebra, Volaris festeja 18 a\u00f1os - Nitu - Noticias de la Industria Turistica","isPartOf":{"@id":"https:\/\/nitu.mx\/#website"},"primaryImageOfPage":{"@id":"https:\/\/nitu.mx\/index.php\/2024\/03\/04\/con-corre-vuela-y-celebra-volaris-festeja-18-anos\/#primaryimage"},"image":{"@id":"https:\/\/nitu.mx\/index.php\/2024\/03\/04\/con-corre-vuela-y-celebra-volaris-festeja-18-anos\/#primaryimage"},"thumbnailUrl":"https:\/\/nitu.mx\/wp-content\/uploads\/2024\/02\/Volaris-avion-131.jpg","datePublished":"2024-03-05T03:14:40+00:00","dateModified":"2024-03-05T03:14:41+00:00","breadcrumb":{"@id":"https:\/\/nitu.mx\/index.php\/2024\/03\/04\/con-corre-vuela-y-celebra-volaris-festeja-18-anos\/#breadcrumb"},"inLanguage":"es-MX","potentialAction":[{"@type":"ReadAction","target":["https:\/\/nitu.mx\/index.php\/2024\/03\/04\/con-corre-vuela-y-celebra-volaris-festeja-18-anos\/"]}]},{"@type":"ImageObject","inLanguage":"es-MX","@id":"https:\/\/nitu.mx\/index.php\/2024\/03\/04\/con-corre-vuela-y-celebra-volaris-festeja-18-anos\/#primaryimage","url":"https:\/\/nitu.mx\/wp-content\/uploads\/2024\/02\/Volaris-avion-131.jpg","contentUrl":"https:\/\/nitu.mx\/wp-content\/uploads\/2024\/02\/Volaris-avion-131.jpg","width":1200,"height":675,"caption":"Volaris avi\u00f3n 131"},{"@type":"BreadcrumbList","@id":"https:\/\/nitu.mx\/index.php\/2024\/03\/04\/con-corre-vuela-y-celebra-volaris-festeja-18-anos\/#breadcrumb","itemListElement":[{"@type":"ListItem","position":1,"name":"Inicio","item":"https:\/\/nitu.mx\/"},{"@type":"ListItem","position":2,"name":"Con corre, vuela y celebra, Volaris festeja 18 a\u00f1os"}]},{"@type":"WebSite","@id":"https:\/\/nitu.mx\/#website","url":"https:\/\/nitu.mx\/","name":"Nitu - Noticias de la Industria Turistica","description":"Noticias de la Industria Turistica","publisher":{"@id":"https:\/\/nitu.mx\/#\/schema\/person\/ae7a53426417292d3dd07b45a33e01bc"},"alternateName":"Noticias de la Industria Turistica","potentialAction":[{"@type":"SearchAction","target":{"@type":"EntryPoint","urlTemplate":"https:\/\/nitu.mx\/?s={search_term_string}"},"query-input":"required name=search_term_string"}],"inLanguage":"es-MX"},{"@type":["Person","Organization"],"@id":"https:\/\/nitu.mx\/#\/schema\/person\/ae7a53426417292d3dd07b45a33e01bc","name":"Arturo Medina","image":{"@type":"ImageObject","inLanguage":"es-MX","@id":"https:\/\/nitu.mx\/#\/schema\/person\/image\/","url":"https:\/\/nitu.mx\/wp-content\/uploads\/2024\/04\/4A315622-1904-4D5C-B022-878CDC840E04-90x90-1.jpeg","contentUrl":"https:\/\/nitu.mx\/wp-content\/uploads\/2024\/04\/4A315622-1904-4D5C-B022-878CDC840E04-90x90-1.jpeg","width":90,"height":90,"caption":"Arturo Medina"},"logo":{"@id":"https:\/\/nitu.mx\/#\/schema\/person\/image\/"},"description":"Director NITU.mx, Egresado de la Escuela de Periodismo Carlos Septi\u00e9n Garc\u00eda. Periodista y analista especializado en turismo desde hace 35 a\u00f1os, radicado en Canc\u00fan Q.Roo. arturo@nitu.mx","sameAs":["https:\/\/nitu.mx","https:\/\/www.facebook.com\/NITUmx\/","medinacancun","https:\/\/twitter.com\/@Arturo_Medina_G"]},{"@type":"Person","@id":"https:\/\/nitu.mx\/#\/schema\/person\/4a28fe9bd65924f7c90623773daf1b0b","name":"Redacci\u00f3n","image":{"@type":"ImageObject","inLanguage":"es-MX","@id":"https:\/\/nitu.mx\/#\/schema\/person\/image\/","url":"https:\/\/secure.gravatar.com\/avatar\/5dd011c8ccfc5cd7e4c81e42252aab38?s=96&d=mm&r=g","contentUrl":"https:\/\/secure.gravatar.com\/avatar\/5dd011c8ccfc5cd7e4c81e42252aab38?s=96&d=mm&r=g","caption":"Redacci\u00f3n"},"url":"https:\/\/nitu.mx\/index.php\/author\/redaccion\/"}]}},"views":526,"_links":{"self":[{"href":"https:\/\/nitu.mx\/index.php\/wp-json\/wp\/v2\/posts\/69050"}],"collection":[{"href":"https:\/\/nitu.mx\/index.php\/wp-json\/wp\/v2\/posts"}],"about":[{"href":"https:\/\/nitu.mx\/index.php\/wp-json\/wp\/v2\/types\/post"}],"author":[{"embeddable":true,"href":"https:\/\/nitu.mx\/index.php\/wp-json\/wp\/v2\/users\/17"}],"replies":[{"embeddable":true,"href":"https:\/\/nitu.mx\/index.php\/wp-json\/wp\/v2\/comments?post=69050"}],"version-history":[{"count":2,"href":"https:\/\/nitu.mx\/index.php\/wp-json\/wp\/v2\/posts\/69050\/revisions"}],"predecessor-version":[{"id":69078,"href":"https:\/\/nitu.mx\/index.php\/wp-json\/wp\/v2\/posts\/69050\/revisions\/69078"}],"wp:featuredmedia":[{"embeddable":true,"href":"https:\/\/nitu.mx\/index.php\/wp-json\/wp\/v2\/media\/68787"}],"wp:attachment":[{"href":"https:\/\/nitu.mx\/index.php\/wp-json\/wp\/v2\/media?parent=69050"}],"wp:term":[{"taxonomy":"category","embeddable":true,"href":"https:\/\/nitu.mx\/index.php\/wp-json\/wp\/v2\/categories?post=69050"},{"taxonomy":"post_tag","embeddable":true,"href":"https:\/\/nitu.mx\/index.php\/wp-json\/wp\/v2\/tags?post=69050"}],"curies":[{"name":"wp","href":"https:\/\/api.w.org\/{rel}","templated":true}]}}