{"id":69041,"date":"2024-03-04T21:07:34","date_gmt":"2024-03-05T03:07:34","guid":{"rendered":"https:\/\/nitu.mx\/?p=69041"},"modified":"2024-03-04T21:07:35","modified_gmt":"2024-03-05T03:07:35","slug":"hyatt-anuncia-una-nueva-estructura-organizacional-para-america","status":"publish","type":"post","link":"https:\/\/nitu.mx\/index.php\/2024\/03\/04\/hyatt-anuncia-una-nueva-estructura-organizacional-para-america\/","title":{"rendered":"Hyatt anuncia una nueva estructura organizacional para Am\u00e9rica"},"content":{"rendered":"<p>Como resultado del fuerte crecimiento en la regi\u00f3n de Am\u00e9rica, Hyatt anuncia nuevos l\u00edderes aunado a una estructura subregional dise\u00f1ada para fomentar su enfoque en el desarrollo, la excelencia operativa y la optimizaci\u00f3n del desempe\u00f1o dentro de su regi\u00f3n m\u00e1s grande.<br \/>\nCon esta nueva estructura organizacional, la regi\u00f3n de Am\u00e9rica de Hyatt ahora se compone de dos subregiones: Estados Unidos y Canad\u00e1, y Latinoam\u00e9rica y el Caribe (LAC), dirigidas por dos nuevos presidentes subregionales: Susan Santiago y Gabriel Felip, quienes reportan a Pete Sears, presidente del Grupo para Am\u00e9rica, desde enero de 2024.<br \/>\nEn su nuevo puesto como presidenta de Hyatt Estados Unidos y Canad\u00e1, Santiago, quien cuenta con una trayectoria de 32 a\u00f1os en Hyatt, liderar\u00e1 el crecimiento y la optimizaci\u00f3n del desempe\u00f1o de la cartera de propiedades en la regi\u00f3n. En su \u00faltimo cargo, se desempe\u00f1\u00f3 como vicepresidenta senior de la divisi\u00f3n Lifestyle y la marca Miraval, donde lider\u00f3 el \u00e9xito operativo de estas \u00e1reas.<br \/>\nComo presidente de Latinoam\u00e9rica y el Caribe, Felip, un veterano de la industria con m\u00e1s de 30 a\u00f1os de experiencia en hoteler\u00eda y turismo ser\u00e1 el responsable del desempe\u00f1o operativo de todos los hoteles Hyatt en la regi\u00f3n, incluyendo Inclusive Collection. Previamente, se desempe\u00f1\u00f3 como presidente del Grupo de Operaciones Globales de Inclusive Collection de Hyatt.<br \/>\n&#8220;Esta nueva organizaci\u00f3n nos permite brindar un apoyo m\u00e1s personalizado a nuestros equipos hoteleros y propietarios, enfoc\u00e1ndonos en las necesidades espec\u00edficas de cada subregi\u00f3n. Esto nos ayudar\u00e1 a alcanzar resultados s\u00f3lidos a trav\u00e9s de un crecimiento intencional y sostenible en toda la regi\u00f3n&#8221;, coment\u00f3 Pete Sears.<\/p>\n<p>&#8220;Con estos cambios, continuamos nuestro impulso para convertir a Hyatt en la marca de hospitalidad preferida. Nuestro objetivo es brindar experiencias significativas a los hu\u00e9spedes y generar resultados positivos para nuestros propietarios\u201d, concluy\u00f3. (<a href=\"https:\/\/nitu.mx\/index.php\/2024\/02\/15\/hyatt-tendra-su-primer-resort-breathless-en-puerto-vallarta\/\">Hyatt tendr\u00e1 su primer resort Breathless en Puerto Vallarta<\/a>).<\/p>\n","protected":false},"excerpt":{"rendered":"<p>Como resultado del fuerte crecimiento en la regi\u00f3n de Am\u00e9rica, Hyatt anuncia nuevos l\u00edderes aunado a una estructura subregional dise\u00f1ada para fomentar su enfoque en el desarrollo, la excelencia operativa y la optimizaci\u00f3n del desempe\u00f1o dentro de su regi\u00f3n m\u00e1s grande. Con esta nueva estructura organizacional, la regi\u00f3n de Am\u00e9rica de Hyatt ahora se compone [&hellip;]<\/p>\n","protected":false},"author":17,"featured_media":64783,"comment_status":"open","ping_status":"open","sticky":false,"template":"","format":"standard","meta":{"footnotes":""},"categories":[2],"tags":[24677,2302,24679,24675,24676],"yoast_head":"<!-- This site is optimized with the Yoast SEO plugin v22.2 - https:\/\/yoast.com\/wordpress\/plugins\/seo\/ -->\n<title>Hyatt anuncia una nueva estructura organizacional para Am\u00e9rica - Nitu - Noticias de la Industria Turistica<\/title>\n<meta name=\"robots\" content=\"index, follow, max-snippet:-1, max-image-preview:large, max-video-preview:-1\" \/>\n<link rel=\"canonical\" href=\"https:\/\/nitu.mx\/index.php\/2024\/03\/04\/hyatt-anuncia-una-nueva-estructura-organizacional-para-america\/\" \/>\n<meta name=\"twitter:card\" content=\"summary_large_image\" \/>\n<meta name=\"twitter:title\" content=\"Hyatt anuncia una nueva estructura organizacional para Am\u00e9rica - Nitu - Noticias de la Industria Turistica\" \/>\n<meta name=\"twitter:description\" content=\"Como resultado del fuerte crecimiento en la regi\u00f3n de Am\u00e9rica, Hyatt anuncia nuevos l\u00edderes aunado a una estructura subregional dise\u00f1ada para fomentar su enfoque en el desarrollo, la excelencia operativa y la optimizaci\u00f3n del desempe\u00f1o dentro de su regi\u00f3n m\u00e1s grande. Con esta nueva estructura organizacional, la regi\u00f3n de Am\u00e9rica de Hyatt ahora se compone [&hellip;]\" \/>\n<meta name=\"twitter:image\" content=\"https:\/\/nitu.mx\/wp-content\/uploads\/2023\/06\/Hyatt-Vivid-Grand-Island.jpg\" \/>\n<meta name=\"twitter:creator\" content=\"@NITUmx\" \/>\n<meta name=\"twitter:site\" content=\"@Arturo_Medina_G\" \/>\n<meta name=\"twitter:label1\" content=\"Escrito por\" \/>\n\t<meta name=\"twitter:data1\" content=\"Redacci\u00f3n\" \/>\n\t<meta name=\"twitter:label2\" content=\"Tiempo de lectura\" \/>\n\t<meta name=\"twitter:data2\" content=\"2 minutos\" \/>\n<script type=\"application\/ld+json\" class=\"yoast-schema-graph\">{\"@context\":\"https:\/\/schema.org\",\"@graph\":[{\"@type\":\"Article\",\"@id\":\"https:\/\/nitu.mx\/index.php\/2024\/03\/04\/hyatt-anuncia-una-nueva-estructura-organizacional-para-america\/#article\",\"isPartOf\":{\"@id\":\"https:\/\/nitu.mx\/index.php\/2024\/03\/04\/hyatt-anuncia-una-nueva-estructura-organizacional-para-america\/\"},\"author\":{\"name\":\"Redacci\u00f3n\",\"@id\":\"https:\/\/nitu.mx\/#\/schema\/person\/4a28fe9bd65924f7c90623773daf1b0b\"},\"headline\":\"Hyatt anuncia una nueva estructura organizacional para Am\u00e9rica\",\"datePublished\":\"2024-03-05T03:07:34+00:00\",\"dateModified\":\"2024-03-05T03:07:35+00:00\",\"mainEntityOfPage\":{\"@id\":\"https:\/\/nitu.mx\/index.php\/2024\/03\/04\/hyatt-anuncia-una-nueva-estructura-organizacional-para-america\/\"},\"wordCount\":339,\"commentCount\":0,\"publisher\":{\"@id\":\"https:\/\/nitu.mx\/#\/schema\/person\/ae7a53426417292d3dd07b45a33e01bc\"},\"image\":{\"@id\":\"https:\/\/nitu.mx\/index.php\/2024\/03\/04\/hyatt-anuncia-una-nueva-estructura-organizacional-para-america\/#primaryimage\"},\"thumbnailUrl\":\"https:\/\/nitu.mx\/wp-content\/uploads\/2023\/06\/Hyatt-Vivid-Grand-Island.jpg\",\"keywords\":[\"Gabriel Felip\",\"Hyatt\",\"Juan Pablo\",\"Shyla Gardner\",\"Susan Santiago\"],\"articleSection\":[\"Hoteles\"],\"inLanguage\":\"es-MX\",\"potentialAction\":[{\"@type\":\"CommentAction\",\"name\":\"Comment\",\"target\":[\"https:\/\/nitu.mx\/index.php\/2024\/03\/04\/hyatt-anuncia-una-nueva-estructura-organizacional-para-america\/#respond\"]}]},{\"@type\":\"WebPage\",\"@id\":\"https:\/\/nitu.mx\/index.php\/2024\/03\/04\/hyatt-anuncia-una-nueva-estructura-organizacional-para-america\/\",\"url\":\"https:\/\/nitu.mx\/index.php\/2024\/03\/04\/hyatt-anuncia-una-nueva-estructura-organizacional-para-america\/\",\"name\":\"Hyatt anuncia una nueva estructura organizacional para Am\u00e9rica - Nitu - Noticias de la Industria Turistica\",\"isPartOf\":{\"@id\":\"https:\/\/nitu.mx\/#website\"},\"primaryImageOfPage\":{\"@id\":\"https:\/\/nitu.mx\/index.php\/2024\/03\/04\/hyatt-anuncia-una-nueva-estructura-organizacional-para-america\/#primaryimage\"},\"image\":{\"@id\":\"https:\/\/nitu.mx\/index.php\/2024\/03\/04\/hyatt-anuncia-una-nueva-estructura-organizacional-para-america\/#primaryimage\"},\"thumbnailUrl\":\"https:\/\/nitu.mx\/wp-content\/uploads\/2023\/06\/Hyatt-Vivid-Grand-Island.jpg\",\"datePublished\":\"2024-03-05T03:07:34+00:00\",\"dateModified\":\"2024-03-05T03:07:35+00:00\",\"breadcrumb\":{\"@id\":\"https:\/\/nitu.mx\/index.php\/2024\/03\/04\/hyatt-anuncia-una-nueva-estructura-organizacional-para-america\/#breadcrumb\"},\"inLanguage\":\"es-MX\",\"potentialAction\":[{\"@type\":\"ReadAction\",\"target\":[\"https:\/\/nitu.mx\/index.php\/2024\/03\/04\/hyatt-anuncia-una-nueva-estructura-organizacional-para-america\/\"]}]},{\"@type\":\"ImageObject\",\"inLanguage\":\"es-MX\",\"@id\":\"https:\/\/nitu.mx\/index.php\/2024\/03\/04\/hyatt-anuncia-una-nueva-estructura-organizacional-para-america\/#primaryimage\",\"url\":\"https:\/\/nitu.mx\/wp-content\/uploads\/2023\/06\/Hyatt-Vivid-Grand-Island.jpg\",\"contentUrl\":\"https:\/\/nitu.mx\/wp-content\/uploads\/2023\/06\/Hyatt-Vivid-Grand-Island.jpg\",\"width\":1200,\"height\":675,\"caption\":\"Hyatt Vivid Grand Island\"},{\"@type\":\"BreadcrumbList\",\"@id\":\"https:\/\/nitu.mx\/index.php\/2024\/03\/04\/hyatt-anuncia-una-nueva-estructura-organizacional-para-america\/#breadcrumb\",\"itemListElement\":[{\"@type\":\"ListItem\",\"position\":1,\"name\":\"Inicio\",\"item\":\"https:\/\/nitu.mx\/\"},{\"@type\":\"ListItem\",\"position\":2,\"name\":\"Hyatt anuncia una nueva estructura organizacional para Am\u00e9rica\"}]},{\"@type\":\"WebSite\",\"@id\":\"https:\/\/nitu.mx\/#website\",\"url\":\"https:\/\/nitu.mx\/\",\"name\":\"Nitu - Noticias de la Industria Turistica\",\"description\":\"Noticias de la Industria Turistica\",\"publisher\":{\"@id\":\"https:\/\/nitu.mx\/#\/schema\/person\/ae7a53426417292d3dd07b45a33e01bc\"},\"alternateName\":\"Noticias de la Industria Turistica\",\"potentialAction\":[{\"@type\":\"SearchAction\",\"target\":{\"@type\":\"EntryPoint\",\"urlTemplate\":\"https:\/\/nitu.mx\/?s={search_term_string}\"},\"query-input\":\"required name=search_term_string\"}],\"inLanguage\":\"es-MX\"},{\"@type\":[\"Person\",\"Organization\"],\"@id\":\"https:\/\/nitu.mx\/#\/schema\/person\/ae7a53426417292d3dd07b45a33e01bc\",\"name\":\"Arturo Medina\",\"image\":{\"@type\":\"ImageObject\",\"inLanguage\":\"es-MX\",\"@id\":\"https:\/\/nitu.mx\/#\/schema\/person\/image\/\",\"url\":\"https:\/\/nitu.mx\/wp-content\/uploads\/2024\/04\/4A315622-1904-4D5C-B022-878CDC840E04-90x90-1.jpeg\",\"contentUrl\":\"https:\/\/nitu.mx\/wp-content\/uploads\/2024\/04\/4A315622-1904-4D5C-B022-878CDC840E04-90x90-1.jpeg\",\"width\":90,\"height\":90,\"caption\":\"Arturo Medina\"},\"logo\":{\"@id\":\"https:\/\/nitu.mx\/#\/schema\/person\/image\/\"},\"description\":\"Director NITU.mx, Egresado de la Escuela de Periodismo Carlos Septi\u00e9n Garc\u00eda. Periodista y analista especializado en turismo desde hace 35 a\u00f1os, radicado en Canc\u00fan Q.Roo. arturo@nitu.mx\",\"sameAs\":[\"https:\/\/nitu.mx\",\"https:\/\/www.facebook.com\/NITUmx\/\",\"medinacancun\",\"https:\/\/twitter.com\/@Arturo_Medina_G\"]},{\"@type\":\"Person\",\"@id\":\"https:\/\/nitu.mx\/#\/schema\/person\/4a28fe9bd65924f7c90623773daf1b0b\",\"name\":\"Redacci\u00f3n\",\"image\":{\"@type\":\"ImageObject\",\"inLanguage\":\"es-MX\",\"@id\":\"https:\/\/nitu.mx\/#\/schema\/person\/image\/\",\"url\":\"https:\/\/secure.gravatar.com\/avatar\/5dd011c8ccfc5cd7e4c81e42252aab38?s=96&d=mm&r=g\",\"contentUrl\":\"https:\/\/secure.gravatar.com\/avatar\/5dd011c8ccfc5cd7e4c81e42252aab38?s=96&d=mm&r=g\",\"caption\":\"Redacci\u00f3n\"},\"url\":\"https:\/\/nitu.mx\/index.php\/author\/redaccion\/\"}]}<\/script>\n<!-- \/ Yoast SEO plugin. -->","yoast_head_json":{"title":"Hyatt anuncia una nueva estructura organizacional para Am\u00e9rica - Nitu - Noticias de la Industria Turistica","robots":{"index":"index","follow":"follow","max-snippet":"max-snippet:-1","max-image-preview":"max-image-preview:large","max-video-preview":"max-video-preview:-1"},"canonical":"https:\/\/nitu.mx\/index.php\/2024\/03\/04\/hyatt-anuncia-una-nueva-estructura-organizacional-para-america\/","twitter_card":"summary_large_image","twitter_title":"Hyatt anuncia una nueva estructura organizacional para Am\u00e9rica - Nitu - Noticias de la Industria Turistica","twitter_description":"Como resultado del fuerte crecimiento en la regi\u00f3n de Am\u00e9rica, Hyatt anuncia nuevos l\u00edderes aunado a una estructura subregional dise\u00f1ada para fomentar su enfoque en el desarrollo, la excelencia operativa y la optimizaci\u00f3n del desempe\u00f1o dentro de su regi\u00f3n m\u00e1s grande. Con esta nueva estructura organizacional, la regi\u00f3n de Am\u00e9rica de Hyatt ahora se compone [&hellip;]","twitter_image":"https:\/\/nitu.mx\/wp-content\/uploads\/2023\/06\/Hyatt-Vivid-Grand-Island.jpg","twitter_creator":"@NITUmx","twitter_site":"@Arturo_Medina_G","twitter_misc":{"Escrito por":"Redacci\u00f3n","Tiempo de lectura":"2 minutos"},"schema":{"@context":"https:\/\/schema.org","@graph":[{"@type":"Article","@id":"https:\/\/nitu.mx\/index.php\/2024\/03\/04\/hyatt-anuncia-una-nueva-estructura-organizacional-para-america\/#article","isPartOf":{"@id":"https:\/\/nitu.mx\/index.php\/2024\/03\/04\/hyatt-anuncia-una-nueva-estructura-organizacional-para-america\/"},"author":{"name":"Redacci\u00f3n","@id":"https:\/\/nitu.mx\/#\/schema\/person\/4a28fe9bd65924f7c90623773daf1b0b"},"headline":"Hyatt anuncia una nueva estructura organizacional para Am\u00e9rica","datePublished":"2024-03-05T03:07:34+00:00","dateModified":"2024-03-05T03:07:35+00:00","mainEntityOfPage":{"@id":"https:\/\/nitu.mx\/index.php\/2024\/03\/04\/hyatt-anuncia-una-nueva-estructura-organizacional-para-america\/"},"wordCount":339,"commentCount":0,"publisher":{"@id":"https:\/\/nitu.mx\/#\/schema\/person\/ae7a53426417292d3dd07b45a33e01bc"},"image":{"@id":"https:\/\/nitu.mx\/index.php\/2024\/03\/04\/hyatt-anuncia-una-nueva-estructura-organizacional-para-america\/#primaryimage"},"thumbnailUrl":"https:\/\/nitu.mx\/wp-content\/uploads\/2023\/06\/Hyatt-Vivid-Grand-Island.jpg","keywords":["Gabriel Felip","Hyatt","Juan Pablo","Shyla Gardner","Susan Santiago"],"articleSection":["Hoteles"],"inLanguage":"es-MX","potentialAction":[{"@type":"CommentAction","name":"Comment","target":["https:\/\/nitu.mx\/index.php\/2024\/03\/04\/hyatt-anuncia-una-nueva-estructura-organizacional-para-america\/#respond"]}]},{"@type":"WebPage","@id":"https:\/\/nitu.mx\/index.php\/2024\/03\/04\/hyatt-anuncia-una-nueva-estructura-organizacional-para-america\/","url":"https:\/\/nitu.mx\/index.php\/2024\/03\/04\/hyatt-anuncia-una-nueva-estructura-organizacional-para-america\/","name":"Hyatt anuncia una nueva estructura organizacional para Am\u00e9rica - Nitu - Noticias de la Industria Turistica","isPartOf":{"@id":"https:\/\/nitu.mx\/#website"},"primaryImageOfPage":{"@id":"https:\/\/nitu.mx\/index.php\/2024\/03\/04\/hyatt-anuncia-una-nueva-estructura-organizacional-para-america\/#primaryimage"},"image":{"@id":"https:\/\/nitu.mx\/index.php\/2024\/03\/04\/hyatt-anuncia-una-nueva-estructura-organizacional-para-america\/#primaryimage"},"thumbnailUrl":"https:\/\/nitu.mx\/wp-content\/uploads\/2023\/06\/Hyatt-Vivid-Grand-Island.jpg","datePublished":"2024-03-05T03:07:34+00:00","dateModified":"2024-03-05T03:07:35+00:00","breadcrumb":{"@id":"https:\/\/nitu.mx\/index.php\/2024\/03\/04\/hyatt-anuncia-una-nueva-estructura-organizacional-para-america\/#breadcrumb"},"inLanguage":"es-MX","potentialAction":[{"@type":"ReadAction","target":["https:\/\/nitu.mx\/index.php\/2024\/03\/04\/hyatt-anuncia-una-nueva-estructura-organizacional-para-america\/"]}]},{"@type":"ImageObject","inLanguage":"es-MX","@id":"https:\/\/nitu.mx\/index.php\/2024\/03\/04\/hyatt-anuncia-una-nueva-estructura-organizacional-para-america\/#primaryimage","url":"https:\/\/nitu.mx\/wp-content\/uploads\/2023\/06\/Hyatt-Vivid-Grand-Island.jpg","contentUrl":"https:\/\/nitu.mx\/wp-content\/uploads\/2023\/06\/Hyatt-Vivid-Grand-Island.jpg","width":1200,"height":675,"caption":"Hyatt Vivid Grand Island"},{"@type":"BreadcrumbList","@id":"https:\/\/nitu.mx\/index.php\/2024\/03\/04\/hyatt-anuncia-una-nueva-estructura-organizacional-para-america\/#breadcrumb","itemListElement":[{"@type":"ListItem","position":1,"name":"Inicio","item":"https:\/\/nitu.mx\/"},{"@type":"ListItem","position":2,"name":"Hyatt anuncia una nueva estructura organizacional para Am\u00e9rica"}]},{"@type":"WebSite","@id":"https:\/\/nitu.mx\/#website","url":"https:\/\/nitu.mx\/","name":"Nitu - Noticias de la Industria Turistica","description":"Noticias de la Industria Turistica","publisher":{"@id":"https:\/\/nitu.mx\/#\/schema\/person\/ae7a53426417292d3dd07b45a33e01bc"},"alternateName":"Noticias de la Industria Turistica","potentialAction":[{"@type":"SearchAction","target":{"@type":"EntryPoint","urlTemplate":"https:\/\/nitu.mx\/?s={search_term_string}"},"query-input":"required name=search_term_string"}],"inLanguage":"es-MX"},{"@type":["Person","Organization"],"@id":"https:\/\/nitu.mx\/#\/schema\/person\/ae7a53426417292d3dd07b45a33e01bc","name":"Arturo Medina","image":{"@type":"ImageObject","inLanguage":"es-MX","@id":"https:\/\/nitu.mx\/#\/schema\/person\/image\/","url":"https:\/\/nitu.mx\/wp-content\/uploads\/2024\/04\/4A315622-1904-4D5C-B022-878CDC840E04-90x90-1.jpeg","contentUrl":"https:\/\/nitu.mx\/wp-content\/uploads\/2024\/04\/4A315622-1904-4D5C-B022-878CDC840E04-90x90-1.jpeg","width":90,"height":90,"caption":"Arturo Medina"},"logo":{"@id":"https:\/\/nitu.mx\/#\/schema\/person\/image\/"},"description":"Director NITU.mx, Egresado de la Escuela de Periodismo Carlos Septi\u00e9n Garc\u00eda. Periodista y analista especializado en turismo desde hace 35 a\u00f1os, radicado en Canc\u00fan Q.Roo. arturo@nitu.mx","sameAs":["https:\/\/nitu.mx","https:\/\/www.facebook.com\/NITUmx\/","medinacancun","https:\/\/twitter.com\/@Arturo_Medina_G"]},{"@type":"Person","@id":"https:\/\/nitu.mx\/#\/schema\/person\/4a28fe9bd65924f7c90623773daf1b0b","name":"Redacci\u00f3n","image":{"@type":"ImageObject","inLanguage":"es-MX","@id":"https:\/\/nitu.mx\/#\/schema\/person\/image\/","url":"https:\/\/secure.gravatar.com\/avatar\/5dd011c8ccfc5cd7e4c81e42252aab38?s=96&d=mm&r=g","contentUrl":"https:\/\/secure.gravatar.com\/avatar\/5dd011c8ccfc5cd7e4c81e42252aab38?s=96&d=mm&r=g","caption":"Redacci\u00f3n"},"url":"https:\/\/nitu.mx\/index.php\/author\/redaccion\/"}]}},"views":1159,"_links":{"self":[{"href":"https:\/\/nitu.mx\/index.php\/wp-json\/wp\/v2\/posts\/69041"}],"collection":[{"href":"https:\/\/nitu.mx\/index.php\/wp-json\/wp\/v2\/posts"}],"about":[{"href":"https:\/\/nitu.mx\/index.php\/wp-json\/wp\/v2\/types\/post"}],"author":[{"embeddable":true,"href":"https:\/\/nitu.mx\/index.php\/wp-json\/wp\/v2\/users\/17"}],"replies":[{"embeddable":true,"href":"https:\/\/nitu.mx\/index.php\/wp-json\/wp\/v2\/comments?post=69041"}],"version-history":[{"count":3,"href":"https:\/\/nitu.mx\/index.php\/wp-json\/wp\/v2\/posts\/69041\/revisions"}],"predecessor-version":[{"id":69074,"href":"https:\/\/nitu.mx\/index.php\/wp-json\/wp\/v2\/posts\/69041\/revisions\/69074"}],"wp:featuredmedia":[{"embeddable":true,"href":"https:\/\/nitu.mx\/index.php\/wp-json\/wp\/v2\/media\/64783"}],"wp:attachment":[{"href":"https:\/\/nitu.mx\/index.php\/wp-json\/wp\/v2\/media?parent=69041"}],"wp:term":[{"taxonomy":"category","embeddable":true,"href":"https:\/\/nitu.mx\/index.php\/wp-json\/wp\/v2\/categories?post=69041"},{"taxonomy":"post_tag","embeddable":true,"href":"https:\/\/nitu.mx\/index.php\/wp-json\/wp\/v2\/tags?post=69041"}],"curies":[{"name":"wp","href":"https:\/\/api.w.org\/{rel}","templated":true}]}}