{"id":69011,"date":"2024-03-03T21:59:23","date_gmt":"2024-03-04T03:59:23","guid":{"rendered":"https:\/\/nitu.mx\/?p=69011"},"modified":"2024-03-03T21:59:24","modified_gmt":"2024-03-04T03:59:24","slug":"aeromexico-devolvera-100-de-los-vuelos-a-pasajeros-afectados-por-visa-de-canada","status":"publish","type":"post","link":"https:\/\/nitu.mx\/index.php\/2024\/03\/03\/aeromexico-devolvera-100-de-los-vuelos-a-pasajeros-afectados-por-visa-de-canada\/","title":{"rendered":"Aerom\u00e9xico devolver\u00e1 100% de los vuelos a pasajeros afectados por visa de Canad\u00e1"},"content":{"rendered":"<p>Grupo Aerom\u00e9xico ofreci\u00f3 un vale digital equivalente al 100 por ciento del valor original del vuelo a los pasajeros que ten\u00edan planeado viajar a Canad\u00e1. La aerol\u00ednea activ\u00f3 una pol\u00edtica de protecci\u00f3n a los usuarios debido al nuevo requisito de visa para mexicanos. Puntualiza que este reembolso es aplicable para pasajeros con boleto expedido con placa 139, incluyendo c\u00f3digo compartido AM, emitido antes del 29 de febrero de 2024. Tendr\u00e1 vigencia hasta el 31 de marzo de 2024.<br \/>\nAerom\u00e9xico inform\u00f3 que los pasajeros afectados por las nuevas pol\u00edticas canadienses podr\u00e1n recibir un vale digital equivalente al 100 por ciento del precio del vuelo para reservar otro viaje, si cumplen con los siguientes requisitos:<br \/>\nVuelos comprados antes del 29 de febrero.<br \/>\nBoletos con placa 139 con c\u00f3digo compartido AM.<br \/>\nLos viajeros que obtengan su vale electr\u00f3nico por valor original del boleto, aplicar\u00e1 para cualquiera de sus rutas y con una vigencia de un a\u00f1o.<br \/>\nCanad\u00e1 inform\u00f3 que los mexicanos que busquen viajar a su pa\u00eds deber\u00e1n solicitar visa de turista para permanecer al menos seis meses y los que no cuenten con los permisos necesarios tendr\u00e1n que posponer su viaje. (<a href=\"https:\/\/nitu.mx\/index.php\/2024\/03\/03\/1-4-millones-de-mexicanos-no-podran-viajar-a-canada\/\">1.4 millones de mexicanos no podr\u00e1n viajar a Canad\u00e1<\/a>).<br \/>\n&#8220;Los ciudadanos mexicanos deber\u00e1n obtener una visa para venir a Canad\u00e1 a partir de ahora&#8221;, anunci\u00f3 en una conferencia de prensa el ministro de Inmigraci\u00f3n, Marc Miller, quien dijo que la medida busca preservar &#8220;la viabilidad del sistema de asilo y de inmigraci\u00f3n&#8221;. Canad\u00e1 hab\u00eda retirado la exigencia de visas para los mexicanos en diciembre de 2016.<\/p>\n","protected":false},"excerpt":{"rendered":"<p>Grupo Aerom\u00e9xico ofreci\u00f3 un vale digital equivalente al 100 por ciento del valor original del vuelo a los pasajeros que ten\u00edan planeado viajar a Canad\u00e1. La aerol\u00ednea activ\u00f3 una pol\u00edtica de protecci\u00f3n a los usuarios debido al nuevo requisito de visa para mexicanos. Puntualiza que este reembolso es aplicable para pasajeros con boleto expedido con [&hellip;]<\/p>\n","protected":false},"author":17,"featured_media":54076,"comment_status":"open","ping_status":"open","sticky":false,"template":"","format":"standard","meta":{"footnotes":""},"categories":[29],"tags":[24661,1031,3182,3771,4460,3742,3010],"yoast_head":"<!-- This site is optimized with the Yoast SEO plugin v22.2 - https:\/\/yoast.com\/wordpress\/plugins\/seo\/ -->\n<title>Aerom\u00e9xico devolver\u00e1 100% de los vuelos a pasajeros afectados por visa de Canad\u00e1 - Nitu - Noticias de la Industria Turistica<\/title>\n<meta name=\"robots\" content=\"index, follow, max-snippet:-1, max-image-preview:large, max-video-preview:-1\" \/>\n<link rel=\"canonical\" href=\"https:\/\/nitu.mx\/index.php\/2024\/03\/03\/aeromexico-devolvera-100-de-los-vuelos-a-pasajeros-afectados-por-visa-de-canada\/\" \/>\n<meta name=\"twitter:card\" content=\"summary_large_image\" \/>\n<meta name=\"twitter:title\" content=\"Aerom\u00e9xico devolver\u00e1 100% de los vuelos a pasajeros afectados por visa de Canad\u00e1 - Nitu - Noticias de la Industria Turistica\" \/>\n<meta name=\"twitter:description\" content=\"Grupo Aerom\u00e9xico ofreci\u00f3 un vale digital equivalente al 100 por ciento del valor original del vuelo a los pasajeros que ten\u00edan planeado viajar a Canad\u00e1. La aerol\u00ednea activ\u00f3 una pol\u00edtica de protecci\u00f3n a los usuarios debido al nuevo requisito de visa para mexicanos. Puntualiza que este reembolso es aplicable para pasajeros con boleto expedido con [&hellip;]\" \/>\n<meta name=\"twitter:image\" content=\"https:\/\/nitu.mx\/wp-content\/uploads\/2021\/07\/Aeromexico-737-MAX.jpg\" \/>\n<meta name=\"twitter:creator\" content=\"@NITUmx\" \/>\n<meta name=\"twitter:site\" content=\"@Arturo_Medina_G\" \/>\n<meta name=\"twitter:label1\" content=\"Escrito por\" \/>\n\t<meta name=\"twitter:data1\" content=\"Redacci\u00f3n\" \/>\n\t<meta name=\"twitter:label2\" content=\"Tiempo de lectura\" \/>\n\t<meta name=\"twitter:data2\" content=\"1 minuto\" \/>\n<script type=\"application\/ld+json\" class=\"yoast-schema-graph\">{\"@context\":\"https:\/\/schema.org\",\"@graph\":[{\"@type\":\"Article\",\"@id\":\"https:\/\/nitu.mx\/index.php\/2024\/03\/03\/aeromexico-devolvera-100-de-los-vuelos-a-pasajeros-afectados-por-visa-de-canada\/#article\",\"isPartOf\":{\"@id\":\"https:\/\/nitu.mx\/index.php\/2024\/03\/03\/aeromexico-devolvera-100-de-los-vuelos-a-pasajeros-afectados-por-visa-de-canada\/\"},\"author\":{\"name\":\"Redacci\u00f3n\",\"@id\":\"https:\/\/nitu.mx\/#\/schema\/person\/4a28fe9bd65924f7c90623773daf1b0b\"},\"headline\":\"Aerom\u00e9xico devolver\u00e1 100% de los vuelos a pasajeros afectados por visa de Canad\u00e1\",\"datePublished\":\"2024-03-04T03:59:23+00:00\",\"dateModified\":\"2024-03-04T03:59:24+00:00\",\"mainEntityOfPage\":{\"@id\":\"https:\/\/nitu.mx\/index.php\/2024\/03\/03\/aeromexico-devolvera-100-de-los-vuelos-a-pasajeros-afectados-por-visa-de-canada\/\"},\"wordCount\":277,\"commentCount\":0,\"publisher\":{\"@id\":\"https:\/\/nitu.mx\/#\/schema\/person\/ae7a53426417292d3dd07b45a33e01bc\"},\"image\":{\"@id\":\"https:\/\/nitu.mx\/index.php\/2024\/03\/03\/aeromexico-devolvera-100-de-los-vuelos-a-pasajeros-afectados-por-visa-de-canada\/#primaryimage\"},\"thumbnailUrl\":\"https:\/\/nitu.mx\/wp-content\/uploads\/2021\/07\/Aeromexico-737-MAX.jpg\",\"keywords\":[\"Aerom\u00e9xic\",\"Canad\u00e1\",\"mexicanos\",\"pasajeros\",\"turistas\",\"viajar\",\"Visa\"],\"articleSection\":[\"Aerol\u00edneas\"],\"inLanguage\":\"es-MX\",\"potentialAction\":[{\"@type\":\"CommentAction\",\"name\":\"Comment\",\"target\":[\"https:\/\/nitu.mx\/index.php\/2024\/03\/03\/aeromexico-devolvera-100-de-los-vuelos-a-pasajeros-afectados-por-visa-de-canada\/#respond\"]}]},{\"@type\":\"WebPage\",\"@id\":\"https:\/\/nitu.mx\/index.php\/2024\/03\/03\/aeromexico-devolvera-100-de-los-vuelos-a-pasajeros-afectados-por-visa-de-canada\/\",\"url\":\"https:\/\/nitu.mx\/index.php\/2024\/03\/03\/aeromexico-devolvera-100-de-los-vuelos-a-pasajeros-afectados-por-visa-de-canada\/\",\"name\":\"Aerom\u00e9xico devolver\u00e1 100% de los vuelos a pasajeros afectados por visa de Canad\u00e1 - Nitu - Noticias de la Industria Turistica\",\"isPartOf\":{\"@id\":\"https:\/\/nitu.mx\/#website\"},\"primaryImageOfPage\":{\"@id\":\"https:\/\/nitu.mx\/index.php\/2024\/03\/03\/aeromexico-devolvera-100-de-los-vuelos-a-pasajeros-afectados-por-visa-de-canada\/#primaryimage\"},\"image\":{\"@id\":\"https:\/\/nitu.mx\/index.php\/2024\/03\/03\/aeromexico-devolvera-100-de-los-vuelos-a-pasajeros-afectados-por-visa-de-canada\/#primaryimage\"},\"thumbnailUrl\":\"https:\/\/nitu.mx\/wp-content\/uploads\/2021\/07\/Aeromexico-737-MAX.jpg\",\"datePublished\":\"2024-03-04T03:59:23+00:00\",\"dateModified\":\"2024-03-04T03:59:24+00:00\",\"breadcrumb\":{\"@id\":\"https:\/\/nitu.mx\/index.php\/2024\/03\/03\/aeromexico-devolvera-100-de-los-vuelos-a-pasajeros-afectados-por-visa-de-canada\/#breadcrumb\"},\"inLanguage\":\"es-MX\",\"potentialAction\":[{\"@type\":\"ReadAction\",\"target\":[\"https:\/\/nitu.mx\/index.php\/2024\/03\/03\/aeromexico-devolvera-100-de-los-vuelos-a-pasajeros-afectados-por-visa-de-canada\/\"]}]},{\"@type\":\"ImageObject\",\"inLanguage\":\"es-MX\",\"@id\":\"https:\/\/nitu.mx\/index.php\/2024\/03\/03\/aeromexico-devolvera-100-de-los-vuelos-a-pasajeros-afectados-por-visa-de-canada\/#primaryimage\",\"url\":\"https:\/\/nitu.mx\/wp-content\/uploads\/2021\/07\/Aeromexico-737-MAX.jpg\",\"contentUrl\":\"https:\/\/nitu.mx\/wp-content\/uploads\/2021\/07\/Aeromexico-737-MAX.jpg\",\"width\":1200,\"height\":675,\"caption\":\"Aerom\u00e9xico\"},{\"@type\":\"BreadcrumbList\",\"@id\":\"https:\/\/nitu.mx\/index.php\/2024\/03\/03\/aeromexico-devolvera-100-de-los-vuelos-a-pasajeros-afectados-por-visa-de-canada\/#breadcrumb\",\"itemListElement\":[{\"@type\":\"ListItem\",\"position\":1,\"name\":\"Inicio\",\"item\":\"https:\/\/nitu.mx\/\"},{\"@type\":\"ListItem\",\"position\":2,\"name\":\"Aerom\u00e9xico devolver\u00e1 100% de los vuelos a pasajeros afectados por visa de Canad\u00e1\"}]},{\"@type\":\"WebSite\",\"@id\":\"https:\/\/nitu.mx\/#website\",\"url\":\"https:\/\/nitu.mx\/\",\"name\":\"Nitu - Noticias de la Industria Turistica\",\"description\":\"Noticias de la Industria Turistica\",\"publisher\":{\"@id\":\"https:\/\/nitu.mx\/#\/schema\/person\/ae7a53426417292d3dd07b45a33e01bc\"},\"alternateName\":\"Noticias de la Industria Turistica\",\"potentialAction\":[{\"@type\":\"SearchAction\",\"target\":{\"@type\":\"EntryPoint\",\"urlTemplate\":\"https:\/\/nitu.mx\/?s={search_term_string}\"},\"query-input\":\"required name=search_term_string\"}],\"inLanguage\":\"es-MX\"},{\"@type\":[\"Person\",\"Organization\"],\"@id\":\"https:\/\/nitu.mx\/#\/schema\/person\/ae7a53426417292d3dd07b45a33e01bc\",\"name\":\"Arturo Medina\",\"image\":{\"@type\":\"ImageObject\",\"inLanguage\":\"es-MX\",\"@id\":\"https:\/\/nitu.mx\/#\/schema\/person\/image\/\",\"url\":\"https:\/\/nitu.mx\/wp-content\/uploads\/2024\/04\/4A315622-1904-4D5C-B022-878CDC840E04-90x90-1.jpeg\",\"contentUrl\":\"https:\/\/nitu.mx\/wp-content\/uploads\/2024\/04\/4A315622-1904-4D5C-B022-878CDC840E04-90x90-1.jpeg\",\"width\":90,\"height\":90,\"caption\":\"Arturo Medina\"},\"logo\":{\"@id\":\"https:\/\/nitu.mx\/#\/schema\/person\/image\/\"},\"description\":\"Director NITU.mx, Egresado de la Escuela de Periodismo Carlos Septi\u00e9n Garc\u00eda. Periodista y analista especializado en turismo desde hace 35 a\u00f1os, radicado en Canc\u00fan Q.Roo. arturo@nitu.mx\",\"sameAs\":[\"https:\/\/nitu.mx\",\"https:\/\/www.facebook.com\/NITUmx\/\",\"medinacancun\",\"https:\/\/twitter.com\/@Arturo_Medina_G\"]},{\"@type\":\"Person\",\"@id\":\"https:\/\/nitu.mx\/#\/schema\/person\/4a28fe9bd65924f7c90623773daf1b0b\",\"name\":\"Redacci\u00f3n\",\"image\":{\"@type\":\"ImageObject\",\"inLanguage\":\"es-MX\",\"@id\":\"https:\/\/nitu.mx\/#\/schema\/person\/image\/\",\"url\":\"https:\/\/secure.gravatar.com\/avatar\/5dd011c8ccfc5cd7e4c81e42252aab38?s=96&d=mm&r=g\",\"contentUrl\":\"https:\/\/secure.gravatar.com\/avatar\/5dd011c8ccfc5cd7e4c81e42252aab38?s=96&d=mm&r=g\",\"caption\":\"Redacci\u00f3n\"},\"url\":\"https:\/\/nitu.mx\/index.php\/author\/redaccion\/\"}]}<\/script>\n<!-- \/ Yoast SEO plugin. -->","yoast_head_json":{"title":"Aerom\u00e9xico devolver\u00e1 100% de los vuelos a pasajeros afectados por visa de Canad\u00e1 - Nitu - Noticias de la Industria Turistica","robots":{"index":"index","follow":"follow","max-snippet":"max-snippet:-1","max-image-preview":"max-image-preview:large","max-video-preview":"max-video-preview:-1"},"canonical":"https:\/\/nitu.mx\/index.php\/2024\/03\/03\/aeromexico-devolvera-100-de-los-vuelos-a-pasajeros-afectados-por-visa-de-canada\/","twitter_card":"summary_large_image","twitter_title":"Aerom\u00e9xico devolver\u00e1 100% de los vuelos a pasajeros afectados por visa de Canad\u00e1 - Nitu - Noticias de la Industria Turistica","twitter_description":"Grupo Aerom\u00e9xico ofreci\u00f3 un vale digital equivalente al 100 por ciento del valor original del vuelo a los pasajeros que ten\u00edan planeado viajar a Canad\u00e1. La aerol\u00ednea activ\u00f3 una pol\u00edtica de protecci\u00f3n a los usuarios debido al nuevo requisito de visa para mexicanos. Puntualiza que este reembolso es aplicable para pasajeros con boleto expedido con [&hellip;]","twitter_image":"https:\/\/nitu.mx\/wp-content\/uploads\/2021\/07\/Aeromexico-737-MAX.jpg","twitter_creator":"@NITUmx","twitter_site":"@Arturo_Medina_G","twitter_misc":{"Escrito por":"Redacci\u00f3n","Tiempo de lectura":"1 minuto"},"schema":{"@context":"https:\/\/schema.org","@graph":[{"@type":"Article","@id":"https:\/\/nitu.mx\/index.php\/2024\/03\/03\/aeromexico-devolvera-100-de-los-vuelos-a-pasajeros-afectados-por-visa-de-canada\/#article","isPartOf":{"@id":"https:\/\/nitu.mx\/index.php\/2024\/03\/03\/aeromexico-devolvera-100-de-los-vuelos-a-pasajeros-afectados-por-visa-de-canada\/"},"author":{"name":"Redacci\u00f3n","@id":"https:\/\/nitu.mx\/#\/schema\/person\/4a28fe9bd65924f7c90623773daf1b0b"},"headline":"Aerom\u00e9xico devolver\u00e1 100% de los vuelos a pasajeros afectados por visa de Canad\u00e1","datePublished":"2024-03-04T03:59:23+00:00","dateModified":"2024-03-04T03:59:24+00:00","mainEntityOfPage":{"@id":"https:\/\/nitu.mx\/index.php\/2024\/03\/03\/aeromexico-devolvera-100-de-los-vuelos-a-pasajeros-afectados-por-visa-de-canada\/"},"wordCount":277,"commentCount":0,"publisher":{"@id":"https:\/\/nitu.mx\/#\/schema\/person\/ae7a53426417292d3dd07b45a33e01bc"},"image":{"@id":"https:\/\/nitu.mx\/index.php\/2024\/03\/03\/aeromexico-devolvera-100-de-los-vuelos-a-pasajeros-afectados-por-visa-de-canada\/#primaryimage"},"thumbnailUrl":"https:\/\/nitu.mx\/wp-content\/uploads\/2021\/07\/Aeromexico-737-MAX.jpg","keywords":["Aerom\u00e9xic","Canad\u00e1","mexicanos","pasajeros","turistas","viajar","Visa"],"articleSection":["Aerol\u00edneas"],"inLanguage":"es-MX","potentialAction":[{"@type":"CommentAction","name":"Comment","target":["https:\/\/nitu.mx\/index.php\/2024\/03\/03\/aeromexico-devolvera-100-de-los-vuelos-a-pasajeros-afectados-por-visa-de-canada\/#respond"]}]},{"@type":"WebPage","@id":"https:\/\/nitu.mx\/index.php\/2024\/03\/03\/aeromexico-devolvera-100-de-los-vuelos-a-pasajeros-afectados-por-visa-de-canada\/","url":"https:\/\/nitu.mx\/index.php\/2024\/03\/03\/aeromexico-devolvera-100-de-los-vuelos-a-pasajeros-afectados-por-visa-de-canada\/","name":"Aerom\u00e9xico devolver\u00e1 100% de los vuelos a pasajeros afectados por visa de Canad\u00e1 - Nitu - Noticias de la Industria Turistica","isPartOf":{"@id":"https:\/\/nitu.mx\/#website"},"primaryImageOfPage":{"@id":"https:\/\/nitu.mx\/index.php\/2024\/03\/03\/aeromexico-devolvera-100-de-los-vuelos-a-pasajeros-afectados-por-visa-de-canada\/#primaryimage"},"image":{"@id":"https:\/\/nitu.mx\/index.php\/2024\/03\/03\/aeromexico-devolvera-100-de-los-vuelos-a-pasajeros-afectados-por-visa-de-canada\/#primaryimage"},"thumbnailUrl":"https:\/\/nitu.mx\/wp-content\/uploads\/2021\/07\/Aeromexico-737-MAX.jpg","datePublished":"2024-03-04T03:59:23+00:00","dateModified":"2024-03-04T03:59:24+00:00","breadcrumb":{"@id":"https:\/\/nitu.mx\/index.php\/2024\/03\/03\/aeromexico-devolvera-100-de-los-vuelos-a-pasajeros-afectados-por-visa-de-canada\/#breadcrumb"},"inLanguage":"es-MX","potentialAction":[{"@type":"ReadAction","target":["https:\/\/nitu.mx\/index.php\/2024\/03\/03\/aeromexico-devolvera-100-de-los-vuelos-a-pasajeros-afectados-por-visa-de-canada\/"]}]},{"@type":"ImageObject","inLanguage":"es-MX","@id":"https:\/\/nitu.mx\/index.php\/2024\/03\/03\/aeromexico-devolvera-100-de-los-vuelos-a-pasajeros-afectados-por-visa-de-canada\/#primaryimage","url":"https:\/\/nitu.mx\/wp-content\/uploads\/2021\/07\/Aeromexico-737-MAX.jpg","contentUrl":"https:\/\/nitu.mx\/wp-content\/uploads\/2021\/07\/Aeromexico-737-MAX.jpg","width":1200,"height":675,"caption":"Aerom\u00e9xico"},{"@type":"BreadcrumbList","@id":"https:\/\/nitu.mx\/index.php\/2024\/03\/03\/aeromexico-devolvera-100-de-los-vuelos-a-pasajeros-afectados-por-visa-de-canada\/#breadcrumb","itemListElement":[{"@type":"ListItem","position":1,"name":"Inicio","item":"https:\/\/nitu.mx\/"},{"@type":"ListItem","position":2,"name":"Aerom\u00e9xico devolver\u00e1 100% de los vuelos a pasajeros afectados por visa de Canad\u00e1"}]},{"@type":"WebSite","@id":"https:\/\/nitu.mx\/#website","url":"https:\/\/nitu.mx\/","name":"Nitu - Noticias de la Industria Turistica","description":"Noticias de la Industria Turistica","publisher":{"@id":"https:\/\/nitu.mx\/#\/schema\/person\/ae7a53426417292d3dd07b45a33e01bc"},"alternateName":"Noticias de la Industria Turistica","potentialAction":[{"@type":"SearchAction","target":{"@type":"EntryPoint","urlTemplate":"https:\/\/nitu.mx\/?s={search_term_string}"},"query-input":"required name=search_term_string"}],"inLanguage":"es-MX"},{"@type":["Person","Organization"],"@id":"https:\/\/nitu.mx\/#\/schema\/person\/ae7a53426417292d3dd07b45a33e01bc","name":"Arturo Medina","image":{"@type":"ImageObject","inLanguage":"es-MX","@id":"https:\/\/nitu.mx\/#\/schema\/person\/image\/","url":"https:\/\/nitu.mx\/wp-content\/uploads\/2024\/04\/4A315622-1904-4D5C-B022-878CDC840E04-90x90-1.jpeg","contentUrl":"https:\/\/nitu.mx\/wp-content\/uploads\/2024\/04\/4A315622-1904-4D5C-B022-878CDC840E04-90x90-1.jpeg","width":90,"height":90,"caption":"Arturo Medina"},"logo":{"@id":"https:\/\/nitu.mx\/#\/schema\/person\/image\/"},"description":"Director NITU.mx, Egresado de la Escuela de Periodismo Carlos Septi\u00e9n Garc\u00eda. Periodista y analista especializado en turismo desde hace 35 a\u00f1os, radicado en Canc\u00fan Q.Roo. arturo@nitu.mx","sameAs":["https:\/\/nitu.mx","https:\/\/www.facebook.com\/NITUmx\/","medinacancun","https:\/\/twitter.com\/@Arturo_Medina_G"]},{"@type":"Person","@id":"https:\/\/nitu.mx\/#\/schema\/person\/4a28fe9bd65924f7c90623773daf1b0b","name":"Redacci\u00f3n","image":{"@type":"ImageObject","inLanguage":"es-MX","@id":"https:\/\/nitu.mx\/#\/schema\/person\/image\/","url":"https:\/\/secure.gravatar.com\/avatar\/5dd011c8ccfc5cd7e4c81e42252aab38?s=96&d=mm&r=g","contentUrl":"https:\/\/secure.gravatar.com\/avatar\/5dd011c8ccfc5cd7e4c81e42252aab38?s=96&d=mm&r=g","caption":"Redacci\u00f3n"},"url":"https:\/\/nitu.mx\/index.php\/author\/redaccion\/"}]}},"views":1118,"_links":{"self":[{"href":"https:\/\/nitu.mx\/index.php\/wp-json\/wp\/v2\/posts\/69011"}],"collection":[{"href":"https:\/\/nitu.mx\/index.php\/wp-json\/wp\/v2\/posts"}],"about":[{"href":"https:\/\/nitu.mx\/index.php\/wp-json\/wp\/v2\/types\/post"}],"author":[{"embeddable":true,"href":"https:\/\/nitu.mx\/index.php\/wp-json\/wp\/v2\/users\/17"}],"replies":[{"embeddable":true,"href":"https:\/\/nitu.mx\/index.php\/wp-json\/wp\/v2\/comments?post=69011"}],"version-history":[{"count":3,"href":"https:\/\/nitu.mx\/index.php\/wp-json\/wp\/v2\/posts\/69011\/revisions"}],"predecessor-version":[{"id":69029,"href":"https:\/\/nitu.mx\/index.php\/wp-json\/wp\/v2\/posts\/69011\/revisions\/69029"}],"wp:featuredmedia":[{"embeddable":true,"href":"https:\/\/nitu.mx\/index.php\/wp-json\/wp\/v2\/media\/54076"}],"wp:attachment":[{"href":"https:\/\/nitu.mx\/index.php\/wp-json\/wp\/v2\/media?parent=69011"}],"wp:term":[{"taxonomy":"category","embeddable":true,"href":"https:\/\/nitu.mx\/index.php\/wp-json\/wp\/v2\/categories?post=69011"},{"taxonomy":"post_tag","embeddable":true,"href":"https:\/\/nitu.mx\/index.php\/wp-json\/wp\/v2\/tags?post=69011"}],"curies":[{"name":"wp","href":"https:\/\/api.w.org\/{rel}","templated":true}]}}