{"id":68971,"date":"2024-02-29T23:22:19","date_gmt":"2024-03-01T05:22:19","guid":{"rendered":"https:\/\/nitu.mx\/?p=68971"},"modified":"2024-02-29T23:22:20","modified_gmt":"2024-03-01T05:22:20","slug":"hito-historico-grupo-xcaret-sella-acuerdos-con-el-gran-consejo-maya-en-defensa-de-los-derechos-y-el-patrimonio","status":"publish","type":"post","link":"https:\/\/nitu.mx\/index.php\/2024\/02\/29\/hito-historico-grupo-xcaret-sella-acuerdos-con-el-gran-consejo-maya-en-defensa-de-los-derechos-y-el-patrimonio\/","title":{"rendered":"Hito hist\u00f3rico: Grupo Xcaret sella acuerdos con el Gran Consejo Maya en defensa de los derechos y el patrimonio"},"content":{"rendered":"\n<p>En un acto hist\u00f3rico y sin precedentes, el Gran Consejo Maya de Quintana Roo, representante m\u00e1ximo del Pueblo Maya en la Entidad y Grupo Xcaret, empresa tur\u00edstica que desde hace varias d\u00e9cadas lleva a cabo acciones de &nbsp;difusi\u00f3n y salvaguardia del patrimonio cultural, &nbsp;han sostenido mesas de di\u00e1logo para abordar temas convenidos en el uso, protecci\u00f3n y desarrollo del patrimonio cultural maya y con ello lograr acuerdos y entendimientos consensados. Dichas reuniones se han llevado a cabo siempre de buena fe, con respeto, cordialidad y mutuo compromiso por el bien com\u00fan.<\/p>\n\n\n\n<p>En las reuniones se abordaron y analizaron acciones, programas, mecanismos&nbsp; e ideas para&nbsp; la protecci\u00f3n y preservaci\u00f3n del patrimonio cultural ind\u00edgena, que en el marco de la Ley, permitan&nbsp; la colaboraci\u00f3n con el Consejo Maya para salvaguardar y transmitir sus conocimientos ancestrales&nbsp; su autonom\u00eda cultural, y la participaci\u00f3n activa del pueblo ind\u00edgena en decisiones que afecten su vida actual y la herencia cultural.<\/p>\n\n\n\n<p>Por parte del Gran Consejo Maya participaron Sim\u00f3n Caamal Coh en su car\u00e1cter de Presidente del Gran Consejo Maya y Juez Tradicional del Centro Ceremonial de Chump\u00f3n; el General Gabino Cruz Yeh Secretario del Gran Consejo y General del Centro Ceremonial de Chanc\u00e1 Veracruz, Esteban Caamal Dzul dignatario y Sacerdote del Centro Ceremonial de Tixcacal Guardia, y Edilberto Chabl\u00e9 Catz\u00edn, Sacerdote y representante del Centro Ceremonial de la Cruz Parlante de Felipe Carrillo Puerto. Los acompa\u00f1aron tambi\u00e9n la Licenciada Catalina Rodr\u00edguez y el Profesor Joaqu\u00edn Arz\u00e1palo G\u00f3mez, asesores del Gran Consejo Maya.<\/p>\n\n\n\n<p>Por parte de Grupo Xcaret participaron representantes del Comit\u00e9 de Salvaguardia del Patrimonio Cultural de y en Xcaret: Leticia Aguerrebere Salido en su car\u00e1cter de Presidenta y Direcci\u00f3n Corporativa de Arte y Cultura; Iliana Rodr\u00edguez, Secretaria y Direcci\u00f3n Corporativa de Sostenibilidad y Di\u00e1logo Insitucional; Ra\u00fal Lugo, Vocal y Direcci\u00f3n Jur\u00eddico Legal; Mauricio Kuri, Direcci\u00f3n de Comunicaci\u00f3n Corporativa; Armando Real, Abogado del \u00c1rea Jur\u00eddico Legal, Nelson G\u00f3mez K\u00fa, Jefatura de Exhibiciones y Animaci\u00f3n Cultural y V\u00edctor Nolasco, Subgerencia de Comunidades Sostenibles.<\/p>\n\n\n\n<p>A continuaci\u00f3n, se\u00f1alamos algunas de las conclusiones m\u00e1s importantes.<\/p>\n\n\n\n<ul>\n<li>Ambas partes entienden que la Ley Federal de Protecci\u00f3n del Patrimonio Cultural de los Pueblos y Comunidades Ind\u00edgenas y Afromexicanas, aun con la falta de instrumentaci\u00f3n de sus normas transitorias, es un gran avance para armonizar las relaciones de los pueblos ind\u00edgenas, con aquellas personas p\u00fablicas y privadas que tienen inter\u00e9s en hacer uso del patrimonio cultural ind\u00edgena y ratificaron su voluntad ante esta transitoriedad, de mantener la conciliaci\u00f3n de intereses para acatarla.<\/li>\n<\/ul>\n\n\n\n<ul>\n<li>Ambas partes entienden que el Patrimonio Arqueol\u00f3gico no es materia de la ley antes mencionada sino competencia del Instituto Nacional de Antropolog\u00eda e Historia de acuerdo con lo establecido en la Constituci\u00f3n.<\/li>\n<\/ul>\n\n\n\n<ul>\n<li>Ambas partes se conciben como Quintanarroenses y es en ese marco que se desarrollan los acuerdos.<\/li>\n<\/ul>\n\n\n\n<ul>\n<li>Grupo Xcaret entiende que, con fundamento en la Ley de Derechos, Cultura y Organizaci\u00f3n Ind\u00edgena del Estado de Quintana Roo, el Gran Consejo Maya es el \u00f3rgano m\u00e1ximo de representaci\u00f3n de los ind\u00edgenas mayas del Estado de Quintana Roo.<\/li>\n<\/ul>\n\n\n\n<ul>\n<li>El Gran Consejo Maya reconoce que en Grupo Xcaret existe una pol\u00edtica empresarial de irrestricto respeto a los pueblos ind\u00edgenas y una vocaci\u00f3n real para realizar acciones de salvaguardia del Patrimonio Cultural de M\u00e9xico, raz\u00f3n por la que el tratamiento de los distintos eventos en que se difunde la cultura mexicana, se realiza por expertos y con un gran cuidado y apego a la tradici\u00f3n oral y los documentos hist\u00f3ricos.<\/li>\n<\/ul>\n\n\n\n<ul>\n<li>El Gran Consejo Maya reconoce que Grupo Xcaret lleva m\u00e1s de treinta a\u00f1os valorando, visibilizando, difundiendo, transmitiendo y revitalizando, con dignidad, el Patrimonio de todo M\u00e9xico y que, con la entrada en vigor de la Ley Federal de Protecci\u00f3n del Patrimonio Cultural de los Pueblos y Comunidades Ind\u00edgenas y Afromexicanas, hubo un cambio de paradigma en el uso de los elementos del patrimonio cultural ind\u00edgena por lo que Grupo Xcaret tom\u00f3 las medidas necesarias para asumir dicho cambio.<\/li>\n<\/ul>\n\n\n\n<ul>\n<li>Grupo Xcaret reconoce la necesidad expresada por el Gran Consejo Maya de defender, proteger y desarrollar&nbsp;&nbsp; el patrimonio cultural ind\u00edgena maya, como una de las v\u00edas m\u00e1s importantes para preservar la cultura maya y el sentido de identidad del pueblo maya.<\/li>\n<\/ul>\n\n\n\n<ul>\n<li>Se acord\u00f3 que Grupo Xcaret seguir\u00e1 propiciando espacios adecuados para que los portadores (herederos y transmisores de tradiciones, conocimiento y patrimonio vivo) compartan con dignidad las manifestaciones de su cultura con visi\u00f3n de prosperidad y valor compartido. Ello siempre con absoluto apego a la \u00e9tica y su autodeterminaci\u00f3n y mediante consentimiento previo, libre e informado de acuerdo con sus usos y costumbres, d\u00e1ndole cr\u00e9dito a los portadores y retribuyendo con una compensaci\u00f3n justa acordada por ambas partes.<\/li>\n<\/ul>\n\n\n\n<ul>\n<li>Se convino que Grupo Xcaret, apoyar\u00e1 proyectos de investigaci\u00f3n, preservaci\u00f3n, protecci\u00f3n, visibilizaci\u00f3n, valorizaci\u00f3n, revitalizaci\u00f3n, difusi\u00f3n y transmisi\u00f3n del Patrimonio Vivo que los Centros Ceremoniales decidan compartir siendo, de forma enunciativa pero no limitativa, la m\u00fasica de mayapaax, la formaci\u00f3n de rezadores, ceremonias tradicionales, fiestas patronales y la transmisi\u00f3n de medicina tradicional. Ello respetando la autodeterminaci\u00f3n de cada Centro Ceremonial.<\/li>\n<\/ul>\n\n\n\n<ul>\n<li>Se acord\u00f3 dar continuidad a los intercambios de saberes entre ambas partes que enriquecen y mejoran tanto la vida comunitaria como el entendimiento del valor de las tradiciones en pro del Patrimonio de Quintana Roo y de M\u00e9xico.<\/li>\n<\/ul>\n\n\n\n<ul>\n<li>Grupo Xcaret se comprometi\u00f3 a trabajar con el Gran Consejo Maya en su conjunto, esto es con los Cinco Centros Ceremoniales en lo general, y cuestiones espec\u00edficas con cada uno de los Centros Ceremoniales, previo programa que se defina conjuntamente con el Gran Consejo Maya.<\/li>\n<\/ul>\n\n\n\n<p>Sim\u00f3n Caamal, Presidente del Gran Consejo Maya, reconoci\u00f3&nbsp; el respeto con el que Grupo Xcaret se ha conducido en el tratamiento del patrimonio Cultural maya y dijo que el pueblo maya aspira a que,&nbsp; tanto el gobierno como los empresarios, reconozcan los derechos que la nueva Ley les otorga sobre su patrimonio cultural, y que llegue el d\u00eda en que, sin necesidad de presentar quejas y denuncias ante las autoridades competentes, reconozcan dichos derechos y lleguen a acuerdos con ellos, para la autorizaci\u00f3n del uso de los elementos del patrimonio cultural ind\u00edgena.<\/p>\n\n\n\n<p>Por su parte, Leticia Aguerrebere, Presidenta del Comit\u00e9 de Patrimonio Cultural de y en Xcaret mencion\u00f3 que Grupo Xcaret siempre se ha conducido y se conducir\u00e1 en el marco de la legalidad y con absoluto respeto a los Derechos Humanos. Lo anteriormente mencionado ha quedado debidamente establecido y firmado por ambas partes en un acuerdo. (<a href=\"https:\/\/nitu.mx\/index.php\/2024\/02\/21\/xi-premios-platino-en-xcaret-mexico-anuncio-de-nominados-en-ceremonia-previa\/\">XI Premios Platino en Xcaret M\u00e9xico: Anuncio de Nominados en Ceremonia Previa<\/a>)<\/p>\n","protected":false},"excerpt":{"rendered":"<p>En un acto hist\u00f3rico y sin precedentes, el Gran Consejo Maya de Quintana Roo, representante m\u00e1ximo del Pueblo Maya en la Entidad y Grupo Xcaret, empresa tur\u00edstica que desde hace varias d\u00e9cadas lleva a cabo acciones de &nbsp;difusi\u00f3n y salvaguardia del patrimonio cultural, &nbsp;han sostenido mesas de di\u00e1logo para abordar temas convenidos en el uso, [&hellip;]<\/p>\n","protected":false},"author":17,"featured_media":68974,"comment_status":"open","ping_status":"open","sticky":false,"template":"","format":"standard","meta":{"footnotes":""},"categories":[18475],"tags":[24656,3047,1528,24657],"yoast_head":"<!-- This site is optimized with the Yoast SEO plugin v22.2 - https:\/\/yoast.com\/wordpress\/plugins\/seo\/ -->\n<title>Hito hist\u00f3rico: Grupo Xcaret sella acuerdos con el Gran Consejo Maya en defensa de los derechos y el patrimonio - Nitu - Noticias de la Industria Turistica<\/title>\n<meta name=\"robots\" content=\"index, follow, max-snippet:-1, max-image-preview:large, max-video-preview:-1\" \/>\n<link rel=\"canonical\" href=\"https:\/\/nitu.mx\/index.php\/2024\/02\/29\/hito-historico-grupo-xcaret-sella-acuerdos-con-el-gran-consejo-maya-en-defensa-de-los-derechos-y-el-patrimonio\/\" \/>\n<meta name=\"twitter:card\" content=\"summary_large_image\" \/>\n<meta name=\"twitter:title\" content=\"Hito hist\u00f3rico: Grupo Xcaret sella acuerdos con el Gran Consejo Maya en defensa de los derechos y el patrimonio - Nitu - Noticias de la Industria Turistica\" \/>\n<meta name=\"twitter:description\" content=\"En un acto hist\u00f3rico y sin precedentes, el Gran Consejo Maya de Quintana Roo, representante m\u00e1ximo del Pueblo Maya en la Entidad y Grupo Xcaret, empresa tur\u00edstica que desde hace varias d\u00e9cadas lleva a cabo acciones de &nbsp;difusi\u00f3n y salvaguardia del patrimonio cultural, &nbsp;han sostenido mesas de di\u00e1logo para abordar temas convenidos en el uso, [&hellip;]\" \/>\n<meta name=\"twitter:image\" content=\"https:\/\/nitu.mx\/wp-content\/uploads\/2024\/02\/Grupo-Xcaret-Gran-Consejo-Maya.jpg\" \/>\n<meta name=\"twitter:creator\" content=\"@NITUmx\" \/>\n<meta name=\"twitter:site\" content=\"@Arturo_Medina_G\" \/>\n<meta name=\"twitter:label1\" content=\"Escrito por\" \/>\n\t<meta name=\"twitter:data1\" content=\"Redacci\u00f3n\" \/>\n\t<meta name=\"twitter:label2\" content=\"Tiempo de lectura\" \/>\n\t<meta name=\"twitter:data2\" content=\"6 minutos\" \/>\n<script type=\"application\/ld+json\" class=\"yoast-schema-graph\">{\"@context\":\"https:\/\/schema.org\",\"@graph\":[{\"@type\":\"Article\",\"@id\":\"https:\/\/nitu.mx\/index.php\/2024\/02\/29\/hito-historico-grupo-xcaret-sella-acuerdos-con-el-gran-consejo-maya-en-defensa-de-los-derechos-y-el-patrimonio\/#article\",\"isPartOf\":{\"@id\":\"https:\/\/nitu.mx\/index.php\/2024\/02\/29\/hito-historico-grupo-xcaret-sella-acuerdos-con-el-gran-consejo-maya-en-defensa-de-los-derechos-y-el-patrimonio\/\"},\"author\":{\"name\":\"Redacci\u00f3n\",\"@id\":\"https:\/\/nitu.mx\/#\/schema\/person\/4a28fe9bd65924f7c90623773daf1b0b\"},\"headline\":\"Hito hist\u00f3rico: Grupo Xcaret sella acuerdos con el Gran Consejo Maya en defensa de los derechos y el patrimonio\",\"datePublished\":\"2024-03-01T05:22:19+00:00\",\"dateModified\":\"2024-03-01T05:22:20+00:00\",\"mainEntityOfPage\":{\"@id\":\"https:\/\/nitu.mx\/index.php\/2024\/02\/29\/hito-historico-grupo-xcaret-sella-acuerdos-con-el-gran-consejo-maya-en-defensa-de-los-derechos-y-el-patrimonio\/\"},\"wordCount\":1190,\"commentCount\":0,\"publisher\":{\"@id\":\"https:\/\/nitu.mx\/#\/schema\/person\/ae7a53426417292d3dd07b45a33e01bc\"},\"image\":{\"@id\":\"https:\/\/nitu.mx\/index.php\/2024\/02\/29\/hito-historico-grupo-xcaret-sella-acuerdos-con-el-gran-consejo-maya-en-defensa-de-los-derechos-y-el-patrimonio\/#primaryimage\"},\"thumbnailUrl\":\"https:\/\/nitu.mx\/wp-content\/uploads\/2024\/02\/Grupo-Xcaret-Gran-Consejo-Maya.jpg\",\"keywords\":[\"Gran Consejo Maya\",\"Grupo Xcaret\",\"Leticia Aguerrebere\",\"Sim\u00f3n Caamal\"],\"articleSection\":[\"Caribe Mexicano\"],\"inLanguage\":\"es-MX\",\"potentialAction\":[{\"@type\":\"CommentAction\",\"name\":\"Comment\",\"target\":[\"https:\/\/nitu.mx\/index.php\/2024\/02\/29\/hito-historico-grupo-xcaret-sella-acuerdos-con-el-gran-consejo-maya-en-defensa-de-los-derechos-y-el-patrimonio\/#respond\"]}]},{\"@type\":\"WebPage\",\"@id\":\"https:\/\/nitu.mx\/index.php\/2024\/02\/29\/hito-historico-grupo-xcaret-sella-acuerdos-con-el-gran-consejo-maya-en-defensa-de-los-derechos-y-el-patrimonio\/\",\"url\":\"https:\/\/nitu.mx\/index.php\/2024\/02\/29\/hito-historico-grupo-xcaret-sella-acuerdos-con-el-gran-consejo-maya-en-defensa-de-los-derechos-y-el-patrimonio\/\",\"name\":\"Hito hist\u00f3rico: Grupo Xcaret sella acuerdos con el Gran Consejo Maya en defensa de los derechos y el patrimonio - Nitu - Noticias de la Industria Turistica\",\"isPartOf\":{\"@id\":\"https:\/\/nitu.mx\/#website\"},\"primaryImageOfPage\":{\"@id\":\"https:\/\/nitu.mx\/index.php\/2024\/02\/29\/hito-historico-grupo-xcaret-sella-acuerdos-con-el-gran-consejo-maya-en-defensa-de-los-derechos-y-el-patrimonio\/#primaryimage\"},\"image\":{\"@id\":\"https:\/\/nitu.mx\/index.php\/2024\/02\/29\/hito-historico-grupo-xcaret-sella-acuerdos-con-el-gran-consejo-maya-en-defensa-de-los-derechos-y-el-patrimonio\/#primaryimage\"},\"thumbnailUrl\":\"https:\/\/nitu.mx\/wp-content\/uploads\/2024\/02\/Grupo-Xcaret-Gran-Consejo-Maya.jpg\",\"datePublished\":\"2024-03-01T05:22:19+00:00\",\"dateModified\":\"2024-03-01T05:22:20+00:00\",\"breadcrumb\":{\"@id\":\"https:\/\/nitu.mx\/index.php\/2024\/02\/29\/hito-historico-grupo-xcaret-sella-acuerdos-con-el-gran-consejo-maya-en-defensa-de-los-derechos-y-el-patrimonio\/#breadcrumb\"},\"inLanguage\":\"es-MX\",\"potentialAction\":[{\"@type\":\"ReadAction\",\"target\":[\"https:\/\/nitu.mx\/index.php\/2024\/02\/29\/hito-historico-grupo-xcaret-sella-acuerdos-con-el-gran-consejo-maya-en-defensa-de-los-derechos-y-el-patrimonio\/\"]}]},{\"@type\":\"ImageObject\",\"inLanguage\":\"es-MX\",\"@id\":\"https:\/\/nitu.mx\/index.php\/2024\/02\/29\/hito-historico-grupo-xcaret-sella-acuerdos-con-el-gran-consejo-maya-en-defensa-de-los-derechos-y-el-patrimonio\/#primaryimage\",\"url\":\"https:\/\/nitu.mx\/wp-content\/uploads\/2024\/02\/Grupo-Xcaret-Gran-Consejo-Maya.jpg\",\"contentUrl\":\"https:\/\/nitu.mx\/wp-content\/uploads\/2024\/02\/Grupo-Xcaret-Gran-Consejo-Maya.jpg\",\"width\":1200,\"height\":675,\"caption\":\"Grupo Xcaret Gran Consejo Maya\"},{\"@type\":\"BreadcrumbList\",\"@id\":\"https:\/\/nitu.mx\/index.php\/2024\/02\/29\/hito-historico-grupo-xcaret-sella-acuerdos-con-el-gran-consejo-maya-en-defensa-de-los-derechos-y-el-patrimonio\/#breadcrumb\",\"itemListElement\":[{\"@type\":\"ListItem\",\"position\":1,\"name\":\"Inicio\",\"item\":\"https:\/\/nitu.mx\/\"},{\"@type\":\"ListItem\",\"position\":2,\"name\":\"Hito hist\u00f3rico: Grupo Xcaret sella acuerdos con el Gran Consejo Maya en defensa de los derechos y el patrimonio\"}]},{\"@type\":\"WebSite\",\"@id\":\"https:\/\/nitu.mx\/#website\",\"url\":\"https:\/\/nitu.mx\/\",\"name\":\"Nitu - Noticias de la Industria Turistica\",\"description\":\"Noticias de la Industria Turistica\",\"publisher\":{\"@id\":\"https:\/\/nitu.mx\/#\/schema\/person\/ae7a53426417292d3dd07b45a33e01bc\"},\"alternateName\":\"Noticias de la Industria Turistica\",\"potentialAction\":[{\"@type\":\"SearchAction\",\"target\":{\"@type\":\"EntryPoint\",\"urlTemplate\":\"https:\/\/nitu.mx\/?s={search_term_string}\"},\"query-input\":\"required name=search_term_string\"}],\"inLanguage\":\"es-MX\"},{\"@type\":[\"Person\",\"Organization\"],\"@id\":\"https:\/\/nitu.mx\/#\/schema\/person\/ae7a53426417292d3dd07b45a33e01bc\",\"name\":\"Arturo Medina\",\"image\":{\"@type\":\"ImageObject\",\"inLanguage\":\"es-MX\",\"@id\":\"https:\/\/nitu.mx\/#\/schema\/person\/image\/\",\"url\":\"https:\/\/nitu.mx\/wp-content\/uploads\/2024\/04\/4A315622-1904-4D5C-B022-878CDC840E04-90x90-1.jpeg\",\"contentUrl\":\"https:\/\/nitu.mx\/wp-content\/uploads\/2024\/04\/4A315622-1904-4D5C-B022-878CDC840E04-90x90-1.jpeg\",\"width\":90,\"height\":90,\"caption\":\"Arturo Medina\"},\"logo\":{\"@id\":\"https:\/\/nitu.mx\/#\/schema\/person\/image\/\"},\"description\":\"Director NITU.mx, Egresado de la Escuela de Periodismo Carlos Septi\u00e9n Garc\u00eda. Periodista y analista especializado en turismo desde hace 35 a\u00f1os, radicado en Canc\u00fan Q.Roo. arturo@nitu.mx\",\"sameAs\":[\"https:\/\/nitu.mx\",\"https:\/\/www.facebook.com\/NITUmx\/\",\"medinacancun\",\"https:\/\/twitter.com\/@Arturo_Medina_G\"]},{\"@type\":\"Person\",\"@id\":\"https:\/\/nitu.mx\/#\/schema\/person\/4a28fe9bd65924f7c90623773daf1b0b\",\"name\":\"Redacci\u00f3n\",\"image\":{\"@type\":\"ImageObject\",\"inLanguage\":\"es-MX\",\"@id\":\"https:\/\/nitu.mx\/#\/schema\/person\/image\/\",\"url\":\"https:\/\/secure.gravatar.com\/avatar\/5dd011c8ccfc5cd7e4c81e42252aab38?s=96&d=mm&r=g\",\"contentUrl\":\"https:\/\/secure.gravatar.com\/avatar\/5dd011c8ccfc5cd7e4c81e42252aab38?s=96&d=mm&r=g\",\"caption\":\"Redacci\u00f3n\"},\"url\":\"https:\/\/nitu.mx\/index.php\/author\/redaccion\/\"}]}<\/script>\n<!-- \/ Yoast SEO plugin. -->","yoast_head_json":{"title":"Hito hist\u00f3rico: Grupo Xcaret sella acuerdos con el Gran Consejo Maya en defensa de los derechos y el patrimonio - Nitu - Noticias de la Industria Turistica","robots":{"index":"index","follow":"follow","max-snippet":"max-snippet:-1","max-image-preview":"max-image-preview:large","max-video-preview":"max-video-preview:-1"},"canonical":"https:\/\/nitu.mx\/index.php\/2024\/02\/29\/hito-historico-grupo-xcaret-sella-acuerdos-con-el-gran-consejo-maya-en-defensa-de-los-derechos-y-el-patrimonio\/","twitter_card":"summary_large_image","twitter_title":"Hito hist\u00f3rico: Grupo Xcaret sella acuerdos con el Gran Consejo Maya en defensa de los derechos y el patrimonio - Nitu - Noticias de la Industria Turistica","twitter_description":"En un acto hist\u00f3rico y sin precedentes, el Gran Consejo Maya de Quintana Roo, representante m\u00e1ximo del Pueblo Maya en la Entidad y Grupo Xcaret, empresa tur\u00edstica que desde hace varias d\u00e9cadas lleva a cabo acciones de &nbsp;difusi\u00f3n y salvaguardia del patrimonio cultural, &nbsp;han sostenido mesas de di\u00e1logo para abordar temas convenidos en el uso, [&hellip;]","twitter_image":"https:\/\/nitu.mx\/wp-content\/uploads\/2024\/02\/Grupo-Xcaret-Gran-Consejo-Maya.jpg","twitter_creator":"@NITUmx","twitter_site":"@Arturo_Medina_G","twitter_misc":{"Escrito por":"Redacci\u00f3n","Tiempo de lectura":"6 minutos"},"schema":{"@context":"https:\/\/schema.org","@graph":[{"@type":"Article","@id":"https:\/\/nitu.mx\/index.php\/2024\/02\/29\/hito-historico-grupo-xcaret-sella-acuerdos-con-el-gran-consejo-maya-en-defensa-de-los-derechos-y-el-patrimonio\/#article","isPartOf":{"@id":"https:\/\/nitu.mx\/index.php\/2024\/02\/29\/hito-historico-grupo-xcaret-sella-acuerdos-con-el-gran-consejo-maya-en-defensa-de-los-derechos-y-el-patrimonio\/"},"author":{"name":"Redacci\u00f3n","@id":"https:\/\/nitu.mx\/#\/schema\/person\/4a28fe9bd65924f7c90623773daf1b0b"},"headline":"Hito hist\u00f3rico: Grupo Xcaret sella acuerdos con el Gran Consejo Maya en defensa de los derechos y el patrimonio","datePublished":"2024-03-01T05:22:19+00:00","dateModified":"2024-03-01T05:22:20+00:00","mainEntityOfPage":{"@id":"https:\/\/nitu.mx\/index.php\/2024\/02\/29\/hito-historico-grupo-xcaret-sella-acuerdos-con-el-gran-consejo-maya-en-defensa-de-los-derechos-y-el-patrimonio\/"},"wordCount":1190,"commentCount":0,"publisher":{"@id":"https:\/\/nitu.mx\/#\/schema\/person\/ae7a53426417292d3dd07b45a33e01bc"},"image":{"@id":"https:\/\/nitu.mx\/index.php\/2024\/02\/29\/hito-historico-grupo-xcaret-sella-acuerdos-con-el-gran-consejo-maya-en-defensa-de-los-derechos-y-el-patrimonio\/#primaryimage"},"thumbnailUrl":"https:\/\/nitu.mx\/wp-content\/uploads\/2024\/02\/Grupo-Xcaret-Gran-Consejo-Maya.jpg","keywords":["Gran Consejo Maya","Grupo Xcaret","Leticia Aguerrebere","Sim\u00f3n Caamal"],"articleSection":["Caribe Mexicano"],"inLanguage":"es-MX","potentialAction":[{"@type":"CommentAction","name":"Comment","target":["https:\/\/nitu.mx\/index.php\/2024\/02\/29\/hito-historico-grupo-xcaret-sella-acuerdos-con-el-gran-consejo-maya-en-defensa-de-los-derechos-y-el-patrimonio\/#respond"]}]},{"@type":"WebPage","@id":"https:\/\/nitu.mx\/index.php\/2024\/02\/29\/hito-historico-grupo-xcaret-sella-acuerdos-con-el-gran-consejo-maya-en-defensa-de-los-derechos-y-el-patrimonio\/","url":"https:\/\/nitu.mx\/index.php\/2024\/02\/29\/hito-historico-grupo-xcaret-sella-acuerdos-con-el-gran-consejo-maya-en-defensa-de-los-derechos-y-el-patrimonio\/","name":"Hito hist\u00f3rico: Grupo Xcaret sella acuerdos con el Gran Consejo Maya en defensa de los derechos y el patrimonio - Nitu - Noticias de la Industria Turistica","isPartOf":{"@id":"https:\/\/nitu.mx\/#website"},"primaryImageOfPage":{"@id":"https:\/\/nitu.mx\/index.php\/2024\/02\/29\/hito-historico-grupo-xcaret-sella-acuerdos-con-el-gran-consejo-maya-en-defensa-de-los-derechos-y-el-patrimonio\/#primaryimage"},"image":{"@id":"https:\/\/nitu.mx\/index.php\/2024\/02\/29\/hito-historico-grupo-xcaret-sella-acuerdos-con-el-gran-consejo-maya-en-defensa-de-los-derechos-y-el-patrimonio\/#primaryimage"},"thumbnailUrl":"https:\/\/nitu.mx\/wp-content\/uploads\/2024\/02\/Grupo-Xcaret-Gran-Consejo-Maya.jpg","datePublished":"2024-03-01T05:22:19+00:00","dateModified":"2024-03-01T05:22:20+00:00","breadcrumb":{"@id":"https:\/\/nitu.mx\/index.php\/2024\/02\/29\/hito-historico-grupo-xcaret-sella-acuerdos-con-el-gran-consejo-maya-en-defensa-de-los-derechos-y-el-patrimonio\/#breadcrumb"},"inLanguage":"es-MX","potentialAction":[{"@type":"ReadAction","target":["https:\/\/nitu.mx\/index.php\/2024\/02\/29\/hito-historico-grupo-xcaret-sella-acuerdos-con-el-gran-consejo-maya-en-defensa-de-los-derechos-y-el-patrimonio\/"]}]},{"@type":"ImageObject","inLanguage":"es-MX","@id":"https:\/\/nitu.mx\/index.php\/2024\/02\/29\/hito-historico-grupo-xcaret-sella-acuerdos-con-el-gran-consejo-maya-en-defensa-de-los-derechos-y-el-patrimonio\/#primaryimage","url":"https:\/\/nitu.mx\/wp-content\/uploads\/2024\/02\/Grupo-Xcaret-Gran-Consejo-Maya.jpg","contentUrl":"https:\/\/nitu.mx\/wp-content\/uploads\/2024\/02\/Grupo-Xcaret-Gran-Consejo-Maya.jpg","width":1200,"height":675,"caption":"Grupo Xcaret Gran Consejo Maya"},{"@type":"BreadcrumbList","@id":"https:\/\/nitu.mx\/index.php\/2024\/02\/29\/hito-historico-grupo-xcaret-sella-acuerdos-con-el-gran-consejo-maya-en-defensa-de-los-derechos-y-el-patrimonio\/#breadcrumb","itemListElement":[{"@type":"ListItem","position":1,"name":"Inicio","item":"https:\/\/nitu.mx\/"},{"@type":"ListItem","position":2,"name":"Hito hist\u00f3rico: Grupo Xcaret sella acuerdos con el Gran Consejo Maya en defensa de los derechos y el patrimonio"}]},{"@type":"WebSite","@id":"https:\/\/nitu.mx\/#website","url":"https:\/\/nitu.mx\/","name":"Nitu - Noticias de la Industria Turistica","description":"Noticias de la Industria Turistica","publisher":{"@id":"https:\/\/nitu.mx\/#\/schema\/person\/ae7a53426417292d3dd07b45a33e01bc"},"alternateName":"Noticias de la Industria Turistica","potentialAction":[{"@type":"SearchAction","target":{"@type":"EntryPoint","urlTemplate":"https:\/\/nitu.mx\/?s={search_term_string}"},"query-input":"required name=search_term_string"}],"inLanguage":"es-MX"},{"@type":["Person","Organization"],"@id":"https:\/\/nitu.mx\/#\/schema\/person\/ae7a53426417292d3dd07b45a33e01bc","name":"Arturo Medina","image":{"@type":"ImageObject","inLanguage":"es-MX","@id":"https:\/\/nitu.mx\/#\/schema\/person\/image\/","url":"https:\/\/nitu.mx\/wp-content\/uploads\/2024\/04\/4A315622-1904-4D5C-B022-878CDC840E04-90x90-1.jpeg","contentUrl":"https:\/\/nitu.mx\/wp-content\/uploads\/2024\/04\/4A315622-1904-4D5C-B022-878CDC840E04-90x90-1.jpeg","width":90,"height":90,"caption":"Arturo Medina"},"logo":{"@id":"https:\/\/nitu.mx\/#\/schema\/person\/image\/"},"description":"Director NITU.mx, Egresado de la Escuela de Periodismo Carlos Septi\u00e9n Garc\u00eda. Periodista y analista especializado en turismo desde hace 35 a\u00f1os, radicado en Canc\u00fan Q.Roo. arturo@nitu.mx","sameAs":["https:\/\/nitu.mx","https:\/\/www.facebook.com\/NITUmx\/","medinacancun","https:\/\/twitter.com\/@Arturo_Medina_G"]},{"@type":"Person","@id":"https:\/\/nitu.mx\/#\/schema\/person\/4a28fe9bd65924f7c90623773daf1b0b","name":"Redacci\u00f3n","image":{"@type":"ImageObject","inLanguage":"es-MX","@id":"https:\/\/nitu.mx\/#\/schema\/person\/image\/","url":"https:\/\/secure.gravatar.com\/avatar\/5dd011c8ccfc5cd7e4c81e42252aab38?s=96&d=mm&r=g","contentUrl":"https:\/\/secure.gravatar.com\/avatar\/5dd011c8ccfc5cd7e4c81e42252aab38?s=96&d=mm&r=g","caption":"Redacci\u00f3n"},"url":"https:\/\/nitu.mx\/index.php\/author\/redaccion\/"}]}},"views":1013,"_links":{"self":[{"href":"https:\/\/nitu.mx\/index.php\/wp-json\/wp\/v2\/posts\/68971"}],"collection":[{"href":"https:\/\/nitu.mx\/index.php\/wp-json\/wp\/v2\/posts"}],"about":[{"href":"https:\/\/nitu.mx\/index.php\/wp-json\/wp\/v2\/types\/post"}],"author":[{"embeddable":true,"href":"https:\/\/nitu.mx\/index.php\/wp-json\/wp\/v2\/users\/17"}],"replies":[{"embeddable":true,"href":"https:\/\/nitu.mx\/index.php\/wp-json\/wp\/v2\/comments?post=68971"}],"version-history":[{"count":1,"href":"https:\/\/nitu.mx\/index.php\/wp-json\/wp\/v2\/posts\/68971\/revisions"}],"predecessor-version":[{"id":68973,"href":"https:\/\/nitu.mx\/index.php\/wp-json\/wp\/v2\/posts\/68971\/revisions\/68973"}],"wp:featuredmedia":[{"embeddable":true,"href":"https:\/\/nitu.mx\/index.php\/wp-json\/wp\/v2\/media\/68974"}],"wp:attachment":[{"href":"https:\/\/nitu.mx\/index.php\/wp-json\/wp\/v2\/media?parent=68971"}],"wp:term":[{"taxonomy":"category","embeddable":true,"href":"https:\/\/nitu.mx\/index.php\/wp-json\/wp\/v2\/categories?post=68971"},{"taxonomy":"post_tag","embeddable":true,"href":"https:\/\/nitu.mx\/index.php\/wp-json\/wp\/v2\/tags?post=68971"}],"curies":[{"name":"wp","href":"https:\/\/api.w.org\/{rel}","templated":true}]}}