{"id":68954,"date":"2024-02-29T23:31:01","date_gmt":"2024-03-01T05:31:01","guid":{"rendered":"https:\/\/nitu.mx\/?p=68954"},"modified":"2024-02-29T23:31:02","modified_gmt":"2024-03-01T05:31:02","slug":"nuevos-horizontes-acapulco-se-reconecta-con-el-cielo","status":"publish","type":"post","link":"https:\/\/nitu.mx\/index.php\/2024\/02\/29\/nuevos-horizontes-acapulco-se-reconecta-con-el-cielo\/","title":{"rendered":"Nuevos Horizontes: Acapulco se reconecta con el cielo"},"content":{"rendered":"<p>Viva Aerobus anunci\u00f3 el relanzamiento temporal de sus vuelos hacia Acapulco desde Canc\u00fan, Monterrey y la Ciudad de M\u00e9xico, en un esfuerzo por fortalecer la conectividad a\u00e9rea del ic\u00f3nico puerto. Esta iniciativa llega en un momento oportuno, coincidiendo con la celebraci\u00f3n de eventos de gran envergadura como el Abierto Mexicano de Tenis y el Tianguis Tur\u00edstico, eventos que prometen revitalizar tanto la econom\u00eda local como el sector tur\u00edstico de la regi\u00f3n.<br \/>\nSantos Ram\u00edrez, secretario de Turismo de Guerrero, expres\u00f3 su gratitud hacia la aerol\u00ednea por su compromiso con la reactivaci\u00f3n econ\u00f3mica y tur\u00edstica de Acapulco, destacando la importancia de estas rutas para la identidad y el dinamismo de la ciudad. La inclusi\u00f3n de una conexi\u00f3n desde el Aeropuerto Internacional Felipe \u00c1ngeles (AIFA) complementa esta oferta, con vuelos programados para los d\u00edas lunes y viernes, brindando as\u00ed mayor flexibilidad y opciones para los viajeros.<br \/>\nJuan Carlos Zuazua, director general de Viva Aerobus, reafirm\u00f3 el compromiso de la aerol\u00ednea con el impulso tur\u00edstico de Acapulco, invitando a los viajeros a redescubrir las joyas que ofrece el destino: desde sus emblem\u00e1ticas playas y la espectacular Quebrada hasta su rica gastronom\u00eda y vibrante oferta cultural.<br \/>\n&#8220;Este esfuerzo por parte de Viva Aerobus no solo refleja una estrategia empresarial orientada a la recuperaci\u00f3n del turismo, sino tambi\u00e9n un voto de confianza en la resiliencia y el atractivo perdurable de Acapulco como destino tur\u00edstico. Con estas rutas temporales, se abre un nuevo cap\u00edtulo para Acapulco&#8221;, afirm\u00f3. (<a href=\"https:\/\/nitu.mx\/index.php\/2024\/02\/25\/logra-record-guinness-estrategia-de-promocion-de-acapulco-y-mexico-alrededor-del-mundo\/\">Logra R\u00e9cord Guinness estrategia de promoci\u00f3n de Acapulco y M\u00e9xico alrededor del mundo<\/a>).<\/p>\n","protected":false},"excerpt":{"rendered":"<p>Viva Aerobus anunci\u00f3 el relanzamiento temporal de sus vuelos hacia Acapulco desde Canc\u00fan, Monterrey y la Ciudad de M\u00e9xico, en un esfuerzo por fortalecer la conectividad a\u00e9rea del ic\u00f3nico puerto. Esta iniciativa llega en un momento oportuno, coincidiendo con la celebraci\u00f3n de eventos de gran envergadura como el Abierto Mexicano de Tenis y el Tianguis [&hellip;]<\/p>\n","protected":false},"author":17,"featured_media":60083,"comment_status":"open","ping_status":"open","sticky":false,"template":"","format":"standard","meta":{"footnotes":""},"categories":[29],"tags":[40,43,125,295,491,2102],"yoast_head":"<!-- This site is optimized with the Yoast SEO plugin v22.2 - https:\/\/yoast.com\/wordpress\/plugins\/seo\/ -->\n<title>Nuevos Horizontes: Acapulco se reconecta con el cielo - Nitu - Noticias de la Industria Turistica<\/title>\n<meta name=\"robots\" content=\"index, follow, max-snippet:-1, max-image-preview:large, max-video-preview:-1\" \/>\n<link rel=\"canonical\" href=\"https:\/\/nitu.mx\/index.php\/2024\/02\/29\/nuevos-horizontes-acapulco-se-reconecta-con-el-cielo\/\" \/>\n<meta name=\"twitter:card\" content=\"summary_large_image\" \/>\n<meta name=\"twitter:title\" content=\"Nuevos Horizontes: Acapulco se reconecta con el cielo - Nitu - Noticias de la Industria Turistica\" \/>\n<meta name=\"twitter:description\" content=\"Viva Aerobus anunci\u00f3 el relanzamiento temporal de sus vuelos hacia Acapulco desde Canc\u00fan, Monterrey y la Ciudad de M\u00e9xico, en un esfuerzo por fortalecer la conectividad a\u00e9rea del ic\u00f3nico puerto. Esta iniciativa llega en un momento oportuno, coincidiendo con la celebraci\u00f3n de eventos de gran envergadura como el Abierto Mexicano de Tenis y el Tianguis [&hellip;]\" \/>\n<meta name=\"twitter:image\" content=\"https:\/\/nitu.mx\/wp-content\/uploads\/2022\/06\/viva-aerobus-avion-60.jpg\" \/>\n<meta name=\"twitter:creator\" content=\"@NITUmx\" \/>\n<meta name=\"twitter:site\" content=\"@Arturo_Medina_G\" \/>\n<meta name=\"twitter:label1\" content=\"Escrito por\" \/>\n\t<meta name=\"twitter:data1\" content=\"Redacci\u00f3n\" \/>\n\t<meta name=\"twitter:label2\" content=\"Tiempo de lectura\" \/>\n\t<meta name=\"twitter:data2\" content=\"1 minuto\" \/>\n<script type=\"application\/ld+json\" class=\"yoast-schema-graph\">{\"@context\":\"https:\/\/schema.org\",\"@graph\":[{\"@type\":\"Article\",\"@id\":\"https:\/\/nitu.mx\/index.php\/2024\/02\/29\/nuevos-horizontes-acapulco-se-reconecta-con-el-cielo\/#article\",\"isPartOf\":{\"@id\":\"https:\/\/nitu.mx\/index.php\/2024\/02\/29\/nuevos-horizontes-acapulco-se-reconecta-con-el-cielo\/\"},\"author\":{\"name\":\"Redacci\u00f3n\",\"@id\":\"https:\/\/nitu.mx\/#\/schema\/person\/4a28fe9bd65924f7c90623773daf1b0b\"},\"headline\":\"Nuevos Horizontes: Acapulco se reconecta con el cielo\",\"datePublished\":\"2024-03-01T05:31:01+00:00\",\"dateModified\":\"2024-03-01T05:31:02+00:00\",\"mainEntityOfPage\":{\"@id\":\"https:\/\/nitu.mx\/index.php\/2024\/02\/29\/nuevos-horizontes-acapulco-se-reconecta-con-el-cielo\/\"},\"wordCount\":289,\"commentCount\":0,\"publisher\":{\"@id\":\"https:\/\/nitu.mx\/#\/schema\/person\/ae7a53426417292d3dd07b45a33e01bc\"},\"image\":{\"@id\":\"https:\/\/nitu.mx\/index.php\/2024\/02\/29\/nuevos-horizontes-acapulco-se-reconecta-con-el-cielo\/#primaryimage\"},\"thumbnailUrl\":\"https:\/\/nitu.mx\/wp-content\/uploads\/2022\/06\/viva-aerobus-avion-60.jpg\",\"keywords\":[\"Acapulco\",\"Canc\u00fan\",\"Ciudad de M\u00e9xico\",\"Juan Carlos Zuazua\",\"Monterrey\",\"Viva Aerobus\"],\"articleSection\":[\"Aerol\u00edneas\"],\"inLanguage\":\"es-MX\",\"potentialAction\":[{\"@type\":\"CommentAction\",\"name\":\"Comment\",\"target\":[\"https:\/\/nitu.mx\/index.php\/2024\/02\/29\/nuevos-horizontes-acapulco-se-reconecta-con-el-cielo\/#respond\"]}]},{\"@type\":\"WebPage\",\"@id\":\"https:\/\/nitu.mx\/index.php\/2024\/02\/29\/nuevos-horizontes-acapulco-se-reconecta-con-el-cielo\/\",\"url\":\"https:\/\/nitu.mx\/index.php\/2024\/02\/29\/nuevos-horizontes-acapulco-se-reconecta-con-el-cielo\/\",\"name\":\"Nuevos Horizontes: Acapulco se reconecta con el cielo - Nitu - Noticias de la Industria Turistica\",\"isPartOf\":{\"@id\":\"https:\/\/nitu.mx\/#website\"},\"primaryImageOfPage\":{\"@id\":\"https:\/\/nitu.mx\/index.php\/2024\/02\/29\/nuevos-horizontes-acapulco-se-reconecta-con-el-cielo\/#primaryimage\"},\"image\":{\"@id\":\"https:\/\/nitu.mx\/index.php\/2024\/02\/29\/nuevos-horizontes-acapulco-se-reconecta-con-el-cielo\/#primaryimage\"},\"thumbnailUrl\":\"https:\/\/nitu.mx\/wp-content\/uploads\/2022\/06\/viva-aerobus-avion-60.jpg\",\"datePublished\":\"2024-03-01T05:31:01+00:00\",\"dateModified\":\"2024-03-01T05:31:02+00:00\",\"breadcrumb\":{\"@id\":\"https:\/\/nitu.mx\/index.php\/2024\/02\/29\/nuevos-horizontes-acapulco-se-reconecta-con-el-cielo\/#breadcrumb\"},\"inLanguage\":\"es-MX\",\"potentialAction\":[{\"@type\":\"ReadAction\",\"target\":[\"https:\/\/nitu.mx\/index.php\/2024\/02\/29\/nuevos-horizontes-acapulco-se-reconecta-con-el-cielo\/\"]}]},{\"@type\":\"ImageObject\",\"inLanguage\":\"es-MX\",\"@id\":\"https:\/\/nitu.mx\/index.php\/2024\/02\/29\/nuevos-horizontes-acapulco-se-reconecta-con-el-cielo\/#primaryimage\",\"url\":\"https:\/\/nitu.mx\/wp-content\/uploads\/2022\/06\/viva-aerobus-avion-60.jpg\",\"contentUrl\":\"https:\/\/nitu.mx\/wp-content\/uploads\/2022\/06\/viva-aerobus-avion-60.jpg\",\"width\":1200,\"height\":675,\"caption\":\"Viva Aerobus\"},{\"@type\":\"BreadcrumbList\",\"@id\":\"https:\/\/nitu.mx\/index.php\/2024\/02\/29\/nuevos-horizontes-acapulco-se-reconecta-con-el-cielo\/#breadcrumb\",\"itemListElement\":[{\"@type\":\"ListItem\",\"position\":1,\"name\":\"Inicio\",\"item\":\"https:\/\/nitu.mx\/\"},{\"@type\":\"ListItem\",\"position\":2,\"name\":\"Nuevos Horizontes: Acapulco se reconecta con el cielo\"}]},{\"@type\":\"WebSite\",\"@id\":\"https:\/\/nitu.mx\/#website\",\"url\":\"https:\/\/nitu.mx\/\",\"name\":\"Nitu - Noticias de la Industria Turistica\",\"description\":\"Noticias de la Industria Turistica\",\"publisher\":{\"@id\":\"https:\/\/nitu.mx\/#\/schema\/person\/ae7a53426417292d3dd07b45a33e01bc\"},\"alternateName\":\"Noticias de la Industria Turistica\",\"potentialAction\":[{\"@type\":\"SearchAction\",\"target\":{\"@type\":\"EntryPoint\",\"urlTemplate\":\"https:\/\/nitu.mx\/?s={search_term_string}\"},\"query-input\":\"required name=search_term_string\"}],\"inLanguage\":\"es-MX\"},{\"@type\":[\"Person\",\"Organization\"],\"@id\":\"https:\/\/nitu.mx\/#\/schema\/person\/ae7a53426417292d3dd07b45a33e01bc\",\"name\":\"Arturo Medina\",\"image\":{\"@type\":\"ImageObject\",\"inLanguage\":\"es-MX\",\"@id\":\"https:\/\/nitu.mx\/#\/schema\/person\/image\/\",\"url\":\"https:\/\/nitu.mx\/wp-content\/uploads\/2024\/04\/4A315622-1904-4D5C-B022-878CDC840E04-90x90-1.jpeg\",\"contentUrl\":\"https:\/\/nitu.mx\/wp-content\/uploads\/2024\/04\/4A315622-1904-4D5C-B022-878CDC840E04-90x90-1.jpeg\",\"width\":90,\"height\":90,\"caption\":\"Arturo Medina\"},\"logo\":{\"@id\":\"https:\/\/nitu.mx\/#\/schema\/person\/image\/\"},\"description\":\"Director NITU.mx, Egresado de la Escuela de Periodismo Carlos Septi\u00e9n Garc\u00eda. Periodista y analista especializado en turismo desde hace 35 a\u00f1os, radicado en Canc\u00fan Q.Roo. arturo@nitu.mx\",\"sameAs\":[\"https:\/\/nitu.mx\",\"https:\/\/www.facebook.com\/NITUmx\/\",\"medinacancun\",\"https:\/\/twitter.com\/@Arturo_Medina_G\"]},{\"@type\":\"Person\",\"@id\":\"https:\/\/nitu.mx\/#\/schema\/person\/4a28fe9bd65924f7c90623773daf1b0b\",\"name\":\"Redacci\u00f3n\",\"image\":{\"@type\":\"ImageObject\",\"inLanguage\":\"es-MX\",\"@id\":\"https:\/\/nitu.mx\/#\/schema\/person\/image\/\",\"url\":\"https:\/\/secure.gravatar.com\/avatar\/5dd011c8ccfc5cd7e4c81e42252aab38?s=96&d=mm&r=g\",\"contentUrl\":\"https:\/\/secure.gravatar.com\/avatar\/5dd011c8ccfc5cd7e4c81e42252aab38?s=96&d=mm&r=g\",\"caption\":\"Redacci\u00f3n\"},\"url\":\"https:\/\/nitu.mx\/index.php\/author\/redaccion\/\"}]}<\/script>\n<!-- \/ Yoast SEO plugin. -->","yoast_head_json":{"title":"Nuevos Horizontes: Acapulco se reconecta con el cielo - Nitu - Noticias de la Industria Turistica","robots":{"index":"index","follow":"follow","max-snippet":"max-snippet:-1","max-image-preview":"max-image-preview:large","max-video-preview":"max-video-preview:-1"},"canonical":"https:\/\/nitu.mx\/index.php\/2024\/02\/29\/nuevos-horizontes-acapulco-se-reconecta-con-el-cielo\/","twitter_card":"summary_large_image","twitter_title":"Nuevos Horizontes: Acapulco se reconecta con el cielo - Nitu - Noticias de la Industria Turistica","twitter_description":"Viva Aerobus anunci\u00f3 el relanzamiento temporal de sus vuelos hacia Acapulco desde Canc\u00fan, Monterrey y la Ciudad de M\u00e9xico, en un esfuerzo por fortalecer la conectividad a\u00e9rea del ic\u00f3nico puerto. Esta iniciativa llega en un momento oportuno, coincidiendo con la celebraci\u00f3n de eventos de gran envergadura como el Abierto Mexicano de Tenis y el Tianguis [&hellip;]","twitter_image":"https:\/\/nitu.mx\/wp-content\/uploads\/2022\/06\/viva-aerobus-avion-60.jpg","twitter_creator":"@NITUmx","twitter_site":"@Arturo_Medina_G","twitter_misc":{"Escrito por":"Redacci\u00f3n","Tiempo de lectura":"1 minuto"},"schema":{"@context":"https:\/\/schema.org","@graph":[{"@type":"Article","@id":"https:\/\/nitu.mx\/index.php\/2024\/02\/29\/nuevos-horizontes-acapulco-se-reconecta-con-el-cielo\/#article","isPartOf":{"@id":"https:\/\/nitu.mx\/index.php\/2024\/02\/29\/nuevos-horizontes-acapulco-se-reconecta-con-el-cielo\/"},"author":{"name":"Redacci\u00f3n","@id":"https:\/\/nitu.mx\/#\/schema\/person\/4a28fe9bd65924f7c90623773daf1b0b"},"headline":"Nuevos Horizontes: Acapulco se reconecta con el cielo","datePublished":"2024-03-01T05:31:01+00:00","dateModified":"2024-03-01T05:31:02+00:00","mainEntityOfPage":{"@id":"https:\/\/nitu.mx\/index.php\/2024\/02\/29\/nuevos-horizontes-acapulco-se-reconecta-con-el-cielo\/"},"wordCount":289,"commentCount":0,"publisher":{"@id":"https:\/\/nitu.mx\/#\/schema\/person\/ae7a53426417292d3dd07b45a33e01bc"},"image":{"@id":"https:\/\/nitu.mx\/index.php\/2024\/02\/29\/nuevos-horizontes-acapulco-se-reconecta-con-el-cielo\/#primaryimage"},"thumbnailUrl":"https:\/\/nitu.mx\/wp-content\/uploads\/2022\/06\/viva-aerobus-avion-60.jpg","keywords":["Acapulco","Canc\u00fan","Ciudad de M\u00e9xico","Juan Carlos Zuazua","Monterrey","Viva Aerobus"],"articleSection":["Aerol\u00edneas"],"inLanguage":"es-MX","potentialAction":[{"@type":"CommentAction","name":"Comment","target":["https:\/\/nitu.mx\/index.php\/2024\/02\/29\/nuevos-horizontes-acapulco-se-reconecta-con-el-cielo\/#respond"]}]},{"@type":"WebPage","@id":"https:\/\/nitu.mx\/index.php\/2024\/02\/29\/nuevos-horizontes-acapulco-se-reconecta-con-el-cielo\/","url":"https:\/\/nitu.mx\/index.php\/2024\/02\/29\/nuevos-horizontes-acapulco-se-reconecta-con-el-cielo\/","name":"Nuevos Horizontes: Acapulco se reconecta con el cielo - Nitu - Noticias de la Industria Turistica","isPartOf":{"@id":"https:\/\/nitu.mx\/#website"},"primaryImageOfPage":{"@id":"https:\/\/nitu.mx\/index.php\/2024\/02\/29\/nuevos-horizontes-acapulco-se-reconecta-con-el-cielo\/#primaryimage"},"image":{"@id":"https:\/\/nitu.mx\/index.php\/2024\/02\/29\/nuevos-horizontes-acapulco-se-reconecta-con-el-cielo\/#primaryimage"},"thumbnailUrl":"https:\/\/nitu.mx\/wp-content\/uploads\/2022\/06\/viva-aerobus-avion-60.jpg","datePublished":"2024-03-01T05:31:01+00:00","dateModified":"2024-03-01T05:31:02+00:00","breadcrumb":{"@id":"https:\/\/nitu.mx\/index.php\/2024\/02\/29\/nuevos-horizontes-acapulco-se-reconecta-con-el-cielo\/#breadcrumb"},"inLanguage":"es-MX","potentialAction":[{"@type":"ReadAction","target":["https:\/\/nitu.mx\/index.php\/2024\/02\/29\/nuevos-horizontes-acapulco-se-reconecta-con-el-cielo\/"]}]},{"@type":"ImageObject","inLanguage":"es-MX","@id":"https:\/\/nitu.mx\/index.php\/2024\/02\/29\/nuevos-horizontes-acapulco-se-reconecta-con-el-cielo\/#primaryimage","url":"https:\/\/nitu.mx\/wp-content\/uploads\/2022\/06\/viva-aerobus-avion-60.jpg","contentUrl":"https:\/\/nitu.mx\/wp-content\/uploads\/2022\/06\/viva-aerobus-avion-60.jpg","width":1200,"height":675,"caption":"Viva Aerobus"},{"@type":"BreadcrumbList","@id":"https:\/\/nitu.mx\/index.php\/2024\/02\/29\/nuevos-horizontes-acapulco-se-reconecta-con-el-cielo\/#breadcrumb","itemListElement":[{"@type":"ListItem","position":1,"name":"Inicio","item":"https:\/\/nitu.mx\/"},{"@type":"ListItem","position":2,"name":"Nuevos Horizontes: Acapulco se reconecta con el cielo"}]},{"@type":"WebSite","@id":"https:\/\/nitu.mx\/#website","url":"https:\/\/nitu.mx\/","name":"Nitu - Noticias de la Industria Turistica","description":"Noticias de la Industria Turistica","publisher":{"@id":"https:\/\/nitu.mx\/#\/schema\/person\/ae7a53426417292d3dd07b45a33e01bc"},"alternateName":"Noticias de la Industria Turistica","potentialAction":[{"@type":"SearchAction","target":{"@type":"EntryPoint","urlTemplate":"https:\/\/nitu.mx\/?s={search_term_string}"},"query-input":"required name=search_term_string"}],"inLanguage":"es-MX"},{"@type":["Person","Organization"],"@id":"https:\/\/nitu.mx\/#\/schema\/person\/ae7a53426417292d3dd07b45a33e01bc","name":"Arturo Medina","image":{"@type":"ImageObject","inLanguage":"es-MX","@id":"https:\/\/nitu.mx\/#\/schema\/person\/image\/","url":"https:\/\/nitu.mx\/wp-content\/uploads\/2024\/04\/4A315622-1904-4D5C-B022-878CDC840E04-90x90-1.jpeg","contentUrl":"https:\/\/nitu.mx\/wp-content\/uploads\/2024\/04\/4A315622-1904-4D5C-B022-878CDC840E04-90x90-1.jpeg","width":90,"height":90,"caption":"Arturo Medina"},"logo":{"@id":"https:\/\/nitu.mx\/#\/schema\/person\/image\/"},"description":"Director NITU.mx, Egresado de la Escuela de Periodismo Carlos Septi\u00e9n Garc\u00eda. Periodista y analista especializado en turismo desde hace 35 a\u00f1os, radicado en Canc\u00fan Q.Roo. arturo@nitu.mx","sameAs":["https:\/\/nitu.mx","https:\/\/www.facebook.com\/NITUmx\/","medinacancun","https:\/\/twitter.com\/@Arturo_Medina_G"]},{"@type":"Person","@id":"https:\/\/nitu.mx\/#\/schema\/person\/4a28fe9bd65924f7c90623773daf1b0b","name":"Redacci\u00f3n","image":{"@type":"ImageObject","inLanguage":"es-MX","@id":"https:\/\/nitu.mx\/#\/schema\/person\/image\/","url":"https:\/\/secure.gravatar.com\/avatar\/5dd011c8ccfc5cd7e4c81e42252aab38?s=96&d=mm&r=g","contentUrl":"https:\/\/secure.gravatar.com\/avatar\/5dd011c8ccfc5cd7e4c81e42252aab38?s=96&d=mm&r=g","caption":"Redacci\u00f3n"},"url":"https:\/\/nitu.mx\/index.php\/author\/redaccion\/"}]}},"views":537,"_links":{"self":[{"href":"https:\/\/nitu.mx\/index.php\/wp-json\/wp\/v2\/posts\/68954"}],"collection":[{"href":"https:\/\/nitu.mx\/index.php\/wp-json\/wp\/v2\/posts"}],"about":[{"href":"https:\/\/nitu.mx\/index.php\/wp-json\/wp\/v2\/types\/post"}],"author":[{"embeddable":true,"href":"https:\/\/nitu.mx\/index.php\/wp-json\/wp\/v2\/users\/17"}],"replies":[{"embeddable":true,"href":"https:\/\/nitu.mx\/index.php\/wp-json\/wp\/v2\/comments?post=68954"}],"version-history":[{"count":2,"href":"https:\/\/nitu.mx\/index.php\/wp-json\/wp\/v2\/posts\/68954\/revisions"}],"predecessor-version":[{"id":68978,"href":"https:\/\/nitu.mx\/index.php\/wp-json\/wp\/v2\/posts\/68954\/revisions\/68978"}],"wp:featuredmedia":[{"embeddable":true,"href":"https:\/\/nitu.mx\/index.php\/wp-json\/wp\/v2\/media\/60083"}],"wp:attachment":[{"href":"https:\/\/nitu.mx\/index.php\/wp-json\/wp\/v2\/media?parent=68954"}],"wp:term":[{"taxonomy":"category","embeddable":true,"href":"https:\/\/nitu.mx\/index.php\/wp-json\/wp\/v2\/categories?post=68954"},{"taxonomy":"post_tag","embeddable":true,"href":"https:\/\/nitu.mx\/index.php\/wp-json\/wp\/v2\/tags?post=68954"}],"curies":[{"name":"wp","href":"https:\/\/api.w.org\/{rel}","templated":true}]}}