{"id":68927,"date":"2024-02-28T23:43:28","date_gmt":"2024-02-29T05:43:28","guid":{"rendered":"https:\/\/nitu.mx\/?p=68927"},"modified":"2024-02-28T23:43:29","modified_gmt":"2024-02-29T05:43:29","slug":"brett-favre-leyenda-de-la-nfl-participara-en-descubrete-summit-queretaro","status":"publish","type":"post","link":"https:\/\/nitu.mx\/index.php\/2024\/02\/28\/brett-favre-leyenda-de-la-nfl-participara-en-descubrete-summit-queretaro\/","title":{"rendered":"Brett Favre, leyenda de la NFL, participar\u00e1 en Desc\u00fabrete+ Summit Quer\u00e9taro"},"content":{"rendered":"\n<p>\u00a0La Secretar\u00eda de Turismo del Estado de Quer\u00e9taro anunci\u00f3 la realizaci\u00f3n del Desc\u00fabrete+ Summit, que se realizar\u00e1 los d\u00edas 27 y 28 de junio pr\u00f3ximo en el Teatro Metropolitano de la ciudad de Quer\u00e9taro, con la participaci\u00f3n de l\u00edderes globales, empresarios y emprendedores que intercambiar\u00e1n conocimientos y\u00a0networking\u00a0para promover el desarrollo profesional.<br>\u00a0<br>Aurora Aguilar Acu\u00f1a, coordinadora de Turismo de Reuniones de la Secretaria de Turismo del estado, se\u00f1al\u00f3 que Quer\u00e9taro refrenda su vocaci\u00f3n como destino para el turismo MICE (reuniones, incentivos, conferencias y exposiciones), gracias a su ubicaci\u00f3n geogr\u00e1fica en el centro del pa\u00eds y su infraestructura de primer nivel.<br>\u00a0<br>Entre los\u00a0speakers\u00a0del evento, destacan la leyenda de la NFL Brett Favre, mariscal de los Empacadores de Green Bay e integrante del Sal\u00f3n de la Fama; Jay Lander, legendario entrenador de basketball en la Universidad de Mississippi; Alejandra Corona, Directora para Latinoam\u00e9rica de Henkel; Wendy Alcal\u00e1, vicepresidenta de Nestl\u00e9; Miguel \u00c1ngel Bres, presidente de Capital Group, y Mar\u00eda Jos\u00e9 Gonz\u00e1lez, director Networks and Sports en Warner Bros. Discovery, entre otros.<br>\u00a0<br>H\u00e9ctor Hern\u00e1ndez, director de Desc\u00fabrete+, explic\u00f3 que el Summit reunir\u00e1 a destacados l\u00edderes, empresarios, emprendedores y profesionales de diferentes sectores, quienes compartir\u00e1n conocimientos, experiencias y herramientas para fomentar el crecimiento personal y profesional.<br>\u00a0<br>\u201cDesc\u00fabrete+ Summit busca inspirar y empoderar a los participantes, para superar los desaf\u00edos de la vida y alcanzar su m\u00e1ximo potencial\u201d, refiri\u00f3.<br>\u00a0<br>Durante la rueda de prensa, se realiz\u00f3 una video llamada en vivo con Brett Favre, quien declar\u00f3 estar emocionado por la que ser\u00e1 su primera visita a M\u00e9xico, donde sabe que tiene un gran n\u00famero de seguidores de los Empacadores de Green Bay. Invit\u00f3 al p\u00fablico en general a que se sume al Summit que se realizar\u00e1 en el estado de Quer\u00e9taro los d\u00edas 27 y 28 de junio.<br>\u00a0<br>En tanto, Ernesto Altamirano, consejero de Desc\u00fabrete+, afirm\u00f3 que el evento permitir\u00e1 impulsar el empoderamiento personal y profesional, y brindar\u00e1 herramientas y conocimientos para potenciar el desarrollo humano y el crecimiento profesional, adem\u00e1s de generar oportunidades de\u00a0networking.<br>\u00a0<br>Desc\u00fabrete+ Summit beneficiar\u00e1 a una amplia gama de sectores, incluyendo el empresarial, educativo, tecnol\u00f3gico, cultural y social.<br>\u00a0<br>Los participantes tendr\u00e1n la oportunidad de adquirir conocimientos y habilidades que les ayudar\u00e1n a crecer tanto a nivel personal como profesional, lo que a su vez contribuir\u00e1 al desarrollo de sus comunidades y organizaciones. (<a href=\"https:\/\/nitu.mx\/index.php\/2024\/01\/28\/llega-hyatt-centric-a-queretaro\/\">Llega Hyatt \u201cCentric\u201d a Quer\u00e9taro<\/a>).<\/p>\n","protected":false},"excerpt":{"rendered":"<p>\u00a0La Secretar\u00eda de Turismo del Estado de Quer\u00e9taro anunci\u00f3 la realizaci\u00f3n del Desc\u00fabrete+ Summit, que se realizar\u00e1 los d\u00edas 27 y 28 de junio pr\u00f3ximo en el Teatro Metropolitano de la ciudad de Quer\u00e9taro, con la participaci\u00f3n de l\u00edderes globales, empresarios y emprendedores que intercambiar\u00e1n conocimientos y\u00a0networking\u00a0para promover el desarrollo profesional.\u00a0Aurora Aguilar Acu\u00f1a, coordinadora de [&hellip;]<\/p>\n","protected":false},"author":17,"featured_media":68931,"comment_status":"open","ping_status":"open","sticky":false,"template":"","format":"standard","meta":{"footnotes":""},"categories":[5],"tags":[24651,61,93],"yoast_head":"<!-- This site is optimized with the Yoast SEO plugin v22.2 - https:\/\/yoast.com\/wordpress\/plugins\/seo\/ -->\n<title>Brett Favre, leyenda de la NFL, participar\u00e1 en Desc\u00fabrete+ Summit Quer\u00e9taro - Nitu - Noticias de la Industria Turistica<\/title>\n<meta name=\"robots\" content=\"index, follow, max-snippet:-1, max-image-preview:large, max-video-preview:-1\" \/>\n<link rel=\"canonical\" href=\"https:\/\/nitu.mx\/index.php\/2024\/02\/28\/brett-favre-leyenda-de-la-nfl-participara-en-descubrete-summit-queretaro\/\" \/>\n<meta name=\"twitter:card\" content=\"summary_large_image\" \/>\n<meta name=\"twitter:title\" content=\"Brett Favre, leyenda de la NFL, participar\u00e1 en Desc\u00fabrete+ Summit Quer\u00e9taro - Nitu - Noticias de la Industria Turistica\" \/>\n<meta name=\"twitter:description\" content=\"\u00a0La Secretar\u00eda de Turismo del Estado de Quer\u00e9taro anunci\u00f3 la realizaci\u00f3n del Desc\u00fabrete+ Summit, que se realizar\u00e1 los d\u00edas 27 y 28 de junio pr\u00f3ximo en el Teatro Metropolitano de la ciudad de Quer\u00e9taro, con la participaci\u00f3n de l\u00edderes globales, empresarios y emprendedores que intercambiar\u00e1n conocimientos y\u00a0networking\u00a0para promover el desarrollo profesional.\u00a0Aurora Aguilar Acu\u00f1a, coordinadora de [&hellip;]\" \/>\n<meta name=\"twitter:image\" content=\"https:\/\/nitu.mx\/wp-content\/uploads\/2024\/02\/Descubrete-Queretaro.jpg\" \/>\n<meta name=\"twitter:creator\" content=\"@NITUmx\" \/>\n<meta name=\"twitter:site\" content=\"@Arturo_Medina_G\" \/>\n<meta name=\"twitter:label1\" content=\"Escrito por\" \/>\n\t<meta name=\"twitter:data1\" content=\"Redacci\u00f3n\" \/>\n\t<meta name=\"twitter:label2\" content=\"Tiempo de lectura\" \/>\n\t<meta name=\"twitter:data2\" content=\"2 minutos\" \/>\n<script type=\"application\/ld+json\" class=\"yoast-schema-graph\">{\"@context\":\"https:\/\/schema.org\",\"@graph\":[{\"@type\":\"Article\",\"@id\":\"https:\/\/nitu.mx\/index.php\/2024\/02\/28\/brett-favre-leyenda-de-la-nfl-participara-en-descubrete-summit-queretaro\/#article\",\"isPartOf\":{\"@id\":\"https:\/\/nitu.mx\/index.php\/2024\/02\/28\/brett-favre-leyenda-de-la-nfl-participara-en-descubrete-summit-queretaro\/\"},\"author\":{\"name\":\"Redacci\u00f3n\",\"@id\":\"https:\/\/nitu.mx\/#\/schema\/person\/4a28fe9bd65924f7c90623773daf1b0b\"},\"headline\":\"Brett Favre, leyenda de la NFL, participar\u00e1 en Desc\u00fabrete+ Summit Quer\u00e9taro\",\"datePublished\":\"2024-02-29T05:43:28+00:00\",\"dateModified\":\"2024-02-29T05:43:29+00:00\",\"mainEntityOfPage\":{\"@id\":\"https:\/\/nitu.mx\/index.php\/2024\/02\/28\/brett-favre-leyenda-de-la-nfl-participara-en-descubrete-summit-queretaro\/\"},\"wordCount\":440,\"commentCount\":0,\"publisher\":{\"@id\":\"https:\/\/nitu.mx\/#\/schema\/person\/ae7a53426417292d3dd07b45a33e01bc\"},\"image\":{\"@id\":\"https:\/\/nitu.mx\/index.php\/2024\/02\/28\/brett-favre-leyenda-de-la-nfl-participara-en-descubrete-summit-queretaro\/#primaryimage\"},\"thumbnailUrl\":\"https:\/\/nitu.mx\/wp-content\/uploads\/2024\/02\/Descubrete-Queretaro.jpg\",\"keywords\":[\"Brett Favre\",\"Quer\u00e9taro\",\"Sectur\"],\"articleSection\":[\"Destinos\"],\"inLanguage\":\"es-MX\",\"potentialAction\":[{\"@type\":\"CommentAction\",\"name\":\"Comment\",\"target\":[\"https:\/\/nitu.mx\/index.php\/2024\/02\/28\/brett-favre-leyenda-de-la-nfl-participara-en-descubrete-summit-queretaro\/#respond\"]}]},{\"@type\":\"WebPage\",\"@id\":\"https:\/\/nitu.mx\/index.php\/2024\/02\/28\/brett-favre-leyenda-de-la-nfl-participara-en-descubrete-summit-queretaro\/\",\"url\":\"https:\/\/nitu.mx\/index.php\/2024\/02\/28\/brett-favre-leyenda-de-la-nfl-participara-en-descubrete-summit-queretaro\/\",\"name\":\"Brett Favre, leyenda de la NFL, participar\u00e1 en Desc\u00fabrete+ Summit Quer\u00e9taro - Nitu - Noticias de la Industria Turistica\",\"isPartOf\":{\"@id\":\"https:\/\/nitu.mx\/#website\"},\"primaryImageOfPage\":{\"@id\":\"https:\/\/nitu.mx\/index.php\/2024\/02\/28\/brett-favre-leyenda-de-la-nfl-participara-en-descubrete-summit-queretaro\/#primaryimage\"},\"image\":{\"@id\":\"https:\/\/nitu.mx\/index.php\/2024\/02\/28\/brett-favre-leyenda-de-la-nfl-participara-en-descubrete-summit-queretaro\/#primaryimage\"},\"thumbnailUrl\":\"https:\/\/nitu.mx\/wp-content\/uploads\/2024\/02\/Descubrete-Queretaro.jpg\",\"datePublished\":\"2024-02-29T05:43:28+00:00\",\"dateModified\":\"2024-02-29T05:43:29+00:00\",\"breadcrumb\":{\"@id\":\"https:\/\/nitu.mx\/index.php\/2024\/02\/28\/brett-favre-leyenda-de-la-nfl-participara-en-descubrete-summit-queretaro\/#breadcrumb\"},\"inLanguage\":\"es-MX\",\"potentialAction\":[{\"@type\":\"ReadAction\",\"target\":[\"https:\/\/nitu.mx\/index.php\/2024\/02\/28\/brett-favre-leyenda-de-la-nfl-participara-en-descubrete-summit-queretaro\/\"]}]},{\"@type\":\"ImageObject\",\"inLanguage\":\"es-MX\",\"@id\":\"https:\/\/nitu.mx\/index.php\/2024\/02\/28\/brett-favre-leyenda-de-la-nfl-participara-en-descubrete-summit-queretaro\/#primaryimage\",\"url\":\"https:\/\/nitu.mx\/wp-content\/uploads\/2024\/02\/Descubrete-Queretaro.jpg\",\"contentUrl\":\"https:\/\/nitu.mx\/wp-content\/uploads\/2024\/02\/Descubrete-Queretaro.jpg\",\"width\":1200,\"height\":675,\"caption\":\"Desc\u00fabrete Quer\u00e9taro\"},{\"@type\":\"BreadcrumbList\",\"@id\":\"https:\/\/nitu.mx\/index.php\/2024\/02\/28\/brett-favre-leyenda-de-la-nfl-participara-en-descubrete-summit-queretaro\/#breadcrumb\",\"itemListElement\":[{\"@type\":\"ListItem\",\"position\":1,\"name\":\"Inicio\",\"item\":\"https:\/\/nitu.mx\/\"},{\"@type\":\"ListItem\",\"position\":2,\"name\":\"Brett Favre, leyenda de la NFL, participar\u00e1 en Desc\u00fabrete+ Summit Quer\u00e9taro\"}]},{\"@type\":\"WebSite\",\"@id\":\"https:\/\/nitu.mx\/#website\",\"url\":\"https:\/\/nitu.mx\/\",\"name\":\"Nitu - Noticias de la Industria Turistica\",\"description\":\"Noticias de la Industria Turistica\",\"publisher\":{\"@id\":\"https:\/\/nitu.mx\/#\/schema\/person\/ae7a53426417292d3dd07b45a33e01bc\"},\"alternateName\":\"Noticias de la Industria Turistica\",\"potentialAction\":[{\"@type\":\"SearchAction\",\"target\":{\"@type\":\"EntryPoint\",\"urlTemplate\":\"https:\/\/nitu.mx\/?s={search_term_string}\"},\"query-input\":\"required name=search_term_string\"}],\"inLanguage\":\"es-MX\"},{\"@type\":[\"Person\",\"Organization\"],\"@id\":\"https:\/\/nitu.mx\/#\/schema\/person\/ae7a53426417292d3dd07b45a33e01bc\",\"name\":\"Arturo Medina\",\"image\":{\"@type\":\"ImageObject\",\"inLanguage\":\"es-MX\",\"@id\":\"https:\/\/nitu.mx\/#\/schema\/person\/image\/\",\"url\":\"https:\/\/nitu.mx\/wp-content\/uploads\/2024\/04\/4A315622-1904-4D5C-B022-878CDC840E04-90x90-1.jpeg\",\"contentUrl\":\"https:\/\/nitu.mx\/wp-content\/uploads\/2024\/04\/4A315622-1904-4D5C-B022-878CDC840E04-90x90-1.jpeg\",\"width\":90,\"height\":90,\"caption\":\"Arturo Medina\"},\"logo\":{\"@id\":\"https:\/\/nitu.mx\/#\/schema\/person\/image\/\"},\"description\":\"Director NITU.mx, Egresado de la Escuela de Periodismo Carlos Septi\u00e9n Garc\u00eda. Periodista y analista especializado en turismo desde hace 35 a\u00f1os, radicado en Canc\u00fan Q.Roo. arturo@nitu.mx\",\"sameAs\":[\"https:\/\/nitu.mx\",\"https:\/\/www.facebook.com\/NITUmx\/\",\"medinacancun\",\"https:\/\/twitter.com\/@Arturo_Medina_G\"]},{\"@type\":\"Person\",\"@id\":\"https:\/\/nitu.mx\/#\/schema\/person\/4a28fe9bd65924f7c90623773daf1b0b\",\"name\":\"Redacci\u00f3n\",\"image\":{\"@type\":\"ImageObject\",\"inLanguage\":\"es-MX\",\"@id\":\"https:\/\/nitu.mx\/#\/schema\/person\/image\/\",\"url\":\"https:\/\/secure.gravatar.com\/avatar\/5dd011c8ccfc5cd7e4c81e42252aab38?s=96&d=mm&r=g\",\"contentUrl\":\"https:\/\/secure.gravatar.com\/avatar\/5dd011c8ccfc5cd7e4c81e42252aab38?s=96&d=mm&r=g\",\"caption\":\"Redacci\u00f3n\"},\"url\":\"https:\/\/nitu.mx\/index.php\/author\/redaccion\/\"}]}<\/script>\n<!-- \/ Yoast SEO plugin. -->","yoast_head_json":{"title":"Brett Favre, leyenda de la NFL, participar\u00e1 en Desc\u00fabrete+ Summit Quer\u00e9taro - Nitu - Noticias de la Industria Turistica","robots":{"index":"index","follow":"follow","max-snippet":"max-snippet:-1","max-image-preview":"max-image-preview:large","max-video-preview":"max-video-preview:-1"},"canonical":"https:\/\/nitu.mx\/index.php\/2024\/02\/28\/brett-favre-leyenda-de-la-nfl-participara-en-descubrete-summit-queretaro\/","twitter_card":"summary_large_image","twitter_title":"Brett Favre, leyenda de la NFL, participar\u00e1 en Desc\u00fabrete+ Summit Quer\u00e9taro - Nitu - Noticias de la Industria Turistica","twitter_description":"\u00a0La Secretar\u00eda de Turismo del Estado de Quer\u00e9taro anunci\u00f3 la realizaci\u00f3n del Desc\u00fabrete+ Summit, que se realizar\u00e1 los d\u00edas 27 y 28 de junio pr\u00f3ximo en el Teatro Metropolitano de la ciudad de Quer\u00e9taro, con la participaci\u00f3n de l\u00edderes globales, empresarios y emprendedores que intercambiar\u00e1n conocimientos y\u00a0networking\u00a0para promover el desarrollo profesional.\u00a0Aurora Aguilar Acu\u00f1a, coordinadora de [&hellip;]","twitter_image":"https:\/\/nitu.mx\/wp-content\/uploads\/2024\/02\/Descubrete-Queretaro.jpg","twitter_creator":"@NITUmx","twitter_site":"@Arturo_Medina_G","twitter_misc":{"Escrito por":"Redacci\u00f3n","Tiempo de lectura":"2 minutos"},"schema":{"@context":"https:\/\/schema.org","@graph":[{"@type":"Article","@id":"https:\/\/nitu.mx\/index.php\/2024\/02\/28\/brett-favre-leyenda-de-la-nfl-participara-en-descubrete-summit-queretaro\/#article","isPartOf":{"@id":"https:\/\/nitu.mx\/index.php\/2024\/02\/28\/brett-favre-leyenda-de-la-nfl-participara-en-descubrete-summit-queretaro\/"},"author":{"name":"Redacci\u00f3n","@id":"https:\/\/nitu.mx\/#\/schema\/person\/4a28fe9bd65924f7c90623773daf1b0b"},"headline":"Brett Favre, leyenda de la NFL, participar\u00e1 en Desc\u00fabrete+ Summit Quer\u00e9taro","datePublished":"2024-02-29T05:43:28+00:00","dateModified":"2024-02-29T05:43:29+00:00","mainEntityOfPage":{"@id":"https:\/\/nitu.mx\/index.php\/2024\/02\/28\/brett-favre-leyenda-de-la-nfl-participara-en-descubrete-summit-queretaro\/"},"wordCount":440,"commentCount":0,"publisher":{"@id":"https:\/\/nitu.mx\/#\/schema\/person\/ae7a53426417292d3dd07b45a33e01bc"},"image":{"@id":"https:\/\/nitu.mx\/index.php\/2024\/02\/28\/brett-favre-leyenda-de-la-nfl-participara-en-descubrete-summit-queretaro\/#primaryimage"},"thumbnailUrl":"https:\/\/nitu.mx\/wp-content\/uploads\/2024\/02\/Descubrete-Queretaro.jpg","keywords":["Brett Favre","Quer\u00e9taro","Sectur"],"articleSection":["Destinos"],"inLanguage":"es-MX","potentialAction":[{"@type":"CommentAction","name":"Comment","target":["https:\/\/nitu.mx\/index.php\/2024\/02\/28\/brett-favre-leyenda-de-la-nfl-participara-en-descubrete-summit-queretaro\/#respond"]}]},{"@type":"WebPage","@id":"https:\/\/nitu.mx\/index.php\/2024\/02\/28\/brett-favre-leyenda-de-la-nfl-participara-en-descubrete-summit-queretaro\/","url":"https:\/\/nitu.mx\/index.php\/2024\/02\/28\/brett-favre-leyenda-de-la-nfl-participara-en-descubrete-summit-queretaro\/","name":"Brett Favre, leyenda de la NFL, participar\u00e1 en Desc\u00fabrete+ Summit Quer\u00e9taro - Nitu - Noticias de la Industria Turistica","isPartOf":{"@id":"https:\/\/nitu.mx\/#website"},"primaryImageOfPage":{"@id":"https:\/\/nitu.mx\/index.php\/2024\/02\/28\/brett-favre-leyenda-de-la-nfl-participara-en-descubrete-summit-queretaro\/#primaryimage"},"image":{"@id":"https:\/\/nitu.mx\/index.php\/2024\/02\/28\/brett-favre-leyenda-de-la-nfl-participara-en-descubrete-summit-queretaro\/#primaryimage"},"thumbnailUrl":"https:\/\/nitu.mx\/wp-content\/uploads\/2024\/02\/Descubrete-Queretaro.jpg","datePublished":"2024-02-29T05:43:28+00:00","dateModified":"2024-02-29T05:43:29+00:00","breadcrumb":{"@id":"https:\/\/nitu.mx\/index.php\/2024\/02\/28\/brett-favre-leyenda-de-la-nfl-participara-en-descubrete-summit-queretaro\/#breadcrumb"},"inLanguage":"es-MX","potentialAction":[{"@type":"ReadAction","target":["https:\/\/nitu.mx\/index.php\/2024\/02\/28\/brett-favre-leyenda-de-la-nfl-participara-en-descubrete-summit-queretaro\/"]}]},{"@type":"ImageObject","inLanguage":"es-MX","@id":"https:\/\/nitu.mx\/index.php\/2024\/02\/28\/brett-favre-leyenda-de-la-nfl-participara-en-descubrete-summit-queretaro\/#primaryimage","url":"https:\/\/nitu.mx\/wp-content\/uploads\/2024\/02\/Descubrete-Queretaro.jpg","contentUrl":"https:\/\/nitu.mx\/wp-content\/uploads\/2024\/02\/Descubrete-Queretaro.jpg","width":1200,"height":675,"caption":"Desc\u00fabrete Quer\u00e9taro"},{"@type":"BreadcrumbList","@id":"https:\/\/nitu.mx\/index.php\/2024\/02\/28\/brett-favre-leyenda-de-la-nfl-participara-en-descubrete-summit-queretaro\/#breadcrumb","itemListElement":[{"@type":"ListItem","position":1,"name":"Inicio","item":"https:\/\/nitu.mx\/"},{"@type":"ListItem","position":2,"name":"Brett Favre, leyenda de la NFL, participar\u00e1 en Desc\u00fabrete+ Summit Quer\u00e9taro"}]},{"@type":"WebSite","@id":"https:\/\/nitu.mx\/#website","url":"https:\/\/nitu.mx\/","name":"Nitu - Noticias de la Industria Turistica","description":"Noticias de la Industria Turistica","publisher":{"@id":"https:\/\/nitu.mx\/#\/schema\/person\/ae7a53426417292d3dd07b45a33e01bc"},"alternateName":"Noticias de la Industria Turistica","potentialAction":[{"@type":"SearchAction","target":{"@type":"EntryPoint","urlTemplate":"https:\/\/nitu.mx\/?s={search_term_string}"},"query-input":"required name=search_term_string"}],"inLanguage":"es-MX"},{"@type":["Person","Organization"],"@id":"https:\/\/nitu.mx\/#\/schema\/person\/ae7a53426417292d3dd07b45a33e01bc","name":"Arturo Medina","image":{"@type":"ImageObject","inLanguage":"es-MX","@id":"https:\/\/nitu.mx\/#\/schema\/person\/image\/","url":"https:\/\/nitu.mx\/wp-content\/uploads\/2024\/04\/4A315622-1904-4D5C-B022-878CDC840E04-90x90-1.jpeg","contentUrl":"https:\/\/nitu.mx\/wp-content\/uploads\/2024\/04\/4A315622-1904-4D5C-B022-878CDC840E04-90x90-1.jpeg","width":90,"height":90,"caption":"Arturo Medina"},"logo":{"@id":"https:\/\/nitu.mx\/#\/schema\/person\/image\/"},"description":"Director NITU.mx, Egresado de la Escuela de Periodismo Carlos Septi\u00e9n Garc\u00eda. Periodista y analista especializado en turismo desde hace 35 a\u00f1os, radicado en Canc\u00fan Q.Roo. arturo@nitu.mx","sameAs":["https:\/\/nitu.mx","https:\/\/www.facebook.com\/NITUmx\/","medinacancun","https:\/\/twitter.com\/@Arturo_Medina_G"]},{"@type":"Person","@id":"https:\/\/nitu.mx\/#\/schema\/person\/4a28fe9bd65924f7c90623773daf1b0b","name":"Redacci\u00f3n","image":{"@type":"ImageObject","inLanguage":"es-MX","@id":"https:\/\/nitu.mx\/#\/schema\/person\/image\/","url":"https:\/\/secure.gravatar.com\/avatar\/5dd011c8ccfc5cd7e4c81e42252aab38?s=96&d=mm&r=g","contentUrl":"https:\/\/secure.gravatar.com\/avatar\/5dd011c8ccfc5cd7e4c81e42252aab38?s=96&d=mm&r=g","caption":"Redacci\u00f3n"},"url":"https:\/\/nitu.mx\/index.php\/author\/redaccion\/"}]}},"views":517,"_links":{"self":[{"href":"https:\/\/nitu.mx\/index.php\/wp-json\/wp\/v2\/posts\/68927"}],"collection":[{"href":"https:\/\/nitu.mx\/index.php\/wp-json\/wp\/v2\/posts"}],"about":[{"href":"https:\/\/nitu.mx\/index.php\/wp-json\/wp\/v2\/types\/post"}],"author":[{"embeddable":true,"href":"https:\/\/nitu.mx\/index.php\/wp-json\/wp\/v2\/users\/17"}],"replies":[{"embeddable":true,"href":"https:\/\/nitu.mx\/index.php\/wp-json\/wp\/v2\/comments?post=68927"}],"version-history":[{"count":2,"href":"https:\/\/nitu.mx\/index.php\/wp-json\/wp\/v2\/posts\/68927\/revisions"}],"predecessor-version":[{"id":68932,"href":"https:\/\/nitu.mx\/index.php\/wp-json\/wp\/v2\/posts\/68927\/revisions\/68932"}],"wp:featuredmedia":[{"embeddable":true,"href":"https:\/\/nitu.mx\/index.php\/wp-json\/wp\/v2\/media\/68931"}],"wp:attachment":[{"href":"https:\/\/nitu.mx\/index.php\/wp-json\/wp\/v2\/media?parent=68927"}],"wp:term":[{"taxonomy":"category","embeddable":true,"href":"https:\/\/nitu.mx\/index.php\/wp-json\/wp\/v2\/categories?post=68927"},{"taxonomy":"post_tag","embeddable":true,"href":"https:\/\/nitu.mx\/index.php\/wp-json\/wp\/v2\/tags?post=68927"}],"curies":[{"name":"wp","href":"https:\/\/api.w.org\/{rel}","templated":true}]}}