{"id":68922,"date":"2024-02-28T23:36:43","date_gmt":"2024-02-29T05:36:43","guid":{"rendered":"https:\/\/nitu.mx\/?p=68922"},"modified":"2024-02-28T23:36:44","modified_gmt":"2024-02-29T05:36:44","slug":"8-de-cada-10-turistas-se-transportan-via-terrestre-en-mexico","status":"publish","type":"post","link":"https:\/\/nitu.mx\/index.php\/2024\/02\/28\/8-de-cada-10-turistas-se-transportan-via-terrestre-en-mexico\/","title":{"rendered":"8 de cada 10 turistas se transportan v\u00eda terrestre en M\u00e9xico"},"content":{"rendered":"\n<p>Al inaugurar la Expo Foro Movilidad 2024 organizado por\u00a0la C\u00e1mara Nacional del Autotransporte de Pasaje y Turismo (Canapat), el titular de la Secretar\u00eda de Turismo federal (Sectur), Miguel Torruco Marqu\u00e9s, inform\u00f3 que 8 de cada 10 personas viajan en autom\u00f3vil o autob\u00fas, por lo que enalteci\u00f3 la importancia del\u00a0transporte terrestre.<\/p>\n\n\n\n<p>Resalt\u00f3 que de acuerdo con datos de la Secretar\u00eda de Infraestructura, Comunicaciones y Transportes (SICT), en 2022, 661 millones 320 mil pasajeros fueron transportados en autob\u00fas con servicio tur\u00edstico a diferentes destinos del pa\u00eds.<\/p>\n\n\n\n<p>A\u00f1adi\u00f3 que el desplazamiento diario del transporte tur\u00edstico a lo largo y ancho del territorio nacional contribuye al fortalecimiento del turismo interno, columna vertebral de nuestra industria, e impulsa el turismo carretero, que est\u00e1 conectado con la mayor parte de las actividades productivas y con la cadena de valor tur\u00edstica.<\/p>\n\n\n\n<p>Torruco Marqu\u00e9s refiri\u00f3 que, en 2023, el turismo interno signific\u00f3 un total de 259 millones de turistas nacionales, de los cuales 102 millones se hospedaron en hotel, y represent\u00f3 un consumo por hospedaje de 200 mil millones de pesos, esto es, el 5.0% del consumo tur\u00edstico total.<\/p>\n\n\n\n<p>Manifest\u00f3 que el turismo requiere de una articulaci\u00f3n entre los centros tur\u00edsticos y los servicios de autotransporte para impulsar el desarrollo y crecimiento tur\u00edstico\u00a0nacional.<\/p>\n\n\n\n<p>El secretario de Turismo reiter\u00f3 que un transporte seguro y eficiente, que proporcione accesibilidad desde el exterior y movilidad en el destino, es imprescindible para generar una buena imagen a los visitantes de nuestras 270 plazas de vocaci\u00f3n tur\u00edstica, como tambi\u00e9n lo es la infraestructura carretera.<\/p>\n\n\n\n<p>En este tenor, destac\u00f3 que M\u00e9xico posee un total de 780 mil 511 kil\u00f3metros de vialidades y resalt\u00f3 la construcci\u00f3n de la autopista Oaxaca-Puerto Escondido, en su tramo barranca Larga-Ventanilla, reci\u00e9n inaugurada, que reducir\u00e1 considerablemente el tiempo y la distancia de viaje.<\/p>\n\n\n\n<p>As\u00ed mismo en el primer semestre del 2024 estar\u00e1n operando las autopistas Compostela-Puerto Vallarta, en Nayarit, y Huasca-Real del Monte, en Hidalgo; y este a\u00f1o entrar\u00e1 en operaciones la autopista Oaxaca-Tehuantepec y ser\u00e1 culminado el puente Nichupt\u00e9, el cual agilizar\u00e1 el tr\u00e1nsito vehicular en la zona de acceso al Boulevard Kukulk\u00e1n, en la ciudad de Canc\u00fan. <\/p>\n\n\n\n<p>Por otra parte, destac\u00f3 que como parte del programa de regionalizaci\u00f3n del turismo, que consiste en la configuraci\u00f3n de rutas tur\u00edsticas entre localidades, municipios y estados, y en cumplimiento con la instrucci\u00f3n del presidente, Andr\u00e9s Manuel L\u00f3pez Obrador, de hacer del turismo una herramienta de reconciliaci\u00f3n social, desde la dependencia a su cargo\u00a0 se han creado nuevos productos, denominados \u201cancla\u201d; se puso en marcha el distintivo Barrio M\u00e1gico en las 32 entidades federativas del pa\u00eds; se benefici\u00f3 a los Pueblos M\u00e1gicos, con la pinta de fachadas de viviendas y murales art\u00edsticos; y se han impulsado eventos de talla internacional. (<a href=\"https:\/\/nitu.mx\/index.php\/2022\/06\/02\/transporte-terrestre-moviliza-a-3-mil-millones-de-pasajeros-al-ano\/\">Transporte terrestre moviliza a 3 mil millones de pasajeros al a\u00f1o<\/a>).<\/p>\n\n\n\n<p>\u201cPor supuesto que el m\u00e1ximo proyecto de regionalizaci\u00f3n tur\u00edstica es el Tren Maya, inaugurado el pasado mes de diciembre, en sus rutas Canc\u00fan-Campeche y Palenque-Campeche, a las cuales se sumar\u00e1, el d\u00eda de ma\u00f1ana, el tramo Canc\u00fan-Playa del Carmen, donde tendr\u00e9 el honor de acompa\u00f1ar al presidente Andr\u00e9s Manuel L\u00f3pez Obrador para su inauguraci\u00f3n\u201d a\u00f1adi\u00f3.<\/p>\n\n\n\n<p>Acentu\u00f3 que, para esta obra emblem\u00e1tica del actual gobierno, que permitir\u00e1 la conectividad entre los diferentes estados que conforman el sureste del pa\u00eds, llevando progreso y bienestar social a sus habitantes, Sectur ha creado 64 propuestas de paquetes tur\u00edsticos en materia de turismo cultural, aventura, romance, salud, bienestar, reuniones y retiro, que son segmentos especializados.<\/p>\n\n\n\n<p>El secretario de Turismo expuso que para el auxilio de quienes se trasladan v\u00eda terrestre hacia las diferentes plazas de vocaci\u00f3n tur\u00edstica, Sectur cuenta con el apoyo del Programa de Asistencia Tur\u00edstica en Carretera, \u201c\u00c1ngeles Verdes\u201d, que brinda apoyo y protecci\u00f3n en 197 tramos carreteros, que representan una cobertura de 37 mil kil\u00f3metros.<\/p>\n\n\n\n<p>\u201cAgradezco la amable invitaci\u00f3n de Jos\u00e9 Lucio Rodr\u00edguez, presidente de la C\u00e1mara Nacional del Autotransporte de Pasaje y Turismo, para participar en la inauguraci\u00f3n de este tradicional Expoforo, que se ha convertido en un espacio para el an\u00e1lisis y discusi\u00f3n sobre temas vinculados con la movilidad\u201d concluy\u00f3.<\/p>\n\n\n\n<p>En su oportunidad, el subsecretario de Transportes de la Secretar\u00eda de Infraestructura, Comunicaciones y Transportes\u00a0(SICT), Rogelio Jim\u00e9nez Pons,\u00a0distingui\u00f3 la participaci\u00f3n ejemplar de los socios de Canapat en respuesta a los estragos ocasionados por el hurac\u00e1n Otis y destac\u00f3 las acciones emprendidas desde la dependencia a la que pertenece para fortalecer la infraestructura y los caminos\u00a0de\u00a0M\u00e9xico.<\/p>\n\n\n\n<p>Por su parte, el presidente de Canapat, Jos\u00e9 Lucio Rodr\u00edguez Gonz\u00e1lez,&nbsp;refiri\u00f3 que en esta edici\u00f3n se va a replantear la manera que se ve el auto transporte como un sector clave para el desarrollo del pa\u00eds y se presentar\u00e1n las nuevas tecnolog\u00edas, tendencias y novedades hacia una movilidad m\u00e1s eficiente, incluyente, sostenible y resiliente.<\/p>\n\n\n\n<p>Agradeci\u00f3 el apoyo brindado por la Secretar\u00eda de Turismo en momentos clave como la pandemia y el hurac\u00e1n Otis y recalc\u00f3 el compromiso de Canapat con las familias mexicanas al recordar que, durante este \u00faltimo, apoyaron el transporte de pasajeros y habitantes, as\u00ed como el traslado de v\u00edveres; as\u00ed mismo invit\u00f3 a las autoridades presentes a seguir trabajando en la recuperaci\u00f3n de este destino como una misi\u00f3n prioritaria porque es pieza central del turismo nuestro pa\u00eds.<\/p>\n\n\n\n<p>El secretario de Turismo, Miguel Torruco Marqu\u00e9s, junto con las autoridades y los representantes del sector empresarial, realizaron un recorrido por la exposici\u00f3n en donde conoci\u00f3 de primera mano las nuevas tecnolog\u00edas en materia de transporte terrestre.<\/p>\n","protected":false},"excerpt":{"rendered":"<p>Al inaugurar la Expo Foro Movilidad 2024 organizado por\u00a0la C\u00e1mara Nacional del Autotransporte de Pasaje y Turismo (Canapat), el titular de la Secretar\u00eda de Turismo federal (Sectur), Miguel Torruco Marqu\u00e9s, inform\u00f3 que 8 de cada 10 personas viajan en autom\u00f3vil o autob\u00fas, por lo que enalteci\u00f3 la importancia del\u00a0transporte terrestre. Resalt\u00f3 que de acuerdo con [&hellip;]<\/p>\n","protected":false},"author":17,"featured_media":68924,"comment_status":"open","ping_status":"open","sticky":false,"template":"","format":"standard","meta":{"footnotes":""},"categories":[5],"tags":[20215,910,93,9439],"yoast_head":"<!-- This site is optimized with the Yoast SEO plugin v22.2 - https:\/\/yoast.com\/wordpress\/plugins\/seo\/ -->\n<title>8 de cada 10 turistas se transportan v\u00eda terrestre en M\u00e9xico - Nitu - Noticias de la Industria Turistica<\/title>\n<meta name=\"robots\" content=\"index, follow, max-snippet:-1, max-image-preview:large, max-video-preview:-1\" \/>\n<link rel=\"canonical\" href=\"https:\/\/nitu.mx\/index.php\/2024\/02\/28\/8-de-cada-10-turistas-se-transportan-via-terrestre-en-mexico\/\" \/>\n<meta name=\"twitter:card\" content=\"summary_large_image\" \/>\n<meta name=\"twitter:title\" content=\"8 de cada 10 turistas se transportan v\u00eda terrestre en M\u00e9xico - Nitu - Noticias de la Industria Turistica\" \/>\n<meta name=\"twitter:description\" content=\"Al inaugurar la Expo Foro Movilidad 2024 organizado por\u00a0la C\u00e1mara Nacional del Autotransporte de Pasaje y Turismo (Canapat), el titular de la Secretar\u00eda de Turismo federal (Sectur), Miguel Torruco Marqu\u00e9s, inform\u00f3 que 8 de cada 10 personas viajan en autom\u00f3vil o autob\u00fas, por lo que enalteci\u00f3 la importancia del\u00a0transporte terrestre. Resalt\u00f3 que de acuerdo con [&hellip;]\" \/>\n<meta name=\"twitter:image\" content=\"https:\/\/nitu.mx\/wp-content\/uploads\/2024\/02\/Canapat-Torruco.jpg\" \/>\n<meta name=\"twitter:creator\" content=\"@NITUmx\" \/>\n<meta name=\"twitter:site\" content=\"@Arturo_Medina_G\" \/>\n<meta name=\"twitter:label1\" content=\"Escrito por\" \/>\n\t<meta name=\"twitter:data1\" content=\"Redacci\u00f3n\" \/>\n\t<meta name=\"twitter:label2\" content=\"Tiempo de lectura\" \/>\n\t<meta name=\"twitter:data2\" content=\"5 minutos\" \/>\n<script type=\"application\/ld+json\" class=\"yoast-schema-graph\">{\"@context\":\"https:\/\/schema.org\",\"@graph\":[{\"@type\":\"Article\",\"@id\":\"https:\/\/nitu.mx\/index.php\/2024\/02\/28\/8-de-cada-10-turistas-se-transportan-via-terrestre-en-mexico\/#article\",\"isPartOf\":{\"@id\":\"https:\/\/nitu.mx\/index.php\/2024\/02\/28\/8-de-cada-10-turistas-se-transportan-via-terrestre-en-mexico\/\"},\"author\":{\"name\":\"Redacci\u00f3n\",\"@id\":\"https:\/\/nitu.mx\/#\/schema\/person\/4a28fe9bd65924f7c90623773daf1b0b\"},\"headline\":\"8 de cada 10 turistas se transportan v\u00eda terrestre en M\u00e9xico\",\"datePublished\":\"2024-02-29T05:36:43+00:00\",\"dateModified\":\"2024-02-29T05:36:44+00:00\",\"mainEntityOfPage\":{\"@id\":\"https:\/\/nitu.mx\/index.php\/2024\/02\/28\/8-de-cada-10-turistas-se-transportan-via-terrestre-en-mexico\/\"},\"wordCount\":980,\"commentCount\":0,\"publisher\":{\"@id\":\"https:\/\/nitu.mx\/#\/schema\/person\/ae7a53426417292d3dd07b45a33e01bc\"},\"image\":{\"@id\":\"https:\/\/nitu.mx\/index.php\/2024\/02\/28\/8-de-cada-10-turistas-se-transportan-via-terrestre-en-mexico\/#primaryimage\"},\"thumbnailUrl\":\"https:\/\/nitu.mx\/wp-content\/uploads\/2024\/02\/Canapat-Torruco.jpg\",\"keywords\":[\"Canapat\",\"Miguel Torruco\",\"Sectur\",\"transporte terrestre\"],\"articleSection\":[\"Destinos\"],\"inLanguage\":\"es-MX\",\"potentialAction\":[{\"@type\":\"CommentAction\",\"name\":\"Comment\",\"target\":[\"https:\/\/nitu.mx\/index.php\/2024\/02\/28\/8-de-cada-10-turistas-se-transportan-via-terrestre-en-mexico\/#respond\"]}]},{\"@type\":\"WebPage\",\"@id\":\"https:\/\/nitu.mx\/index.php\/2024\/02\/28\/8-de-cada-10-turistas-se-transportan-via-terrestre-en-mexico\/\",\"url\":\"https:\/\/nitu.mx\/index.php\/2024\/02\/28\/8-de-cada-10-turistas-se-transportan-via-terrestre-en-mexico\/\",\"name\":\"8 de cada 10 turistas se transportan v\u00eda terrestre en M\u00e9xico - Nitu - Noticias de la Industria Turistica\",\"isPartOf\":{\"@id\":\"https:\/\/nitu.mx\/#website\"},\"primaryImageOfPage\":{\"@id\":\"https:\/\/nitu.mx\/index.php\/2024\/02\/28\/8-de-cada-10-turistas-se-transportan-via-terrestre-en-mexico\/#primaryimage\"},\"image\":{\"@id\":\"https:\/\/nitu.mx\/index.php\/2024\/02\/28\/8-de-cada-10-turistas-se-transportan-via-terrestre-en-mexico\/#primaryimage\"},\"thumbnailUrl\":\"https:\/\/nitu.mx\/wp-content\/uploads\/2024\/02\/Canapat-Torruco.jpg\",\"datePublished\":\"2024-02-29T05:36:43+00:00\",\"dateModified\":\"2024-02-29T05:36:44+00:00\",\"breadcrumb\":{\"@id\":\"https:\/\/nitu.mx\/index.php\/2024\/02\/28\/8-de-cada-10-turistas-se-transportan-via-terrestre-en-mexico\/#breadcrumb\"},\"inLanguage\":\"es-MX\",\"potentialAction\":[{\"@type\":\"ReadAction\",\"target\":[\"https:\/\/nitu.mx\/index.php\/2024\/02\/28\/8-de-cada-10-turistas-se-transportan-via-terrestre-en-mexico\/\"]}]},{\"@type\":\"ImageObject\",\"inLanguage\":\"es-MX\",\"@id\":\"https:\/\/nitu.mx\/index.php\/2024\/02\/28\/8-de-cada-10-turistas-se-transportan-via-terrestre-en-mexico\/#primaryimage\",\"url\":\"https:\/\/nitu.mx\/wp-content\/uploads\/2024\/02\/Canapat-Torruco.jpg\",\"contentUrl\":\"https:\/\/nitu.mx\/wp-content\/uploads\/2024\/02\/Canapat-Torruco.jpg\",\"width\":1200,\"height\":675,\"caption\":\"Canapat Torruco\"},{\"@type\":\"BreadcrumbList\",\"@id\":\"https:\/\/nitu.mx\/index.php\/2024\/02\/28\/8-de-cada-10-turistas-se-transportan-via-terrestre-en-mexico\/#breadcrumb\",\"itemListElement\":[{\"@type\":\"ListItem\",\"position\":1,\"name\":\"Inicio\",\"item\":\"https:\/\/nitu.mx\/\"},{\"@type\":\"ListItem\",\"position\":2,\"name\":\"8 de cada 10 turistas se transportan v\u00eda terrestre en M\u00e9xico\"}]},{\"@type\":\"WebSite\",\"@id\":\"https:\/\/nitu.mx\/#website\",\"url\":\"https:\/\/nitu.mx\/\",\"name\":\"Nitu - Noticias de la Industria Turistica\",\"description\":\"Noticias de la Industria Turistica\",\"publisher\":{\"@id\":\"https:\/\/nitu.mx\/#\/schema\/person\/ae7a53426417292d3dd07b45a33e01bc\"},\"alternateName\":\"Noticias de la Industria Turistica\",\"potentialAction\":[{\"@type\":\"SearchAction\",\"target\":{\"@type\":\"EntryPoint\",\"urlTemplate\":\"https:\/\/nitu.mx\/?s={search_term_string}\"},\"query-input\":\"required name=search_term_string\"}],\"inLanguage\":\"es-MX\"},{\"@type\":[\"Person\",\"Organization\"],\"@id\":\"https:\/\/nitu.mx\/#\/schema\/person\/ae7a53426417292d3dd07b45a33e01bc\",\"name\":\"Arturo Medina\",\"image\":{\"@type\":\"ImageObject\",\"inLanguage\":\"es-MX\",\"@id\":\"https:\/\/nitu.mx\/#\/schema\/person\/image\/\",\"url\":\"https:\/\/nitu.mx\/wp-content\/uploads\/2024\/04\/4A315622-1904-4D5C-B022-878CDC840E04-90x90-1.jpeg\",\"contentUrl\":\"https:\/\/nitu.mx\/wp-content\/uploads\/2024\/04\/4A315622-1904-4D5C-B022-878CDC840E04-90x90-1.jpeg\",\"width\":90,\"height\":90,\"caption\":\"Arturo Medina\"},\"logo\":{\"@id\":\"https:\/\/nitu.mx\/#\/schema\/person\/image\/\"},\"description\":\"Director NITU.mx, Egresado de la Escuela de Periodismo Carlos Septi\u00e9n Garc\u00eda. Periodista y analista especializado en turismo desde hace 35 a\u00f1os, radicado en Canc\u00fan Q.Roo. arturo@nitu.mx\",\"sameAs\":[\"https:\/\/nitu.mx\",\"https:\/\/www.facebook.com\/NITUmx\/\",\"medinacancun\",\"https:\/\/twitter.com\/@Arturo_Medina_G\"]},{\"@type\":\"Person\",\"@id\":\"https:\/\/nitu.mx\/#\/schema\/person\/4a28fe9bd65924f7c90623773daf1b0b\",\"name\":\"Redacci\u00f3n\",\"image\":{\"@type\":\"ImageObject\",\"inLanguage\":\"es-MX\",\"@id\":\"https:\/\/nitu.mx\/#\/schema\/person\/image\/\",\"url\":\"https:\/\/secure.gravatar.com\/avatar\/5dd011c8ccfc5cd7e4c81e42252aab38?s=96&d=mm&r=g\",\"contentUrl\":\"https:\/\/secure.gravatar.com\/avatar\/5dd011c8ccfc5cd7e4c81e42252aab38?s=96&d=mm&r=g\",\"caption\":\"Redacci\u00f3n\"},\"url\":\"https:\/\/nitu.mx\/index.php\/author\/redaccion\/\"}]}<\/script>\n<!-- \/ Yoast SEO plugin. -->","yoast_head_json":{"title":"8 de cada 10 turistas se transportan v\u00eda terrestre en M\u00e9xico - Nitu - Noticias de la Industria Turistica","robots":{"index":"index","follow":"follow","max-snippet":"max-snippet:-1","max-image-preview":"max-image-preview:large","max-video-preview":"max-video-preview:-1"},"canonical":"https:\/\/nitu.mx\/index.php\/2024\/02\/28\/8-de-cada-10-turistas-se-transportan-via-terrestre-en-mexico\/","twitter_card":"summary_large_image","twitter_title":"8 de cada 10 turistas se transportan v\u00eda terrestre en M\u00e9xico - Nitu - Noticias de la Industria Turistica","twitter_description":"Al inaugurar la Expo Foro Movilidad 2024 organizado por\u00a0la C\u00e1mara Nacional del Autotransporte de Pasaje y Turismo (Canapat), el titular de la Secretar\u00eda de Turismo federal (Sectur), Miguel Torruco Marqu\u00e9s, inform\u00f3 que 8 de cada 10 personas viajan en autom\u00f3vil o autob\u00fas, por lo que enalteci\u00f3 la importancia del\u00a0transporte terrestre. Resalt\u00f3 que de acuerdo con [&hellip;]","twitter_image":"https:\/\/nitu.mx\/wp-content\/uploads\/2024\/02\/Canapat-Torruco.jpg","twitter_creator":"@NITUmx","twitter_site":"@Arturo_Medina_G","twitter_misc":{"Escrito por":"Redacci\u00f3n","Tiempo de lectura":"5 minutos"},"schema":{"@context":"https:\/\/schema.org","@graph":[{"@type":"Article","@id":"https:\/\/nitu.mx\/index.php\/2024\/02\/28\/8-de-cada-10-turistas-se-transportan-via-terrestre-en-mexico\/#article","isPartOf":{"@id":"https:\/\/nitu.mx\/index.php\/2024\/02\/28\/8-de-cada-10-turistas-se-transportan-via-terrestre-en-mexico\/"},"author":{"name":"Redacci\u00f3n","@id":"https:\/\/nitu.mx\/#\/schema\/person\/4a28fe9bd65924f7c90623773daf1b0b"},"headline":"8 de cada 10 turistas se transportan v\u00eda terrestre en M\u00e9xico","datePublished":"2024-02-29T05:36:43+00:00","dateModified":"2024-02-29T05:36:44+00:00","mainEntityOfPage":{"@id":"https:\/\/nitu.mx\/index.php\/2024\/02\/28\/8-de-cada-10-turistas-se-transportan-via-terrestre-en-mexico\/"},"wordCount":980,"commentCount":0,"publisher":{"@id":"https:\/\/nitu.mx\/#\/schema\/person\/ae7a53426417292d3dd07b45a33e01bc"},"image":{"@id":"https:\/\/nitu.mx\/index.php\/2024\/02\/28\/8-de-cada-10-turistas-se-transportan-via-terrestre-en-mexico\/#primaryimage"},"thumbnailUrl":"https:\/\/nitu.mx\/wp-content\/uploads\/2024\/02\/Canapat-Torruco.jpg","keywords":["Canapat","Miguel Torruco","Sectur","transporte terrestre"],"articleSection":["Destinos"],"inLanguage":"es-MX","potentialAction":[{"@type":"CommentAction","name":"Comment","target":["https:\/\/nitu.mx\/index.php\/2024\/02\/28\/8-de-cada-10-turistas-se-transportan-via-terrestre-en-mexico\/#respond"]}]},{"@type":"WebPage","@id":"https:\/\/nitu.mx\/index.php\/2024\/02\/28\/8-de-cada-10-turistas-se-transportan-via-terrestre-en-mexico\/","url":"https:\/\/nitu.mx\/index.php\/2024\/02\/28\/8-de-cada-10-turistas-se-transportan-via-terrestre-en-mexico\/","name":"8 de cada 10 turistas se transportan v\u00eda terrestre en M\u00e9xico - Nitu - Noticias de la Industria Turistica","isPartOf":{"@id":"https:\/\/nitu.mx\/#website"},"primaryImageOfPage":{"@id":"https:\/\/nitu.mx\/index.php\/2024\/02\/28\/8-de-cada-10-turistas-se-transportan-via-terrestre-en-mexico\/#primaryimage"},"image":{"@id":"https:\/\/nitu.mx\/index.php\/2024\/02\/28\/8-de-cada-10-turistas-se-transportan-via-terrestre-en-mexico\/#primaryimage"},"thumbnailUrl":"https:\/\/nitu.mx\/wp-content\/uploads\/2024\/02\/Canapat-Torruco.jpg","datePublished":"2024-02-29T05:36:43+00:00","dateModified":"2024-02-29T05:36:44+00:00","breadcrumb":{"@id":"https:\/\/nitu.mx\/index.php\/2024\/02\/28\/8-de-cada-10-turistas-se-transportan-via-terrestre-en-mexico\/#breadcrumb"},"inLanguage":"es-MX","potentialAction":[{"@type":"ReadAction","target":["https:\/\/nitu.mx\/index.php\/2024\/02\/28\/8-de-cada-10-turistas-se-transportan-via-terrestre-en-mexico\/"]}]},{"@type":"ImageObject","inLanguage":"es-MX","@id":"https:\/\/nitu.mx\/index.php\/2024\/02\/28\/8-de-cada-10-turistas-se-transportan-via-terrestre-en-mexico\/#primaryimage","url":"https:\/\/nitu.mx\/wp-content\/uploads\/2024\/02\/Canapat-Torruco.jpg","contentUrl":"https:\/\/nitu.mx\/wp-content\/uploads\/2024\/02\/Canapat-Torruco.jpg","width":1200,"height":675,"caption":"Canapat Torruco"},{"@type":"BreadcrumbList","@id":"https:\/\/nitu.mx\/index.php\/2024\/02\/28\/8-de-cada-10-turistas-se-transportan-via-terrestre-en-mexico\/#breadcrumb","itemListElement":[{"@type":"ListItem","position":1,"name":"Inicio","item":"https:\/\/nitu.mx\/"},{"@type":"ListItem","position":2,"name":"8 de cada 10 turistas se transportan v\u00eda terrestre en M\u00e9xico"}]},{"@type":"WebSite","@id":"https:\/\/nitu.mx\/#website","url":"https:\/\/nitu.mx\/","name":"Nitu - Noticias de la Industria Turistica","description":"Noticias de la Industria Turistica","publisher":{"@id":"https:\/\/nitu.mx\/#\/schema\/person\/ae7a53426417292d3dd07b45a33e01bc"},"alternateName":"Noticias de la Industria Turistica","potentialAction":[{"@type":"SearchAction","target":{"@type":"EntryPoint","urlTemplate":"https:\/\/nitu.mx\/?s={search_term_string}"},"query-input":"required name=search_term_string"}],"inLanguage":"es-MX"},{"@type":["Person","Organization"],"@id":"https:\/\/nitu.mx\/#\/schema\/person\/ae7a53426417292d3dd07b45a33e01bc","name":"Arturo Medina","image":{"@type":"ImageObject","inLanguage":"es-MX","@id":"https:\/\/nitu.mx\/#\/schema\/person\/image\/","url":"https:\/\/nitu.mx\/wp-content\/uploads\/2024\/04\/4A315622-1904-4D5C-B022-878CDC840E04-90x90-1.jpeg","contentUrl":"https:\/\/nitu.mx\/wp-content\/uploads\/2024\/04\/4A315622-1904-4D5C-B022-878CDC840E04-90x90-1.jpeg","width":90,"height":90,"caption":"Arturo Medina"},"logo":{"@id":"https:\/\/nitu.mx\/#\/schema\/person\/image\/"},"description":"Director NITU.mx, Egresado de la Escuela de Periodismo Carlos Septi\u00e9n Garc\u00eda. Periodista y analista especializado en turismo desde hace 35 a\u00f1os, radicado en Canc\u00fan Q.Roo. arturo@nitu.mx","sameAs":["https:\/\/nitu.mx","https:\/\/www.facebook.com\/NITUmx\/","medinacancun","https:\/\/twitter.com\/@Arturo_Medina_G"]},{"@type":"Person","@id":"https:\/\/nitu.mx\/#\/schema\/person\/4a28fe9bd65924f7c90623773daf1b0b","name":"Redacci\u00f3n","image":{"@type":"ImageObject","inLanguage":"es-MX","@id":"https:\/\/nitu.mx\/#\/schema\/person\/image\/","url":"https:\/\/secure.gravatar.com\/avatar\/5dd011c8ccfc5cd7e4c81e42252aab38?s=96&d=mm&r=g","contentUrl":"https:\/\/secure.gravatar.com\/avatar\/5dd011c8ccfc5cd7e4c81e42252aab38?s=96&d=mm&r=g","caption":"Redacci\u00f3n"},"url":"https:\/\/nitu.mx\/index.php\/author\/redaccion\/"}]}},"views":1168,"_links":{"self":[{"href":"https:\/\/nitu.mx\/index.php\/wp-json\/wp\/v2\/posts\/68922"}],"collection":[{"href":"https:\/\/nitu.mx\/index.php\/wp-json\/wp\/v2\/posts"}],"about":[{"href":"https:\/\/nitu.mx\/index.php\/wp-json\/wp\/v2\/types\/post"}],"author":[{"embeddable":true,"href":"https:\/\/nitu.mx\/index.php\/wp-json\/wp\/v2\/users\/17"}],"replies":[{"embeddable":true,"href":"https:\/\/nitu.mx\/index.php\/wp-json\/wp\/v2\/comments?post=68922"}],"version-history":[{"count":1,"href":"https:\/\/nitu.mx\/index.php\/wp-json\/wp\/v2\/posts\/68922\/revisions"}],"predecessor-version":[{"id":68925,"href":"https:\/\/nitu.mx\/index.php\/wp-json\/wp\/v2\/posts\/68922\/revisions\/68925"}],"wp:featuredmedia":[{"embeddable":true,"href":"https:\/\/nitu.mx\/index.php\/wp-json\/wp\/v2\/media\/68924"}],"wp:attachment":[{"href":"https:\/\/nitu.mx\/index.php\/wp-json\/wp\/v2\/media?parent=68922"}],"wp:term":[{"taxonomy":"category","embeddable":true,"href":"https:\/\/nitu.mx\/index.php\/wp-json\/wp\/v2\/categories?post=68922"},{"taxonomy":"post_tag","embeddable":true,"href":"https:\/\/nitu.mx\/index.php\/wp-json\/wp\/v2\/tags?post=68922"}],"curies":[{"name":"wp","href":"https:\/\/api.w.org\/{rel}","templated":true}]}}