{"id":68720,"date":"2024-02-22T06:31:24","date_gmt":"2024-02-22T12:31:24","guid":{"rendered":"https:\/\/nitu.mx\/?p=68720"},"modified":"2024-02-22T08:07:15","modified_gmt":"2024-02-22T14:07:15","slug":"boeing-sustituye-al-jefe-del-programa-del-avion-737-max-tras-incidentes","status":"publish","type":"post","link":"https:\/\/nitu.mx\/index.php\/2024\/02\/22\/boeing-sustituye-al-jefe-del-programa-del-avion-737-max-tras-incidentes\/","title":{"rendered":"Boeing sustituye al jefe del programa del avi\u00f3n 737 MAX tras incidentes"},"content":{"rendered":"<p>El fabricante estadounidense de aviones Boeing anunci\u00f3 este mi\u00e9rcoles la salida del responsable de su programa 737 MAX, tras problemas frecuentes observados en estos aparatos.<\/p>\n<p>En un correo del director general de Boeing Commercial Airplanes (BCA), Stanley Deal, enviado a los empleados del grupo y al cual la AFP tuvo acceso, se anuncia la partida de Ed Clark, vicepresidente y director general del programa 737, quien tambi\u00e9n dirig\u00eda la usina de Renton, cerca de la sede hist\u00f3rica del grupo en Seattle (noroeste), luego de 18 a\u00f1os de &#8220;devoto servicio a Boeing&#8221;.<\/p>\n<p>A finales de enero, Boeing recibi\u00f3 una demanda de accionistas que dijeron que la compa\u00f1\u00eda priorizaba las ganancias sobre la seguridad y que los hab\u00eda timado sobre su compromiso de fabricar aviones seguros, antes de la explosi\u00f3n de una puerta sellada de emergencia en pleno vuelo el 5 de enero en un 737 MAX 9 de Alaskan Airlines.<\/p>\n<p>Aunque no hubo v\u00edctimas mortales en el vuelo de Alaska, varios pasajeros demandaron tanto a Boeing como a la aerol\u00ednea. Adem\u00e1s, la Federal Aviation Administration (FAA) orden\u00f3 la suspensi\u00f3n temporal de 171 aviones MAX 9, lo que result\u00f3 en miles de vuelos cancelados por Alaska Air Group, United Airlines y Aerom\u00e9xico.<\/p>\n<p>Seg\u00fan una propuesta de demanda colectiva, Boeing pas\u00f3 m\u00e1s de cuatro a\u00f1os despu\u00e9s de los accidentes de otros dos aviones MAX en octubre de 2018 y marzo de 2019, en los que murieron 346 personas, asegurando a los inversores que estaba &#8220;enfocado&#8221; en la seguridad y en no sacrificar la seguridad por beneficios.<\/p>\n<p>Los accionistas dijeron que las declaraciones de Boeing eran falsas y enga\u00f1osas porque ocultaban el &#8220;control de calidad deficiente&#8221; en su l\u00ednea de montaje y provocaban que el precio de sus acciones se inflara, revela Expansion.<\/p>\n","protected":false},"excerpt":{"rendered":"<p>El fabricante estadounidense de aviones Boeing anunci\u00f3 este mi\u00e9rcoles la salida del responsable de su programa 737 MAX, tras problemas frecuentes observados en estos aparatos. En un correo del director general de Boeing Commercial Airplanes (BCA), Stanley Deal, enviado a los empleados del grupo y al cual la AFP tuvo acceso, se anuncia la partida [&hellip;]<\/p>\n","protected":false},"author":17,"featured_media":60491,"comment_status":"open","ping_status":"open","sticky":false,"template":"","format":"standard","meta":{"footnotes":""},"categories":[29,374],"tags":[24610,24612,24613,24609,24611],"yoast_head":"<!-- This site is optimized with the Yoast SEO plugin v22.2 - https:\/\/yoast.com\/wordpress\/plugins\/seo\/ -->\n<title>Boeing sustituye al jefe del programa del avi\u00f3n 737 MAX tras incidentes - Nitu - Noticias de la Industria Turistica<\/title>\n<meta name=\"robots\" content=\"index, follow, max-snippet:-1, max-image-preview:large, max-video-preview:-1\" \/>\n<link rel=\"canonical\" href=\"https:\/\/nitu.mx\/index.php\/2024\/02\/22\/boeing-sustituye-al-jefe-del-programa-del-avion-737-max-tras-incidentes\/\" \/>\n<meta name=\"twitter:card\" content=\"summary_large_image\" \/>\n<meta name=\"twitter:title\" content=\"Boeing sustituye al jefe del programa del avi\u00f3n 737 MAX tras incidentes - Nitu - Noticias de la Industria Turistica\" \/>\n<meta name=\"twitter:description\" content=\"El fabricante estadounidense de aviones Boeing anunci\u00f3 este mi\u00e9rcoles la salida del responsable de su programa 737 MAX, tras problemas frecuentes observados en estos aparatos. En un correo del director general de Boeing Commercial Airplanes (BCA), Stanley Deal, enviado a los empleados del grupo y al cual la AFP tuvo acceso, se anuncia la partida [&hellip;]\" \/>\n<meta name=\"twitter:image\" content=\"https:\/\/nitu.mx\/wp-content\/uploads\/2022\/07\/Delta-Boieng-737-MAX.jpg\" \/>\n<meta name=\"twitter:creator\" content=\"@NITUmx\" \/>\n<meta name=\"twitter:site\" content=\"@Arturo_Medina_G\" \/>\n<meta name=\"twitter:label1\" content=\"Escrito por\" \/>\n\t<meta name=\"twitter:data1\" content=\"Redacci\u00f3n\" \/>\n\t<meta name=\"twitter:label2\" content=\"Tiempo de lectura\" \/>\n\t<meta name=\"twitter:data2\" content=\"1 minuto\" \/>\n<script type=\"application\/ld+json\" class=\"yoast-schema-graph\">{\"@context\":\"https:\/\/schema.org\",\"@graph\":[{\"@type\":\"Article\",\"@id\":\"https:\/\/nitu.mx\/index.php\/2024\/02\/22\/boeing-sustituye-al-jefe-del-programa-del-avion-737-max-tras-incidentes\/#article\",\"isPartOf\":{\"@id\":\"https:\/\/nitu.mx\/index.php\/2024\/02\/22\/boeing-sustituye-al-jefe-del-programa-del-avion-737-max-tras-incidentes\/\"},\"author\":{\"name\":\"Redacci\u00f3n\",\"@id\":\"https:\/\/nitu.mx\/#\/schema\/person\/4a28fe9bd65924f7c90623773daf1b0b\"},\"headline\":\"Boeing sustituye al jefe del programa del avi\u00f3n 737 MAX tras incidentes\",\"datePublished\":\"2024-02-22T12:31:24+00:00\",\"dateModified\":\"2024-02-22T14:07:15+00:00\",\"mainEntityOfPage\":{\"@id\":\"https:\/\/nitu.mx\/index.php\/2024\/02\/22\/boeing-sustituye-al-jefe-del-programa-del-avion-737-max-tras-incidentes\/\"},\"wordCount\":309,\"commentCount\":0,\"publisher\":{\"@id\":\"https:\/\/nitu.mx\/#\/schema\/person\/ae7a53426417292d3dd07b45a33e01bc\"},\"image\":{\"@id\":\"https:\/\/nitu.mx\/index.php\/2024\/02\/22\/boeing-sustituye-al-jefe-del-programa-del-avion-737-max-tras-incidentes\/#primaryimage\"},\"thumbnailUrl\":\"https:\/\/nitu.mx\/wp-content\/uploads\/2022\/07\/Delta-Boieng-737-MAX.jpg\",\"keywords\":[\"737 MAX-9 de Boeing\",\"Boeing Commercial Airplanes\",\"Ed Clark\",\"programa 737\",\"Stanley Deal\"],\"articleSection\":[\"Aerol\u00edneas\",\"Internacional\"],\"inLanguage\":\"es-MX\",\"potentialAction\":[{\"@type\":\"CommentAction\",\"name\":\"Comment\",\"target\":[\"https:\/\/nitu.mx\/index.php\/2024\/02\/22\/boeing-sustituye-al-jefe-del-programa-del-avion-737-max-tras-incidentes\/#respond\"]}]},{\"@type\":\"WebPage\",\"@id\":\"https:\/\/nitu.mx\/index.php\/2024\/02\/22\/boeing-sustituye-al-jefe-del-programa-del-avion-737-max-tras-incidentes\/\",\"url\":\"https:\/\/nitu.mx\/index.php\/2024\/02\/22\/boeing-sustituye-al-jefe-del-programa-del-avion-737-max-tras-incidentes\/\",\"name\":\"Boeing sustituye al jefe del programa del avi\u00f3n 737 MAX tras incidentes - Nitu - Noticias de la Industria Turistica\",\"isPartOf\":{\"@id\":\"https:\/\/nitu.mx\/#website\"},\"primaryImageOfPage\":{\"@id\":\"https:\/\/nitu.mx\/index.php\/2024\/02\/22\/boeing-sustituye-al-jefe-del-programa-del-avion-737-max-tras-incidentes\/#primaryimage\"},\"image\":{\"@id\":\"https:\/\/nitu.mx\/index.php\/2024\/02\/22\/boeing-sustituye-al-jefe-del-programa-del-avion-737-max-tras-incidentes\/#primaryimage\"},\"thumbnailUrl\":\"https:\/\/nitu.mx\/wp-content\/uploads\/2022\/07\/Delta-Boieng-737-MAX.jpg\",\"datePublished\":\"2024-02-22T12:31:24+00:00\",\"dateModified\":\"2024-02-22T14:07:15+00:00\",\"breadcrumb\":{\"@id\":\"https:\/\/nitu.mx\/index.php\/2024\/02\/22\/boeing-sustituye-al-jefe-del-programa-del-avion-737-max-tras-incidentes\/#breadcrumb\"},\"inLanguage\":\"es-MX\",\"potentialAction\":[{\"@type\":\"ReadAction\",\"target\":[\"https:\/\/nitu.mx\/index.php\/2024\/02\/22\/boeing-sustituye-al-jefe-del-programa-del-avion-737-max-tras-incidentes\/\"]}]},{\"@type\":\"ImageObject\",\"inLanguage\":\"es-MX\",\"@id\":\"https:\/\/nitu.mx\/index.php\/2024\/02\/22\/boeing-sustituye-al-jefe-del-programa-del-avion-737-max-tras-incidentes\/#primaryimage\",\"url\":\"https:\/\/nitu.mx\/wp-content\/uploads\/2022\/07\/Delta-Boieng-737-MAX.jpg\",\"contentUrl\":\"https:\/\/nitu.mx\/wp-content\/uploads\/2022\/07\/Delta-Boieng-737-MAX.jpg\",\"width\":1200,\"height\":675,\"caption\":\"Delta Air Lines\"},{\"@type\":\"BreadcrumbList\",\"@id\":\"https:\/\/nitu.mx\/index.php\/2024\/02\/22\/boeing-sustituye-al-jefe-del-programa-del-avion-737-max-tras-incidentes\/#breadcrumb\",\"itemListElement\":[{\"@type\":\"ListItem\",\"position\":1,\"name\":\"Inicio\",\"item\":\"https:\/\/nitu.mx\/\"},{\"@type\":\"ListItem\",\"position\":2,\"name\":\"Boeing sustituye al jefe del programa del avi\u00f3n 737 MAX tras incidentes\"}]},{\"@type\":\"WebSite\",\"@id\":\"https:\/\/nitu.mx\/#website\",\"url\":\"https:\/\/nitu.mx\/\",\"name\":\"Nitu - Noticias de la Industria Turistica\",\"description\":\"Noticias de la Industria Turistica\",\"publisher\":{\"@id\":\"https:\/\/nitu.mx\/#\/schema\/person\/ae7a53426417292d3dd07b45a33e01bc\"},\"alternateName\":\"Noticias de la Industria Turistica\",\"potentialAction\":[{\"@type\":\"SearchAction\",\"target\":{\"@type\":\"EntryPoint\",\"urlTemplate\":\"https:\/\/nitu.mx\/?s={search_term_string}\"},\"query-input\":\"required name=search_term_string\"}],\"inLanguage\":\"es-MX\"},{\"@type\":[\"Person\",\"Organization\"],\"@id\":\"https:\/\/nitu.mx\/#\/schema\/person\/ae7a53426417292d3dd07b45a33e01bc\",\"name\":\"Arturo Medina\",\"image\":{\"@type\":\"ImageObject\",\"inLanguage\":\"es-MX\",\"@id\":\"https:\/\/nitu.mx\/#\/schema\/person\/image\/\",\"url\":\"https:\/\/nitu.mx\/wp-content\/uploads\/2024\/04\/4A315622-1904-4D5C-B022-878CDC840E04-90x90-1.jpeg\",\"contentUrl\":\"https:\/\/nitu.mx\/wp-content\/uploads\/2024\/04\/4A315622-1904-4D5C-B022-878CDC840E04-90x90-1.jpeg\",\"width\":90,\"height\":90,\"caption\":\"Arturo Medina\"},\"logo\":{\"@id\":\"https:\/\/nitu.mx\/#\/schema\/person\/image\/\"},\"description\":\"Director NITU.mx, Egresado de la Escuela de Periodismo Carlos Septi\u00e9n Garc\u00eda. Periodista y analista especializado en turismo desde hace 35 a\u00f1os, radicado en Canc\u00fan Q.Roo. arturo@nitu.mx\",\"sameAs\":[\"https:\/\/nitu.mx\",\"https:\/\/www.facebook.com\/NITUmx\/\",\"medinacancun\",\"https:\/\/twitter.com\/@Arturo_Medina_G\"]},{\"@type\":\"Person\",\"@id\":\"https:\/\/nitu.mx\/#\/schema\/person\/4a28fe9bd65924f7c90623773daf1b0b\",\"name\":\"Redacci\u00f3n\",\"image\":{\"@type\":\"ImageObject\",\"inLanguage\":\"es-MX\",\"@id\":\"https:\/\/nitu.mx\/#\/schema\/person\/image\/\",\"url\":\"https:\/\/secure.gravatar.com\/avatar\/5dd011c8ccfc5cd7e4c81e42252aab38?s=96&d=mm&r=g\",\"contentUrl\":\"https:\/\/secure.gravatar.com\/avatar\/5dd011c8ccfc5cd7e4c81e42252aab38?s=96&d=mm&r=g\",\"caption\":\"Redacci\u00f3n\"},\"url\":\"https:\/\/nitu.mx\/index.php\/author\/redaccion\/\"}]}<\/script>\n<!-- \/ Yoast SEO plugin. -->","yoast_head_json":{"title":"Boeing sustituye al jefe del programa del avi\u00f3n 737 MAX tras incidentes - Nitu - Noticias de la Industria Turistica","robots":{"index":"index","follow":"follow","max-snippet":"max-snippet:-1","max-image-preview":"max-image-preview:large","max-video-preview":"max-video-preview:-1"},"canonical":"https:\/\/nitu.mx\/index.php\/2024\/02\/22\/boeing-sustituye-al-jefe-del-programa-del-avion-737-max-tras-incidentes\/","twitter_card":"summary_large_image","twitter_title":"Boeing sustituye al jefe del programa del avi\u00f3n 737 MAX tras incidentes - Nitu - Noticias de la Industria Turistica","twitter_description":"El fabricante estadounidense de aviones Boeing anunci\u00f3 este mi\u00e9rcoles la salida del responsable de su programa 737 MAX, tras problemas frecuentes observados en estos aparatos. En un correo del director general de Boeing Commercial Airplanes (BCA), Stanley Deal, enviado a los empleados del grupo y al cual la AFP tuvo acceso, se anuncia la partida [&hellip;]","twitter_image":"https:\/\/nitu.mx\/wp-content\/uploads\/2022\/07\/Delta-Boieng-737-MAX.jpg","twitter_creator":"@NITUmx","twitter_site":"@Arturo_Medina_G","twitter_misc":{"Escrito por":"Redacci\u00f3n","Tiempo de lectura":"1 minuto"},"schema":{"@context":"https:\/\/schema.org","@graph":[{"@type":"Article","@id":"https:\/\/nitu.mx\/index.php\/2024\/02\/22\/boeing-sustituye-al-jefe-del-programa-del-avion-737-max-tras-incidentes\/#article","isPartOf":{"@id":"https:\/\/nitu.mx\/index.php\/2024\/02\/22\/boeing-sustituye-al-jefe-del-programa-del-avion-737-max-tras-incidentes\/"},"author":{"name":"Redacci\u00f3n","@id":"https:\/\/nitu.mx\/#\/schema\/person\/4a28fe9bd65924f7c90623773daf1b0b"},"headline":"Boeing sustituye al jefe del programa del avi\u00f3n 737 MAX tras incidentes","datePublished":"2024-02-22T12:31:24+00:00","dateModified":"2024-02-22T14:07:15+00:00","mainEntityOfPage":{"@id":"https:\/\/nitu.mx\/index.php\/2024\/02\/22\/boeing-sustituye-al-jefe-del-programa-del-avion-737-max-tras-incidentes\/"},"wordCount":309,"commentCount":0,"publisher":{"@id":"https:\/\/nitu.mx\/#\/schema\/person\/ae7a53426417292d3dd07b45a33e01bc"},"image":{"@id":"https:\/\/nitu.mx\/index.php\/2024\/02\/22\/boeing-sustituye-al-jefe-del-programa-del-avion-737-max-tras-incidentes\/#primaryimage"},"thumbnailUrl":"https:\/\/nitu.mx\/wp-content\/uploads\/2022\/07\/Delta-Boieng-737-MAX.jpg","keywords":["737 MAX-9 de Boeing","Boeing Commercial Airplanes","Ed Clark","programa 737","Stanley Deal"],"articleSection":["Aerol\u00edneas","Internacional"],"inLanguage":"es-MX","potentialAction":[{"@type":"CommentAction","name":"Comment","target":["https:\/\/nitu.mx\/index.php\/2024\/02\/22\/boeing-sustituye-al-jefe-del-programa-del-avion-737-max-tras-incidentes\/#respond"]}]},{"@type":"WebPage","@id":"https:\/\/nitu.mx\/index.php\/2024\/02\/22\/boeing-sustituye-al-jefe-del-programa-del-avion-737-max-tras-incidentes\/","url":"https:\/\/nitu.mx\/index.php\/2024\/02\/22\/boeing-sustituye-al-jefe-del-programa-del-avion-737-max-tras-incidentes\/","name":"Boeing sustituye al jefe del programa del avi\u00f3n 737 MAX tras incidentes - Nitu - Noticias de la Industria Turistica","isPartOf":{"@id":"https:\/\/nitu.mx\/#website"},"primaryImageOfPage":{"@id":"https:\/\/nitu.mx\/index.php\/2024\/02\/22\/boeing-sustituye-al-jefe-del-programa-del-avion-737-max-tras-incidentes\/#primaryimage"},"image":{"@id":"https:\/\/nitu.mx\/index.php\/2024\/02\/22\/boeing-sustituye-al-jefe-del-programa-del-avion-737-max-tras-incidentes\/#primaryimage"},"thumbnailUrl":"https:\/\/nitu.mx\/wp-content\/uploads\/2022\/07\/Delta-Boieng-737-MAX.jpg","datePublished":"2024-02-22T12:31:24+00:00","dateModified":"2024-02-22T14:07:15+00:00","breadcrumb":{"@id":"https:\/\/nitu.mx\/index.php\/2024\/02\/22\/boeing-sustituye-al-jefe-del-programa-del-avion-737-max-tras-incidentes\/#breadcrumb"},"inLanguage":"es-MX","potentialAction":[{"@type":"ReadAction","target":["https:\/\/nitu.mx\/index.php\/2024\/02\/22\/boeing-sustituye-al-jefe-del-programa-del-avion-737-max-tras-incidentes\/"]}]},{"@type":"ImageObject","inLanguage":"es-MX","@id":"https:\/\/nitu.mx\/index.php\/2024\/02\/22\/boeing-sustituye-al-jefe-del-programa-del-avion-737-max-tras-incidentes\/#primaryimage","url":"https:\/\/nitu.mx\/wp-content\/uploads\/2022\/07\/Delta-Boieng-737-MAX.jpg","contentUrl":"https:\/\/nitu.mx\/wp-content\/uploads\/2022\/07\/Delta-Boieng-737-MAX.jpg","width":1200,"height":675,"caption":"Delta Air Lines"},{"@type":"BreadcrumbList","@id":"https:\/\/nitu.mx\/index.php\/2024\/02\/22\/boeing-sustituye-al-jefe-del-programa-del-avion-737-max-tras-incidentes\/#breadcrumb","itemListElement":[{"@type":"ListItem","position":1,"name":"Inicio","item":"https:\/\/nitu.mx\/"},{"@type":"ListItem","position":2,"name":"Boeing sustituye al jefe del programa del avi\u00f3n 737 MAX tras incidentes"}]},{"@type":"WebSite","@id":"https:\/\/nitu.mx\/#website","url":"https:\/\/nitu.mx\/","name":"Nitu - Noticias de la Industria Turistica","description":"Noticias de la Industria Turistica","publisher":{"@id":"https:\/\/nitu.mx\/#\/schema\/person\/ae7a53426417292d3dd07b45a33e01bc"},"alternateName":"Noticias de la Industria Turistica","potentialAction":[{"@type":"SearchAction","target":{"@type":"EntryPoint","urlTemplate":"https:\/\/nitu.mx\/?s={search_term_string}"},"query-input":"required name=search_term_string"}],"inLanguage":"es-MX"},{"@type":["Person","Organization"],"@id":"https:\/\/nitu.mx\/#\/schema\/person\/ae7a53426417292d3dd07b45a33e01bc","name":"Arturo Medina","image":{"@type":"ImageObject","inLanguage":"es-MX","@id":"https:\/\/nitu.mx\/#\/schema\/person\/image\/","url":"https:\/\/nitu.mx\/wp-content\/uploads\/2024\/04\/4A315622-1904-4D5C-B022-878CDC840E04-90x90-1.jpeg","contentUrl":"https:\/\/nitu.mx\/wp-content\/uploads\/2024\/04\/4A315622-1904-4D5C-B022-878CDC840E04-90x90-1.jpeg","width":90,"height":90,"caption":"Arturo Medina"},"logo":{"@id":"https:\/\/nitu.mx\/#\/schema\/person\/image\/"},"description":"Director NITU.mx, Egresado de la Escuela de Periodismo Carlos Septi\u00e9n Garc\u00eda. Periodista y analista especializado en turismo desde hace 35 a\u00f1os, radicado en Canc\u00fan Q.Roo. arturo@nitu.mx","sameAs":["https:\/\/nitu.mx","https:\/\/www.facebook.com\/NITUmx\/","medinacancun","https:\/\/twitter.com\/@Arturo_Medina_G"]},{"@type":"Person","@id":"https:\/\/nitu.mx\/#\/schema\/person\/4a28fe9bd65924f7c90623773daf1b0b","name":"Redacci\u00f3n","image":{"@type":"ImageObject","inLanguage":"es-MX","@id":"https:\/\/nitu.mx\/#\/schema\/person\/image\/","url":"https:\/\/secure.gravatar.com\/avatar\/5dd011c8ccfc5cd7e4c81e42252aab38?s=96&d=mm&r=g","contentUrl":"https:\/\/secure.gravatar.com\/avatar\/5dd011c8ccfc5cd7e4c81e42252aab38?s=96&d=mm&r=g","caption":"Redacci\u00f3n"},"url":"https:\/\/nitu.mx\/index.php\/author\/redaccion\/"}]}},"views":530,"_links":{"self":[{"href":"https:\/\/nitu.mx\/index.php\/wp-json\/wp\/v2\/posts\/68720"}],"collection":[{"href":"https:\/\/nitu.mx\/index.php\/wp-json\/wp\/v2\/posts"}],"about":[{"href":"https:\/\/nitu.mx\/index.php\/wp-json\/wp\/v2\/types\/post"}],"author":[{"embeddable":true,"href":"https:\/\/nitu.mx\/index.php\/wp-json\/wp\/v2\/users\/17"}],"replies":[{"embeddable":true,"href":"https:\/\/nitu.mx\/index.php\/wp-json\/wp\/v2\/comments?post=68720"}],"version-history":[{"count":1,"href":"https:\/\/nitu.mx\/index.php\/wp-json\/wp\/v2\/posts\/68720\/revisions"}],"predecessor-version":[{"id":68721,"href":"https:\/\/nitu.mx\/index.php\/wp-json\/wp\/v2\/posts\/68720\/revisions\/68721"}],"wp:featuredmedia":[{"embeddable":true,"href":"https:\/\/nitu.mx\/index.php\/wp-json\/wp\/v2\/media\/60491"}],"wp:attachment":[{"href":"https:\/\/nitu.mx\/index.php\/wp-json\/wp\/v2\/media?parent=68720"}],"wp:term":[{"taxonomy":"category","embeddable":true,"href":"https:\/\/nitu.mx\/index.php\/wp-json\/wp\/v2\/categories?post=68720"},{"taxonomy":"post_tag","embeddable":true,"href":"https:\/\/nitu.mx\/index.php\/wp-json\/wp\/v2\/tags?post=68720"}],"curies":[{"name":"wp","href":"https:\/\/api.w.org\/{rel}","templated":true}]}}