{"id":68716,"date":"2024-02-21T21:25:06","date_gmt":"2024-02-22T03:25:06","guid":{"rendered":"https:\/\/nitu.mx\/?p=68716"},"modified":"2024-02-22T08:08:40","modified_gmt":"2024-02-22T14:08:40","slug":"reyes-de-suecia-conoceran-el-tren-maya","status":"publish","type":"post","link":"https:\/\/nitu.mx\/index.php\/2024\/02\/21\/reyes-de-suecia-conoceran-el-tren-maya\/","title":{"rendered":"Reyes de Suecia conocer\u00e1n el Tren Maya"},"content":{"rendered":"<p>La visita de Estado programada del rey Carlos XVI Gustavo y la reina Silvia de Suecia a M\u00e9xico, del 12 al 14 de marzo de 2024, representa un esfuerzo diplom\u00e1tico y comercial significativo. Por invitaci\u00f3n del presidente Andr\u00e9s Manuel L\u00f3pez Obrador, la visita tiene como objetivo consolidar las relaciones entre Suecia y M\u00e9xico, con un enfoque en fortalecer los lazos econ\u00f3micos y pol\u00edticos.<\/p>\n<p>La agenda incluye la participaci\u00f3n del Ministro de Cooperaci\u00f3n Internacional para el Desarrollo y Comercio Exterior de Suecia, Johan Forssell, y una amplia delegaci\u00f3n empresarial, marcando la tercera visita de estado de la monarqu\u00eda sueca a M\u00e9xico.<\/p>\n<p>La visita comenzar\u00e1 en la Ciudad de M\u00e9xico, donde los reyes se reunir\u00e1n con el presidente L\u00f3pez Obrador y otros funcionarios gubernamentales, seguido de una cena de estado. La agenda tambi\u00e9n incluye la inauguraci\u00f3n del Foro Empresarial M\u00e9xico-Suecia, que abordar\u00e1 temas como el transporte sostenible y la miner\u00eda sostenible, entre otros. Adem\u00e1s, la visita de los reyes a instituciones como<\/p>\n<p>Aldeas Infantiles SOS y la Universidad Nacional Aut\u00f3noma de M\u00e9xico (UNAM) subraya el inter\u00e9s en temas sociales y educativos.<br \/>\nUn aspecto destacado ser\u00e1 el viaje de los reyes en el Tren Maya a Uxmal, donde se reunir\u00e1n con representantes de los pueblos ind\u00edgenas mayas y yaquis, evidenciando un inter\u00e9s en la cultura y los derechos ind\u00edgenas. Este segmento de la visita no solo refleja la diversidad cultural de M\u00e9xico, sino que tambi\u00e9n subraya la importancia de la inclusi\u00f3n y el respeto en las relaciones internacionales.<\/p>\n<p>En resumen, la visita de Estado de los Reyes de Suecia a M\u00e9xico se presenta como una plataforma para profundizar las relaciones bilaterales, con un enfoque en la colaboraci\u00f3n econ\u00f3mica, la innovaci\u00f3n y el intercambio cultural. La inclusi\u00f3n de temas como los derechos de los ni\u00f1os y la sostenibilidad ambiental refleja una agenda comprensiva que busca abordar algunos de los desaf\u00edos m\u00e1s apremiantes de la actualidad.<\/p>\n","protected":false},"excerpt":{"rendered":"<p>La visita de Estado programada del rey Carlos XVI Gustavo y la reina Silvia de Suecia a M\u00e9xico, del 12 al 14 de marzo de 2024, representa un esfuerzo diplom\u00e1tico y comercial significativo. Por invitaci\u00f3n del presidente Andr\u00e9s Manuel L\u00f3pez Obrador, la visita tiene como objetivo consolidar las relaciones entre Suecia y M\u00e9xico, con un [&hellip;]<\/p>\n","protected":false},"author":17,"featured_media":62563,"comment_status":"open","ping_status":"open","sticky":false,"template":"","format":"standard","meta":{"footnotes":""},"categories":[5,374],"tags":[24614,68,230,11427],"yoast_head":"<!-- This site is optimized with the Yoast SEO plugin v22.2 - https:\/\/yoast.com\/wordpress\/plugins\/seo\/ -->\n<title>Reyes de Suecia conocer\u00e1n el Tren Maya - Nitu - Noticias de la Industria Turistica<\/title>\n<meta name=\"robots\" content=\"index, follow, max-snippet:-1, max-image-preview:large, max-video-preview:-1\" \/>\n<link rel=\"canonical\" href=\"https:\/\/nitu.mx\/index.php\/2024\/02\/21\/reyes-de-suecia-conoceran-el-tren-maya\/\" \/>\n<meta name=\"twitter:card\" content=\"summary_large_image\" \/>\n<meta name=\"twitter:title\" content=\"Reyes de Suecia conocer\u00e1n el Tren Maya - Nitu - Noticias de la Industria Turistica\" \/>\n<meta name=\"twitter:description\" content=\"La visita de Estado programada del rey Carlos XVI Gustavo y la reina Silvia de Suecia a M\u00e9xico, del 12 al 14 de marzo de 2024, representa un esfuerzo diplom\u00e1tico y comercial significativo. Por invitaci\u00f3n del presidente Andr\u00e9s Manuel L\u00f3pez Obrador, la visita tiene como objetivo consolidar las relaciones entre Suecia y M\u00e9xico, con un [&hellip;]\" \/>\n<meta name=\"twitter:image\" content=\"https:\/\/nitu.mx\/wp-content\/uploads\/2022\/12\/Tren-Maya-diesel-no-contaminante.jpg\" \/>\n<meta name=\"twitter:creator\" content=\"@NITUmx\" \/>\n<meta name=\"twitter:site\" content=\"@Arturo_Medina_G\" \/>\n<meta name=\"twitter:label1\" content=\"Escrito por\" \/>\n\t<meta name=\"twitter:data1\" content=\"Redacci\u00f3n\" \/>\n\t<meta name=\"twitter:label2\" content=\"Tiempo de lectura\" \/>\n\t<meta name=\"twitter:data2\" content=\"2 minutos\" \/>\n<script type=\"application\/ld+json\" class=\"yoast-schema-graph\">{\"@context\":\"https:\/\/schema.org\",\"@graph\":[{\"@type\":\"Article\",\"@id\":\"https:\/\/nitu.mx\/index.php\/2024\/02\/21\/reyes-de-suecia-conoceran-el-tren-maya\/#article\",\"isPartOf\":{\"@id\":\"https:\/\/nitu.mx\/index.php\/2024\/02\/21\/reyes-de-suecia-conoceran-el-tren-maya\/\"},\"author\":{\"name\":\"Redacci\u00f3n\",\"@id\":\"https:\/\/nitu.mx\/#\/schema\/person\/4a28fe9bd65924f7c90623773daf1b0b\"},\"headline\":\"Reyes de Suecia conocer\u00e1n el Tren Maya\",\"datePublished\":\"2024-02-22T03:25:06+00:00\",\"dateModified\":\"2024-02-22T14:08:40+00:00\",\"mainEntityOfPage\":{\"@id\":\"https:\/\/nitu.mx\/index.php\/2024\/02\/21\/reyes-de-suecia-conoceran-el-tren-maya\/\"},\"wordCount\":355,\"commentCount\":0,\"publisher\":{\"@id\":\"https:\/\/nitu.mx\/#\/schema\/person\/ae7a53426417292d3dd07b45a33e01bc\"},\"image\":{\"@id\":\"https:\/\/nitu.mx\/index.php\/2024\/02\/21\/reyes-de-suecia-conoceran-el-tren-maya\/#primaryimage\"},\"thumbnailUrl\":\"https:\/\/nitu.mx\/wp-content\/uploads\/2022\/12\/Tren-Maya-diesel-no-contaminante.jpg\",\"keywords\":[\"Carlos XVI Gustavo\",\"M\u00e9xico\",\"Suecia\",\"Tren Maya\"],\"articleSection\":[\"Destinos\",\"Internacional\"],\"inLanguage\":\"es-MX\",\"potentialAction\":[{\"@type\":\"CommentAction\",\"name\":\"Comment\",\"target\":[\"https:\/\/nitu.mx\/index.php\/2024\/02\/21\/reyes-de-suecia-conoceran-el-tren-maya\/#respond\"]}]},{\"@type\":\"WebPage\",\"@id\":\"https:\/\/nitu.mx\/index.php\/2024\/02\/21\/reyes-de-suecia-conoceran-el-tren-maya\/\",\"url\":\"https:\/\/nitu.mx\/index.php\/2024\/02\/21\/reyes-de-suecia-conoceran-el-tren-maya\/\",\"name\":\"Reyes de Suecia conocer\u00e1n el Tren Maya - Nitu - Noticias de la Industria Turistica\",\"isPartOf\":{\"@id\":\"https:\/\/nitu.mx\/#website\"},\"primaryImageOfPage\":{\"@id\":\"https:\/\/nitu.mx\/index.php\/2024\/02\/21\/reyes-de-suecia-conoceran-el-tren-maya\/#primaryimage\"},\"image\":{\"@id\":\"https:\/\/nitu.mx\/index.php\/2024\/02\/21\/reyes-de-suecia-conoceran-el-tren-maya\/#primaryimage\"},\"thumbnailUrl\":\"https:\/\/nitu.mx\/wp-content\/uploads\/2022\/12\/Tren-Maya-diesel-no-contaminante.jpg\",\"datePublished\":\"2024-02-22T03:25:06+00:00\",\"dateModified\":\"2024-02-22T14:08:40+00:00\",\"breadcrumb\":{\"@id\":\"https:\/\/nitu.mx\/index.php\/2024\/02\/21\/reyes-de-suecia-conoceran-el-tren-maya\/#breadcrumb\"},\"inLanguage\":\"es-MX\",\"potentialAction\":[{\"@type\":\"ReadAction\",\"target\":[\"https:\/\/nitu.mx\/index.php\/2024\/02\/21\/reyes-de-suecia-conoceran-el-tren-maya\/\"]}]},{\"@type\":\"ImageObject\",\"inLanguage\":\"es-MX\",\"@id\":\"https:\/\/nitu.mx\/index.php\/2024\/02\/21\/reyes-de-suecia-conoceran-el-tren-maya\/#primaryimage\",\"url\":\"https:\/\/nitu.mx\/wp-content\/uploads\/2022\/12\/Tren-Maya-diesel-no-contaminante.jpg\",\"contentUrl\":\"https:\/\/nitu.mx\/wp-content\/uploads\/2022\/12\/Tren-Maya-diesel-no-contaminante.jpg\",\"width\":1200,\"height\":675,\"caption\":\"Tren Maya\"},{\"@type\":\"BreadcrumbList\",\"@id\":\"https:\/\/nitu.mx\/index.php\/2024\/02\/21\/reyes-de-suecia-conoceran-el-tren-maya\/#breadcrumb\",\"itemListElement\":[{\"@type\":\"ListItem\",\"position\":1,\"name\":\"Inicio\",\"item\":\"https:\/\/nitu.mx\/\"},{\"@type\":\"ListItem\",\"position\":2,\"name\":\"Reyes de Suecia conocer\u00e1n el Tren Maya\"}]},{\"@type\":\"WebSite\",\"@id\":\"https:\/\/nitu.mx\/#website\",\"url\":\"https:\/\/nitu.mx\/\",\"name\":\"Nitu - Noticias de la Industria Turistica\",\"description\":\"Noticias de la Industria Turistica\",\"publisher\":{\"@id\":\"https:\/\/nitu.mx\/#\/schema\/person\/ae7a53426417292d3dd07b45a33e01bc\"},\"alternateName\":\"Noticias de la Industria Turistica\",\"potentialAction\":[{\"@type\":\"SearchAction\",\"target\":{\"@type\":\"EntryPoint\",\"urlTemplate\":\"https:\/\/nitu.mx\/?s={search_term_string}\"},\"query-input\":\"required name=search_term_string\"}],\"inLanguage\":\"es-MX\"},{\"@type\":[\"Person\",\"Organization\"],\"@id\":\"https:\/\/nitu.mx\/#\/schema\/person\/ae7a53426417292d3dd07b45a33e01bc\",\"name\":\"Arturo Medina\",\"image\":{\"@type\":\"ImageObject\",\"inLanguage\":\"es-MX\",\"@id\":\"https:\/\/nitu.mx\/#\/schema\/person\/image\/\",\"url\":\"https:\/\/nitu.mx\/wp-content\/uploads\/2024\/04\/4A315622-1904-4D5C-B022-878CDC840E04-90x90-1.jpeg\",\"contentUrl\":\"https:\/\/nitu.mx\/wp-content\/uploads\/2024\/04\/4A315622-1904-4D5C-B022-878CDC840E04-90x90-1.jpeg\",\"width\":90,\"height\":90,\"caption\":\"Arturo Medina\"},\"logo\":{\"@id\":\"https:\/\/nitu.mx\/#\/schema\/person\/image\/\"},\"description\":\"Director NITU.mx, Egresado de la Escuela de Periodismo Carlos Septi\u00e9n Garc\u00eda. Periodista y analista especializado en turismo desde hace 35 a\u00f1os, radicado en Canc\u00fan Q.Roo. arturo@nitu.mx\",\"sameAs\":[\"https:\/\/nitu.mx\",\"https:\/\/www.facebook.com\/NITUmx\/\",\"medinacancun\",\"https:\/\/twitter.com\/@Arturo_Medina_G\"]},{\"@type\":\"Person\",\"@id\":\"https:\/\/nitu.mx\/#\/schema\/person\/4a28fe9bd65924f7c90623773daf1b0b\",\"name\":\"Redacci\u00f3n\",\"image\":{\"@type\":\"ImageObject\",\"inLanguage\":\"es-MX\",\"@id\":\"https:\/\/nitu.mx\/#\/schema\/person\/image\/\",\"url\":\"https:\/\/secure.gravatar.com\/avatar\/5dd011c8ccfc5cd7e4c81e42252aab38?s=96&d=mm&r=g\",\"contentUrl\":\"https:\/\/secure.gravatar.com\/avatar\/5dd011c8ccfc5cd7e4c81e42252aab38?s=96&d=mm&r=g\",\"caption\":\"Redacci\u00f3n\"},\"url\":\"https:\/\/nitu.mx\/index.php\/author\/redaccion\/\"}]}<\/script>\n<!-- \/ Yoast SEO plugin. -->","yoast_head_json":{"title":"Reyes de Suecia conocer\u00e1n el Tren Maya - Nitu - Noticias de la Industria Turistica","robots":{"index":"index","follow":"follow","max-snippet":"max-snippet:-1","max-image-preview":"max-image-preview:large","max-video-preview":"max-video-preview:-1"},"canonical":"https:\/\/nitu.mx\/index.php\/2024\/02\/21\/reyes-de-suecia-conoceran-el-tren-maya\/","twitter_card":"summary_large_image","twitter_title":"Reyes de Suecia conocer\u00e1n el Tren Maya - Nitu - Noticias de la Industria Turistica","twitter_description":"La visita de Estado programada del rey Carlos XVI Gustavo y la reina Silvia de Suecia a M\u00e9xico, del 12 al 14 de marzo de 2024, representa un esfuerzo diplom\u00e1tico y comercial significativo. Por invitaci\u00f3n del presidente Andr\u00e9s Manuel L\u00f3pez Obrador, la visita tiene como objetivo consolidar las relaciones entre Suecia y M\u00e9xico, con un [&hellip;]","twitter_image":"https:\/\/nitu.mx\/wp-content\/uploads\/2022\/12\/Tren-Maya-diesel-no-contaminante.jpg","twitter_creator":"@NITUmx","twitter_site":"@Arturo_Medina_G","twitter_misc":{"Escrito por":"Redacci\u00f3n","Tiempo de lectura":"2 minutos"},"schema":{"@context":"https:\/\/schema.org","@graph":[{"@type":"Article","@id":"https:\/\/nitu.mx\/index.php\/2024\/02\/21\/reyes-de-suecia-conoceran-el-tren-maya\/#article","isPartOf":{"@id":"https:\/\/nitu.mx\/index.php\/2024\/02\/21\/reyes-de-suecia-conoceran-el-tren-maya\/"},"author":{"name":"Redacci\u00f3n","@id":"https:\/\/nitu.mx\/#\/schema\/person\/4a28fe9bd65924f7c90623773daf1b0b"},"headline":"Reyes de Suecia conocer\u00e1n el Tren Maya","datePublished":"2024-02-22T03:25:06+00:00","dateModified":"2024-02-22T14:08:40+00:00","mainEntityOfPage":{"@id":"https:\/\/nitu.mx\/index.php\/2024\/02\/21\/reyes-de-suecia-conoceran-el-tren-maya\/"},"wordCount":355,"commentCount":0,"publisher":{"@id":"https:\/\/nitu.mx\/#\/schema\/person\/ae7a53426417292d3dd07b45a33e01bc"},"image":{"@id":"https:\/\/nitu.mx\/index.php\/2024\/02\/21\/reyes-de-suecia-conoceran-el-tren-maya\/#primaryimage"},"thumbnailUrl":"https:\/\/nitu.mx\/wp-content\/uploads\/2022\/12\/Tren-Maya-diesel-no-contaminante.jpg","keywords":["Carlos XVI Gustavo","M\u00e9xico","Suecia","Tren Maya"],"articleSection":["Destinos","Internacional"],"inLanguage":"es-MX","potentialAction":[{"@type":"CommentAction","name":"Comment","target":["https:\/\/nitu.mx\/index.php\/2024\/02\/21\/reyes-de-suecia-conoceran-el-tren-maya\/#respond"]}]},{"@type":"WebPage","@id":"https:\/\/nitu.mx\/index.php\/2024\/02\/21\/reyes-de-suecia-conoceran-el-tren-maya\/","url":"https:\/\/nitu.mx\/index.php\/2024\/02\/21\/reyes-de-suecia-conoceran-el-tren-maya\/","name":"Reyes de Suecia conocer\u00e1n el Tren Maya - Nitu - Noticias de la Industria Turistica","isPartOf":{"@id":"https:\/\/nitu.mx\/#website"},"primaryImageOfPage":{"@id":"https:\/\/nitu.mx\/index.php\/2024\/02\/21\/reyes-de-suecia-conoceran-el-tren-maya\/#primaryimage"},"image":{"@id":"https:\/\/nitu.mx\/index.php\/2024\/02\/21\/reyes-de-suecia-conoceran-el-tren-maya\/#primaryimage"},"thumbnailUrl":"https:\/\/nitu.mx\/wp-content\/uploads\/2022\/12\/Tren-Maya-diesel-no-contaminante.jpg","datePublished":"2024-02-22T03:25:06+00:00","dateModified":"2024-02-22T14:08:40+00:00","breadcrumb":{"@id":"https:\/\/nitu.mx\/index.php\/2024\/02\/21\/reyes-de-suecia-conoceran-el-tren-maya\/#breadcrumb"},"inLanguage":"es-MX","potentialAction":[{"@type":"ReadAction","target":["https:\/\/nitu.mx\/index.php\/2024\/02\/21\/reyes-de-suecia-conoceran-el-tren-maya\/"]}]},{"@type":"ImageObject","inLanguage":"es-MX","@id":"https:\/\/nitu.mx\/index.php\/2024\/02\/21\/reyes-de-suecia-conoceran-el-tren-maya\/#primaryimage","url":"https:\/\/nitu.mx\/wp-content\/uploads\/2022\/12\/Tren-Maya-diesel-no-contaminante.jpg","contentUrl":"https:\/\/nitu.mx\/wp-content\/uploads\/2022\/12\/Tren-Maya-diesel-no-contaminante.jpg","width":1200,"height":675,"caption":"Tren Maya"},{"@type":"BreadcrumbList","@id":"https:\/\/nitu.mx\/index.php\/2024\/02\/21\/reyes-de-suecia-conoceran-el-tren-maya\/#breadcrumb","itemListElement":[{"@type":"ListItem","position":1,"name":"Inicio","item":"https:\/\/nitu.mx\/"},{"@type":"ListItem","position":2,"name":"Reyes de Suecia conocer\u00e1n el Tren Maya"}]},{"@type":"WebSite","@id":"https:\/\/nitu.mx\/#website","url":"https:\/\/nitu.mx\/","name":"Nitu - Noticias de la Industria Turistica","description":"Noticias de la Industria Turistica","publisher":{"@id":"https:\/\/nitu.mx\/#\/schema\/person\/ae7a53426417292d3dd07b45a33e01bc"},"alternateName":"Noticias de la Industria Turistica","potentialAction":[{"@type":"SearchAction","target":{"@type":"EntryPoint","urlTemplate":"https:\/\/nitu.mx\/?s={search_term_string}"},"query-input":"required name=search_term_string"}],"inLanguage":"es-MX"},{"@type":["Person","Organization"],"@id":"https:\/\/nitu.mx\/#\/schema\/person\/ae7a53426417292d3dd07b45a33e01bc","name":"Arturo Medina","image":{"@type":"ImageObject","inLanguage":"es-MX","@id":"https:\/\/nitu.mx\/#\/schema\/person\/image\/","url":"https:\/\/nitu.mx\/wp-content\/uploads\/2024\/04\/4A315622-1904-4D5C-B022-878CDC840E04-90x90-1.jpeg","contentUrl":"https:\/\/nitu.mx\/wp-content\/uploads\/2024\/04\/4A315622-1904-4D5C-B022-878CDC840E04-90x90-1.jpeg","width":90,"height":90,"caption":"Arturo Medina"},"logo":{"@id":"https:\/\/nitu.mx\/#\/schema\/person\/image\/"},"description":"Director NITU.mx, Egresado de la Escuela de Periodismo Carlos Septi\u00e9n Garc\u00eda. Periodista y analista especializado en turismo desde hace 35 a\u00f1os, radicado en Canc\u00fan Q.Roo. arturo@nitu.mx","sameAs":["https:\/\/nitu.mx","https:\/\/www.facebook.com\/NITUmx\/","medinacancun","https:\/\/twitter.com\/@Arturo_Medina_G"]},{"@type":"Person","@id":"https:\/\/nitu.mx\/#\/schema\/person\/4a28fe9bd65924f7c90623773daf1b0b","name":"Redacci\u00f3n","image":{"@type":"ImageObject","inLanguage":"es-MX","@id":"https:\/\/nitu.mx\/#\/schema\/person\/image\/","url":"https:\/\/secure.gravatar.com\/avatar\/5dd011c8ccfc5cd7e4c81e42252aab38?s=96&d=mm&r=g","contentUrl":"https:\/\/secure.gravatar.com\/avatar\/5dd011c8ccfc5cd7e4c81e42252aab38?s=96&d=mm&r=g","caption":"Redacci\u00f3n"},"url":"https:\/\/nitu.mx\/index.php\/author\/redaccion\/"}]}},"views":590,"_links":{"self":[{"href":"https:\/\/nitu.mx\/index.php\/wp-json\/wp\/v2\/posts\/68716"}],"collection":[{"href":"https:\/\/nitu.mx\/index.php\/wp-json\/wp\/v2\/posts"}],"about":[{"href":"https:\/\/nitu.mx\/index.php\/wp-json\/wp\/v2\/types\/post"}],"author":[{"embeddable":true,"href":"https:\/\/nitu.mx\/index.php\/wp-json\/wp\/v2\/users\/17"}],"replies":[{"embeddable":true,"href":"https:\/\/nitu.mx\/index.php\/wp-json\/wp\/v2\/comments?post=68716"}],"version-history":[{"count":2,"href":"https:\/\/nitu.mx\/index.php\/wp-json\/wp\/v2\/posts\/68716\/revisions"}],"predecessor-version":[{"id":68723,"href":"https:\/\/nitu.mx\/index.php\/wp-json\/wp\/v2\/posts\/68716\/revisions\/68723"}],"wp:featuredmedia":[{"embeddable":true,"href":"https:\/\/nitu.mx\/index.php\/wp-json\/wp\/v2\/media\/62563"}],"wp:attachment":[{"href":"https:\/\/nitu.mx\/index.php\/wp-json\/wp\/v2\/media?parent=68716"}],"wp:term":[{"taxonomy":"category","embeddable":true,"href":"https:\/\/nitu.mx\/index.php\/wp-json\/wp\/v2\/categories?post=68716"},{"taxonomy":"post_tag","embeddable":true,"href":"https:\/\/nitu.mx\/index.php\/wp-json\/wp\/v2\/tags?post=68716"}],"curies":[{"name":"wp","href":"https:\/\/api.w.org\/{rel}","templated":true}]}}