{"id":68710,"date":"2024-02-21T19:27:10","date_gmt":"2024-02-22T01:27:10","guid":{"rendered":"https:\/\/nitu.mx\/?p=68710"},"modified":"2024-02-22T08:09:12","modified_gmt":"2024-02-22T14:09:12","slug":"conecta-volaris-mcallen-con-cancun","status":"publish","type":"post","link":"https:\/\/nitu.mx\/index.php\/2024\/02\/21\/conecta-volaris-mcallen-con-cancun\/","title":{"rendered":"Conecta Volaris McAllen con Canc\u00fan"},"content":{"rendered":"\n<p>Canc\u00fan aumenta su conectividad con los Estados Unidos al confirmarse un nuevo vuelo de Volaris que conectara con McAllen en Texas con dos frecuencias semanales a partir de julio.<\/p>\n\n\n\n<p>La gobernadora Mara Lezama Espinosa confirm\u00f3 la nueva ruta a\u00e9rea McAllen-Canc\u00fan que dar\u00e1 inicio a trav\u00e9s de Volaris el 3 de julio, con dos frecuencias semanales y permitir\u00e1 a los visitantes vivir en Quintana Roo la Nueva Era del Turismo.<\/p>\n\n\n\n<p>La nueva ruta se suma a la conectividad a\u00e9rea con m\u00e1s de 40 ciudades en Estados Unidos de Am\u00e9rica con las que cuenta el Aeropuerto Internacional de Canc\u00fan (ASUR), que el a\u00f1o pasado recibi\u00f3 a m\u00e1s de 32.7 millones de visitantes.<\/p>\n\n\n\n<p>De acuerdo con la empresa, esta nueva ruta tendr\u00e1 frecuencias los mi\u00e9rcoles y s\u00e1bados, saliendo de Canc\u00fan a las 12:15 horas y regresar\u00e1 de McAllen en el estado de Texas por la tarde, alrededor de las 16:05 horas.<\/p>\n\n\n\n<p>McAllen, es una ciudad practicamente fronteriza, ya que conecta con la ciudad de Reynosa, esta coneccion promete ser un puente directo que no solo facilitar\u00e1 el intercambio cultural y tur\u00edstico entre Quintana Roo y Estados Unidos, sino que tambi\u00e9n fortalecer\u00e1 la econom\u00eda local para avanzar en la prosperidad compartida a partir del \u00e9xito tur\u00edstico.<\/p>\n\n\n\n<p>Esta ser\u00e1 seguramente una gran ocpion para todo el sur de Texas y los habitantes de Reynosa para conectar con el Caribe Mexicano<\/p>\n\n\n\n<p>\u201cEste es un claro ejemplo de c\u00f3mo, trabajando juntos, podemos superar barreras y construir conexiones m\u00e1s fuertes entre nuestras comunidades. Con la apertura de esta ruta, Quintana Roo se embarca en la Nueva Era del Turismo, prometiendo experiencias inolvidables para todos nuestros visitantes\u201d expres\u00f3 la gobernadora Mara Lezama.<\/p>\n","protected":false},"excerpt":{"rendered":"<p>Canc\u00fan aumenta su conectividad con los Estados Unidos al confirmarse un nuevo vuelo de Volaris que conectara con McAllen en Texas con dos frecuencias semanales a partir de julio. La gobernadora Mara Lezama Espinosa confirm\u00f3 la nueva ruta a\u00e9rea McAllen-Canc\u00fan que dar\u00e1 inicio a trav\u00e9s de Volaris el 3 de julio, con dos frecuencias semanales [&hellip;]<\/p>\n","protected":false},"author":17,"featured_media":65344,"comment_status":"open","ping_status":"open","sticky":false,"template":"","format":"standard","meta":{"footnotes":""},"categories":[29],"tags":[43,14028,6462,131],"yoast_head":"<!-- This site is optimized with the Yoast SEO plugin v22.2 - https:\/\/yoast.com\/wordpress\/plugins\/seo\/ -->\n<title>Conecta Volaris McAllen con Canc\u00fan - Nitu - Noticias de la Industria Turistica<\/title>\n<meta name=\"robots\" content=\"index, follow, max-snippet:-1, max-image-preview:large, max-video-preview:-1\" \/>\n<link rel=\"canonical\" href=\"https:\/\/nitu.mx\/index.php\/2024\/02\/21\/conecta-volaris-mcallen-con-cancun\/\" \/>\n<meta name=\"twitter:card\" content=\"summary_large_image\" \/>\n<meta name=\"twitter:title\" content=\"Conecta Volaris McAllen con Canc\u00fan - Nitu - Noticias de la Industria Turistica\" \/>\n<meta name=\"twitter:description\" content=\"Canc\u00fan aumenta su conectividad con los Estados Unidos al confirmarse un nuevo vuelo de Volaris que conectara con McAllen en Texas con dos frecuencias semanales a partir de julio. La gobernadora Mara Lezama Espinosa confirm\u00f3 la nueva ruta a\u00e9rea McAllen-Canc\u00fan que dar\u00e1 inicio a trav\u00e9s de Volaris el 3 de julio, con dos frecuencias semanales [&hellip;]\" \/>\n<meta name=\"twitter:image\" content=\"https:\/\/nitu.mx\/wp-content\/uploads\/2023\/07\/Volaris-avi\u00f3n-124.jpg\" \/>\n<meta name=\"twitter:creator\" content=\"@NITUmx\" \/>\n<meta name=\"twitter:site\" content=\"@Arturo_Medina_G\" \/>\n<meta name=\"twitter:label1\" content=\"Escrito por\" \/>\n\t<meta name=\"twitter:data1\" content=\"Redacci\u00f3n\" \/>\n\t<meta name=\"twitter:label2\" content=\"Tiempo de lectura\" \/>\n\t<meta name=\"twitter:data2\" content=\"1 minuto\" \/>\n<script type=\"application\/ld+json\" class=\"yoast-schema-graph\">{\"@context\":\"https:\/\/schema.org\",\"@graph\":[{\"@type\":\"Article\",\"@id\":\"https:\/\/nitu.mx\/index.php\/2024\/02\/21\/conecta-volaris-mcallen-con-cancun\/#article\",\"isPartOf\":{\"@id\":\"https:\/\/nitu.mx\/index.php\/2024\/02\/21\/conecta-volaris-mcallen-con-cancun\/\"},\"author\":{\"name\":\"Redacci\u00f3n\",\"@id\":\"https:\/\/nitu.mx\/#\/schema\/person\/4a28fe9bd65924f7c90623773daf1b0b\"},\"headline\":\"Conecta Volaris McAllen con Canc\u00fan\",\"datePublished\":\"2024-02-22T01:27:10+00:00\",\"dateModified\":\"2024-02-22T14:09:12+00:00\",\"mainEntityOfPage\":{\"@id\":\"https:\/\/nitu.mx\/index.php\/2024\/02\/21\/conecta-volaris-mcallen-con-cancun\/\"},\"wordCount\":293,\"commentCount\":0,\"publisher\":{\"@id\":\"https:\/\/nitu.mx\/#\/schema\/person\/ae7a53426417292d3dd07b45a33e01bc\"},\"image\":{\"@id\":\"https:\/\/nitu.mx\/index.php\/2024\/02\/21\/conecta-volaris-mcallen-con-cancun\/#primaryimage\"},\"thumbnailUrl\":\"https:\/\/nitu.mx\/wp-content\/uploads\/2023\/07\/Volaris-avi\u00f3n-124.jpg\",\"keywords\":[\"Canc\u00fan\",\"Mara Lezama\",\"McAllen\",\"Volaris\"],\"articleSection\":[\"Aerol\u00edneas\"],\"inLanguage\":\"es-MX\",\"potentialAction\":[{\"@type\":\"CommentAction\",\"name\":\"Comment\",\"target\":[\"https:\/\/nitu.mx\/index.php\/2024\/02\/21\/conecta-volaris-mcallen-con-cancun\/#respond\"]}]},{\"@type\":\"WebPage\",\"@id\":\"https:\/\/nitu.mx\/index.php\/2024\/02\/21\/conecta-volaris-mcallen-con-cancun\/\",\"url\":\"https:\/\/nitu.mx\/index.php\/2024\/02\/21\/conecta-volaris-mcallen-con-cancun\/\",\"name\":\"Conecta Volaris McAllen con Canc\u00fan - Nitu - Noticias de la Industria Turistica\",\"isPartOf\":{\"@id\":\"https:\/\/nitu.mx\/#website\"},\"primaryImageOfPage\":{\"@id\":\"https:\/\/nitu.mx\/index.php\/2024\/02\/21\/conecta-volaris-mcallen-con-cancun\/#primaryimage\"},\"image\":{\"@id\":\"https:\/\/nitu.mx\/index.php\/2024\/02\/21\/conecta-volaris-mcallen-con-cancun\/#primaryimage\"},\"thumbnailUrl\":\"https:\/\/nitu.mx\/wp-content\/uploads\/2023\/07\/Volaris-avi\u00f3n-124.jpg\",\"datePublished\":\"2024-02-22T01:27:10+00:00\",\"dateModified\":\"2024-02-22T14:09:12+00:00\",\"breadcrumb\":{\"@id\":\"https:\/\/nitu.mx\/index.php\/2024\/02\/21\/conecta-volaris-mcallen-con-cancun\/#breadcrumb\"},\"inLanguage\":\"es-MX\",\"potentialAction\":[{\"@type\":\"ReadAction\",\"target\":[\"https:\/\/nitu.mx\/index.php\/2024\/02\/21\/conecta-volaris-mcallen-con-cancun\/\"]}]},{\"@type\":\"ImageObject\",\"inLanguage\":\"es-MX\",\"@id\":\"https:\/\/nitu.mx\/index.php\/2024\/02\/21\/conecta-volaris-mcallen-con-cancun\/#primaryimage\",\"url\":\"https:\/\/nitu.mx\/wp-content\/uploads\/2023\/07\/Volaris-avi\u00f3n-124.jpg\",\"contentUrl\":\"https:\/\/nitu.mx\/wp-content\/uploads\/2023\/07\/Volaris-avi\u00f3n-124.jpg\",\"width\":1200,\"height\":675,\"caption\":\"Volaris\"},{\"@type\":\"BreadcrumbList\",\"@id\":\"https:\/\/nitu.mx\/index.php\/2024\/02\/21\/conecta-volaris-mcallen-con-cancun\/#breadcrumb\",\"itemListElement\":[{\"@type\":\"ListItem\",\"position\":1,\"name\":\"Inicio\",\"item\":\"https:\/\/nitu.mx\/\"},{\"@type\":\"ListItem\",\"position\":2,\"name\":\"Conecta Volaris McAllen con Canc\u00fan\"}]},{\"@type\":\"WebSite\",\"@id\":\"https:\/\/nitu.mx\/#website\",\"url\":\"https:\/\/nitu.mx\/\",\"name\":\"Nitu - Noticias de la Industria Turistica\",\"description\":\"Noticias de la Industria Turistica\",\"publisher\":{\"@id\":\"https:\/\/nitu.mx\/#\/schema\/person\/ae7a53426417292d3dd07b45a33e01bc\"},\"alternateName\":\"Noticias de la Industria Turistica\",\"potentialAction\":[{\"@type\":\"SearchAction\",\"target\":{\"@type\":\"EntryPoint\",\"urlTemplate\":\"https:\/\/nitu.mx\/?s={search_term_string}\"},\"query-input\":\"required name=search_term_string\"}],\"inLanguage\":\"es-MX\"},{\"@type\":[\"Person\",\"Organization\"],\"@id\":\"https:\/\/nitu.mx\/#\/schema\/person\/ae7a53426417292d3dd07b45a33e01bc\",\"name\":\"Arturo Medina\",\"image\":{\"@type\":\"ImageObject\",\"inLanguage\":\"es-MX\",\"@id\":\"https:\/\/nitu.mx\/#\/schema\/person\/image\/\",\"url\":\"https:\/\/nitu.mx\/wp-content\/uploads\/2024\/04\/4A315622-1904-4D5C-B022-878CDC840E04-90x90-1.jpeg\",\"contentUrl\":\"https:\/\/nitu.mx\/wp-content\/uploads\/2024\/04\/4A315622-1904-4D5C-B022-878CDC840E04-90x90-1.jpeg\",\"width\":90,\"height\":90,\"caption\":\"Arturo Medina\"},\"logo\":{\"@id\":\"https:\/\/nitu.mx\/#\/schema\/person\/image\/\"},\"description\":\"Director NITU.mx, Egresado de la Escuela de Periodismo Carlos Septi\u00e9n Garc\u00eda. Periodista y analista especializado en turismo desde hace 35 a\u00f1os, radicado en Canc\u00fan Q.Roo. arturo@nitu.mx\",\"sameAs\":[\"https:\/\/nitu.mx\",\"https:\/\/www.facebook.com\/NITUmx\/\",\"medinacancun\",\"https:\/\/twitter.com\/@Arturo_Medina_G\"]},{\"@type\":\"Person\",\"@id\":\"https:\/\/nitu.mx\/#\/schema\/person\/4a28fe9bd65924f7c90623773daf1b0b\",\"name\":\"Redacci\u00f3n\",\"image\":{\"@type\":\"ImageObject\",\"inLanguage\":\"es-MX\",\"@id\":\"https:\/\/nitu.mx\/#\/schema\/person\/image\/\",\"url\":\"https:\/\/secure.gravatar.com\/avatar\/5dd011c8ccfc5cd7e4c81e42252aab38?s=96&d=mm&r=g\",\"contentUrl\":\"https:\/\/secure.gravatar.com\/avatar\/5dd011c8ccfc5cd7e4c81e42252aab38?s=96&d=mm&r=g\",\"caption\":\"Redacci\u00f3n\"},\"url\":\"https:\/\/nitu.mx\/index.php\/author\/redaccion\/\"}]}<\/script>\n<!-- \/ Yoast SEO plugin. -->","yoast_head_json":{"title":"Conecta Volaris McAllen con Canc\u00fan - Nitu - Noticias de la Industria Turistica","robots":{"index":"index","follow":"follow","max-snippet":"max-snippet:-1","max-image-preview":"max-image-preview:large","max-video-preview":"max-video-preview:-1"},"canonical":"https:\/\/nitu.mx\/index.php\/2024\/02\/21\/conecta-volaris-mcallen-con-cancun\/","twitter_card":"summary_large_image","twitter_title":"Conecta Volaris McAllen con Canc\u00fan - Nitu - Noticias de la Industria Turistica","twitter_description":"Canc\u00fan aumenta su conectividad con los Estados Unidos al confirmarse un nuevo vuelo de Volaris que conectara con McAllen en Texas con dos frecuencias semanales a partir de julio. La gobernadora Mara Lezama Espinosa confirm\u00f3 la nueva ruta a\u00e9rea McAllen-Canc\u00fan que dar\u00e1 inicio a trav\u00e9s de Volaris el 3 de julio, con dos frecuencias semanales [&hellip;]","twitter_image":"https:\/\/nitu.mx\/wp-content\/uploads\/2023\/07\/Volaris-avi\u00f3n-124.jpg","twitter_creator":"@NITUmx","twitter_site":"@Arturo_Medina_G","twitter_misc":{"Escrito por":"Redacci\u00f3n","Tiempo de lectura":"1 minuto"},"schema":{"@context":"https:\/\/schema.org","@graph":[{"@type":"Article","@id":"https:\/\/nitu.mx\/index.php\/2024\/02\/21\/conecta-volaris-mcallen-con-cancun\/#article","isPartOf":{"@id":"https:\/\/nitu.mx\/index.php\/2024\/02\/21\/conecta-volaris-mcallen-con-cancun\/"},"author":{"name":"Redacci\u00f3n","@id":"https:\/\/nitu.mx\/#\/schema\/person\/4a28fe9bd65924f7c90623773daf1b0b"},"headline":"Conecta Volaris McAllen con Canc\u00fan","datePublished":"2024-02-22T01:27:10+00:00","dateModified":"2024-02-22T14:09:12+00:00","mainEntityOfPage":{"@id":"https:\/\/nitu.mx\/index.php\/2024\/02\/21\/conecta-volaris-mcallen-con-cancun\/"},"wordCount":293,"commentCount":0,"publisher":{"@id":"https:\/\/nitu.mx\/#\/schema\/person\/ae7a53426417292d3dd07b45a33e01bc"},"image":{"@id":"https:\/\/nitu.mx\/index.php\/2024\/02\/21\/conecta-volaris-mcallen-con-cancun\/#primaryimage"},"thumbnailUrl":"https:\/\/nitu.mx\/wp-content\/uploads\/2023\/07\/Volaris-avi\u00f3n-124.jpg","keywords":["Canc\u00fan","Mara Lezama","McAllen","Volaris"],"articleSection":["Aerol\u00edneas"],"inLanguage":"es-MX","potentialAction":[{"@type":"CommentAction","name":"Comment","target":["https:\/\/nitu.mx\/index.php\/2024\/02\/21\/conecta-volaris-mcallen-con-cancun\/#respond"]}]},{"@type":"WebPage","@id":"https:\/\/nitu.mx\/index.php\/2024\/02\/21\/conecta-volaris-mcallen-con-cancun\/","url":"https:\/\/nitu.mx\/index.php\/2024\/02\/21\/conecta-volaris-mcallen-con-cancun\/","name":"Conecta Volaris McAllen con Canc\u00fan - Nitu - Noticias de la Industria Turistica","isPartOf":{"@id":"https:\/\/nitu.mx\/#website"},"primaryImageOfPage":{"@id":"https:\/\/nitu.mx\/index.php\/2024\/02\/21\/conecta-volaris-mcallen-con-cancun\/#primaryimage"},"image":{"@id":"https:\/\/nitu.mx\/index.php\/2024\/02\/21\/conecta-volaris-mcallen-con-cancun\/#primaryimage"},"thumbnailUrl":"https:\/\/nitu.mx\/wp-content\/uploads\/2023\/07\/Volaris-avi\u00f3n-124.jpg","datePublished":"2024-02-22T01:27:10+00:00","dateModified":"2024-02-22T14:09:12+00:00","breadcrumb":{"@id":"https:\/\/nitu.mx\/index.php\/2024\/02\/21\/conecta-volaris-mcallen-con-cancun\/#breadcrumb"},"inLanguage":"es-MX","potentialAction":[{"@type":"ReadAction","target":["https:\/\/nitu.mx\/index.php\/2024\/02\/21\/conecta-volaris-mcallen-con-cancun\/"]}]},{"@type":"ImageObject","inLanguage":"es-MX","@id":"https:\/\/nitu.mx\/index.php\/2024\/02\/21\/conecta-volaris-mcallen-con-cancun\/#primaryimage","url":"https:\/\/nitu.mx\/wp-content\/uploads\/2023\/07\/Volaris-avi\u00f3n-124.jpg","contentUrl":"https:\/\/nitu.mx\/wp-content\/uploads\/2023\/07\/Volaris-avi\u00f3n-124.jpg","width":1200,"height":675,"caption":"Volaris"},{"@type":"BreadcrumbList","@id":"https:\/\/nitu.mx\/index.php\/2024\/02\/21\/conecta-volaris-mcallen-con-cancun\/#breadcrumb","itemListElement":[{"@type":"ListItem","position":1,"name":"Inicio","item":"https:\/\/nitu.mx\/"},{"@type":"ListItem","position":2,"name":"Conecta Volaris McAllen con Canc\u00fan"}]},{"@type":"WebSite","@id":"https:\/\/nitu.mx\/#website","url":"https:\/\/nitu.mx\/","name":"Nitu - Noticias de la Industria Turistica","description":"Noticias de la Industria Turistica","publisher":{"@id":"https:\/\/nitu.mx\/#\/schema\/person\/ae7a53426417292d3dd07b45a33e01bc"},"alternateName":"Noticias de la Industria Turistica","potentialAction":[{"@type":"SearchAction","target":{"@type":"EntryPoint","urlTemplate":"https:\/\/nitu.mx\/?s={search_term_string}"},"query-input":"required name=search_term_string"}],"inLanguage":"es-MX"},{"@type":["Person","Organization"],"@id":"https:\/\/nitu.mx\/#\/schema\/person\/ae7a53426417292d3dd07b45a33e01bc","name":"Arturo Medina","image":{"@type":"ImageObject","inLanguage":"es-MX","@id":"https:\/\/nitu.mx\/#\/schema\/person\/image\/","url":"https:\/\/nitu.mx\/wp-content\/uploads\/2024\/04\/4A315622-1904-4D5C-B022-878CDC840E04-90x90-1.jpeg","contentUrl":"https:\/\/nitu.mx\/wp-content\/uploads\/2024\/04\/4A315622-1904-4D5C-B022-878CDC840E04-90x90-1.jpeg","width":90,"height":90,"caption":"Arturo Medina"},"logo":{"@id":"https:\/\/nitu.mx\/#\/schema\/person\/image\/"},"description":"Director NITU.mx, Egresado de la Escuela de Periodismo Carlos Septi\u00e9n Garc\u00eda. Periodista y analista especializado en turismo desde hace 35 a\u00f1os, radicado en Canc\u00fan Q.Roo. arturo@nitu.mx","sameAs":["https:\/\/nitu.mx","https:\/\/www.facebook.com\/NITUmx\/","medinacancun","https:\/\/twitter.com\/@Arturo_Medina_G"]},{"@type":"Person","@id":"https:\/\/nitu.mx\/#\/schema\/person\/4a28fe9bd65924f7c90623773daf1b0b","name":"Redacci\u00f3n","image":{"@type":"ImageObject","inLanguage":"es-MX","@id":"https:\/\/nitu.mx\/#\/schema\/person\/image\/","url":"https:\/\/secure.gravatar.com\/avatar\/5dd011c8ccfc5cd7e4c81e42252aab38?s=96&d=mm&r=g","contentUrl":"https:\/\/secure.gravatar.com\/avatar\/5dd011c8ccfc5cd7e4c81e42252aab38?s=96&d=mm&r=g","caption":"Redacci\u00f3n"},"url":"https:\/\/nitu.mx\/index.php\/author\/redaccion\/"}]}},"views":813,"_links":{"self":[{"href":"https:\/\/nitu.mx\/index.php\/wp-json\/wp\/v2\/posts\/68710"}],"collection":[{"href":"https:\/\/nitu.mx\/index.php\/wp-json\/wp\/v2\/posts"}],"about":[{"href":"https:\/\/nitu.mx\/index.php\/wp-json\/wp\/v2\/types\/post"}],"author":[{"embeddable":true,"href":"https:\/\/nitu.mx\/index.php\/wp-json\/wp\/v2\/users\/17"}],"replies":[{"embeddable":true,"href":"https:\/\/nitu.mx\/index.php\/wp-json\/wp\/v2\/comments?post=68710"}],"version-history":[{"count":2,"href":"https:\/\/nitu.mx\/index.php\/wp-json\/wp\/v2\/posts\/68710\/revisions"}],"predecessor-version":[{"id":68713,"href":"https:\/\/nitu.mx\/index.php\/wp-json\/wp\/v2\/posts\/68710\/revisions\/68713"}],"wp:featuredmedia":[{"embeddable":true,"href":"https:\/\/nitu.mx\/index.php\/wp-json\/wp\/v2\/media\/65344"}],"wp:attachment":[{"href":"https:\/\/nitu.mx\/index.php\/wp-json\/wp\/v2\/media?parent=68710"}],"wp:term":[{"taxonomy":"category","embeddable":true,"href":"https:\/\/nitu.mx\/index.php\/wp-json\/wp\/v2\/categories?post=68710"},{"taxonomy":"post_tag","embeddable":true,"href":"https:\/\/nitu.mx\/index.php\/wp-json\/wp\/v2\/tags?post=68710"}],"curies":[{"name":"wp","href":"https:\/\/api.w.org\/{rel}","templated":true}]}}