{"id":68660,"date":"2024-02-19T05:46:20","date_gmt":"2024-02-19T11:46:20","guid":{"rendered":"https:\/\/nitu.mx\/?p=68660"},"modified":"2024-02-19T06:14:14","modified_gmt":"2024-02-19T12:14:14","slug":"el-gran-hito-en-quintana-roo-conectar-a-tres-aeropuertos-internacionales-con-el-tren-maya","status":"publish","type":"post","link":"https:\/\/nitu.mx\/index.php\/2024\/02\/19\/el-gran-hito-en-quintana-roo-conectar-a-tres-aeropuertos-internacionales-con-el-tren-maya\/","title":{"rendered":"El gran hito en Quintana Roo conectar a tres aeropuertos internacionales con el tren Maya."},"content":{"rendered":"<p>\u201cSi tenemos esa conectividad de tres aeropuertos internacionales con un tren que recorrer\u00e1 del norte a su, el Estado tenemos un gran producto que tenemos que aprovechar y saber comunicar, promocionar, tenemos que sumarnos yo creo que m\u00e1s all\u00e1 de las filias y fobias que puedan causar el tren Maya hoy es una realidad es un gran producto para Quintana Roo y nos tenemos que sumar como industria a saber capitalizarlo\u201d, expres\u00f3 el secretario de turismo, Bernardo Cuesto Restra.<\/p>\n<p>Estamos listos desde el gobierno desde la Secretar\u00eda de Turismo para potenciar lo que ser\u00e1 el tren Maya a trav\u00e9s de rutas tur\u00edsticas, que ya estamos trabajando implementando producto tur\u00edstico que estar\u00e1 incorpor\u00e1ndose a estas rutas en el centro y sur del estado por sobre todo y habr\u00e1 destinos que se ver\u00e1n beneficiados por ello.<\/p>\n<p>Destac\u00f3 que quer\u00eda dejar muy claro, que Quintana Roo hoy entra a una etapa en donde hay que pensar en el ordenamiento de nuestra actividad, hay n\u00fameros impresionantes tenemos much\u00edsimo turismo en Quintana Roo, el gran reto es que el turismo que estamos logrando atraer encuentre en Quintana Roo, una mejor experiencia con base al orden que de hoy en adelante tenemos que construir.<\/p>\n<p>El anuncio de que en el gobierno del Estado esta preocupados por lo que han propuesto reformas a la Ley Estatal de turismo, que se est\u00e1n evaluando en el Congreso y que van en b\u00fasqueda precisamente del ordenamiento en nuestra actividad, del mejoramiento de la competitividad de nuestros destinos y con ello realmente estar a la altura de esta nueva era que estamos convencidos que aprovecharemos, ser\u00e1 sumamente exitosa, concluy\u00f3.<\/p>\n","protected":false},"excerpt":{"rendered":"<p>\u201cSi tenemos esa conectividad de tres aeropuertos internacionales con un tren que recorrer\u00e1 del norte a su, el Estado tenemos un gran producto que tenemos que aprovechar y saber comunicar, promocionar, tenemos que sumarnos yo creo que m\u00e1s all\u00e1 de las filias y fobias que puedan causar el tren Maya hoy es una realidad es [&hellip;]<\/p>\n","protected":false},"author":17,"featured_media":67218,"comment_status":"open","ping_status":"open","sticky":false,"template":"","format":"standard","meta":{"footnotes":""},"categories":[19462],"tags":[8935,24590,260,175,11427],"yoast_head":"<!-- This site is optimized with the Yoast SEO plugin v22.2 - https:\/\/yoast.com\/wordpress\/plugins\/seo\/ -->\n<title>El gran hito en Quintana Roo conectar a tres aeropuertos internacionales con el tren Maya. - Nitu - Noticias de la Industria Turistica<\/title>\n<meta name=\"robots\" content=\"index, follow, max-snippet:-1, max-image-preview:large, max-video-preview:-1\" \/>\n<link rel=\"canonical\" href=\"https:\/\/nitu.mx\/index.php\/2024\/02\/19\/el-gran-hito-en-quintana-roo-conectar-a-tres-aeropuertos-internacionales-con-el-tren-maya\/\" \/>\n<meta name=\"twitter:card\" content=\"summary_large_image\" \/>\n<meta name=\"twitter:title\" content=\"El gran hito en Quintana Roo conectar a tres aeropuertos internacionales con el tren Maya. - Nitu - Noticias de la Industria Turistica\" \/>\n<meta name=\"twitter:description\" content=\"\u201cSi tenemos esa conectividad de tres aeropuertos internacionales con un tren que recorrer\u00e1 del norte a su, el Estado tenemos un gran producto que tenemos que aprovechar y saber comunicar, promocionar, tenemos que sumarnos yo creo que m\u00e1s all\u00e1 de las filias y fobias que puedan causar el tren Maya hoy es una realidad es [&hellip;]\" \/>\n<meta name=\"twitter:image\" content=\"https:\/\/nitu.mx\/wp-content\/uploads\/2023\/12\/Tren-Maya-inauguraci\u00f3n.jpg\" \/>\n<meta name=\"twitter:creator\" content=\"@NITUmx\" \/>\n<meta name=\"twitter:site\" content=\"@Arturo_Medina_G\" \/>\n<meta name=\"twitter:label1\" content=\"Escrito por\" \/>\n\t<meta name=\"twitter:data1\" content=\"Redacci\u00f3n\" \/>\n\t<meta name=\"twitter:label2\" content=\"Tiempo de lectura\" \/>\n\t<meta name=\"twitter:data2\" content=\"1 minuto\" \/>\n<script type=\"application\/ld+json\" class=\"yoast-schema-graph\">{\"@context\":\"https:\/\/schema.org\",\"@graph\":[{\"@type\":\"Article\",\"@id\":\"https:\/\/nitu.mx\/index.php\/2024\/02\/19\/el-gran-hito-en-quintana-roo-conectar-a-tres-aeropuertos-internacionales-con-el-tren-maya\/#article\",\"isPartOf\":{\"@id\":\"https:\/\/nitu.mx\/index.php\/2024\/02\/19\/el-gran-hito-en-quintana-roo-conectar-a-tres-aeropuertos-internacionales-con-el-tren-maya\/\"},\"author\":{\"name\":\"Redacci\u00f3n\",\"@id\":\"https:\/\/nitu.mx\/#\/schema\/person\/4a28fe9bd65924f7c90623773daf1b0b\"},\"headline\":\"El gran hito en Quintana Roo conectar a tres aeropuertos internacionales con el tren Maya.\",\"datePublished\":\"2024-02-19T11:46:20+00:00\",\"dateModified\":\"2024-02-19T12:14:14+00:00\",\"mainEntityOfPage\":{\"@id\":\"https:\/\/nitu.mx\/index.php\/2024\/02\/19\/el-gran-hito-en-quintana-roo-conectar-a-tres-aeropuertos-internacionales-con-el-tren-maya\/\"},\"wordCount\":295,\"commentCount\":0,\"publisher\":{\"@id\":\"https:\/\/nitu.mx\/#\/schema\/person\/ae7a53426417292d3dd07b45a33e01bc\"},\"image\":{\"@id\":\"https:\/\/nitu.mx\/index.php\/2024\/02\/19\/el-gran-hito-en-quintana-roo-conectar-a-tres-aeropuertos-internacionales-con-el-tren-maya\/#primaryimage\"},\"thumbnailUrl\":\"https:\/\/nitu.mx\/wp-content\/uploads\/2023\/12\/Tren-Maya-inauguraci\u00f3n.jpg\",\"keywords\":[\"aeropuertos internacionales\",\"Bernardo Cuesto Restra\",\"Quintana Roo\",\"Secretario de Turismo\",\"Tren Maya\"],\"articleSection\":[\"Aeropuertos\"],\"inLanguage\":\"es-MX\",\"potentialAction\":[{\"@type\":\"CommentAction\",\"name\":\"Comment\",\"target\":[\"https:\/\/nitu.mx\/index.php\/2024\/02\/19\/el-gran-hito-en-quintana-roo-conectar-a-tres-aeropuertos-internacionales-con-el-tren-maya\/#respond\"]}]},{\"@type\":\"WebPage\",\"@id\":\"https:\/\/nitu.mx\/index.php\/2024\/02\/19\/el-gran-hito-en-quintana-roo-conectar-a-tres-aeropuertos-internacionales-con-el-tren-maya\/\",\"url\":\"https:\/\/nitu.mx\/index.php\/2024\/02\/19\/el-gran-hito-en-quintana-roo-conectar-a-tres-aeropuertos-internacionales-con-el-tren-maya\/\",\"name\":\"El gran hito en Quintana Roo conectar a tres aeropuertos internacionales con el tren Maya. - Nitu - Noticias de la Industria Turistica\",\"isPartOf\":{\"@id\":\"https:\/\/nitu.mx\/#website\"},\"primaryImageOfPage\":{\"@id\":\"https:\/\/nitu.mx\/index.php\/2024\/02\/19\/el-gran-hito-en-quintana-roo-conectar-a-tres-aeropuertos-internacionales-con-el-tren-maya\/#primaryimage\"},\"image\":{\"@id\":\"https:\/\/nitu.mx\/index.php\/2024\/02\/19\/el-gran-hito-en-quintana-roo-conectar-a-tres-aeropuertos-internacionales-con-el-tren-maya\/#primaryimage\"},\"thumbnailUrl\":\"https:\/\/nitu.mx\/wp-content\/uploads\/2023\/12\/Tren-Maya-inauguraci\u00f3n.jpg\",\"datePublished\":\"2024-02-19T11:46:20+00:00\",\"dateModified\":\"2024-02-19T12:14:14+00:00\",\"breadcrumb\":{\"@id\":\"https:\/\/nitu.mx\/index.php\/2024\/02\/19\/el-gran-hito-en-quintana-roo-conectar-a-tres-aeropuertos-internacionales-con-el-tren-maya\/#breadcrumb\"},\"inLanguage\":\"es-MX\",\"potentialAction\":[{\"@type\":\"ReadAction\",\"target\":[\"https:\/\/nitu.mx\/index.php\/2024\/02\/19\/el-gran-hito-en-quintana-roo-conectar-a-tres-aeropuertos-internacionales-con-el-tren-maya\/\"]}]},{\"@type\":\"ImageObject\",\"inLanguage\":\"es-MX\",\"@id\":\"https:\/\/nitu.mx\/index.php\/2024\/02\/19\/el-gran-hito-en-quintana-roo-conectar-a-tres-aeropuertos-internacionales-con-el-tren-maya\/#primaryimage\",\"url\":\"https:\/\/nitu.mx\/wp-content\/uploads\/2023\/12\/Tren-Maya-inauguraci\u00f3n.jpg\",\"contentUrl\":\"https:\/\/nitu.mx\/wp-content\/uploads\/2023\/12\/Tren-Maya-inauguraci\u00f3n.jpg\",\"width\":1200,\"height\":675,\"caption\":\"Tren Maya\"},{\"@type\":\"BreadcrumbList\",\"@id\":\"https:\/\/nitu.mx\/index.php\/2024\/02\/19\/el-gran-hito-en-quintana-roo-conectar-a-tres-aeropuertos-internacionales-con-el-tren-maya\/#breadcrumb\",\"itemListElement\":[{\"@type\":\"ListItem\",\"position\":1,\"name\":\"Inicio\",\"item\":\"https:\/\/nitu.mx\/\"},{\"@type\":\"ListItem\",\"position\":2,\"name\":\"El gran hito en Quintana Roo conectar a tres aeropuertos internacionales con el tren Maya.\"}]},{\"@type\":\"WebSite\",\"@id\":\"https:\/\/nitu.mx\/#website\",\"url\":\"https:\/\/nitu.mx\/\",\"name\":\"Nitu - Noticias de la Industria Turistica\",\"description\":\"Noticias de la Industria Turistica\",\"publisher\":{\"@id\":\"https:\/\/nitu.mx\/#\/schema\/person\/ae7a53426417292d3dd07b45a33e01bc\"},\"alternateName\":\"Noticias de la Industria Turistica\",\"potentialAction\":[{\"@type\":\"SearchAction\",\"target\":{\"@type\":\"EntryPoint\",\"urlTemplate\":\"https:\/\/nitu.mx\/?s={search_term_string}\"},\"query-input\":\"required name=search_term_string\"}],\"inLanguage\":\"es-MX\"},{\"@type\":[\"Person\",\"Organization\"],\"@id\":\"https:\/\/nitu.mx\/#\/schema\/person\/ae7a53426417292d3dd07b45a33e01bc\",\"name\":\"Arturo Medina\",\"image\":{\"@type\":\"ImageObject\",\"inLanguage\":\"es-MX\",\"@id\":\"https:\/\/nitu.mx\/#\/schema\/person\/image\/\",\"url\":\"https:\/\/nitu.mx\/wp-content\/uploads\/2024\/04\/4A315622-1904-4D5C-B022-878CDC840E04-90x90-1.jpeg\",\"contentUrl\":\"https:\/\/nitu.mx\/wp-content\/uploads\/2024\/04\/4A315622-1904-4D5C-B022-878CDC840E04-90x90-1.jpeg\",\"width\":90,\"height\":90,\"caption\":\"Arturo Medina\"},\"logo\":{\"@id\":\"https:\/\/nitu.mx\/#\/schema\/person\/image\/\"},\"description\":\"Director NITU.mx, Egresado de la Escuela de Periodismo Carlos Septi\u00e9n Garc\u00eda. Periodista y analista especializado en turismo desde hace 35 a\u00f1os, radicado en Canc\u00fan Q.Roo. arturo@nitu.mx\",\"sameAs\":[\"https:\/\/nitu.mx\",\"https:\/\/www.facebook.com\/NITUmx\/\",\"medinacancun\",\"https:\/\/twitter.com\/@Arturo_Medina_G\"]},{\"@type\":\"Person\",\"@id\":\"https:\/\/nitu.mx\/#\/schema\/person\/4a28fe9bd65924f7c90623773daf1b0b\",\"name\":\"Redacci\u00f3n\",\"image\":{\"@type\":\"ImageObject\",\"inLanguage\":\"es-MX\",\"@id\":\"https:\/\/nitu.mx\/#\/schema\/person\/image\/\",\"url\":\"https:\/\/secure.gravatar.com\/avatar\/5dd011c8ccfc5cd7e4c81e42252aab38?s=96&d=mm&r=g\",\"contentUrl\":\"https:\/\/secure.gravatar.com\/avatar\/5dd011c8ccfc5cd7e4c81e42252aab38?s=96&d=mm&r=g\",\"caption\":\"Redacci\u00f3n\"},\"url\":\"https:\/\/nitu.mx\/index.php\/author\/redaccion\/\"}]}<\/script>\n<!-- \/ Yoast SEO plugin. -->","yoast_head_json":{"title":"El gran hito en Quintana Roo conectar a tres aeropuertos internacionales con el tren Maya. - Nitu - Noticias de la Industria Turistica","robots":{"index":"index","follow":"follow","max-snippet":"max-snippet:-1","max-image-preview":"max-image-preview:large","max-video-preview":"max-video-preview:-1"},"canonical":"https:\/\/nitu.mx\/index.php\/2024\/02\/19\/el-gran-hito-en-quintana-roo-conectar-a-tres-aeropuertos-internacionales-con-el-tren-maya\/","twitter_card":"summary_large_image","twitter_title":"El gran hito en Quintana Roo conectar a tres aeropuertos internacionales con el tren Maya. - Nitu - Noticias de la Industria Turistica","twitter_description":"\u201cSi tenemos esa conectividad de tres aeropuertos internacionales con un tren que recorrer\u00e1 del norte a su, el Estado tenemos un gran producto que tenemos que aprovechar y saber comunicar, promocionar, tenemos que sumarnos yo creo que m\u00e1s all\u00e1 de las filias y fobias que puedan causar el tren Maya hoy es una realidad es [&hellip;]","twitter_image":"https:\/\/nitu.mx\/wp-content\/uploads\/2023\/12\/Tren-Maya-inauguraci\u00f3n.jpg","twitter_creator":"@NITUmx","twitter_site":"@Arturo_Medina_G","twitter_misc":{"Escrito por":"Redacci\u00f3n","Tiempo de lectura":"1 minuto"},"schema":{"@context":"https:\/\/schema.org","@graph":[{"@type":"Article","@id":"https:\/\/nitu.mx\/index.php\/2024\/02\/19\/el-gran-hito-en-quintana-roo-conectar-a-tres-aeropuertos-internacionales-con-el-tren-maya\/#article","isPartOf":{"@id":"https:\/\/nitu.mx\/index.php\/2024\/02\/19\/el-gran-hito-en-quintana-roo-conectar-a-tres-aeropuertos-internacionales-con-el-tren-maya\/"},"author":{"name":"Redacci\u00f3n","@id":"https:\/\/nitu.mx\/#\/schema\/person\/4a28fe9bd65924f7c90623773daf1b0b"},"headline":"El gran hito en Quintana Roo conectar a tres aeropuertos internacionales con el tren Maya.","datePublished":"2024-02-19T11:46:20+00:00","dateModified":"2024-02-19T12:14:14+00:00","mainEntityOfPage":{"@id":"https:\/\/nitu.mx\/index.php\/2024\/02\/19\/el-gran-hito-en-quintana-roo-conectar-a-tres-aeropuertos-internacionales-con-el-tren-maya\/"},"wordCount":295,"commentCount":0,"publisher":{"@id":"https:\/\/nitu.mx\/#\/schema\/person\/ae7a53426417292d3dd07b45a33e01bc"},"image":{"@id":"https:\/\/nitu.mx\/index.php\/2024\/02\/19\/el-gran-hito-en-quintana-roo-conectar-a-tres-aeropuertos-internacionales-con-el-tren-maya\/#primaryimage"},"thumbnailUrl":"https:\/\/nitu.mx\/wp-content\/uploads\/2023\/12\/Tren-Maya-inauguraci\u00f3n.jpg","keywords":["aeropuertos internacionales","Bernardo Cuesto Restra","Quintana Roo","Secretario de Turismo","Tren Maya"],"articleSection":["Aeropuertos"],"inLanguage":"es-MX","potentialAction":[{"@type":"CommentAction","name":"Comment","target":["https:\/\/nitu.mx\/index.php\/2024\/02\/19\/el-gran-hito-en-quintana-roo-conectar-a-tres-aeropuertos-internacionales-con-el-tren-maya\/#respond"]}]},{"@type":"WebPage","@id":"https:\/\/nitu.mx\/index.php\/2024\/02\/19\/el-gran-hito-en-quintana-roo-conectar-a-tres-aeropuertos-internacionales-con-el-tren-maya\/","url":"https:\/\/nitu.mx\/index.php\/2024\/02\/19\/el-gran-hito-en-quintana-roo-conectar-a-tres-aeropuertos-internacionales-con-el-tren-maya\/","name":"El gran hito en Quintana Roo conectar a tres aeropuertos internacionales con el tren Maya. - Nitu - Noticias de la Industria Turistica","isPartOf":{"@id":"https:\/\/nitu.mx\/#website"},"primaryImageOfPage":{"@id":"https:\/\/nitu.mx\/index.php\/2024\/02\/19\/el-gran-hito-en-quintana-roo-conectar-a-tres-aeropuertos-internacionales-con-el-tren-maya\/#primaryimage"},"image":{"@id":"https:\/\/nitu.mx\/index.php\/2024\/02\/19\/el-gran-hito-en-quintana-roo-conectar-a-tres-aeropuertos-internacionales-con-el-tren-maya\/#primaryimage"},"thumbnailUrl":"https:\/\/nitu.mx\/wp-content\/uploads\/2023\/12\/Tren-Maya-inauguraci\u00f3n.jpg","datePublished":"2024-02-19T11:46:20+00:00","dateModified":"2024-02-19T12:14:14+00:00","breadcrumb":{"@id":"https:\/\/nitu.mx\/index.php\/2024\/02\/19\/el-gran-hito-en-quintana-roo-conectar-a-tres-aeropuertos-internacionales-con-el-tren-maya\/#breadcrumb"},"inLanguage":"es-MX","potentialAction":[{"@type":"ReadAction","target":["https:\/\/nitu.mx\/index.php\/2024\/02\/19\/el-gran-hito-en-quintana-roo-conectar-a-tres-aeropuertos-internacionales-con-el-tren-maya\/"]}]},{"@type":"ImageObject","inLanguage":"es-MX","@id":"https:\/\/nitu.mx\/index.php\/2024\/02\/19\/el-gran-hito-en-quintana-roo-conectar-a-tres-aeropuertos-internacionales-con-el-tren-maya\/#primaryimage","url":"https:\/\/nitu.mx\/wp-content\/uploads\/2023\/12\/Tren-Maya-inauguraci\u00f3n.jpg","contentUrl":"https:\/\/nitu.mx\/wp-content\/uploads\/2023\/12\/Tren-Maya-inauguraci\u00f3n.jpg","width":1200,"height":675,"caption":"Tren Maya"},{"@type":"BreadcrumbList","@id":"https:\/\/nitu.mx\/index.php\/2024\/02\/19\/el-gran-hito-en-quintana-roo-conectar-a-tres-aeropuertos-internacionales-con-el-tren-maya\/#breadcrumb","itemListElement":[{"@type":"ListItem","position":1,"name":"Inicio","item":"https:\/\/nitu.mx\/"},{"@type":"ListItem","position":2,"name":"El gran hito en Quintana Roo conectar a tres aeropuertos internacionales con el tren Maya."}]},{"@type":"WebSite","@id":"https:\/\/nitu.mx\/#website","url":"https:\/\/nitu.mx\/","name":"Nitu - Noticias de la Industria Turistica","description":"Noticias de la Industria Turistica","publisher":{"@id":"https:\/\/nitu.mx\/#\/schema\/person\/ae7a53426417292d3dd07b45a33e01bc"},"alternateName":"Noticias de la Industria Turistica","potentialAction":[{"@type":"SearchAction","target":{"@type":"EntryPoint","urlTemplate":"https:\/\/nitu.mx\/?s={search_term_string}"},"query-input":"required name=search_term_string"}],"inLanguage":"es-MX"},{"@type":["Person","Organization"],"@id":"https:\/\/nitu.mx\/#\/schema\/person\/ae7a53426417292d3dd07b45a33e01bc","name":"Arturo Medina","image":{"@type":"ImageObject","inLanguage":"es-MX","@id":"https:\/\/nitu.mx\/#\/schema\/person\/image\/","url":"https:\/\/nitu.mx\/wp-content\/uploads\/2024\/04\/4A315622-1904-4D5C-B022-878CDC840E04-90x90-1.jpeg","contentUrl":"https:\/\/nitu.mx\/wp-content\/uploads\/2024\/04\/4A315622-1904-4D5C-B022-878CDC840E04-90x90-1.jpeg","width":90,"height":90,"caption":"Arturo Medina"},"logo":{"@id":"https:\/\/nitu.mx\/#\/schema\/person\/image\/"},"description":"Director NITU.mx, Egresado de la Escuela de Periodismo Carlos Septi\u00e9n Garc\u00eda. Periodista y analista especializado en turismo desde hace 35 a\u00f1os, radicado en Canc\u00fan Q.Roo. arturo@nitu.mx","sameAs":["https:\/\/nitu.mx","https:\/\/www.facebook.com\/NITUmx\/","medinacancun","https:\/\/twitter.com\/@Arturo_Medina_G"]},{"@type":"Person","@id":"https:\/\/nitu.mx\/#\/schema\/person\/4a28fe9bd65924f7c90623773daf1b0b","name":"Redacci\u00f3n","image":{"@type":"ImageObject","inLanguage":"es-MX","@id":"https:\/\/nitu.mx\/#\/schema\/person\/image\/","url":"https:\/\/secure.gravatar.com\/avatar\/5dd011c8ccfc5cd7e4c81e42252aab38?s=96&d=mm&r=g","contentUrl":"https:\/\/secure.gravatar.com\/avatar\/5dd011c8ccfc5cd7e4c81e42252aab38?s=96&d=mm&r=g","caption":"Redacci\u00f3n"},"url":"https:\/\/nitu.mx\/index.php\/author\/redaccion\/"}]}},"views":663,"_links":{"self":[{"href":"https:\/\/nitu.mx\/index.php\/wp-json\/wp\/v2\/posts\/68660"}],"collection":[{"href":"https:\/\/nitu.mx\/index.php\/wp-json\/wp\/v2\/posts"}],"about":[{"href":"https:\/\/nitu.mx\/index.php\/wp-json\/wp\/v2\/types\/post"}],"author":[{"embeddable":true,"href":"https:\/\/nitu.mx\/index.php\/wp-json\/wp\/v2\/users\/17"}],"replies":[{"embeddable":true,"href":"https:\/\/nitu.mx\/index.php\/wp-json\/wp\/v2\/comments?post=68660"}],"version-history":[{"count":2,"href":"https:\/\/nitu.mx\/index.php\/wp-json\/wp\/v2\/posts\/68660\/revisions"}],"predecessor-version":[{"id":68668,"href":"https:\/\/nitu.mx\/index.php\/wp-json\/wp\/v2\/posts\/68660\/revisions\/68668"}],"wp:featuredmedia":[{"embeddable":true,"href":"https:\/\/nitu.mx\/index.php\/wp-json\/wp\/v2\/media\/67218"}],"wp:attachment":[{"href":"https:\/\/nitu.mx\/index.php\/wp-json\/wp\/v2\/media?parent=68660"}],"wp:term":[{"taxonomy":"category","embeddable":true,"href":"https:\/\/nitu.mx\/index.php\/wp-json\/wp\/v2\/categories?post=68660"},{"taxonomy":"post_tag","embeddable":true,"href":"https:\/\/nitu.mx\/index.php\/wp-json\/wp\/v2\/tags?post=68660"}],"curies":[{"name":"wp","href":"https:\/\/api.w.org\/{rel}","templated":true}]}}