{"id":68619,"date":"2024-02-16T05:32:15","date_gmt":"2024-02-16T11:32:15","guid":{"rendered":"https:\/\/nitu.mx\/?p=68619"},"modified":"2024-02-16T05:32:16","modified_gmt":"2024-02-16T11:32:16","slug":"pricetravel-holding-impulsa-a-acapulco-con-campana-de-promocion","status":"publish","type":"post","link":"https:\/\/nitu.mx\/index.php\/2024\/02\/16\/pricetravel-holding-impulsa-a-acapulco-con-campana-de-promocion\/","title":{"rendered":"PriceTravel Holding impulsa a Acapulco con campa\u00f1a de promoci\u00f3n"},"content":{"rendered":"\n<p>PriceTravel Holding refuerza su compromiso con la reactivaci\u00f3n del turismo en Acapulco, mediante su campa\u00f1a \u201cACA te queremos\u201d en sus diferentes l\u00edneas de negocio, cuyo principal objetivo es incentivar la llegada de m\u00e1s viajeros al destino de sol y playa.<\/p>\n\n\n\n<p>Adem\u00e1s de esta campa\u00f1a, que lleva ya un mes de posicionamiento; el holding, a trav\u00e9s de su marca PriceAgencies, que brinda atenci\u00f3n a m\u00e1s de 12,000 agencias de viajes en M\u00e9xico, Latinoam\u00e9rica y Estados Unidos, llevar\u00e1 a cabo un&nbsp;<em>webinar&nbsp;<\/em>virtual, as\u00ed como una Caravana, bajo el mismo nombre \u201cACA te queremos\u201d, donde participar\u00e1n los principales actores del sector en este destino.<br><br>El grupo tur\u00edstico apuesta sus esfuerzos en materia de promoci\u00f3n a trav\u00e9s de sus diferentes l\u00edneas de negocio, para acentuar el papel que durante a\u00f1os Acapulco ha logrado como un referente en el turismo, dentro y fuera de M\u00e9xico.<br><br>\u201cPriceTravel Holding es l\u00edder en el turismo mexicano y tenemos una relaci\u00f3n hist\u00f3rica con Acapulco. El destino, la hoteler\u00eda y los operadores locales son parte integral de nuestro \u00e9xito. Contribuir con la reactivaci\u00f3n del destino es uno de nuestros objetivos en este 2024\u201d, se\u00f1ala Rafael Durand, COO de PriceTravel Holding.<br><br>La iniciativa de PriceTravel Holding se enfoca en los hoteles del puerto de Acapulco que ya han abierto sus puertas y que se encuentran listos para recibir a los turistas, con la oferta, el servicio y calidad que distingue al destino.<br><br>\u201cGracias a PriceTravel Holding y a todo su equipo por esta iniciativa de apoyo, estamos comprometidos para brindarles cada d\u00eda m\u00e1s y mejores servicios a nuestros visitantes. Seguimos trabajando para continuar siendo el destino favorito de todos\u201d, agrega la Lic. A\u00edda Patricia P\u00e9rez P\u00e9rez, Directora Operativa del Fideicomiso para la Promoci\u00f3n Tur\u00edstica de Acapulco.<br><br>La compa\u00f1\u00eda remarca que Acapulco, a\u00f1o con a\u00f1o se encuentra entre sus tres principales destinos nacionales en ventas, de acuerdo con los reportes de reservaciones; por ello, PriceTravel Holding considera relevante realizar esta considerable inversi\u00f3n con una vigencia de aproximadamente ocho meses.<br><br>Con acciones como estas, PriceTravel Holding demuestra su respaldo a quienes conforman al sector tur\u00edstico nacional.<\/p>\n","protected":false},"excerpt":{"rendered":"<p>PriceTravel Holding refuerza su compromiso con la reactivaci\u00f3n del turismo en Acapulco, mediante su campa\u00f1a \u201cACA te queremos\u201d en sus diferentes l\u00edneas de negocio, cuyo principal objetivo es incentivar la llegada de m\u00e1s viajeros al destino de sol y playa. Adem\u00e1s de esta campa\u00f1a, que lleva ya un mes de posicionamiento; el holding, a trav\u00e9s [&hellip;]<\/p>\n","protected":false},"author":17,"featured_media":68621,"comment_status":"open","ping_status":"open","sticky":false,"template":"","format":"standard","meta":{"footnotes":""},"categories":[24257],"tags":[40,6579,4790,3788],"yoast_head":"<!-- This site is optimized with the Yoast SEO plugin v22.2 - https:\/\/yoast.com\/wordpress\/plugins\/seo\/ -->\n<title>PriceTravel Holding impulsa a Acapulco con campa\u00f1a de promoci\u00f3n - Nitu - Noticias de la Industria Turistica<\/title>\n<meta name=\"robots\" content=\"index, follow, max-snippet:-1, max-image-preview:large, max-video-preview:-1\" \/>\n<link rel=\"canonical\" href=\"https:\/\/nitu.mx\/index.php\/2024\/02\/16\/pricetravel-holding-impulsa-a-acapulco-con-campana-de-promocion\/\" \/>\n<meta name=\"twitter:card\" content=\"summary_large_image\" \/>\n<meta name=\"twitter:title\" content=\"PriceTravel Holding impulsa a Acapulco con campa\u00f1a de promoci\u00f3n - Nitu - Noticias de la Industria Turistica\" \/>\n<meta name=\"twitter:description\" content=\"PriceTravel Holding refuerza su compromiso con la reactivaci\u00f3n del turismo en Acapulco, mediante su campa\u00f1a \u201cACA te queremos\u201d en sus diferentes l\u00edneas de negocio, cuyo principal objetivo es incentivar la llegada de m\u00e1s viajeros al destino de sol y playa. Adem\u00e1s de esta campa\u00f1a, que lleva ya un mes de posicionamiento; el holding, a trav\u00e9s [&hellip;]\" \/>\n<meta name=\"twitter:image\" content=\"https:\/\/nitu.mx\/wp-content\/uploads\/2024\/02\/ACAPULCO-PRICETRAVEL.jpg\" \/>\n<meta name=\"twitter:creator\" content=\"@NITUmx\" \/>\n<meta name=\"twitter:site\" content=\"@Arturo_Medina_G\" \/>\n<meta name=\"twitter:label1\" content=\"Escrito por\" \/>\n\t<meta name=\"twitter:data1\" content=\"Redacci\u00f3n\" \/>\n\t<meta name=\"twitter:label2\" content=\"Tiempo de lectura\" \/>\n\t<meta name=\"twitter:data2\" content=\"2 minutos\" \/>\n<script type=\"application\/ld+json\" class=\"yoast-schema-graph\">{\"@context\":\"https:\/\/schema.org\",\"@graph\":[{\"@type\":\"Article\",\"@id\":\"https:\/\/nitu.mx\/index.php\/2024\/02\/16\/pricetravel-holding-impulsa-a-acapulco-con-campana-de-promocion\/#article\",\"isPartOf\":{\"@id\":\"https:\/\/nitu.mx\/index.php\/2024\/02\/16\/pricetravel-holding-impulsa-a-acapulco-con-campana-de-promocion\/\"},\"author\":{\"name\":\"Redacci\u00f3n\",\"@id\":\"https:\/\/nitu.mx\/#\/schema\/person\/4a28fe9bd65924f7c90623773daf1b0b\"},\"headline\":\"PriceTravel Holding impulsa a Acapulco con campa\u00f1a de promoci\u00f3n\",\"datePublished\":\"2024-02-16T11:32:15+00:00\",\"dateModified\":\"2024-02-16T11:32:16+00:00\",\"mainEntityOfPage\":{\"@id\":\"https:\/\/nitu.mx\/index.php\/2024\/02\/16\/pricetravel-holding-impulsa-a-acapulco-con-campana-de-promocion\/\"},\"wordCount\":391,\"commentCount\":0,\"publisher\":{\"@id\":\"https:\/\/nitu.mx\/#\/schema\/person\/ae7a53426417292d3dd07b45a33e01bc\"},\"image\":{\"@id\":\"https:\/\/nitu.mx\/index.php\/2024\/02\/16\/pricetravel-holding-impulsa-a-acapulco-con-campana-de-promocion\/#primaryimage\"},\"thumbnailUrl\":\"https:\/\/nitu.mx\/wp-content\/uploads\/2024\/02\/ACAPULCO-PRICETRAVEL.jpg\",\"keywords\":[\"Acapulco\",\"campa\u00f1a\",\"PriceTravel\",\"viajeros\"],\"articleSection\":[\"Acapulco\"],\"inLanguage\":\"es-MX\",\"potentialAction\":[{\"@type\":\"CommentAction\",\"name\":\"Comment\",\"target\":[\"https:\/\/nitu.mx\/index.php\/2024\/02\/16\/pricetravel-holding-impulsa-a-acapulco-con-campana-de-promocion\/#respond\"]}]},{\"@type\":\"WebPage\",\"@id\":\"https:\/\/nitu.mx\/index.php\/2024\/02\/16\/pricetravel-holding-impulsa-a-acapulco-con-campana-de-promocion\/\",\"url\":\"https:\/\/nitu.mx\/index.php\/2024\/02\/16\/pricetravel-holding-impulsa-a-acapulco-con-campana-de-promocion\/\",\"name\":\"PriceTravel Holding impulsa a Acapulco con campa\u00f1a de promoci\u00f3n - Nitu - Noticias de la Industria Turistica\",\"isPartOf\":{\"@id\":\"https:\/\/nitu.mx\/#website\"},\"primaryImageOfPage\":{\"@id\":\"https:\/\/nitu.mx\/index.php\/2024\/02\/16\/pricetravel-holding-impulsa-a-acapulco-con-campana-de-promocion\/#primaryimage\"},\"image\":{\"@id\":\"https:\/\/nitu.mx\/index.php\/2024\/02\/16\/pricetravel-holding-impulsa-a-acapulco-con-campana-de-promocion\/#primaryimage\"},\"thumbnailUrl\":\"https:\/\/nitu.mx\/wp-content\/uploads\/2024\/02\/ACAPULCO-PRICETRAVEL.jpg\",\"datePublished\":\"2024-02-16T11:32:15+00:00\",\"dateModified\":\"2024-02-16T11:32:16+00:00\",\"breadcrumb\":{\"@id\":\"https:\/\/nitu.mx\/index.php\/2024\/02\/16\/pricetravel-holding-impulsa-a-acapulco-con-campana-de-promocion\/#breadcrumb\"},\"inLanguage\":\"es-MX\",\"potentialAction\":[{\"@type\":\"ReadAction\",\"target\":[\"https:\/\/nitu.mx\/index.php\/2024\/02\/16\/pricetravel-holding-impulsa-a-acapulco-con-campana-de-promocion\/\"]}]},{\"@type\":\"ImageObject\",\"inLanguage\":\"es-MX\",\"@id\":\"https:\/\/nitu.mx\/index.php\/2024\/02\/16\/pricetravel-holding-impulsa-a-acapulco-con-campana-de-promocion\/#primaryimage\",\"url\":\"https:\/\/nitu.mx\/wp-content\/uploads\/2024\/02\/ACAPULCO-PRICETRAVEL.jpg\",\"contentUrl\":\"https:\/\/nitu.mx\/wp-content\/uploads\/2024\/02\/ACAPULCO-PRICETRAVEL.jpg\",\"width\":1200,\"height\":675},{\"@type\":\"BreadcrumbList\",\"@id\":\"https:\/\/nitu.mx\/index.php\/2024\/02\/16\/pricetravel-holding-impulsa-a-acapulco-con-campana-de-promocion\/#breadcrumb\",\"itemListElement\":[{\"@type\":\"ListItem\",\"position\":1,\"name\":\"Inicio\",\"item\":\"https:\/\/nitu.mx\/\"},{\"@type\":\"ListItem\",\"position\":2,\"name\":\"PriceTravel Holding impulsa a Acapulco con campa\u00f1a de promoci\u00f3n\"}]},{\"@type\":\"WebSite\",\"@id\":\"https:\/\/nitu.mx\/#website\",\"url\":\"https:\/\/nitu.mx\/\",\"name\":\"Nitu - Noticias de la Industria Turistica\",\"description\":\"Noticias de la Industria Turistica\",\"publisher\":{\"@id\":\"https:\/\/nitu.mx\/#\/schema\/person\/ae7a53426417292d3dd07b45a33e01bc\"},\"alternateName\":\"Noticias de la Industria Turistica\",\"potentialAction\":[{\"@type\":\"SearchAction\",\"target\":{\"@type\":\"EntryPoint\",\"urlTemplate\":\"https:\/\/nitu.mx\/?s={search_term_string}\"},\"query-input\":\"required name=search_term_string\"}],\"inLanguage\":\"es-MX\"},{\"@type\":[\"Person\",\"Organization\"],\"@id\":\"https:\/\/nitu.mx\/#\/schema\/person\/ae7a53426417292d3dd07b45a33e01bc\",\"name\":\"Arturo Medina\",\"image\":{\"@type\":\"ImageObject\",\"inLanguage\":\"es-MX\",\"@id\":\"https:\/\/nitu.mx\/#\/schema\/person\/image\/\",\"url\":\"https:\/\/nitu.mx\/wp-content\/uploads\/2024\/04\/4A315622-1904-4D5C-B022-878CDC840E04-90x90-1.jpeg\",\"contentUrl\":\"https:\/\/nitu.mx\/wp-content\/uploads\/2024\/04\/4A315622-1904-4D5C-B022-878CDC840E04-90x90-1.jpeg\",\"width\":90,\"height\":90,\"caption\":\"Arturo Medina\"},\"logo\":{\"@id\":\"https:\/\/nitu.mx\/#\/schema\/person\/image\/\"},\"description\":\"Director NITU.mx, Egresado de la Escuela de Periodismo Carlos Septi\u00e9n Garc\u00eda. Periodista y analista especializado en turismo desde hace 35 a\u00f1os, radicado en Canc\u00fan Q.Roo. arturo@nitu.mx\",\"sameAs\":[\"https:\/\/nitu.mx\",\"https:\/\/www.facebook.com\/NITUmx\/\",\"medinacancun\",\"https:\/\/twitter.com\/@Arturo_Medina_G\"]},{\"@type\":\"Person\",\"@id\":\"https:\/\/nitu.mx\/#\/schema\/person\/4a28fe9bd65924f7c90623773daf1b0b\",\"name\":\"Redacci\u00f3n\",\"image\":{\"@type\":\"ImageObject\",\"inLanguage\":\"es-MX\",\"@id\":\"https:\/\/nitu.mx\/#\/schema\/person\/image\/\",\"url\":\"https:\/\/secure.gravatar.com\/avatar\/5dd011c8ccfc5cd7e4c81e42252aab38?s=96&d=mm&r=g\",\"contentUrl\":\"https:\/\/secure.gravatar.com\/avatar\/5dd011c8ccfc5cd7e4c81e42252aab38?s=96&d=mm&r=g\",\"caption\":\"Redacci\u00f3n\"},\"url\":\"https:\/\/nitu.mx\/index.php\/author\/redaccion\/\"}]}<\/script>\n<!-- \/ Yoast SEO plugin. -->","yoast_head_json":{"title":"PriceTravel Holding impulsa a Acapulco con campa\u00f1a de promoci\u00f3n - Nitu - Noticias de la Industria Turistica","robots":{"index":"index","follow":"follow","max-snippet":"max-snippet:-1","max-image-preview":"max-image-preview:large","max-video-preview":"max-video-preview:-1"},"canonical":"https:\/\/nitu.mx\/index.php\/2024\/02\/16\/pricetravel-holding-impulsa-a-acapulco-con-campana-de-promocion\/","twitter_card":"summary_large_image","twitter_title":"PriceTravel Holding impulsa a Acapulco con campa\u00f1a de promoci\u00f3n - Nitu - Noticias de la Industria Turistica","twitter_description":"PriceTravel Holding refuerza su compromiso con la reactivaci\u00f3n del turismo en Acapulco, mediante su campa\u00f1a \u201cACA te queremos\u201d en sus diferentes l\u00edneas de negocio, cuyo principal objetivo es incentivar la llegada de m\u00e1s viajeros al destino de sol y playa. Adem\u00e1s de esta campa\u00f1a, que lleva ya un mes de posicionamiento; el holding, a trav\u00e9s [&hellip;]","twitter_image":"https:\/\/nitu.mx\/wp-content\/uploads\/2024\/02\/ACAPULCO-PRICETRAVEL.jpg","twitter_creator":"@NITUmx","twitter_site":"@Arturo_Medina_G","twitter_misc":{"Escrito por":"Redacci\u00f3n","Tiempo de lectura":"2 minutos"},"schema":{"@context":"https:\/\/schema.org","@graph":[{"@type":"Article","@id":"https:\/\/nitu.mx\/index.php\/2024\/02\/16\/pricetravel-holding-impulsa-a-acapulco-con-campana-de-promocion\/#article","isPartOf":{"@id":"https:\/\/nitu.mx\/index.php\/2024\/02\/16\/pricetravel-holding-impulsa-a-acapulco-con-campana-de-promocion\/"},"author":{"name":"Redacci\u00f3n","@id":"https:\/\/nitu.mx\/#\/schema\/person\/4a28fe9bd65924f7c90623773daf1b0b"},"headline":"PriceTravel Holding impulsa a Acapulco con campa\u00f1a de promoci\u00f3n","datePublished":"2024-02-16T11:32:15+00:00","dateModified":"2024-02-16T11:32:16+00:00","mainEntityOfPage":{"@id":"https:\/\/nitu.mx\/index.php\/2024\/02\/16\/pricetravel-holding-impulsa-a-acapulco-con-campana-de-promocion\/"},"wordCount":391,"commentCount":0,"publisher":{"@id":"https:\/\/nitu.mx\/#\/schema\/person\/ae7a53426417292d3dd07b45a33e01bc"},"image":{"@id":"https:\/\/nitu.mx\/index.php\/2024\/02\/16\/pricetravel-holding-impulsa-a-acapulco-con-campana-de-promocion\/#primaryimage"},"thumbnailUrl":"https:\/\/nitu.mx\/wp-content\/uploads\/2024\/02\/ACAPULCO-PRICETRAVEL.jpg","keywords":["Acapulco","campa\u00f1a","PriceTravel","viajeros"],"articleSection":["Acapulco"],"inLanguage":"es-MX","potentialAction":[{"@type":"CommentAction","name":"Comment","target":["https:\/\/nitu.mx\/index.php\/2024\/02\/16\/pricetravel-holding-impulsa-a-acapulco-con-campana-de-promocion\/#respond"]}]},{"@type":"WebPage","@id":"https:\/\/nitu.mx\/index.php\/2024\/02\/16\/pricetravel-holding-impulsa-a-acapulco-con-campana-de-promocion\/","url":"https:\/\/nitu.mx\/index.php\/2024\/02\/16\/pricetravel-holding-impulsa-a-acapulco-con-campana-de-promocion\/","name":"PriceTravel Holding impulsa a Acapulco con campa\u00f1a de promoci\u00f3n - Nitu - Noticias de la Industria Turistica","isPartOf":{"@id":"https:\/\/nitu.mx\/#website"},"primaryImageOfPage":{"@id":"https:\/\/nitu.mx\/index.php\/2024\/02\/16\/pricetravel-holding-impulsa-a-acapulco-con-campana-de-promocion\/#primaryimage"},"image":{"@id":"https:\/\/nitu.mx\/index.php\/2024\/02\/16\/pricetravel-holding-impulsa-a-acapulco-con-campana-de-promocion\/#primaryimage"},"thumbnailUrl":"https:\/\/nitu.mx\/wp-content\/uploads\/2024\/02\/ACAPULCO-PRICETRAVEL.jpg","datePublished":"2024-02-16T11:32:15+00:00","dateModified":"2024-02-16T11:32:16+00:00","breadcrumb":{"@id":"https:\/\/nitu.mx\/index.php\/2024\/02\/16\/pricetravel-holding-impulsa-a-acapulco-con-campana-de-promocion\/#breadcrumb"},"inLanguage":"es-MX","potentialAction":[{"@type":"ReadAction","target":["https:\/\/nitu.mx\/index.php\/2024\/02\/16\/pricetravel-holding-impulsa-a-acapulco-con-campana-de-promocion\/"]}]},{"@type":"ImageObject","inLanguage":"es-MX","@id":"https:\/\/nitu.mx\/index.php\/2024\/02\/16\/pricetravel-holding-impulsa-a-acapulco-con-campana-de-promocion\/#primaryimage","url":"https:\/\/nitu.mx\/wp-content\/uploads\/2024\/02\/ACAPULCO-PRICETRAVEL.jpg","contentUrl":"https:\/\/nitu.mx\/wp-content\/uploads\/2024\/02\/ACAPULCO-PRICETRAVEL.jpg","width":1200,"height":675},{"@type":"BreadcrumbList","@id":"https:\/\/nitu.mx\/index.php\/2024\/02\/16\/pricetravel-holding-impulsa-a-acapulco-con-campana-de-promocion\/#breadcrumb","itemListElement":[{"@type":"ListItem","position":1,"name":"Inicio","item":"https:\/\/nitu.mx\/"},{"@type":"ListItem","position":2,"name":"PriceTravel Holding impulsa a Acapulco con campa\u00f1a de promoci\u00f3n"}]},{"@type":"WebSite","@id":"https:\/\/nitu.mx\/#website","url":"https:\/\/nitu.mx\/","name":"Nitu - Noticias de la Industria Turistica","description":"Noticias de la Industria Turistica","publisher":{"@id":"https:\/\/nitu.mx\/#\/schema\/person\/ae7a53426417292d3dd07b45a33e01bc"},"alternateName":"Noticias de la Industria Turistica","potentialAction":[{"@type":"SearchAction","target":{"@type":"EntryPoint","urlTemplate":"https:\/\/nitu.mx\/?s={search_term_string}"},"query-input":"required name=search_term_string"}],"inLanguage":"es-MX"},{"@type":["Person","Organization"],"@id":"https:\/\/nitu.mx\/#\/schema\/person\/ae7a53426417292d3dd07b45a33e01bc","name":"Arturo Medina","image":{"@type":"ImageObject","inLanguage":"es-MX","@id":"https:\/\/nitu.mx\/#\/schema\/person\/image\/","url":"https:\/\/nitu.mx\/wp-content\/uploads\/2024\/04\/4A315622-1904-4D5C-B022-878CDC840E04-90x90-1.jpeg","contentUrl":"https:\/\/nitu.mx\/wp-content\/uploads\/2024\/04\/4A315622-1904-4D5C-B022-878CDC840E04-90x90-1.jpeg","width":90,"height":90,"caption":"Arturo Medina"},"logo":{"@id":"https:\/\/nitu.mx\/#\/schema\/person\/image\/"},"description":"Director NITU.mx, Egresado de la Escuela de Periodismo Carlos Septi\u00e9n Garc\u00eda. Periodista y analista especializado en turismo desde hace 35 a\u00f1os, radicado en Canc\u00fan Q.Roo. arturo@nitu.mx","sameAs":["https:\/\/nitu.mx","https:\/\/www.facebook.com\/NITUmx\/","medinacancun","https:\/\/twitter.com\/@Arturo_Medina_G"]},{"@type":"Person","@id":"https:\/\/nitu.mx\/#\/schema\/person\/4a28fe9bd65924f7c90623773daf1b0b","name":"Redacci\u00f3n","image":{"@type":"ImageObject","inLanguage":"es-MX","@id":"https:\/\/nitu.mx\/#\/schema\/person\/image\/","url":"https:\/\/secure.gravatar.com\/avatar\/5dd011c8ccfc5cd7e4c81e42252aab38?s=96&d=mm&r=g","contentUrl":"https:\/\/secure.gravatar.com\/avatar\/5dd011c8ccfc5cd7e4c81e42252aab38?s=96&d=mm&r=g","caption":"Redacci\u00f3n"},"url":"https:\/\/nitu.mx\/index.php\/author\/redaccion\/"}]}},"views":611,"_links":{"self":[{"href":"https:\/\/nitu.mx\/index.php\/wp-json\/wp\/v2\/posts\/68619"}],"collection":[{"href":"https:\/\/nitu.mx\/index.php\/wp-json\/wp\/v2\/posts"}],"about":[{"href":"https:\/\/nitu.mx\/index.php\/wp-json\/wp\/v2\/types\/post"}],"author":[{"embeddable":true,"href":"https:\/\/nitu.mx\/index.php\/wp-json\/wp\/v2\/users\/17"}],"replies":[{"embeddable":true,"href":"https:\/\/nitu.mx\/index.php\/wp-json\/wp\/v2\/comments?post=68619"}],"version-history":[{"count":1,"href":"https:\/\/nitu.mx\/index.php\/wp-json\/wp\/v2\/posts\/68619\/revisions"}],"predecessor-version":[{"id":68622,"href":"https:\/\/nitu.mx\/index.php\/wp-json\/wp\/v2\/posts\/68619\/revisions\/68622"}],"wp:featuredmedia":[{"embeddable":true,"href":"https:\/\/nitu.mx\/index.php\/wp-json\/wp\/v2\/media\/68621"}],"wp:attachment":[{"href":"https:\/\/nitu.mx\/index.php\/wp-json\/wp\/v2\/media?parent=68619"}],"wp:term":[{"taxonomy":"category","embeddable":true,"href":"https:\/\/nitu.mx\/index.php\/wp-json\/wp\/v2\/categories?post=68619"},{"taxonomy":"post_tag","embeddable":true,"href":"https:\/\/nitu.mx\/index.php\/wp-json\/wp\/v2\/tags?post=68619"}],"curies":[{"name":"wp","href":"https:\/\/api.w.org\/{rel}","templated":true}]}}