{"id":68381,"date":"2024-02-08T23:49:44","date_gmt":"2024-02-09T05:49:44","guid":{"rendered":"https:\/\/nitu.mx\/?p=68381"},"modified":"2024-02-08T23:49:45","modified_gmt":"2024-02-09T05:49:45","slug":"campeche-ya-tiene-barrio-magico-y-fortalece-sus-pueblos-magicos","status":"publish","type":"post","link":"https:\/\/nitu.mx\/index.php\/2024\/02\/08\/campeche-ya-tiene-barrio-magico-y-fortalece-sus-pueblos-magicos\/","title":{"rendered":"Campeche ya tiene Barrio M\u00e1gico y fortalece sus Pueblos M\u00e1gicos"},"content":{"rendered":"\n<p>El secretario de Turismo, Miguel Torruco Marqu\u00e9s, realiz\u00f3 una gira de trabajo por Campeche, junto con la gobernadora de la entidad, Layda Sansores, con el prop\u00f3sito de impulsar acciones que fortalezcan la actividad tur\u00edstica mediante el nombramiento de su primer Barrio M\u00e1gico, actualizaci\u00f3n y nombramiento de Pueblos M\u00e1gicos, la entrega de unidades de \u00c1ngeles Verdes, entre otras.<\/p>\n\n\n\n<p>Acompa\u00f1ado del secretario de Turismo de Campeche, Mauricio Arceo Pi\u00f1a; el titular de la Secretar\u00eda de Turismo (Sectur) entreg\u00f3 a la mandataria estatal el nombramiento de Barrio M\u00e1gico a San Rom\u00e1n, primera localidad del estado en tener este distintivo que se otorga a sitios emblem\u00e1ticos donde se combinen diversos elementos que los hagan \u00fanico, y reflejen el \u201cesp\u00edritu\u201d de una ciudad.<\/p>\n\n\n\n<p>Indic\u00f3 que el barrio San Rom\u00e1n es el d\u00e9cimo s\u00e9ptimo Barrio M\u00e1gico en la Rep\u00fablica Mexicana que recibe esta denominaci\u00f3n; y es un lugar muy representativo de la ciudad de Campeche, el cual, tras m\u00e1s de 400 a\u00f1os de su fundaci\u00f3n, hoy conserva huellas de su pasado virreinal.<\/p>\n\n\n\n<p>Destac\u00f3 sus tradicionales casas y parque principal, as\u00ed como su antigua iglesia del siglo XVI, que da cobijo a una de las figuras m\u00e1s representativas de la fe cat\u00f3lica en el estado y en la pen\u00ednsula de Yucat\u00e1n, el Cristo Negro, que cada a\u00f1o atrae a numerosos feligreses.<\/p>\n\n\n\n<p>Se\u00f1al\u00f3 que el nombramiento de Barrio M\u00e1gico le da un valor agregado para atraer a m\u00e1s turistas nacionales y extranjeros, provocando una mayor estad\u00eda y derrama econ\u00f3mica en beneficio de sus moradores, en cumplimiento de la instrucci\u00f3n del presidente Andr\u00e9s Manuel L\u00f3pez Obrador, de hacer del turismo una herramienta de reconciliaci\u00f3n social.<\/p>\n\n\n\n<p>Torruco Marqu\u00e9s tambi\u00e9n entreg\u00f3 el nombramiento de Pueblo M\u00e1gico a Candelaria, y las actualizaciones a los Pueblos M\u00e1gicos de Isla Aguada y Palizada. Los alcaldes de Candelaria, Francisco Javier Far\u00edas Bail\u00f3n; de Carmen, Pablo Guti\u00e9rrez Lazarus; y de Palizada, Angela del Carmen C\u00e1mara Damas, recibieron dicha distinci\u00f3n.<\/p>\n\n\n\n<p>\u201cNuestros 177 Pueblos M\u00e1gicos se han convertido en el nuevo rostro del turismo de M\u00e9xico, y su fortalecimiento impacta de manera directa en el turismo interno, que representa el 83% del total del turismo que se desplaza a lo largo del territorio nacional\u201d, declar\u00f3 el secretario.<\/p>\n\n\n\n<p>Agreg\u00f3 que Campeche tiene mucho que presumir al mundo: playas, selvas, r\u00edos, lagos, lagunas, zonas arqueol\u00f3gicas, museos, y dos sitios Patrimonio Cultural de la Humanidad.<\/p>\n\n\n\n<p>Precis\u00f3 que sus atractivos tur\u00edsticos se han ampliado y enriquecido con el Tren Maya, del que ya se inauguraron las rutas Canc\u00fan-Campeche y Palenque-Campeche; y pr\u00f3ximamente, se pondr\u00e1n en marcha: Canc\u00fan-Playa del Carmen y Playa del Carmen-Esc\u00e1rcega. (<a href=\"https:\/\/nitu.mx\/index.php\/2023\/12\/17\/tren-maya-ya-inicio-operaciones-en-el-tramo-campeche-cancun-esto-hay-en-la-ruta\/\">Tren Maya ya inici\u00f3 operaciones en el tramo Campeche-Canc\u00fan, esto hay en la ruta<\/a>)<\/p>\n\n\n\n<p>El secretario de Turismo resalt\u00f3 que, como parte de las acciones para impulsar el turismo en esta entidad, se cuenta con los cat\u00e1logos \u201cTodo lo que necesitas sobre el mundo de Romance en Campeche\u201d y \u201cRecintos de la Zona Maya\u201d, el cual brinda una selecci\u00f3n de lugares para la realizaci\u00f3n de congresos, convenciones y exposiciones.<\/p>\n\n\n\n<p>Con el prop\u00f3sito de fortalecer al turismo carretero en el estado, se hizo entrega de ocho nuevas unidades de \u00c1ngeles Verdes, cuatro por parte de Sectur federal y cuatro por parte del gobierno de Campeche, que a trav\u00e9s del Centro de Geointeligencia \u201cAlfonso Garc\u00eda Gonz\u00e1lez\u201d, y la app m\u00f3vil o el n\u00famero gratuito 078, brindar\u00e1n una atenci\u00f3n m\u00e1s \u00e1gil y eficiente a los viajeros que transiten por estos caminos.<\/p>\n\n\n\n<p>El titular de Sectur y la gobernadora de Campeche firmaron un Convenio de Colaboraci\u00f3n en Materia de Verificaci\u00f3n, que faculta a la autoridad estatal a verificar el cumplimiento de los est\u00e1ndares de calidad de los prestadores de servicios tur\u00edsticos, y as\u00ed garantizar una atenci\u00f3n adecuada a los turistas que visiten la entidad.<\/p>\n\n\n\n<p>Durante la gira de trabajo por el estado, Torruco Marqu\u00e9s sostuvo un encuentro con autoridades y l\u00edderes del sector empresarial tur\u00edstico en donde estuvo presente el presidente de Concanaco Servytur, H\u00e9ctor Tejada Shaar, con quienes comparti\u00f3 las acciones emprendidas desde Sectur para diversificar la actividad tur\u00edstica hacia las 270 plazas con vocaci\u00f3n de M\u00e9xico. Mediante un productivo di\u00e1logo, se intercambiaron puntos de vista y se llegaron a acuerdos que impulsar\u00e1n la llegada de viajeros y la derrama econ\u00f3mica en los destinos de Campeche.<\/p>\n\n\n\n<p>En su oportunidad la gobernadora, Layda Sansores, destac\u00f3 el desarrollo econ\u00f3mico que traer\u00e1 consigo el nombramiento a este Barrio M\u00e1gico, un barrio de leyendas que alberga al emblem\u00e1tico Cristo de San Rom\u00e1n, y que hoy, tuvo un renacimiento.<\/p>\n\n\n\n<p>Al exhortar a los visitantes a conocer Campeche y a sus habitantes, as\u00ed como seguir trabajando en beneficio de la entidad agreg\u00f3 que \u201ceste es un momento de uni\u00f3n, este es un momento de esperanza\u201d.<\/p>\n\n\n\n<p>As\u00ed mismo felicit\u00f3 al secretario de Turismo, por el trabajo realizado para consolidar la industria tur\u00edstica en M\u00e9xico, con un trabajo que refleja compromiso, pasi\u00f3n y emoci\u00f3n; y asegur\u00f3 que Campeche cuenta con una extraordinaria vocaci\u00f3n tur\u00edstica.<\/p>\n\n\n\n<p>Por su parte, el secretario de Turismo de Campeche, Mauricio Arceo Pi\u00f1a, refiri\u00f3 que los nombramientos como Barrios y Pueblos M\u00e1gicos no s\u00f3lo atraen a m\u00e1s visitantes, sino que tambi\u00e9n generan oportunidades para los habitantes locales, impulsando la econom\u00eda y fortaleciendo el tejido social.<\/p>\n\n\n\n<p>Subray\u00f3 que estos nombramientos son un testimonio del extraordinario momento tur\u00edstico que vive en M\u00e9xico gracias proyectos como el Tren Maya, el cual, asegur\u00f3, ha transformando el panorama tur\u00edstico del estado, brinda conectividad a los atractivos tur\u00edsticos de Campeche, impulsa el desarrollo de nuevos productos tur\u00edsticos y consolidar\u00e1 a la entidad como un destino de primer nivel en el mapa tur\u00edstico mundial.<\/p>\n","protected":false},"excerpt":{"rendered":"<p>El secretario de Turismo, Miguel Torruco Marqu\u00e9s, realiz\u00f3 una gira de trabajo por Campeche, junto con la gobernadora de la entidad, Layda Sansores, con el prop\u00f3sito de impulsar acciones que fortalezcan la actividad tur\u00edstica mediante el nombramiento de su primer Barrio M\u00e1gico, actualizaci\u00f3n y nombramiento de Pueblos M\u00e1gicos, la entrega de unidades de \u00c1ngeles Verdes, [&hellip;]<\/p>\n","protected":false},"author":17,"featured_media":68383,"comment_status":"open","ping_status":"open","sticky":false,"template":"","format":"standard","meta":{"footnotes":""},"categories":[5],"tags":[400,23085,910,335,93],"yoast_head":"<!-- This site is optimized with the Yoast SEO plugin v22.2 - https:\/\/yoast.com\/wordpress\/plugins\/seo\/ -->\n<title>Campeche ya tiene Barrio M\u00e1gico y fortalece sus Pueblos M\u00e1gicos - Nitu - Noticias de la Industria Turistica<\/title>\n<meta name=\"robots\" content=\"index, follow, max-snippet:-1, max-image-preview:large, max-video-preview:-1\" \/>\n<link rel=\"canonical\" href=\"https:\/\/nitu.mx\/index.php\/2024\/02\/08\/campeche-ya-tiene-barrio-magico-y-fortalece-sus-pueblos-magicos\/\" \/>\n<meta name=\"twitter:card\" content=\"summary_large_image\" \/>\n<meta name=\"twitter:title\" content=\"Campeche ya tiene Barrio M\u00e1gico y fortalece sus Pueblos M\u00e1gicos - Nitu - Noticias de la Industria Turistica\" \/>\n<meta name=\"twitter:description\" content=\"El secretario de Turismo, Miguel Torruco Marqu\u00e9s, realiz\u00f3 una gira de trabajo por Campeche, junto con la gobernadora de la entidad, Layda Sansores, con el prop\u00f3sito de impulsar acciones que fortalezcan la actividad tur\u00edstica mediante el nombramiento de su primer Barrio M\u00e1gico, actualizaci\u00f3n y nombramiento de Pueblos M\u00e1gicos, la entrega de unidades de \u00c1ngeles Verdes, [&hellip;]\" \/>\n<meta name=\"twitter:image\" content=\"https:\/\/nitu.mx\/wp-content\/uploads\/2024\/02\/Campeche-San-Roman-Barrio-Magico.jpg\" \/>\n<meta name=\"twitter:creator\" content=\"@NITUmx\" \/>\n<meta name=\"twitter:site\" content=\"@Arturo_Medina_G\" \/>\n<meta name=\"twitter:label1\" content=\"Escrito por\" \/>\n\t<meta name=\"twitter:data1\" content=\"Redacci\u00f3n\" \/>\n\t<meta name=\"twitter:label2\" content=\"Tiempo de lectura\" \/>\n\t<meta name=\"twitter:data2\" content=\"5 minutos\" \/>\n<script type=\"application\/ld+json\" class=\"yoast-schema-graph\">{\"@context\":\"https:\/\/schema.org\",\"@graph\":[{\"@type\":\"Article\",\"@id\":\"https:\/\/nitu.mx\/index.php\/2024\/02\/08\/campeche-ya-tiene-barrio-magico-y-fortalece-sus-pueblos-magicos\/#article\",\"isPartOf\":{\"@id\":\"https:\/\/nitu.mx\/index.php\/2024\/02\/08\/campeche-ya-tiene-barrio-magico-y-fortalece-sus-pueblos-magicos\/\"},\"author\":{\"name\":\"Redacci\u00f3n\",\"@id\":\"https:\/\/nitu.mx\/#\/schema\/person\/4a28fe9bd65924f7c90623773daf1b0b\"},\"headline\":\"Campeche ya tiene Barrio M\u00e1gico y fortalece sus Pueblos M\u00e1gicos\",\"datePublished\":\"2024-02-09T05:49:44+00:00\",\"dateModified\":\"2024-02-09T05:49:45+00:00\",\"mainEntityOfPage\":{\"@id\":\"https:\/\/nitu.mx\/index.php\/2024\/02\/08\/campeche-ya-tiene-barrio-magico-y-fortalece-sus-pueblos-magicos\/\"},\"wordCount\":1023,\"commentCount\":0,\"publisher\":{\"@id\":\"https:\/\/nitu.mx\/#\/schema\/person\/ae7a53426417292d3dd07b45a33e01bc\"},\"image\":{\"@id\":\"https:\/\/nitu.mx\/index.php\/2024\/02\/08\/campeche-ya-tiene-barrio-magico-y-fortalece-sus-pueblos-magicos\/#primaryimage\"},\"thumbnailUrl\":\"https:\/\/nitu.mx\/wp-content\/uploads\/2024\/02\/Campeche-San-Roman-Barrio-Magico.jpg\",\"keywords\":[\"Campeche\",\"Layda Sansores\",\"Miguel Torruco\",\"Pueblos M\u00e1gicos\",\"Sectur\"],\"articleSection\":[\"Destinos\"],\"inLanguage\":\"es-MX\",\"potentialAction\":[{\"@type\":\"CommentAction\",\"name\":\"Comment\",\"target\":[\"https:\/\/nitu.mx\/index.php\/2024\/02\/08\/campeche-ya-tiene-barrio-magico-y-fortalece-sus-pueblos-magicos\/#respond\"]}]},{\"@type\":\"WebPage\",\"@id\":\"https:\/\/nitu.mx\/index.php\/2024\/02\/08\/campeche-ya-tiene-barrio-magico-y-fortalece-sus-pueblos-magicos\/\",\"url\":\"https:\/\/nitu.mx\/index.php\/2024\/02\/08\/campeche-ya-tiene-barrio-magico-y-fortalece-sus-pueblos-magicos\/\",\"name\":\"Campeche ya tiene Barrio M\u00e1gico y fortalece sus Pueblos M\u00e1gicos - Nitu - Noticias de la Industria Turistica\",\"isPartOf\":{\"@id\":\"https:\/\/nitu.mx\/#website\"},\"primaryImageOfPage\":{\"@id\":\"https:\/\/nitu.mx\/index.php\/2024\/02\/08\/campeche-ya-tiene-barrio-magico-y-fortalece-sus-pueblos-magicos\/#primaryimage\"},\"image\":{\"@id\":\"https:\/\/nitu.mx\/index.php\/2024\/02\/08\/campeche-ya-tiene-barrio-magico-y-fortalece-sus-pueblos-magicos\/#primaryimage\"},\"thumbnailUrl\":\"https:\/\/nitu.mx\/wp-content\/uploads\/2024\/02\/Campeche-San-Roman-Barrio-Magico.jpg\",\"datePublished\":\"2024-02-09T05:49:44+00:00\",\"dateModified\":\"2024-02-09T05:49:45+00:00\",\"breadcrumb\":{\"@id\":\"https:\/\/nitu.mx\/index.php\/2024\/02\/08\/campeche-ya-tiene-barrio-magico-y-fortalece-sus-pueblos-magicos\/#breadcrumb\"},\"inLanguage\":\"es-MX\",\"potentialAction\":[{\"@type\":\"ReadAction\",\"target\":[\"https:\/\/nitu.mx\/index.php\/2024\/02\/08\/campeche-ya-tiene-barrio-magico-y-fortalece-sus-pueblos-magicos\/\"]}]},{\"@type\":\"ImageObject\",\"inLanguage\":\"es-MX\",\"@id\":\"https:\/\/nitu.mx\/index.php\/2024\/02\/08\/campeche-ya-tiene-barrio-magico-y-fortalece-sus-pueblos-magicos\/#primaryimage\",\"url\":\"https:\/\/nitu.mx\/wp-content\/uploads\/2024\/02\/Campeche-San-Roman-Barrio-Magico.jpg\",\"contentUrl\":\"https:\/\/nitu.mx\/wp-content\/uploads\/2024\/02\/Campeche-San-Roman-Barrio-Magico.jpg\",\"width\":1200,\"height\":675,\"caption\":\"Campeche San Rom\u00e1n Barrio M\u00e1gico\"},{\"@type\":\"BreadcrumbList\",\"@id\":\"https:\/\/nitu.mx\/index.php\/2024\/02\/08\/campeche-ya-tiene-barrio-magico-y-fortalece-sus-pueblos-magicos\/#breadcrumb\",\"itemListElement\":[{\"@type\":\"ListItem\",\"position\":1,\"name\":\"Inicio\",\"item\":\"https:\/\/nitu.mx\/\"},{\"@type\":\"ListItem\",\"position\":2,\"name\":\"Campeche ya tiene Barrio M\u00e1gico y fortalece sus Pueblos M\u00e1gicos\"}]},{\"@type\":\"WebSite\",\"@id\":\"https:\/\/nitu.mx\/#website\",\"url\":\"https:\/\/nitu.mx\/\",\"name\":\"Nitu - Noticias de la Industria Turistica\",\"description\":\"Noticias de la Industria Turistica\",\"publisher\":{\"@id\":\"https:\/\/nitu.mx\/#\/schema\/person\/ae7a53426417292d3dd07b45a33e01bc\"},\"alternateName\":\"Noticias de la Industria Turistica\",\"potentialAction\":[{\"@type\":\"SearchAction\",\"target\":{\"@type\":\"EntryPoint\",\"urlTemplate\":\"https:\/\/nitu.mx\/?s={search_term_string}\"},\"query-input\":\"required name=search_term_string\"}],\"inLanguage\":\"es-MX\"},{\"@type\":[\"Person\",\"Organization\"],\"@id\":\"https:\/\/nitu.mx\/#\/schema\/person\/ae7a53426417292d3dd07b45a33e01bc\",\"name\":\"Arturo Medina\",\"image\":{\"@type\":\"ImageObject\",\"inLanguage\":\"es-MX\",\"@id\":\"https:\/\/nitu.mx\/#\/schema\/person\/image\/\",\"url\":\"https:\/\/nitu.mx\/wp-content\/uploads\/2024\/04\/4A315622-1904-4D5C-B022-878CDC840E04-90x90-1.jpeg\",\"contentUrl\":\"https:\/\/nitu.mx\/wp-content\/uploads\/2024\/04\/4A315622-1904-4D5C-B022-878CDC840E04-90x90-1.jpeg\",\"width\":90,\"height\":90,\"caption\":\"Arturo Medina\"},\"logo\":{\"@id\":\"https:\/\/nitu.mx\/#\/schema\/person\/image\/\"},\"description\":\"Director NITU.mx, Egresado de la Escuela de Periodismo Carlos Septi\u00e9n Garc\u00eda. Periodista y analista especializado en turismo desde hace 35 a\u00f1os, radicado en Canc\u00fan Q.Roo. arturo@nitu.mx\",\"sameAs\":[\"https:\/\/nitu.mx\",\"https:\/\/www.facebook.com\/NITUmx\/\",\"medinacancun\",\"https:\/\/twitter.com\/@Arturo_Medina_G\"]},{\"@type\":\"Person\",\"@id\":\"https:\/\/nitu.mx\/#\/schema\/person\/4a28fe9bd65924f7c90623773daf1b0b\",\"name\":\"Redacci\u00f3n\",\"image\":{\"@type\":\"ImageObject\",\"inLanguage\":\"es-MX\",\"@id\":\"https:\/\/nitu.mx\/#\/schema\/person\/image\/\",\"url\":\"https:\/\/secure.gravatar.com\/avatar\/5dd011c8ccfc5cd7e4c81e42252aab38?s=96&d=mm&r=g\",\"contentUrl\":\"https:\/\/secure.gravatar.com\/avatar\/5dd011c8ccfc5cd7e4c81e42252aab38?s=96&d=mm&r=g\",\"caption\":\"Redacci\u00f3n\"},\"url\":\"https:\/\/nitu.mx\/index.php\/author\/redaccion\/\"}]}<\/script>\n<!-- \/ Yoast SEO plugin. -->","yoast_head_json":{"title":"Campeche ya tiene Barrio M\u00e1gico y fortalece sus Pueblos M\u00e1gicos - Nitu - Noticias de la Industria Turistica","robots":{"index":"index","follow":"follow","max-snippet":"max-snippet:-1","max-image-preview":"max-image-preview:large","max-video-preview":"max-video-preview:-1"},"canonical":"https:\/\/nitu.mx\/index.php\/2024\/02\/08\/campeche-ya-tiene-barrio-magico-y-fortalece-sus-pueblos-magicos\/","twitter_card":"summary_large_image","twitter_title":"Campeche ya tiene Barrio M\u00e1gico y fortalece sus Pueblos M\u00e1gicos - Nitu - Noticias de la Industria Turistica","twitter_description":"El secretario de Turismo, Miguel Torruco Marqu\u00e9s, realiz\u00f3 una gira de trabajo por Campeche, junto con la gobernadora de la entidad, Layda Sansores, con el prop\u00f3sito de impulsar acciones que fortalezcan la actividad tur\u00edstica mediante el nombramiento de su primer Barrio M\u00e1gico, actualizaci\u00f3n y nombramiento de Pueblos M\u00e1gicos, la entrega de unidades de \u00c1ngeles Verdes, [&hellip;]","twitter_image":"https:\/\/nitu.mx\/wp-content\/uploads\/2024\/02\/Campeche-San-Roman-Barrio-Magico.jpg","twitter_creator":"@NITUmx","twitter_site":"@Arturo_Medina_G","twitter_misc":{"Escrito por":"Redacci\u00f3n","Tiempo de lectura":"5 minutos"},"schema":{"@context":"https:\/\/schema.org","@graph":[{"@type":"Article","@id":"https:\/\/nitu.mx\/index.php\/2024\/02\/08\/campeche-ya-tiene-barrio-magico-y-fortalece-sus-pueblos-magicos\/#article","isPartOf":{"@id":"https:\/\/nitu.mx\/index.php\/2024\/02\/08\/campeche-ya-tiene-barrio-magico-y-fortalece-sus-pueblos-magicos\/"},"author":{"name":"Redacci\u00f3n","@id":"https:\/\/nitu.mx\/#\/schema\/person\/4a28fe9bd65924f7c90623773daf1b0b"},"headline":"Campeche ya tiene Barrio M\u00e1gico y fortalece sus Pueblos M\u00e1gicos","datePublished":"2024-02-09T05:49:44+00:00","dateModified":"2024-02-09T05:49:45+00:00","mainEntityOfPage":{"@id":"https:\/\/nitu.mx\/index.php\/2024\/02\/08\/campeche-ya-tiene-barrio-magico-y-fortalece-sus-pueblos-magicos\/"},"wordCount":1023,"commentCount":0,"publisher":{"@id":"https:\/\/nitu.mx\/#\/schema\/person\/ae7a53426417292d3dd07b45a33e01bc"},"image":{"@id":"https:\/\/nitu.mx\/index.php\/2024\/02\/08\/campeche-ya-tiene-barrio-magico-y-fortalece-sus-pueblos-magicos\/#primaryimage"},"thumbnailUrl":"https:\/\/nitu.mx\/wp-content\/uploads\/2024\/02\/Campeche-San-Roman-Barrio-Magico.jpg","keywords":["Campeche","Layda Sansores","Miguel Torruco","Pueblos M\u00e1gicos","Sectur"],"articleSection":["Destinos"],"inLanguage":"es-MX","potentialAction":[{"@type":"CommentAction","name":"Comment","target":["https:\/\/nitu.mx\/index.php\/2024\/02\/08\/campeche-ya-tiene-barrio-magico-y-fortalece-sus-pueblos-magicos\/#respond"]}]},{"@type":"WebPage","@id":"https:\/\/nitu.mx\/index.php\/2024\/02\/08\/campeche-ya-tiene-barrio-magico-y-fortalece-sus-pueblos-magicos\/","url":"https:\/\/nitu.mx\/index.php\/2024\/02\/08\/campeche-ya-tiene-barrio-magico-y-fortalece-sus-pueblos-magicos\/","name":"Campeche ya tiene Barrio M\u00e1gico y fortalece sus Pueblos M\u00e1gicos - Nitu - Noticias de la Industria Turistica","isPartOf":{"@id":"https:\/\/nitu.mx\/#website"},"primaryImageOfPage":{"@id":"https:\/\/nitu.mx\/index.php\/2024\/02\/08\/campeche-ya-tiene-barrio-magico-y-fortalece-sus-pueblos-magicos\/#primaryimage"},"image":{"@id":"https:\/\/nitu.mx\/index.php\/2024\/02\/08\/campeche-ya-tiene-barrio-magico-y-fortalece-sus-pueblos-magicos\/#primaryimage"},"thumbnailUrl":"https:\/\/nitu.mx\/wp-content\/uploads\/2024\/02\/Campeche-San-Roman-Barrio-Magico.jpg","datePublished":"2024-02-09T05:49:44+00:00","dateModified":"2024-02-09T05:49:45+00:00","breadcrumb":{"@id":"https:\/\/nitu.mx\/index.php\/2024\/02\/08\/campeche-ya-tiene-barrio-magico-y-fortalece-sus-pueblos-magicos\/#breadcrumb"},"inLanguage":"es-MX","potentialAction":[{"@type":"ReadAction","target":["https:\/\/nitu.mx\/index.php\/2024\/02\/08\/campeche-ya-tiene-barrio-magico-y-fortalece-sus-pueblos-magicos\/"]}]},{"@type":"ImageObject","inLanguage":"es-MX","@id":"https:\/\/nitu.mx\/index.php\/2024\/02\/08\/campeche-ya-tiene-barrio-magico-y-fortalece-sus-pueblos-magicos\/#primaryimage","url":"https:\/\/nitu.mx\/wp-content\/uploads\/2024\/02\/Campeche-San-Roman-Barrio-Magico.jpg","contentUrl":"https:\/\/nitu.mx\/wp-content\/uploads\/2024\/02\/Campeche-San-Roman-Barrio-Magico.jpg","width":1200,"height":675,"caption":"Campeche San Rom\u00e1n Barrio M\u00e1gico"},{"@type":"BreadcrumbList","@id":"https:\/\/nitu.mx\/index.php\/2024\/02\/08\/campeche-ya-tiene-barrio-magico-y-fortalece-sus-pueblos-magicos\/#breadcrumb","itemListElement":[{"@type":"ListItem","position":1,"name":"Inicio","item":"https:\/\/nitu.mx\/"},{"@type":"ListItem","position":2,"name":"Campeche ya tiene Barrio M\u00e1gico y fortalece sus Pueblos M\u00e1gicos"}]},{"@type":"WebSite","@id":"https:\/\/nitu.mx\/#website","url":"https:\/\/nitu.mx\/","name":"Nitu - Noticias de la Industria Turistica","description":"Noticias de la Industria Turistica","publisher":{"@id":"https:\/\/nitu.mx\/#\/schema\/person\/ae7a53426417292d3dd07b45a33e01bc"},"alternateName":"Noticias de la Industria Turistica","potentialAction":[{"@type":"SearchAction","target":{"@type":"EntryPoint","urlTemplate":"https:\/\/nitu.mx\/?s={search_term_string}"},"query-input":"required name=search_term_string"}],"inLanguage":"es-MX"},{"@type":["Person","Organization"],"@id":"https:\/\/nitu.mx\/#\/schema\/person\/ae7a53426417292d3dd07b45a33e01bc","name":"Arturo Medina","image":{"@type":"ImageObject","inLanguage":"es-MX","@id":"https:\/\/nitu.mx\/#\/schema\/person\/image\/","url":"https:\/\/nitu.mx\/wp-content\/uploads\/2024\/04\/4A315622-1904-4D5C-B022-878CDC840E04-90x90-1.jpeg","contentUrl":"https:\/\/nitu.mx\/wp-content\/uploads\/2024\/04\/4A315622-1904-4D5C-B022-878CDC840E04-90x90-1.jpeg","width":90,"height":90,"caption":"Arturo Medina"},"logo":{"@id":"https:\/\/nitu.mx\/#\/schema\/person\/image\/"},"description":"Director NITU.mx, Egresado de la Escuela de Periodismo Carlos Septi\u00e9n Garc\u00eda. Periodista y analista especializado en turismo desde hace 35 a\u00f1os, radicado en Canc\u00fan Q.Roo. arturo@nitu.mx","sameAs":["https:\/\/nitu.mx","https:\/\/www.facebook.com\/NITUmx\/","medinacancun","https:\/\/twitter.com\/@Arturo_Medina_G"]},{"@type":"Person","@id":"https:\/\/nitu.mx\/#\/schema\/person\/4a28fe9bd65924f7c90623773daf1b0b","name":"Redacci\u00f3n","image":{"@type":"ImageObject","inLanguage":"es-MX","@id":"https:\/\/nitu.mx\/#\/schema\/person\/image\/","url":"https:\/\/secure.gravatar.com\/avatar\/5dd011c8ccfc5cd7e4c81e42252aab38?s=96&d=mm&r=g","contentUrl":"https:\/\/secure.gravatar.com\/avatar\/5dd011c8ccfc5cd7e4c81e42252aab38?s=96&d=mm&r=g","caption":"Redacci\u00f3n"},"url":"https:\/\/nitu.mx\/index.php\/author\/redaccion\/"}]}},"views":830,"_links":{"self":[{"href":"https:\/\/nitu.mx\/index.php\/wp-json\/wp\/v2\/posts\/68381"}],"collection":[{"href":"https:\/\/nitu.mx\/index.php\/wp-json\/wp\/v2\/posts"}],"about":[{"href":"https:\/\/nitu.mx\/index.php\/wp-json\/wp\/v2\/types\/post"}],"author":[{"embeddable":true,"href":"https:\/\/nitu.mx\/index.php\/wp-json\/wp\/v2\/users\/17"}],"replies":[{"embeddable":true,"href":"https:\/\/nitu.mx\/index.php\/wp-json\/wp\/v2\/comments?post=68381"}],"version-history":[{"count":1,"href":"https:\/\/nitu.mx\/index.php\/wp-json\/wp\/v2\/posts\/68381\/revisions"}],"predecessor-version":[{"id":68384,"href":"https:\/\/nitu.mx\/index.php\/wp-json\/wp\/v2\/posts\/68381\/revisions\/68384"}],"wp:featuredmedia":[{"embeddable":true,"href":"https:\/\/nitu.mx\/index.php\/wp-json\/wp\/v2\/media\/68383"}],"wp:attachment":[{"href":"https:\/\/nitu.mx\/index.php\/wp-json\/wp\/v2\/media?parent=68381"}],"wp:term":[{"taxonomy":"category","embeddable":true,"href":"https:\/\/nitu.mx\/index.php\/wp-json\/wp\/v2\/categories?post=68381"},{"taxonomy":"post_tag","embeddable":true,"href":"https:\/\/nitu.mx\/index.php\/wp-json\/wp\/v2\/tags?post=68381"}],"curies":[{"name":"wp","href":"https:\/\/api.w.org\/{rel}","templated":true}]}}