{"id":68314,"date":"2024-02-07T21:09:56","date_gmt":"2024-02-08T03:09:56","guid":{"rendered":"https:\/\/nitu.mx\/?p=68314"},"modified":"2024-02-07T21:09:57","modified_gmt":"2024-02-08T03:09:57","slug":"gala-puerto-vallarta-riviera-nayarit-2024-va-por-mas-mercados-y-nichos-turisticos","status":"publish","type":"post","link":"https:\/\/nitu.mx\/index.php\/2024\/02\/07\/gala-puerto-vallarta-riviera-nayarit-2024-va-por-mas-mercados-y-nichos-turisticos\/","title":{"rendered":"Gala Puerto Vallarta-Riviera Nayarit 2024 va por m\u00e1s mercados y nichos tur\u00edsticos"},"content":{"rendered":"\n<p>Fueron recibidos en el Aeropuerto Internacional de Puerto Vallarta los compradores invitados (hosted buyers) que esta ocasi\u00f3n acrecentar\u00e1n el n\u00famero de asistentes a Gala Puerto Vallarta &#8211; Riviera Nayarit. Adem\u00e1s de los participantes que acuden a\u00f1o con a\u00f1o, en esta edici\u00f3n vigesimonovena los destinos invitaron a compradores de nicho como lujo, romance, LGBTQ+ y golf.<\/p>\n\n\n\n<p>Tambi\u00e9n se tendr\u00e1 una mayor participaci\u00f3n a trav\u00e9s de la alianza con Conexstur, asociaci\u00f3n de tour operadores receptivos creada en 2010 con amplia participaci\u00f3n en el mercado tur\u00edstico, formada por empresas mexicanas l\u00edderes en el ramo, as\u00ed como invitados de Volaris de Centro y Sudam\u00e9rica y organizadores de eventos (meeting planners).<\/p>\n\n\n\n<p>Asimismo, esta ma\u00f1ana se registr\u00f3 el arribo del mayor n\u00famero de representantes de medios de comunicaci\u00f3n nacionales e internacionales que se haya tenido hasta ahora. Con todas estas acciones, llegaron ayer al destino alrededor de 110 aliados estrat\u00e9gicos que inician actividades de familiarizaci\u00f3n con el destino estos d\u00edas, culminando con un c\u00f3ctel de bienvenida.<\/p>\n\n\n\n<p>Esto es la antesala del arranque de las citas de negocios que ocurrir\u00e1 este 8 de febrero en el Centro Internacional de Convenciones de Puerto Vallarta. A este respecto, Grecia L\u00f3pez, enlace de la Secretar\u00eda de Turismo de Nayarit, se\u00f1al\u00f3: \u201cnos sentimos muy contentos de recibir a los primeros compradores que estar\u00e1n explorando las bondades y beneficios de visitar Puerto Vallarta y la Riviera Nayarit\u201d.<\/p>\n\n\n\n<p>El director del Fideicomiso de Turismo de Puerto Vallarta, Luis Villase\u00f1or, se\u00f1al\u00f3: \u201cha sido una edici\u00f3n de mucho trabajo, buscando innovar como siempre, y hoy eso se materializa a trav\u00e9s de la llegada de 110 nuevos actores que tendr\u00e1n la oportunidad de conocer de primera mano los atributos del destino que lo hacen una excelente opci\u00f3n para jugadores de golf, viajes de lujo, romance, MICE, as\u00ed como para el turismo LGBTQ+\u201d.<\/p>\n\n\n\n<p>Con la adhesi\u00f3n de estos nuevos segmentos a la lista de compradores invitados, Gala Puerto Vallarta &#8211; Riviera Nayarit 2024 se consolida como el evento tur\u00edstico l\u00edder en el Pac\u00edfico mexicano, llegando adem\u00e1s a la cifra r\u00e9cord de 82 mayoristas provenientes de M\u00e9xico, Estados Unidos, Canad\u00e1, Australia, Albania, Espa\u00f1a, Inglaterra, Italia, Israel, India, Inglaterra, Ecuador y Per\u00fa. (<a href=\"https:\/\/nitu.mx\/index.php\/2024\/01\/28\/puerto-vallarta-impulsa-el-turismo-con-fuerte-agenda-de-eventos\/\">Puerto Vallarta impulsa el turismo con fuerte agenda de eventos<\/a>).<\/p>\n","protected":false},"excerpt":{"rendered":"<p>Fueron recibidos en el Aeropuerto Internacional de Puerto Vallarta los compradores invitados (hosted buyers) que esta ocasi\u00f3n acrecentar\u00e1n el n\u00famero de asistentes a Gala Puerto Vallarta &#8211; Riviera Nayarit. Adem\u00e1s de los participantes que acuden a\u00f1o con a\u00f1o, en esta edici\u00f3n vigesimonovena los destinos invitaron a compradores de nicho como lujo, romance, LGBTQ+ y golf. [&hellip;]<\/p>\n","protected":false},"author":17,"featured_media":68316,"comment_status":"open","ping_status":"open","sticky":false,"template":"","format":"standard","meta":{"footnotes":""},"categories":[5],"tags":[14420,23980,10938,471,537],"yoast_head":"<!-- This site is optimized with the Yoast SEO plugin v22.2 - https:\/\/yoast.com\/wordpress\/plugins\/seo\/ -->\n<title>Gala Puerto Vallarta-Riviera Nayarit 2024 va por m\u00e1s mercados y nichos tur\u00edsticos - Nitu - Noticias de la Industria Turistica<\/title>\n<meta name=\"robots\" content=\"index, follow, max-snippet:-1, max-image-preview:large, max-video-preview:-1\" \/>\n<link rel=\"canonical\" href=\"https:\/\/nitu.mx\/index.php\/2024\/02\/07\/gala-puerto-vallarta-riviera-nayarit-2024-va-por-mas-mercados-y-nichos-turisticos\/\" \/>\n<meta name=\"twitter:card\" content=\"summary_large_image\" \/>\n<meta name=\"twitter:title\" content=\"Gala Puerto Vallarta-Riviera Nayarit 2024 va por m\u00e1s mercados y nichos tur\u00edsticos - Nitu - Noticias de la Industria Turistica\" \/>\n<meta name=\"twitter:description\" content=\"Fueron recibidos en el Aeropuerto Internacional de Puerto Vallarta los compradores invitados (hosted buyers) que esta ocasi\u00f3n acrecentar\u00e1n el n\u00famero de asistentes a Gala Puerto Vallarta &#8211; Riviera Nayarit. Adem\u00e1s de los participantes que acuden a\u00f1o con a\u00f1o, en esta edici\u00f3n vigesimonovena los destinos invitaron a compradores de nicho como lujo, romance, LGBTQ+ y golf. [&hellip;]\" \/>\n<meta name=\"twitter:image\" content=\"https:\/\/nitu.mx\/wp-content\/uploads\/2024\/02\/Gala-Puerto-Vallarta-Riviera-Nayarit-2024-bienvenida.jpg\" \/>\n<meta name=\"twitter:creator\" content=\"@NITUmx\" \/>\n<meta name=\"twitter:site\" content=\"@Arturo_Medina_G\" \/>\n<meta name=\"twitter:label1\" content=\"Escrito por\" \/>\n\t<meta name=\"twitter:data1\" content=\"Redacci\u00f3n\" \/>\n\t<meta name=\"twitter:label2\" content=\"Tiempo de lectura\" \/>\n\t<meta name=\"twitter:data2\" content=\"2 minutos\" \/>\n<script type=\"application\/ld+json\" class=\"yoast-schema-graph\">{\"@context\":\"https:\/\/schema.org\",\"@graph\":[{\"@type\":\"Article\",\"@id\":\"https:\/\/nitu.mx\/index.php\/2024\/02\/07\/gala-puerto-vallarta-riviera-nayarit-2024-va-por-mas-mercados-y-nichos-turisticos\/#article\",\"isPartOf\":{\"@id\":\"https:\/\/nitu.mx\/index.php\/2024\/02\/07\/gala-puerto-vallarta-riviera-nayarit-2024-va-por-mas-mercados-y-nichos-turisticos\/\"},\"author\":{\"name\":\"Redacci\u00f3n\",\"@id\":\"https:\/\/nitu.mx\/#\/schema\/person\/4a28fe9bd65924f7c90623773daf1b0b\"},\"headline\":\"Gala Puerto Vallarta-Riviera Nayarit 2024 va por m\u00e1s mercados y nichos tur\u00edsticos\",\"datePublished\":\"2024-02-08T03:09:56+00:00\",\"dateModified\":\"2024-02-08T03:09:57+00:00\",\"mainEntityOfPage\":{\"@id\":\"https:\/\/nitu.mx\/index.php\/2024\/02\/07\/gala-puerto-vallarta-riviera-nayarit-2024-va-por-mas-mercados-y-nichos-turisticos\/\"},\"wordCount\":410,\"commentCount\":0,\"publisher\":{\"@id\":\"https:\/\/nitu.mx\/#\/schema\/person\/ae7a53426417292d3dd07b45a33e01bc\"},\"image\":{\"@id\":\"https:\/\/nitu.mx\/index.php\/2024\/02\/07\/gala-puerto-vallarta-riviera-nayarit-2024-va-por-mas-mercados-y-nichos-turisticos\/#primaryimage\"},\"thumbnailUrl\":\"https:\/\/nitu.mx\/wp-content\/uploads\/2024\/02\/Gala-Puerto-Vallarta-Riviera-Nayarit-2024-bienvenida.jpg\",\"keywords\":[\"Gala Puerto Vallarta-Riviera Nayarit\",\"Grecia L\u00f3pez\",\"Luis Villase\u00f1or\",\"Puerto Vallarta\",\"Riviera Nayarit\"],\"articleSection\":[\"Destinos\"],\"inLanguage\":\"es-MX\",\"potentialAction\":[{\"@type\":\"CommentAction\",\"name\":\"Comment\",\"target\":[\"https:\/\/nitu.mx\/index.php\/2024\/02\/07\/gala-puerto-vallarta-riviera-nayarit-2024-va-por-mas-mercados-y-nichos-turisticos\/#respond\"]}]},{\"@type\":\"WebPage\",\"@id\":\"https:\/\/nitu.mx\/index.php\/2024\/02\/07\/gala-puerto-vallarta-riviera-nayarit-2024-va-por-mas-mercados-y-nichos-turisticos\/\",\"url\":\"https:\/\/nitu.mx\/index.php\/2024\/02\/07\/gala-puerto-vallarta-riviera-nayarit-2024-va-por-mas-mercados-y-nichos-turisticos\/\",\"name\":\"Gala Puerto Vallarta-Riviera Nayarit 2024 va por m\u00e1s mercados y nichos tur\u00edsticos - Nitu - Noticias de la Industria Turistica\",\"isPartOf\":{\"@id\":\"https:\/\/nitu.mx\/#website\"},\"primaryImageOfPage\":{\"@id\":\"https:\/\/nitu.mx\/index.php\/2024\/02\/07\/gala-puerto-vallarta-riviera-nayarit-2024-va-por-mas-mercados-y-nichos-turisticos\/#primaryimage\"},\"image\":{\"@id\":\"https:\/\/nitu.mx\/index.php\/2024\/02\/07\/gala-puerto-vallarta-riviera-nayarit-2024-va-por-mas-mercados-y-nichos-turisticos\/#primaryimage\"},\"thumbnailUrl\":\"https:\/\/nitu.mx\/wp-content\/uploads\/2024\/02\/Gala-Puerto-Vallarta-Riviera-Nayarit-2024-bienvenida.jpg\",\"datePublished\":\"2024-02-08T03:09:56+00:00\",\"dateModified\":\"2024-02-08T03:09:57+00:00\",\"breadcrumb\":{\"@id\":\"https:\/\/nitu.mx\/index.php\/2024\/02\/07\/gala-puerto-vallarta-riviera-nayarit-2024-va-por-mas-mercados-y-nichos-turisticos\/#breadcrumb\"},\"inLanguage\":\"es-MX\",\"potentialAction\":[{\"@type\":\"ReadAction\",\"target\":[\"https:\/\/nitu.mx\/index.php\/2024\/02\/07\/gala-puerto-vallarta-riviera-nayarit-2024-va-por-mas-mercados-y-nichos-turisticos\/\"]}]},{\"@type\":\"ImageObject\",\"inLanguage\":\"es-MX\",\"@id\":\"https:\/\/nitu.mx\/index.php\/2024\/02\/07\/gala-puerto-vallarta-riviera-nayarit-2024-va-por-mas-mercados-y-nichos-turisticos\/#primaryimage\",\"url\":\"https:\/\/nitu.mx\/wp-content\/uploads\/2024\/02\/Gala-Puerto-Vallarta-Riviera-Nayarit-2024-bienvenida.jpg\",\"contentUrl\":\"https:\/\/nitu.mx\/wp-content\/uploads\/2024\/02\/Gala-Puerto-Vallarta-Riviera-Nayarit-2024-bienvenida.jpg\",\"width\":1200,\"height\":675,\"caption\":\"Gala Puerto Vallarta-Riviera Nayarit 2024 bienvenida\"},{\"@type\":\"BreadcrumbList\",\"@id\":\"https:\/\/nitu.mx\/index.php\/2024\/02\/07\/gala-puerto-vallarta-riviera-nayarit-2024-va-por-mas-mercados-y-nichos-turisticos\/#breadcrumb\",\"itemListElement\":[{\"@type\":\"ListItem\",\"position\":1,\"name\":\"Inicio\",\"item\":\"https:\/\/nitu.mx\/\"},{\"@type\":\"ListItem\",\"position\":2,\"name\":\"Gala Puerto Vallarta-Riviera Nayarit 2024 va por m\u00e1s mercados y nichos tur\u00edsticos\"}]},{\"@type\":\"WebSite\",\"@id\":\"https:\/\/nitu.mx\/#website\",\"url\":\"https:\/\/nitu.mx\/\",\"name\":\"Nitu - Noticias de la Industria Turistica\",\"description\":\"Noticias de la Industria Turistica\",\"publisher\":{\"@id\":\"https:\/\/nitu.mx\/#\/schema\/person\/ae7a53426417292d3dd07b45a33e01bc\"},\"alternateName\":\"Noticias de la Industria Turistica\",\"potentialAction\":[{\"@type\":\"SearchAction\",\"target\":{\"@type\":\"EntryPoint\",\"urlTemplate\":\"https:\/\/nitu.mx\/?s={search_term_string}\"},\"query-input\":\"required name=search_term_string\"}],\"inLanguage\":\"es-MX\"},{\"@type\":[\"Person\",\"Organization\"],\"@id\":\"https:\/\/nitu.mx\/#\/schema\/person\/ae7a53426417292d3dd07b45a33e01bc\",\"name\":\"Arturo Medina\",\"image\":{\"@type\":\"ImageObject\",\"inLanguage\":\"es-MX\",\"@id\":\"https:\/\/nitu.mx\/#\/schema\/person\/image\/\",\"url\":\"https:\/\/nitu.mx\/wp-content\/uploads\/2024\/04\/4A315622-1904-4D5C-B022-878CDC840E04-90x90-1.jpeg\",\"contentUrl\":\"https:\/\/nitu.mx\/wp-content\/uploads\/2024\/04\/4A315622-1904-4D5C-B022-878CDC840E04-90x90-1.jpeg\",\"width\":90,\"height\":90,\"caption\":\"Arturo Medina\"},\"logo\":{\"@id\":\"https:\/\/nitu.mx\/#\/schema\/person\/image\/\"},\"description\":\"Director NITU.mx, Egresado de la Escuela de Periodismo Carlos Septi\u00e9n Garc\u00eda. Periodista y analista especializado en turismo desde hace 35 a\u00f1os, radicado en Canc\u00fan Q.Roo. arturo@nitu.mx\",\"sameAs\":[\"https:\/\/nitu.mx\",\"https:\/\/www.facebook.com\/NITUmx\/\",\"medinacancun\",\"https:\/\/twitter.com\/@Arturo_Medina_G\"]},{\"@type\":\"Person\",\"@id\":\"https:\/\/nitu.mx\/#\/schema\/person\/4a28fe9bd65924f7c90623773daf1b0b\",\"name\":\"Redacci\u00f3n\",\"image\":{\"@type\":\"ImageObject\",\"inLanguage\":\"es-MX\",\"@id\":\"https:\/\/nitu.mx\/#\/schema\/person\/image\/\",\"url\":\"https:\/\/secure.gravatar.com\/avatar\/5dd011c8ccfc5cd7e4c81e42252aab38?s=96&d=mm&r=g\",\"contentUrl\":\"https:\/\/secure.gravatar.com\/avatar\/5dd011c8ccfc5cd7e4c81e42252aab38?s=96&d=mm&r=g\",\"caption\":\"Redacci\u00f3n\"},\"url\":\"https:\/\/nitu.mx\/index.php\/author\/redaccion\/\"}]}<\/script>\n<!-- \/ Yoast SEO plugin. -->","yoast_head_json":{"title":"Gala Puerto Vallarta-Riviera Nayarit 2024 va por m\u00e1s mercados y nichos tur\u00edsticos - Nitu - Noticias de la Industria Turistica","robots":{"index":"index","follow":"follow","max-snippet":"max-snippet:-1","max-image-preview":"max-image-preview:large","max-video-preview":"max-video-preview:-1"},"canonical":"https:\/\/nitu.mx\/index.php\/2024\/02\/07\/gala-puerto-vallarta-riviera-nayarit-2024-va-por-mas-mercados-y-nichos-turisticos\/","twitter_card":"summary_large_image","twitter_title":"Gala Puerto Vallarta-Riviera Nayarit 2024 va por m\u00e1s mercados y nichos tur\u00edsticos - Nitu - Noticias de la Industria Turistica","twitter_description":"Fueron recibidos en el Aeropuerto Internacional de Puerto Vallarta los compradores invitados (hosted buyers) que esta ocasi\u00f3n acrecentar\u00e1n el n\u00famero de asistentes a Gala Puerto Vallarta &#8211; Riviera Nayarit. Adem\u00e1s de los participantes que acuden a\u00f1o con a\u00f1o, en esta edici\u00f3n vigesimonovena los destinos invitaron a compradores de nicho como lujo, romance, LGBTQ+ y golf. [&hellip;]","twitter_image":"https:\/\/nitu.mx\/wp-content\/uploads\/2024\/02\/Gala-Puerto-Vallarta-Riviera-Nayarit-2024-bienvenida.jpg","twitter_creator":"@NITUmx","twitter_site":"@Arturo_Medina_G","twitter_misc":{"Escrito por":"Redacci\u00f3n","Tiempo de lectura":"2 minutos"},"schema":{"@context":"https:\/\/schema.org","@graph":[{"@type":"Article","@id":"https:\/\/nitu.mx\/index.php\/2024\/02\/07\/gala-puerto-vallarta-riviera-nayarit-2024-va-por-mas-mercados-y-nichos-turisticos\/#article","isPartOf":{"@id":"https:\/\/nitu.mx\/index.php\/2024\/02\/07\/gala-puerto-vallarta-riviera-nayarit-2024-va-por-mas-mercados-y-nichos-turisticos\/"},"author":{"name":"Redacci\u00f3n","@id":"https:\/\/nitu.mx\/#\/schema\/person\/4a28fe9bd65924f7c90623773daf1b0b"},"headline":"Gala Puerto Vallarta-Riviera Nayarit 2024 va por m\u00e1s mercados y nichos tur\u00edsticos","datePublished":"2024-02-08T03:09:56+00:00","dateModified":"2024-02-08T03:09:57+00:00","mainEntityOfPage":{"@id":"https:\/\/nitu.mx\/index.php\/2024\/02\/07\/gala-puerto-vallarta-riviera-nayarit-2024-va-por-mas-mercados-y-nichos-turisticos\/"},"wordCount":410,"commentCount":0,"publisher":{"@id":"https:\/\/nitu.mx\/#\/schema\/person\/ae7a53426417292d3dd07b45a33e01bc"},"image":{"@id":"https:\/\/nitu.mx\/index.php\/2024\/02\/07\/gala-puerto-vallarta-riviera-nayarit-2024-va-por-mas-mercados-y-nichos-turisticos\/#primaryimage"},"thumbnailUrl":"https:\/\/nitu.mx\/wp-content\/uploads\/2024\/02\/Gala-Puerto-Vallarta-Riviera-Nayarit-2024-bienvenida.jpg","keywords":["Gala Puerto Vallarta-Riviera Nayarit","Grecia L\u00f3pez","Luis Villase\u00f1or","Puerto Vallarta","Riviera Nayarit"],"articleSection":["Destinos"],"inLanguage":"es-MX","potentialAction":[{"@type":"CommentAction","name":"Comment","target":["https:\/\/nitu.mx\/index.php\/2024\/02\/07\/gala-puerto-vallarta-riviera-nayarit-2024-va-por-mas-mercados-y-nichos-turisticos\/#respond"]}]},{"@type":"WebPage","@id":"https:\/\/nitu.mx\/index.php\/2024\/02\/07\/gala-puerto-vallarta-riviera-nayarit-2024-va-por-mas-mercados-y-nichos-turisticos\/","url":"https:\/\/nitu.mx\/index.php\/2024\/02\/07\/gala-puerto-vallarta-riviera-nayarit-2024-va-por-mas-mercados-y-nichos-turisticos\/","name":"Gala Puerto Vallarta-Riviera Nayarit 2024 va por m\u00e1s mercados y nichos tur\u00edsticos - Nitu - Noticias de la Industria Turistica","isPartOf":{"@id":"https:\/\/nitu.mx\/#website"},"primaryImageOfPage":{"@id":"https:\/\/nitu.mx\/index.php\/2024\/02\/07\/gala-puerto-vallarta-riviera-nayarit-2024-va-por-mas-mercados-y-nichos-turisticos\/#primaryimage"},"image":{"@id":"https:\/\/nitu.mx\/index.php\/2024\/02\/07\/gala-puerto-vallarta-riviera-nayarit-2024-va-por-mas-mercados-y-nichos-turisticos\/#primaryimage"},"thumbnailUrl":"https:\/\/nitu.mx\/wp-content\/uploads\/2024\/02\/Gala-Puerto-Vallarta-Riviera-Nayarit-2024-bienvenida.jpg","datePublished":"2024-02-08T03:09:56+00:00","dateModified":"2024-02-08T03:09:57+00:00","breadcrumb":{"@id":"https:\/\/nitu.mx\/index.php\/2024\/02\/07\/gala-puerto-vallarta-riviera-nayarit-2024-va-por-mas-mercados-y-nichos-turisticos\/#breadcrumb"},"inLanguage":"es-MX","potentialAction":[{"@type":"ReadAction","target":["https:\/\/nitu.mx\/index.php\/2024\/02\/07\/gala-puerto-vallarta-riviera-nayarit-2024-va-por-mas-mercados-y-nichos-turisticos\/"]}]},{"@type":"ImageObject","inLanguage":"es-MX","@id":"https:\/\/nitu.mx\/index.php\/2024\/02\/07\/gala-puerto-vallarta-riviera-nayarit-2024-va-por-mas-mercados-y-nichos-turisticos\/#primaryimage","url":"https:\/\/nitu.mx\/wp-content\/uploads\/2024\/02\/Gala-Puerto-Vallarta-Riviera-Nayarit-2024-bienvenida.jpg","contentUrl":"https:\/\/nitu.mx\/wp-content\/uploads\/2024\/02\/Gala-Puerto-Vallarta-Riviera-Nayarit-2024-bienvenida.jpg","width":1200,"height":675,"caption":"Gala Puerto Vallarta-Riviera Nayarit 2024 bienvenida"},{"@type":"BreadcrumbList","@id":"https:\/\/nitu.mx\/index.php\/2024\/02\/07\/gala-puerto-vallarta-riviera-nayarit-2024-va-por-mas-mercados-y-nichos-turisticos\/#breadcrumb","itemListElement":[{"@type":"ListItem","position":1,"name":"Inicio","item":"https:\/\/nitu.mx\/"},{"@type":"ListItem","position":2,"name":"Gala Puerto Vallarta-Riviera Nayarit 2024 va por m\u00e1s mercados y nichos tur\u00edsticos"}]},{"@type":"WebSite","@id":"https:\/\/nitu.mx\/#website","url":"https:\/\/nitu.mx\/","name":"Nitu - Noticias de la Industria Turistica","description":"Noticias de la Industria Turistica","publisher":{"@id":"https:\/\/nitu.mx\/#\/schema\/person\/ae7a53426417292d3dd07b45a33e01bc"},"alternateName":"Noticias de la Industria Turistica","potentialAction":[{"@type":"SearchAction","target":{"@type":"EntryPoint","urlTemplate":"https:\/\/nitu.mx\/?s={search_term_string}"},"query-input":"required name=search_term_string"}],"inLanguage":"es-MX"},{"@type":["Person","Organization"],"@id":"https:\/\/nitu.mx\/#\/schema\/person\/ae7a53426417292d3dd07b45a33e01bc","name":"Arturo Medina","image":{"@type":"ImageObject","inLanguage":"es-MX","@id":"https:\/\/nitu.mx\/#\/schema\/person\/image\/","url":"https:\/\/nitu.mx\/wp-content\/uploads\/2024\/04\/4A315622-1904-4D5C-B022-878CDC840E04-90x90-1.jpeg","contentUrl":"https:\/\/nitu.mx\/wp-content\/uploads\/2024\/04\/4A315622-1904-4D5C-B022-878CDC840E04-90x90-1.jpeg","width":90,"height":90,"caption":"Arturo Medina"},"logo":{"@id":"https:\/\/nitu.mx\/#\/schema\/person\/image\/"},"description":"Director NITU.mx, Egresado de la Escuela de Periodismo Carlos Septi\u00e9n Garc\u00eda. Periodista y analista especializado en turismo desde hace 35 a\u00f1os, radicado en Canc\u00fan Q.Roo. arturo@nitu.mx","sameAs":["https:\/\/nitu.mx","https:\/\/www.facebook.com\/NITUmx\/","medinacancun","https:\/\/twitter.com\/@Arturo_Medina_G"]},{"@type":"Person","@id":"https:\/\/nitu.mx\/#\/schema\/person\/4a28fe9bd65924f7c90623773daf1b0b","name":"Redacci\u00f3n","image":{"@type":"ImageObject","inLanguage":"es-MX","@id":"https:\/\/nitu.mx\/#\/schema\/person\/image\/","url":"https:\/\/secure.gravatar.com\/avatar\/5dd011c8ccfc5cd7e4c81e42252aab38?s=96&d=mm&r=g","contentUrl":"https:\/\/secure.gravatar.com\/avatar\/5dd011c8ccfc5cd7e4c81e42252aab38?s=96&d=mm&r=g","caption":"Redacci\u00f3n"},"url":"https:\/\/nitu.mx\/index.php\/author\/redaccion\/"}]}},"views":1373,"_links":{"self":[{"href":"https:\/\/nitu.mx\/index.php\/wp-json\/wp\/v2\/posts\/68314"}],"collection":[{"href":"https:\/\/nitu.mx\/index.php\/wp-json\/wp\/v2\/posts"}],"about":[{"href":"https:\/\/nitu.mx\/index.php\/wp-json\/wp\/v2\/types\/post"}],"author":[{"embeddable":true,"href":"https:\/\/nitu.mx\/index.php\/wp-json\/wp\/v2\/users\/17"}],"replies":[{"embeddable":true,"href":"https:\/\/nitu.mx\/index.php\/wp-json\/wp\/v2\/comments?post=68314"}],"version-history":[{"count":1,"href":"https:\/\/nitu.mx\/index.php\/wp-json\/wp\/v2\/posts\/68314\/revisions"}],"predecessor-version":[{"id":68317,"href":"https:\/\/nitu.mx\/index.php\/wp-json\/wp\/v2\/posts\/68314\/revisions\/68317"}],"wp:featuredmedia":[{"embeddable":true,"href":"https:\/\/nitu.mx\/index.php\/wp-json\/wp\/v2\/media\/68316"}],"wp:attachment":[{"href":"https:\/\/nitu.mx\/index.php\/wp-json\/wp\/v2\/media?parent=68314"}],"wp:term":[{"taxonomy":"category","embeddable":true,"href":"https:\/\/nitu.mx\/index.php\/wp-json\/wp\/v2\/categories?post=68314"},{"taxonomy":"post_tag","embeddable":true,"href":"https:\/\/nitu.mx\/index.php\/wp-json\/wp\/v2\/tags?post=68314"}],"curies":[{"name":"wp","href":"https:\/\/api.w.org\/{rel}","templated":true}]}}