{"id":68296,"date":"2024-02-07T21:14:28","date_gmt":"2024-02-08T03:14:28","guid":{"rendered":"https:\/\/nitu.mx\/?p=68296"},"modified":"2024-02-07T21:14:29","modified_gmt":"2024-02-08T03:14:29","slug":"festeja-cozumel-a-ritmo-de-carnaval-el-arribo-del-icon-of-the-seas","status":"publish","type":"post","link":"https:\/\/nitu.mx\/index.php\/2024\/02\/07\/festeja-cozumel-a-ritmo-de-carnaval-el-arribo-del-icon-of-the-seas\/","title":{"rendered":"Festeja Cozumel a ritmo de carnaval el arribo del &#8220;Icon of the Seas&#8221;"},"content":{"rendered":"\n<p>Con un ambiente festivo, en medio de la algarab\u00eda por el 150 aniversario del Carnaval de Cozumel, fueron recibidos los miles de pasajeros que llegaron a bordo del barco m\u00e1s grande del mundo, el Icon of de Seas, que realiz\u00f3 una parada inaugural en esta paradis\u00edaca isla, luego de que ayer visitara Costa Maya. (<a href=\"https:\/\/nitu.mx\/index.php\/2024\/02\/06\/majahual-se-convirtio-en-el-primer-puerto-en-recibir-al-crucero-mas-grande-del-mundo-icon-of-the-seas\/\">Majahual se convirti\u00f3 en el primer puerto en recibir al crucero m\u00e1s grande del mundo, \u201cIcon of the Seas\u201d<\/a>).<\/p>\n\n\n\n<p>Acompa\u00f1ada por la presidenta municipal de Cozumel, Juanita Alonso Marrufo, la gobernadora Mara Lezama Espinosa dio la bienvenida a los cruceristas, a la tripulaci\u00f3n y a los ejecutivos de la empresa Royal Caribbean International que participan en esta jornada inaugural en este destino l\u00edder en turismo de cruceros, pero a la vez generador de empleos formales, con las prestaciones de ley.<\/p>\n\n\n\n<p>\u201cEsta ceremonia viene acompa\u00f1ada por partida doble. Por un lado, la llegada del Icon of the Seas, el crucero m\u00e1s grande del mundo, y los festejos del 150 Aniversario de uno de los Carnavales m\u00e1s importantes de M\u00e9xico, que se celebra aqu\u00ed en Cozumel\u201d explic\u00f3 la titular del Ejecutivo.<\/p>\n\n\n\n<p>A bordo de la nave, la gobernadora Mara Lezama salud\u00f3 a Michael Bayley, presidente y CEO de Royal Caribbean International \u201ccon quien nos une esa filosof\u00eda de que cuando hacemos las cosas bien, los resultados se ven en beneficio para todas y todos\u201d.<\/p>\n\n\n\n<p>Como parte del protocolo, la bienvenida incluy\u00f3 el intercambio de llave y entrega de placas por el Gobierno del Estado y los ejecutivos de la empresa.<\/p>\n\n\n\n<p>La gobernadora de Quintana Roo destac\u00f3 que hoy se transforma la actividad con un Nuevo Modelo Tur\u00edstico que contempla la preservaci\u00f3n de nuestra riqueza natural, atractivos internacionales para miles de turistas y generador de empleos, como se establece en el Nuevo Acuerdo por el Bienestar y Desarrollo que impulsa una prosperidad compartida para todas y todos.<\/p>\n\n\n\n<p>Puntualiz\u00f3 que la llegada del Icon of the Seas no s\u00f3lo significa un nuevo cap\u00edtulo para Cozumel, sino que tambi\u00e9n refuerza<br>nuestra dedicaci\u00f3n responsable vibrante por una actividad que es motor de la econom\u00eda y sustento de miles y miles de quintanarroenses.<\/p>\n\n\n\n<p>Atestiguaron esta bienvenida la coordinadora general de Puerto SEMAR, Ana Laura L\u00f3pez Bautista; el secretario estatal de Turismo, Bernardo Cueto Riestra y el director general de la APIQROO, Vagner Elbiom. <\/p>\n","protected":false},"excerpt":{"rendered":"<p>Con un ambiente festivo, en medio de la algarab\u00eda por el 150 aniversario del Carnaval de Cozumel, fueron recibidos los miles de pasajeros que llegaron a bordo del barco m\u00e1s grande del mundo, el Icon of de Seas, que realiz\u00f3 una parada inaugural en esta paradis\u00edaca isla, luego de que ayer visitara Costa Maya. (Majahual [&hellip;]<\/p>\n","protected":false},"author":17,"featured_media":68298,"comment_status":"open","ping_status":"open","sticky":false,"template":"","format":"standard","meta":{"footnotes":""},"categories":[4],"tags":[110,24046,14077],"yoast_head":"<!-- This site is optimized with the Yoast SEO plugin v22.2 - https:\/\/yoast.com\/wordpress\/plugins\/seo\/ -->\n<title>Festeja Cozumel a ritmo de carnaval el arribo del &quot;Icon of the Seas&quot; - Nitu - Noticias de la Industria Turistica<\/title>\n<meta name=\"robots\" content=\"index, follow, max-snippet:-1, max-image-preview:large, max-video-preview:-1\" \/>\n<link rel=\"canonical\" href=\"https:\/\/nitu.mx\/index.php\/2024\/02\/07\/festeja-cozumel-a-ritmo-de-carnaval-el-arribo-del-icon-of-the-seas\/\" \/>\n<meta name=\"twitter:card\" content=\"summary_large_image\" \/>\n<meta name=\"twitter:title\" content=\"Festeja Cozumel a ritmo de carnaval el arribo del &quot;Icon of the Seas&quot; - Nitu - Noticias de la Industria Turistica\" \/>\n<meta name=\"twitter:description\" content=\"Con un ambiente festivo, en medio de la algarab\u00eda por el 150 aniversario del Carnaval de Cozumel, fueron recibidos los miles de pasajeros que llegaron a bordo del barco m\u00e1s grande del mundo, el Icon of de Seas, que realiz\u00f3 una parada inaugural en esta paradis\u00edaca isla, luego de que ayer visitara Costa Maya. (Majahual [&hellip;]\" \/>\n<meta name=\"twitter:image\" content=\"https:\/\/nitu.mx\/wp-content\/uploads\/2024\/02\/ICON-COZUMEL.jpg\" \/>\n<meta name=\"twitter:creator\" content=\"@NITUmx\" \/>\n<meta name=\"twitter:site\" content=\"@Arturo_Medina_G\" \/>\n<meta name=\"twitter:label1\" content=\"Escrito por\" \/>\n\t<meta name=\"twitter:data1\" content=\"Redacci\u00f3n\" \/>\n\t<meta name=\"twitter:label2\" content=\"Tiempo de lectura\" \/>\n\t<meta name=\"twitter:data2\" content=\"2 minutos\" \/>\n<script type=\"application\/ld+json\" class=\"yoast-schema-graph\">{\"@context\":\"https:\/\/schema.org\",\"@graph\":[{\"@type\":\"Article\",\"@id\":\"https:\/\/nitu.mx\/index.php\/2024\/02\/07\/festeja-cozumel-a-ritmo-de-carnaval-el-arribo-del-icon-of-the-seas\/#article\",\"isPartOf\":{\"@id\":\"https:\/\/nitu.mx\/index.php\/2024\/02\/07\/festeja-cozumel-a-ritmo-de-carnaval-el-arribo-del-icon-of-the-seas\/\"},\"author\":{\"name\":\"Redacci\u00f3n\",\"@id\":\"https:\/\/nitu.mx\/#\/schema\/person\/4a28fe9bd65924f7c90623773daf1b0b\"},\"headline\":\"Festeja Cozumel a ritmo de carnaval el arribo del &#8220;Icon of the Seas&#8221;\",\"datePublished\":\"2024-02-08T03:14:28+00:00\",\"dateModified\":\"2024-02-08T03:14:29+00:00\",\"mainEntityOfPage\":{\"@id\":\"https:\/\/nitu.mx\/index.php\/2024\/02\/07\/festeja-cozumel-a-ritmo-de-carnaval-el-arribo-del-icon-of-the-seas\/\"},\"wordCount\":410,\"commentCount\":0,\"publisher\":{\"@id\":\"https:\/\/nitu.mx\/#\/schema\/person\/ae7a53426417292d3dd07b45a33e01bc\"},\"image\":{\"@id\":\"https:\/\/nitu.mx\/index.php\/2024\/02\/07\/festeja-cozumel-a-ritmo-de-carnaval-el-arribo-del-icon-of-the-seas\/#primaryimage\"},\"thumbnailUrl\":\"https:\/\/nitu.mx\/wp-content\/uploads\/2024\/02\/ICON-COZUMEL.jpg\",\"keywords\":[\"Cozumel\",\"Icon of the Seas\",\"Mara Lezama Espinosa\"],\"articleSection\":[\"Cruceros\"],\"inLanguage\":\"es-MX\",\"potentialAction\":[{\"@type\":\"CommentAction\",\"name\":\"Comment\",\"target\":[\"https:\/\/nitu.mx\/index.php\/2024\/02\/07\/festeja-cozumel-a-ritmo-de-carnaval-el-arribo-del-icon-of-the-seas\/#respond\"]}]},{\"@type\":\"WebPage\",\"@id\":\"https:\/\/nitu.mx\/index.php\/2024\/02\/07\/festeja-cozumel-a-ritmo-de-carnaval-el-arribo-del-icon-of-the-seas\/\",\"url\":\"https:\/\/nitu.mx\/index.php\/2024\/02\/07\/festeja-cozumel-a-ritmo-de-carnaval-el-arribo-del-icon-of-the-seas\/\",\"name\":\"Festeja Cozumel a ritmo de carnaval el arribo del \\\"Icon of the Seas\\\" - Nitu - Noticias de la Industria Turistica\",\"isPartOf\":{\"@id\":\"https:\/\/nitu.mx\/#website\"},\"primaryImageOfPage\":{\"@id\":\"https:\/\/nitu.mx\/index.php\/2024\/02\/07\/festeja-cozumel-a-ritmo-de-carnaval-el-arribo-del-icon-of-the-seas\/#primaryimage\"},\"image\":{\"@id\":\"https:\/\/nitu.mx\/index.php\/2024\/02\/07\/festeja-cozumel-a-ritmo-de-carnaval-el-arribo-del-icon-of-the-seas\/#primaryimage\"},\"thumbnailUrl\":\"https:\/\/nitu.mx\/wp-content\/uploads\/2024\/02\/ICON-COZUMEL.jpg\",\"datePublished\":\"2024-02-08T03:14:28+00:00\",\"dateModified\":\"2024-02-08T03:14:29+00:00\",\"breadcrumb\":{\"@id\":\"https:\/\/nitu.mx\/index.php\/2024\/02\/07\/festeja-cozumel-a-ritmo-de-carnaval-el-arribo-del-icon-of-the-seas\/#breadcrumb\"},\"inLanguage\":\"es-MX\",\"potentialAction\":[{\"@type\":\"ReadAction\",\"target\":[\"https:\/\/nitu.mx\/index.php\/2024\/02\/07\/festeja-cozumel-a-ritmo-de-carnaval-el-arribo-del-icon-of-the-seas\/\"]}]},{\"@type\":\"ImageObject\",\"inLanguage\":\"es-MX\",\"@id\":\"https:\/\/nitu.mx\/index.php\/2024\/02\/07\/festeja-cozumel-a-ritmo-de-carnaval-el-arribo-del-icon-of-the-seas\/#primaryimage\",\"url\":\"https:\/\/nitu.mx\/wp-content\/uploads\/2024\/02\/ICON-COZUMEL.jpg\",\"contentUrl\":\"https:\/\/nitu.mx\/wp-content\/uploads\/2024\/02\/ICON-COZUMEL.jpg\",\"width\":1600,\"height\":976,\"caption\":\"Icon of the Seas\"},{\"@type\":\"BreadcrumbList\",\"@id\":\"https:\/\/nitu.mx\/index.php\/2024\/02\/07\/festeja-cozumel-a-ritmo-de-carnaval-el-arribo-del-icon-of-the-seas\/#breadcrumb\",\"itemListElement\":[{\"@type\":\"ListItem\",\"position\":1,\"name\":\"Inicio\",\"item\":\"https:\/\/nitu.mx\/\"},{\"@type\":\"ListItem\",\"position\":2,\"name\":\"Festeja Cozumel a ritmo de carnaval el arribo del &#8220;Icon of the Seas&#8221;\"}]},{\"@type\":\"WebSite\",\"@id\":\"https:\/\/nitu.mx\/#website\",\"url\":\"https:\/\/nitu.mx\/\",\"name\":\"Nitu - Noticias de la Industria Turistica\",\"description\":\"Noticias de la Industria Turistica\",\"publisher\":{\"@id\":\"https:\/\/nitu.mx\/#\/schema\/person\/ae7a53426417292d3dd07b45a33e01bc\"},\"alternateName\":\"Noticias de la Industria Turistica\",\"potentialAction\":[{\"@type\":\"SearchAction\",\"target\":{\"@type\":\"EntryPoint\",\"urlTemplate\":\"https:\/\/nitu.mx\/?s={search_term_string}\"},\"query-input\":\"required name=search_term_string\"}],\"inLanguage\":\"es-MX\"},{\"@type\":[\"Person\",\"Organization\"],\"@id\":\"https:\/\/nitu.mx\/#\/schema\/person\/ae7a53426417292d3dd07b45a33e01bc\",\"name\":\"Arturo Medina\",\"image\":{\"@type\":\"ImageObject\",\"inLanguage\":\"es-MX\",\"@id\":\"https:\/\/nitu.mx\/#\/schema\/person\/image\/\",\"url\":\"https:\/\/nitu.mx\/wp-content\/uploads\/2024\/04\/4A315622-1904-4D5C-B022-878CDC840E04-90x90-1.jpeg\",\"contentUrl\":\"https:\/\/nitu.mx\/wp-content\/uploads\/2024\/04\/4A315622-1904-4D5C-B022-878CDC840E04-90x90-1.jpeg\",\"width\":90,\"height\":90,\"caption\":\"Arturo Medina\"},\"logo\":{\"@id\":\"https:\/\/nitu.mx\/#\/schema\/person\/image\/\"},\"description\":\"Director NITU.mx, Egresado de la Escuela de Periodismo Carlos Septi\u00e9n Garc\u00eda. Periodista y analista especializado en turismo desde hace 35 a\u00f1os, radicado en Canc\u00fan Q.Roo. arturo@nitu.mx\",\"sameAs\":[\"https:\/\/nitu.mx\",\"https:\/\/www.facebook.com\/NITUmx\/\",\"medinacancun\",\"https:\/\/twitter.com\/@Arturo_Medina_G\"]},{\"@type\":\"Person\",\"@id\":\"https:\/\/nitu.mx\/#\/schema\/person\/4a28fe9bd65924f7c90623773daf1b0b\",\"name\":\"Redacci\u00f3n\",\"image\":{\"@type\":\"ImageObject\",\"inLanguage\":\"es-MX\",\"@id\":\"https:\/\/nitu.mx\/#\/schema\/person\/image\/\",\"url\":\"https:\/\/secure.gravatar.com\/avatar\/5dd011c8ccfc5cd7e4c81e42252aab38?s=96&d=mm&r=g\",\"contentUrl\":\"https:\/\/secure.gravatar.com\/avatar\/5dd011c8ccfc5cd7e4c81e42252aab38?s=96&d=mm&r=g\",\"caption\":\"Redacci\u00f3n\"},\"url\":\"https:\/\/nitu.mx\/index.php\/author\/redaccion\/\"}]}<\/script>\n<!-- \/ Yoast SEO plugin. -->","yoast_head_json":{"title":"Festeja Cozumel a ritmo de carnaval el arribo del \"Icon of the Seas\" - Nitu - Noticias de la Industria Turistica","robots":{"index":"index","follow":"follow","max-snippet":"max-snippet:-1","max-image-preview":"max-image-preview:large","max-video-preview":"max-video-preview:-1"},"canonical":"https:\/\/nitu.mx\/index.php\/2024\/02\/07\/festeja-cozumel-a-ritmo-de-carnaval-el-arribo-del-icon-of-the-seas\/","twitter_card":"summary_large_image","twitter_title":"Festeja Cozumel a ritmo de carnaval el arribo del \"Icon of the Seas\" - Nitu - Noticias de la Industria Turistica","twitter_description":"Con un ambiente festivo, en medio de la algarab\u00eda por el 150 aniversario del Carnaval de Cozumel, fueron recibidos los miles de pasajeros que llegaron a bordo del barco m\u00e1s grande del mundo, el Icon of de Seas, que realiz\u00f3 una parada inaugural en esta paradis\u00edaca isla, luego de que ayer visitara Costa Maya. (Majahual [&hellip;]","twitter_image":"https:\/\/nitu.mx\/wp-content\/uploads\/2024\/02\/ICON-COZUMEL.jpg","twitter_creator":"@NITUmx","twitter_site":"@Arturo_Medina_G","twitter_misc":{"Escrito por":"Redacci\u00f3n","Tiempo de lectura":"2 minutos"},"schema":{"@context":"https:\/\/schema.org","@graph":[{"@type":"Article","@id":"https:\/\/nitu.mx\/index.php\/2024\/02\/07\/festeja-cozumel-a-ritmo-de-carnaval-el-arribo-del-icon-of-the-seas\/#article","isPartOf":{"@id":"https:\/\/nitu.mx\/index.php\/2024\/02\/07\/festeja-cozumel-a-ritmo-de-carnaval-el-arribo-del-icon-of-the-seas\/"},"author":{"name":"Redacci\u00f3n","@id":"https:\/\/nitu.mx\/#\/schema\/person\/4a28fe9bd65924f7c90623773daf1b0b"},"headline":"Festeja Cozumel a ritmo de carnaval el arribo del &#8220;Icon of the Seas&#8221;","datePublished":"2024-02-08T03:14:28+00:00","dateModified":"2024-02-08T03:14:29+00:00","mainEntityOfPage":{"@id":"https:\/\/nitu.mx\/index.php\/2024\/02\/07\/festeja-cozumel-a-ritmo-de-carnaval-el-arribo-del-icon-of-the-seas\/"},"wordCount":410,"commentCount":0,"publisher":{"@id":"https:\/\/nitu.mx\/#\/schema\/person\/ae7a53426417292d3dd07b45a33e01bc"},"image":{"@id":"https:\/\/nitu.mx\/index.php\/2024\/02\/07\/festeja-cozumel-a-ritmo-de-carnaval-el-arribo-del-icon-of-the-seas\/#primaryimage"},"thumbnailUrl":"https:\/\/nitu.mx\/wp-content\/uploads\/2024\/02\/ICON-COZUMEL.jpg","keywords":["Cozumel","Icon of the Seas","Mara Lezama Espinosa"],"articleSection":["Cruceros"],"inLanguage":"es-MX","potentialAction":[{"@type":"CommentAction","name":"Comment","target":["https:\/\/nitu.mx\/index.php\/2024\/02\/07\/festeja-cozumel-a-ritmo-de-carnaval-el-arribo-del-icon-of-the-seas\/#respond"]}]},{"@type":"WebPage","@id":"https:\/\/nitu.mx\/index.php\/2024\/02\/07\/festeja-cozumel-a-ritmo-de-carnaval-el-arribo-del-icon-of-the-seas\/","url":"https:\/\/nitu.mx\/index.php\/2024\/02\/07\/festeja-cozumel-a-ritmo-de-carnaval-el-arribo-del-icon-of-the-seas\/","name":"Festeja Cozumel a ritmo de carnaval el arribo del \"Icon of the Seas\" - Nitu - Noticias de la Industria Turistica","isPartOf":{"@id":"https:\/\/nitu.mx\/#website"},"primaryImageOfPage":{"@id":"https:\/\/nitu.mx\/index.php\/2024\/02\/07\/festeja-cozumel-a-ritmo-de-carnaval-el-arribo-del-icon-of-the-seas\/#primaryimage"},"image":{"@id":"https:\/\/nitu.mx\/index.php\/2024\/02\/07\/festeja-cozumel-a-ritmo-de-carnaval-el-arribo-del-icon-of-the-seas\/#primaryimage"},"thumbnailUrl":"https:\/\/nitu.mx\/wp-content\/uploads\/2024\/02\/ICON-COZUMEL.jpg","datePublished":"2024-02-08T03:14:28+00:00","dateModified":"2024-02-08T03:14:29+00:00","breadcrumb":{"@id":"https:\/\/nitu.mx\/index.php\/2024\/02\/07\/festeja-cozumel-a-ritmo-de-carnaval-el-arribo-del-icon-of-the-seas\/#breadcrumb"},"inLanguage":"es-MX","potentialAction":[{"@type":"ReadAction","target":["https:\/\/nitu.mx\/index.php\/2024\/02\/07\/festeja-cozumel-a-ritmo-de-carnaval-el-arribo-del-icon-of-the-seas\/"]}]},{"@type":"ImageObject","inLanguage":"es-MX","@id":"https:\/\/nitu.mx\/index.php\/2024\/02\/07\/festeja-cozumel-a-ritmo-de-carnaval-el-arribo-del-icon-of-the-seas\/#primaryimage","url":"https:\/\/nitu.mx\/wp-content\/uploads\/2024\/02\/ICON-COZUMEL.jpg","contentUrl":"https:\/\/nitu.mx\/wp-content\/uploads\/2024\/02\/ICON-COZUMEL.jpg","width":1600,"height":976,"caption":"Icon of the Seas"},{"@type":"BreadcrumbList","@id":"https:\/\/nitu.mx\/index.php\/2024\/02\/07\/festeja-cozumel-a-ritmo-de-carnaval-el-arribo-del-icon-of-the-seas\/#breadcrumb","itemListElement":[{"@type":"ListItem","position":1,"name":"Inicio","item":"https:\/\/nitu.mx\/"},{"@type":"ListItem","position":2,"name":"Festeja Cozumel a ritmo de carnaval el arribo del &#8220;Icon of the Seas&#8221;"}]},{"@type":"WebSite","@id":"https:\/\/nitu.mx\/#website","url":"https:\/\/nitu.mx\/","name":"Nitu - Noticias de la Industria Turistica","description":"Noticias de la Industria Turistica","publisher":{"@id":"https:\/\/nitu.mx\/#\/schema\/person\/ae7a53426417292d3dd07b45a33e01bc"},"alternateName":"Noticias de la Industria Turistica","potentialAction":[{"@type":"SearchAction","target":{"@type":"EntryPoint","urlTemplate":"https:\/\/nitu.mx\/?s={search_term_string}"},"query-input":"required name=search_term_string"}],"inLanguage":"es-MX"},{"@type":["Person","Organization"],"@id":"https:\/\/nitu.mx\/#\/schema\/person\/ae7a53426417292d3dd07b45a33e01bc","name":"Arturo Medina","image":{"@type":"ImageObject","inLanguage":"es-MX","@id":"https:\/\/nitu.mx\/#\/schema\/person\/image\/","url":"https:\/\/nitu.mx\/wp-content\/uploads\/2024\/04\/4A315622-1904-4D5C-B022-878CDC840E04-90x90-1.jpeg","contentUrl":"https:\/\/nitu.mx\/wp-content\/uploads\/2024\/04\/4A315622-1904-4D5C-B022-878CDC840E04-90x90-1.jpeg","width":90,"height":90,"caption":"Arturo Medina"},"logo":{"@id":"https:\/\/nitu.mx\/#\/schema\/person\/image\/"},"description":"Director NITU.mx, Egresado de la Escuela de Periodismo Carlos Septi\u00e9n Garc\u00eda. Periodista y analista especializado en turismo desde hace 35 a\u00f1os, radicado en Canc\u00fan Q.Roo. arturo@nitu.mx","sameAs":["https:\/\/nitu.mx","https:\/\/www.facebook.com\/NITUmx\/","medinacancun","https:\/\/twitter.com\/@Arturo_Medina_G"]},{"@type":"Person","@id":"https:\/\/nitu.mx\/#\/schema\/person\/4a28fe9bd65924f7c90623773daf1b0b","name":"Redacci\u00f3n","image":{"@type":"ImageObject","inLanguage":"es-MX","@id":"https:\/\/nitu.mx\/#\/schema\/person\/image\/","url":"https:\/\/secure.gravatar.com\/avatar\/5dd011c8ccfc5cd7e4c81e42252aab38?s=96&d=mm&r=g","contentUrl":"https:\/\/secure.gravatar.com\/avatar\/5dd011c8ccfc5cd7e4c81e42252aab38?s=96&d=mm&r=g","caption":"Redacci\u00f3n"},"url":"https:\/\/nitu.mx\/index.php\/author\/redaccion\/"}]}},"views":513,"_links":{"self":[{"href":"https:\/\/nitu.mx\/index.php\/wp-json\/wp\/v2\/posts\/68296"}],"collection":[{"href":"https:\/\/nitu.mx\/index.php\/wp-json\/wp\/v2\/posts"}],"about":[{"href":"https:\/\/nitu.mx\/index.php\/wp-json\/wp\/v2\/types\/post"}],"author":[{"embeddable":true,"href":"https:\/\/nitu.mx\/index.php\/wp-json\/wp\/v2\/users\/17"}],"replies":[{"embeddable":true,"href":"https:\/\/nitu.mx\/index.php\/wp-json\/wp\/v2\/comments?post=68296"}],"version-history":[{"count":4,"href":"https:\/\/nitu.mx\/index.php\/wp-json\/wp\/v2\/posts\/68296\/revisions"}],"predecessor-version":[{"id":68319,"href":"https:\/\/nitu.mx\/index.php\/wp-json\/wp\/v2\/posts\/68296\/revisions\/68319"}],"wp:featuredmedia":[{"embeddable":true,"href":"https:\/\/nitu.mx\/index.php\/wp-json\/wp\/v2\/media\/68298"}],"wp:attachment":[{"href":"https:\/\/nitu.mx\/index.php\/wp-json\/wp\/v2\/media?parent=68296"}],"wp:term":[{"taxonomy":"category","embeddable":true,"href":"https:\/\/nitu.mx\/index.php\/wp-json\/wp\/v2\/categories?post=68296"},{"taxonomy":"post_tag","embeddable":true,"href":"https:\/\/nitu.mx\/index.php\/wp-json\/wp\/v2\/tags?post=68296"}],"curies":[{"name":"wp","href":"https:\/\/api.w.org\/{rel}","templated":true}]}}