{"id":68247,"date":"2024-02-06T21:58:28","date_gmt":"2024-02-07T03:58:28","guid":{"rendered":"https:\/\/nitu.mx\/?p=68247"},"modified":"2024-02-06T23:44:36","modified_gmt":"2024-02-07T05:44:36","slug":"gabriel-escarrer-urge-cambios-en-turismo-en-espana","status":"publish","type":"post","link":"https:\/\/nitu.mx\/index.php\/2024\/02\/06\/gabriel-escarrer-urge-cambios-en-turismo-en-espana\/","title":{"rendered":"Gabriel Escarrer urge cambios en turismo en Espa\u00f1a"},"content":{"rendered":"<p>Uno de los hombres m\u00e1s influyentes en el turismo espa\u00f1ol, Gabriel Escarrer, presidente y Consejero Delegado de Meli\u00e1 Hotels International, se\u00f1al\u00f3 durante su participaci\u00f3n en Fitur, diversos puntos de relevancia, como que \u201c\u2026 se hace evidente la necesidad de abordar nuevos desaf\u00edos sociales y medioambientales en la industria tur\u00edstica.<\/p>\n<p>\u201cDesde EXCELTUR, se propone una nueva hoja de ruta centrada en principios \u00e9ticos y consensos entre los sectores p\u00fablico y privado. Esta hoja de ruta se estructura en cinco ejes: aliviar la saturaci\u00f3n de destinos, salvaguardar la identidad de los lugares, mejorar las condiciones laborales, promover la conciencia ambiental y mejorar la gobernanza tur\u00edstica\u201d.<\/p>\n<p>Refiri\u00f3 que el turismo en Espa\u00f1a ha experimentado un crecimiento significativo en 2023, alcanzando una actividad econ\u00f3mica estimada en 186 mil 596 millones de euros, lo que representa el 12.8% del PIB nacional.<\/p>\n<p>Este crecimiento del 13.1% respecto al a\u00f1o anterior ha sido un factor clave en el impulso econ\u00f3mico del pa\u00eds, representando el 70.8% del crecimiento general. Sin embargo, este \u00e9xito no debe ocultar los desaf\u00edos que enfrentan muchas empresas tur\u00edsticas, especialmente debido a la falta de apoyo durante la crisis provocada por la pandemia.<\/p>\n<p>En este contexto, se destaca la importancia de una colaboraci\u00f3n estrecha entre el gobierno y el sector privado para abordar estos desaf\u00edos de manera efectiva. Hizo llamamientos espec\u00edficos para priorizar el turismo a nivel pol\u00edtico, establecer una hoja de ruta estrat\u00e9gica a largo plazo, fomentar la inversi\u00f3n en infraestructuras tur\u00edsticas y mejorar la percepci\u00f3n social del turismo.<\/p>\n<p>En resumen, el crecimiento del turismo en Espa\u00f1a es motivo de celebraci\u00f3n, pero, dijo se necesita una visi\u00f3n m\u00e1s amplia y un enfoque colaborativo para enfrentar los desaf\u00edos futuros y construir un turismo m\u00e1s responsable, inclusivo y sostenible. (<a href=\"https:\/\/nitu.mx\/index.php\/2024\/01\/31\/melia-crecera-en-republica-dominicana-con-desarrollo-en-puerto-plata\/\">Meli\u00e1 crecer\u00e1 en Rep\u00fablica Dominicana con desarrollo en Puerto Plata<\/a>).<\/p>\n","protected":false},"excerpt":{"rendered":"<p>Uno de los hombres m\u00e1s influyentes en el turismo espa\u00f1ol, Gabriel Escarrer, presidente y Consejero Delegado de Meli\u00e1 Hotels International, se\u00f1al\u00f3 durante su participaci\u00f3n en Fitur, diversos puntos de relevancia, como que \u201c\u2026 se hace evidente la necesidad de abordar nuevos desaf\u00edos sociales y medioambientales en la industria tur\u00edstica. \u201cDesde EXCELTUR, se propone una nueva [&hellip;]<\/p>\n","protected":false},"author":17,"featured_media":51913,"comment_status":"open","ping_status":"open","sticky":false,"template":"","format":"standard","meta":{"footnotes":""},"categories":[2],"tags":[1213,2703,11848,6595,16335],"yoast_head":"<!-- This site is optimized with the Yoast SEO plugin v22.2 - https:\/\/yoast.com\/wordpress\/plugins\/seo\/ -->\n<title>Gabriel Escarrer urge cambios en turismo en Espa\u00f1a - Nitu - Noticias de la Industria Turistica<\/title>\n<meta name=\"robots\" content=\"index, follow, max-snippet:-1, max-image-preview:large, max-video-preview:-1\" \/>\n<link rel=\"canonical\" href=\"https:\/\/nitu.mx\/index.php\/2024\/02\/06\/gabriel-escarrer-urge-cambios-en-turismo-en-espana\/\" \/>\n<meta name=\"twitter:card\" content=\"summary_large_image\" \/>\n<meta name=\"twitter:title\" content=\"Gabriel Escarrer urge cambios en turismo en Espa\u00f1a - Nitu - Noticias de la Industria Turistica\" \/>\n<meta name=\"twitter:description\" content=\"Uno de los hombres m\u00e1s influyentes en el turismo espa\u00f1ol, Gabriel Escarrer, presidente y Consejero Delegado de Meli\u00e1 Hotels International, se\u00f1al\u00f3 durante su participaci\u00f3n en Fitur, diversos puntos de relevancia, como que \u201c\u2026 se hace evidente la necesidad de abordar nuevos desaf\u00edos sociales y medioambientales en la industria tur\u00edstica. \u201cDesde EXCELTUR, se propone una nueva [&hellip;]\" \/>\n<meta name=\"twitter:image\" content=\"https:\/\/nitu.mx\/wp-content\/uploads\/2021\/04\/Gabriel-Escarrer-Melia.jpg\" \/>\n<meta name=\"twitter:creator\" content=\"@NITUmx\" \/>\n<meta name=\"twitter:site\" content=\"@Arturo_Medina_G\" \/>\n<meta name=\"twitter:label1\" content=\"Escrito por\" \/>\n\t<meta name=\"twitter:data1\" content=\"Redacci\u00f3n\" \/>\n\t<meta name=\"twitter:label2\" content=\"Tiempo de lectura\" \/>\n\t<meta name=\"twitter:data2\" content=\"2 minutos\" \/>\n<script type=\"application\/ld+json\" class=\"yoast-schema-graph\">{\"@context\":\"https:\/\/schema.org\",\"@graph\":[{\"@type\":\"Article\",\"@id\":\"https:\/\/nitu.mx\/index.php\/2024\/02\/06\/gabriel-escarrer-urge-cambios-en-turismo-en-espana\/#article\",\"isPartOf\":{\"@id\":\"https:\/\/nitu.mx\/index.php\/2024\/02\/06\/gabriel-escarrer-urge-cambios-en-turismo-en-espana\/\"},\"author\":{\"name\":\"Redacci\u00f3n\",\"@id\":\"https:\/\/nitu.mx\/#\/schema\/person\/4a28fe9bd65924f7c90623773daf1b0b\"},\"headline\":\"Gabriel Escarrer urge cambios en turismo en Espa\u00f1a\",\"datePublished\":\"2024-02-07T03:58:28+00:00\",\"dateModified\":\"2024-02-07T05:44:36+00:00\",\"mainEntityOfPage\":{\"@id\":\"https:\/\/nitu.mx\/index.php\/2024\/02\/06\/gabriel-escarrer-urge-cambios-en-turismo-en-espana\/\"},\"wordCount\":327,\"commentCount\":0,\"publisher\":{\"@id\":\"https:\/\/nitu.mx\/#\/schema\/person\/ae7a53426417292d3dd07b45a33e01bc\"},\"image\":{\"@id\":\"https:\/\/nitu.mx\/index.php\/2024\/02\/06\/gabriel-escarrer-urge-cambios-en-turismo-en-espana\/#primaryimage\"},\"thumbnailUrl\":\"https:\/\/nitu.mx\/wp-content\/uploads\/2021\/04\/Gabriel-Escarrer-Melia.jpg\",\"keywords\":[\"Espa\u00f1a\",\"FITUR\",\"Gabriel Escarrer\",\"Meli\u00e1 Hotels International\",\"turismo espa\u00f1ol\"],\"articleSection\":[\"Hoteles\"],\"inLanguage\":\"es-MX\",\"potentialAction\":[{\"@type\":\"CommentAction\",\"name\":\"Comment\",\"target\":[\"https:\/\/nitu.mx\/index.php\/2024\/02\/06\/gabriel-escarrer-urge-cambios-en-turismo-en-espana\/#respond\"]}]},{\"@type\":\"WebPage\",\"@id\":\"https:\/\/nitu.mx\/index.php\/2024\/02\/06\/gabriel-escarrer-urge-cambios-en-turismo-en-espana\/\",\"url\":\"https:\/\/nitu.mx\/index.php\/2024\/02\/06\/gabriel-escarrer-urge-cambios-en-turismo-en-espana\/\",\"name\":\"Gabriel Escarrer urge cambios en turismo en Espa\u00f1a - Nitu - Noticias de la Industria Turistica\",\"isPartOf\":{\"@id\":\"https:\/\/nitu.mx\/#website\"},\"primaryImageOfPage\":{\"@id\":\"https:\/\/nitu.mx\/index.php\/2024\/02\/06\/gabriel-escarrer-urge-cambios-en-turismo-en-espana\/#primaryimage\"},\"image\":{\"@id\":\"https:\/\/nitu.mx\/index.php\/2024\/02\/06\/gabriel-escarrer-urge-cambios-en-turismo-en-espana\/#primaryimage\"},\"thumbnailUrl\":\"https:\/\/nitu.mx\/wp-content\/uploads\/2021\/04\/Gabriel-Escarrer-Melia.jpg\",\"datePublished\":\"2024-02-07T03:58:28+00:00\",\"dateModified\":\"2024-02-07T05:44:36+00:00\",\"breadcrumb\":{\"@id\":\"https:\/\/nitu.mx\/index.php\/2024\/02\/06\/gabriel-escarrer-urge-cambios-en-turismo-en-espana\/#breadcrumb\"},\"inLanguage\":\"es-MX\",\"potentialAction\":[{\"@type\":\"ReadAction\",\"target\":[\"https:\/\/nitu.mx\/index.php\/2024\/02\/06\/gabriel-escarrer-urge-cambios-en-turismo-en-espana\/\"]}]},{\"@type\":\"ImageObject\",\"inLanguage\":\"es-MX\",\"@id\":\"https:\/\/nitu.mx\/index.php\/2024\/02\/06\/gabriel-escarrer-urge-cambios-en-turismo-en-espana\/#primaryimage\",\"url\":\"https:\/\/nitu.mx\/wp-content\/uploads\/2021\/04\/Gabriel-Escarrer-Melia.jpg\",\"contentUrl\":\"https:\/\/nitu.mx\/wp-content\/uploads\/2021\/04\/Gabriel-Escarrer-Melia.jpg\",\"width\":1200,\"height\":675,\"caption\":\"Gabriel Escarrer Melia\"},{\"@type\":\"BreadcrumbList\",\"@id\":\"https:\/\/nitu.mx\/index.php\/2024\/02\/06\/gabriel-escarrer-urge-cambios-en-turismo-en-espana\/#breadcrumb\",\"itemListElement\":[{\"@type\":\"ListItem\",\"position\":1,\"name\":\"Inicio\",\"item\":\"https:\/\/nitu.mx\/\"},{\"@type\":\"ListItem\",\"position\":2,\"name\":\"Gabriel Escarrer urge cambios en turismo en Espa\u00f1a\"}]},{\"@type\":\"WebSite\",\"@id\":\"https:\/\/nitu.mx\/#website\",\"url\":\"https:\/\/nitu.mx\/\",\"name\":\"Nitu - Noticias de la Industria Turistica\",\"description\":\"Noticias de la Industria Turistica\",\"publisher\":{\"@id\":\"https:\/\/nitu.mx\/#\/schema\/person\/ae7a53426417292d3dd07b45a33e01bc\"},\"alternateName\":\"Noticias de la Industria Turistica\",\"potentialAction\":[{\"@type\":\"SearchAction\",\"target\":{\"@type\":\"EntryPoint\",\"urlTemplate\":\"https:\/\/nitu.mx\/?s={search_term_string}\"},\"query-input\":\"required name=search_term_string\"}],\"inLanguage\":\"es-MX\"},{\"@type\":[\"Person\",\"Organization\"],\"@id\":\"https:\/\/nitu.mx\/#\/schema\/person\/ae7a53426417292d3dd07b45a33e01bc\",\"name\":\"Arturo Medina\",\"image\":{\"@type\":\"ImageObject\",\"inLanguage\":\"es-MX\",\"@id\":\"https:\/\/nitu.mx\/#\/schema\/person\/image\/\",\"url\":\"https:\/\/nitu.mx\/wp-content\/uploads\/2024\/04\/4A315622-1904-4D5C-B022-878CDC840E04-90x90-1.jpeg\",\"contentUrl\":\"https:\/\/nitu.mx\/wp-content\/uploads\/2024\/04\/4A315622-1904-4D5C-B022-878CDC840E04-90x90-1.jpeg\",\"width\":90,\"height\":90,\"caption\":\"Arturo Medina\"},\"logo\":{\"@id\":\"https:\/\/nitu.mx\/#\/schema\/person\/image\/\"},\"description\":\"Director NITU.mx, Egresado de la Escuela de Periodismo Carlos Septi\u00e9n Garc\u00eda. Periodista y analista especializado en turismo desde hace 35 a\u00f1os, radicado en Canc\u00fan Q.Roo. arturo@nitu.mx\",\"sameAs\":[\"https:\/\/nitu.mx\",\"https:\/\/www.facebook.com\/NITUmx\/\",\"medinacancun\",\"https:\/\/twitter.com\/@Arturo_Medina_G\"]},{\"@type\":\"Person\",\"@id\":\"https:\/\/nitu.mx\/#\/schema\/person\/4a28fe9bd65924f7c90623773daf1b0b\",\"name\":\"Redacci\u00f3n\",\"image\":{\"@type\":\"ImageObject\",\"inLanguage\":\"es-MX\",\"@id\":\"https:\/\/nitu.mx\/#\/schema\/person\/image\/\",\"url\":\"https:\/\/secure.gravatar.com\/avatar\/5dd011c8ccfc5cd7e4c81e42252aab38?s=96&d=mm&r=g\",\"contentUrl\":\"https:\/\/secure.gravatar.com\/avatar\/5dd011c8ccfc5cd7e4c81e42252aab38?s=96&d=mm&r=g\",\"caption\":\"Redacci\u00f3n\"},\"url\":\"https:\/\/nitu.mx\/index.php\/author\/redaccion\/\"}]}<\/script>\n<!-- \/ Yoast SEO plugin. -->","yoast_head_json":{"title":"Gabriel Escarrer urge cambios en turismo en Espa\u00f1a - Nitu - Noticias de la Industria Turistica","robots":{"index":"index","follow":"follow","max-snippet":"max-snippet:-1","max-image-preview":"max-image-preview:large","max-video-preview":"max-video-preview:-1"},"canonical":"https:\/\/nitu.mx\/index.php\/2024\/02\/06\/gabriel-escarrer-urge-cambios-en-turismo-en-espana\/","twitter_card":"summary_large_image","twitter_title":"Gabriel Escarrer urge cambios en turismo en Espa\u00f1a - Nitu - Noticias de la Industria Turistica","twitter_description":"Uno de los hombres m\u00e1s influyentes en el turismo espa\u00f1ol, Gabriel Escarrer, presidente y Consejero Delegado de Meli\u00e1 Hotels International, se\u00f1al\u00f3 durante su participaci\u00f3n en Fitur, diversos puntos de relevancia, como que \u201c\u2026 se hace evidente la necesidad de abordar nuevos desaf\u00edos sociales y medioambientales en la industria tur\u00edstica. \u201cDesde EXCELTUR, se propone una nueva [&hellip;]","twitter_image":"https:\/\/nitu.mx\/wp-content\/uploads\/2021\/04\/Gabriel-Escarrer-Melia.jpg","twitter_creator":"@NITUmx","twitter_site":"@Arturo_Medina_G","twitter_misc":{"Escrito por":"Redacci\u00f3n","Tiempo de lectura":"2 minutos"},"schema":{"@context":"https:\/\/schema.org","@graph":[{"@type":"Article","@id":"https:\/\/nitu.mx\/index.php\/2024\/02\/06\/gabriel-escarrer-urge-cambios-en-turismo-en-espana\/#article","isPartOf":{"@id":"https:\/\/nitu.mx\/index.php\/2024\/02\/06\/gabriel-escarrer-urge-cambios-en-turismo-en-espana\/"},"author":{"name":"Redacci\u00f3n","@id":"https:\/\/nitu.mx\/#\/schema\/person\/4a28fe9bd65924f7c90623773daf1b0b"},"headline":"Gabriel Escarrer urge cambios en turismo en Espa\u00f1a","datePublished":"2024-02-07T03:58:28+00:00","dateModified":"2024-02-07T05:44:36+00:00","mainEntityOfPage":{"@id":"https:\/\/nitu.mx\/index.php\/2024\/02\/06\/gabriel-escarrer-urge-cambios-en-turismo-en-espana\/"},"wordCount":327,"commentCount":0,"publisher":{"@id":"https:\/\/nitu.mx\/#\/schema\/person\/ae7a53426417292d3dd07b45a33e01bc"},"image":{"@id":"https:\/\/nitu.mx\/index.php\/2024\/02\/06\/gabriel-escarrer-urge-cambios-en-turismo-en-espana\/#primaryimage"},"thumbnailUrl":"https:\/\/nitu.mx\/wp-content\/uploads\/2021\/04\/Gabriel-Escarrer-Melia.jpg","keywords":["Espa\u00f1a","FITUR","Gabriel Escarrer","Meli\u00e1 Hotels International","turismo espa\u00f1ol"],"articleSection":["Hoteles"],"inLanguage":"es-MX","potentialAction":[{"@type":"CommentAction","name":"Comment","target":["https:\/\/nitu.mx\/index.php\/2024\/02\/06\/gabriel-escarrer-urge-cambios-en-turismo-en-espana\/#respond"]}]},{"@type":"WebPage","@id":"https:\/\/nitu.mx\/index.php\/2024\/02\/06\/gabriel-escarrer-urge-cambios-en-turismo-en-espana\/","url":"https:\/\/nitu.mx\/index.php\/2024\/02\/06\/gabriel-escarrer-urge-cambios-en-turismo-en-espana\/","name":"Gabriel Escarrer urge cambios en turismo en Espa\u00f1a - Nitu - Noticias de la Industria Turistica","isPartOf":{"@id":"https:\/\/nitu.mx\/#website"},"primaryImageOfPage":{"@id":"https:\/\/nitu.mx\/index.php\/2024\/02\/06\/gabriel-escarrer-urge-cambios-en-turismo-en-espana\/#primaryimage"},"image":{"@id":"https:\/\/nitu.mx\/index.php\/2024\/02\/06\/gabriel-escarrer-urge-cambios-en-turismo-en-espana\/#primaryimage"},"thumbnailUrl":"https:\/\/nitu.mx\/wp-content\/uploads\/2021\/04\/Gabriel-Escarrer-Melia.jpg","datePublished":"2024-02-07T03:58:28+00:00","dateModified":"2024-02-07T05:44:36+00:00","breadcrumb":{"@id":"https:\/\/nitu.mx\/index.php\/2024\/02\/06\/gabriel-escarrer-urge-cambios-en-turismo-en-espana\/#breadcrumb"},"inLanguage":"es-MX","potentialAction":[{"@type":"ReadAction","target":["https:\/\/nitu.mx\/index.php\/2024\/02\/06\/gabriel-escarrer-urge-cambios-en-turismo-en-espana\/"]}]},{"@type":"ImageObject","inLanguage":"es-MX","@id":"https:\/\/nitu.mx\/index.php\/2024\/02\/06\/gabriel-escarrer-urge-cambios-en-turismo-en-espana\/#primaryimage","url":"https:\/\/nitu.mx\/wp-content\/uploads\/2021\/04\/Gabriel-Escarrer-Melia.jpg","contentUrl":"https:\/\/nitu.mx\/wp-content\/uploads\/2021\/04\/Gabriel-Escarrer-Melia.jpg","width":1200,"height":675,"caption":"Gabriel Escarrer Melia"},{"@type":"BreadcrumbList","@id":"https:\/\/nitu.mx\/index.php\/2024\/02\/06\/gabriel-escarrer-urge-cambios-en-turismo-en-espana\/#breadcrumb","itemListElement":[{"@type":"ListItem","position":1,"name":"Inicio","item":"https:\/\/nitu.mx\/"},{"@type":"ListItem","position":2,"name":"Gabriel Escarrer urge cambios en turismo en Espa\u00f1a"}]},{"@type":"WebSite","@id":"https:\/\/nitu.mx\/#website","url":"https:\/\/nitu.mx\/","name":"Nitu - Noticias de la Industria Turistica","description":"Noticias de la Industria Turistica","publisher":{"@id":"https:\/\/nitu.mx\/#\/schema\/person\/ae7a53426417292d3dd07b45a33e01bc"},"alternateName":"Noticias de la Industria Turistica","potentialAction":[{"@type":"SearchAction","target":{"@type":"EntryPoint","urlTemplate":"https:\/\/nitu.mx\/?s={search_term_string}"},"query-input":"required name=search_term_string"}],"inLanguage":"es-MX"},{"@type":["Person","Organization"],"@id":"https:\/\/nitu.mx\/#\/schema\/person\/ae7a53426417292d3dd07b45a33e01bc","name":"Arturo Medina","image":{"@type":"ImageObject","inLanguage":"es-MX","@id":"https:\/\/nitu.mx\/#\/schema\/person\/image\/","url":"https:\/\/nitu.mx\/wp-content\/uploads\/2024\/04\/4A315622-1904-4D5C-B022-878CDC840E04-90x90-1.jpeg","contentUrl":"https:\/\/nitu.mx\/wp-content\/uploads\/2024\/04\/4A315622-1904-4D5C-B022-878CDC840E04-90x90-1.jpeg","width":90,"height":90,"caption":"Arturo Medina"},"logo":{"@id":"https:\/\/nitu.mx\/#\/schema\/person\/image\/"},"description":"Director NITU.mx, Egresado de la Escuela de Periodismo Carlos Septi\u00e9n Garc\u00eda. Periodista y analista especializado en turismo desde hace 35 a\u00f1os, radicado en Canc\u00fan Q.Roo. arturo@nitu.mx","sameAs":["https:\/\/nitu.mx","https:\/\/www.facebook.com\/NITUmx\/","medinacancun","https:\/\/twitter.com\/@Arturo_Medina_G"]},{"@type":"Person","@id":"https:\/\/nitu.mx\/#\/schema\/person\/4a28fe9bd65924f7c90623773daf1b0b","name":"Redacci\u00f3n","image":{"@type":"ImageObject","inLanguage":"es-MX","@id":"https:\/\/nitu.mx\/#\/schema\/person\/image\/","url":"https:\/\/secure.gravatar.com\/avatar\/5dd011c8ccfc5cd7e4c81e42252aab38?s=96&d=mm&r=g","contentUrl":"https:\/\/secure.gravatar.com\/avatar\/5dd011c8ccfc5cd7e4c81e42252aab38?s=96&d=mm&r=g","caption":"Redacci\u00f3n"},"url":"https:\/\/nitu.mx\/index.php\/author\/redaccion\/"}]}},"views":459,"_links":{"self":[{"href":"https:\/\/nitu.mx\/index.php\/wp-json\/wp\/v2\/posts\/68247"}],"collection":[{"href":"https:\/\/nitu.mx\/index.php\/wp-json\/wp\/v2\/posts"}],"about":[{"href":"https:\/\/nitu.mx\/index.php\/wp-json\/wp\/v2\/types\/post"}],"author":[{"embeddable":true,"href":"https:\/\/nitu.mx\/index.php\/wp-json\/wp\/v2\/users\/17"}],"replies":[{"embeddable":true,"href":"https:\/\/nitu.mx\/index.php\/wp-json\/wp\/v2\/comments?post=68247"}],"version-history":[{"count":2,"href":"https:\/\/nitu.mx\/index.php\/wp-json\/wp\/v2\/posts\/68247\/revisions"}],"predecessor-version":[{"id":68270,"href":"https:\/\/nitu.mx\/index.php\/wp-json\/wp\/v2\/posts\/68247\/revisions\/68270"}],"wp:featuredmedia":[{"embeddable":true,"href":"https:\/\/nitu.mx\/index.php\/wp-json\/wp\/v2\/media\/51913"}],"wp:attachment":[{"href":"https:\/\/nitu.mx\/index.php\/wp-json\/wp\/v2\/media?parent=68247"}],"wp:term":[{"taxonomy":"category","embeddable":true,"href":"https:\/\/nitu.mx\/index.php\/wp-json\/wp\/v2\/categories?post=68247"},{"taxonomy":"post_tag","embeddable":true,"href":"https:\/\/nitu.mx\/index.php\/wp-json\/wp\/v2\/tags?post=68247"}],"curies":[{"name":"wp","href":"https:\/\/api.w.org\/{rel}","templated":true}]}}