{"id":67998,"date":"2024-01-26T04:43:00","date_gmt":"2024-01-26T10:43:00","guid":{"rendered":"https:\/\/nitu.mx\/?p=67998"},"modified":"2024-01-26T04:43:01","modified_gmt":"2024-01-26T10:43:01","slug":"presentan-mexico-el-salvador-honduras-y-guatemala-plan-mundo-maya","status":"publish","type":"post","link":"https:\/\/nitu.mx\/index.php\/2024\/01\/26\/presentan-mexico-el-salvador-honduras-y-guatemala-plan-mundo-maya\/","title":{"rendered":"Presentan M\u00e9xico, El Salvador, Honduras, y Guatemala Plan Mundo Maya"},"content":{"rendered":"\n<p>Con la presencia de cinco de ministros de turismo: M\u00e9xico, Belice, El Salvador, Honduras y Guatemala, la gobernadora Mara Lezama Espinosa particip\u00f3 en la presentaci\u00f3n e inicio formal del Plan de Trabajo Mundo Maya M\u00e9xico, para fortalecer el desarrollo del sureste de M\u00e9xico y como parte la nueva era de turismo.<\/p>\n\n\n\n<p>La gobernadora destac\u00f3 que en el marco de la FITUR 2024 se firm\u00f3 el Plan de Trabajo del Mundo Maya M\u00e9xico, una iniciativa para promover la actividad comunitaria y sustentable en el turismo y con ello ampliar la oferta de experiencias tur\u00edsticas y culturales, todo con perspectiva social y amigable con el medio ambiente.<\/p>\n\n\n\n<p>\u201cTrabajamos en coordinaci\u00f3n con el Gobierno de M\u00e9xico, con Campeche, Chiapas, Tabasco y Yucat\u00e1n, para rescatar la esencia de nuestros or\u00edgenes, impulsando el crecimiento econ\u00f3mico y el desarrollo de la regi\u00f3n, con justicia social. Con la llegada del Tren Maya avanzamos en esta importante agenda\u201d a\u00f1adi\u00f3 Mara Lezama.<\/p>\n\n\n\n<p>Esta presentaci\u00f3n se hizo en el sal\u00f3n Neptuno del Instituto Ferial de Madrid (IFEMA), en el marco de la Feria Internacional de Turismo (FITUR) 2024, con la asistencia de la viceministra de Turismo de Honduras Reizel Vilorio; el ministro de Turismo de Belice Anthony Mahler; el director del Inguat de Guatemala Harris Whitbeck; el embajador de El Salvador en Espa\u00f1a Jorge Mazza, y el secretario de Turismo de M\u00e9xico Miguel Torruco Marqu\u00e9s, a quienes la primera mujer gobernadora de Quintana Roo agradeci\u00f3n que se hayan sumado a conocer este plan de trabajo con un fuerte enfoque social, tur\u00edstico y cultural.<\/p>\n\n\n\n<p>Acompa\u00f1ada por las presidentas municipales de Cozumel, Juanita Alonso Marrufo; de Puerto Morelos, Blanca Merari Tziu; de Isla Mujeres, Atenea G\u00f3mez y de Benito Ju\u00e1rez, Ana Paty Peralta de la Pe\u00f1a, la gobernadora de Quintana Roo expres\u00f3 que uno de los prop\u00f3sitos del plan de trabajo est\u00e1 acompa\u00f1ado de la reciente inauguraci\u00f3n del Tren Maya que recorre los 5 estados del sureste del pa\u00eds, inmersos en el Mundo Maya Mexicano, y que en su trayecto lleva justicia social a las comunidades por donde pasa.<\/p>\n\n\n\n<p>Agreg\u00f3 que este plan de trabajo privilegia las riquezas naturales, arqueol\u00f3gicas, su gente, el patrimonio invaluable para la humanidad, como se plante\u00f3 en junio de 2023 en Canc\u00fan, el destino m\u00e1s importante de Latinoam\u00e9rica, para delinear justamente este programa para el Mundo Maya.<\/p>\n\n\n\n<p>Mara Lezama insisti\u00f3 en la conservaci\u00f3n de la riqueza biocultural de la regi\u00f3n a trav\u00e9s de la actividad tur\u00edstica comunitaria, en la que los verdaderos protagonistas sean las comunidades.<\/p>\n\n\n\n<p>\u201cQueremos que la gente pueda ir a Maya Ka\u2019an, a Felipe Carrillo Puerto, a Jos\u00e9 Mar\u00eda Morelos, a los lugares en donde se gest\u00f3 la Guerra de Castas, que conozcan Petcacab, que conozcan Xpichil, que conozcan las manos extraordinarias de mujeres que bordan estas piezas\u201d, dijo.<\/p>\n\n\n\n<p>Cit\u00f3 la prenda que port\u00f3 fue elaborada por una mujer que se tard\u00f3 tres meses. \u201cEst\u00e1 en un lugar de Felipe Carrillo Puerto y no queremos que desaparezca, queremos que el mundo conozca lo que hace, que vean los bordados, c\u00f3mo urden hamacas, que vean c\u00f3mo talla madera. Queremos que prueben el saz\u00f3n de las ind\u00edgenas mayas, queremos que vayan a sus comunidades\u201d.<\/p>\n\n\n\n<p>Este plan de trabajo establece acciones de gesti\u00f3n tur\u00edstica sustentable, fortalecimiento de la oferta tur\u00edstica y el posicionamiento de destino, acorde con las pol\u00edticas p\u00fablicas del Gobierno de M\u00e9xico y el esp\u00edritu que da pie al Nuevo Acuerdo por el Bienestar y Desarrollo de Quintana Roo, generar prosperidad compartida para la transformaci\u00f3n profunda en la calidad de vida de las personas.<\/p>\n\n\n\n<p>Al concluir el 2022, los estados de Mundo Maya M\u00e9xico recibieron m\u00e1s de 31 millones de turistas, demostrando su liderazgo en el \u00e1mbito tur\u00edstico, tanto a nivel nacional como internacional.<\/p>\n\n\n\n<p>Del total de turistas en Mundo Maya M\u00e9xico el 55% es de origen extranjero, lo que representa m\u00e1s de 14.4 millones de personas.<\/p>\n\n\n\n<p>Esta \u00e1rea concentra una infraestructura hotelera que supera las 183 mil habitaciones, un factor determinante en la competitividad del destino tur\u00edstico de los estados que integran esta alianza.<\/p>\n","protected":false},"excerpt":{"rendered":"<p>Con la presencia de cinco de ministros de turismo: M\u00e9xico, Belice, El Salvador, Honduras y Guatemala, la gobernadora Mara Lezama Espinosa particip\u00f3 en la presentaci\u00f3n e inicio formal del Plan de Trabajo Mundo Maya M\u00e9xico, para fortalecer el desarrollo del sureste de M\u00e9xico y como parte la nueva era de turismo. La gobernadora destac\u00f3 que [&hellip;]<\/p>\n","protected":false},"author":17,"featured_media":68000,"comment_status":"open","ping_status":"open","sticky":false,"template":"","format":"standard","meta":{"footnotes":""},"categories":[24423],"tags":[24085,24445,910,72],"yoast_head":"<!-- This site is optimized with the Yoast SEO plugin v22.2 - https:\/\/yoast.com\/wordpress\/plugins\/seo\/ -->\n<title>Presentan M\u00e9xico, El Salvador, Honduras, y Guatemala Plan Mundo Maya - Nitu - Noticias de la Industria Turistica<\/title>\n<meta name=\"robots\" content=\"index, follow, max-snippet:-1, max-image-preview:large, max-video-preview:-1\" \/>\n<link rel=\"canonical\" href=\"https:\/\/nitu.mx\/index.php\/2024\/01\/26\/presentan-mexico-el-salvador-honduras-y-guatemala-plan-mundo-maya\/\" \/>\n<meta name=\"twitter:card\" content=\"summary_large_image\" \/>\n<meta name=\"twitter:title\" content=\"Presentan M\u00e9xico, El Salvador, Honduras, y Guatemala Plan Mundo Maya - Nitu - Noticias de la Industria Turistica\" \/>\n<meta name=\"twitter:description\" content=\"Con la presencia de cinco de ministros de turismo: M\u00e9xico, Belice, El Salvador, Honduras y Guatemala, la gobernadora Mara Lezama Espinosa particip\u00f3 en la presentaci\u00f3n e inicio formal del Plan de Trabajo Mundo Maya M\u00e9xico, para fortalecer el desarrollo del sureste de M\u00e9xico y como parte la nueva era de turismo. La gobernadora destac\u00f3 que [&hellip;]\" \/>\n<meta name=\"twitter:image\" content=\"https:\/\/nitu.mx\/wp-content\/uploads\/2024\/01\/mundo-maya.jpeg\" \/>\n<meta name=\"twitter:creator\" content=\"@NITUmx\" \/>\n<meta name=\"twitter:site\" content=\"@Arturo_Medina_G\" \/>\n<meta name=\"twitter:label1\" content=\"Escrito por\" \/>\n\t<meta name=\"twitter:data1\" content=\"Redacci\u00f3n\" \/>\n\t<meta name=\"twitter:label2\" content=\"Tiempo de lectura\" \/>\n\t<meta name=\"twitter:data2\" content=\"4 minutos\" \/>\n<script type=\"application\/ld+json\" class=\"yoast-schema-graph\">{\"@context\":\"https:\/\/schema.org\",\"@graph\":[{\"@type\":\"Article\",\"@id\":\"https:\/\/nitu.mx\/index.php\/2024\/01\/26\/presentan-mexico-el-salvador-honduras-y-guatemala-plan-mundo-maya\/#article\",\"isPartOf\":{\"@id\":\"https:\/\/nitu.mx\/index.php\/2024\/01\/26\/presentan-mexico-el-salvador-honduras-y-guatemala-plan-mundo-maya\/\"},\"author\":{\"name\":\"Redacci\u00f3n\",\"@id\":\"https:\/\/nitu.mx\/#\/schema\/person\/4a28fe9bd65924f7c90623773daf1b0b\"},\"headline\":\"Presentan M\u00e9xico, El Salvador, Honduras, y Guatemala Plan Mundo Maya\",\"datePublished\":\"2024-01-26T10:43:00+00:00\",\"dateModified\":\"2024-01-26T10:43:01+00:00\",\"mainEntityOfPage\":{\"@id\":\"https:\/\/nitu.mx\/index.php\/2024\/01\/26\/presentan-mexico-el-salvador-honduras-y-guatemala-plan-mundo-maya\/\"},\"wordCount\":718,\"commentCount\":0,\"publisher\":{\"@id\":\"https:\/\/nitu.mx\/#\/schema\/person\/ae7a53426417292d3dd07b45a33e01bc\"},\"image\":{\"@id\":\"https:\/\/nitu.mx\/index.php\/2024\/01\/26\/presentan-mexico-el-salvador-honduras-y-guatemala-plan-mundo-maya\/#primaryimage\"},\"thumbnailUrl\":\"https:\/\/nitu.mx\/wp-content\/uploads\/2024\/01\/mundo-maya.jpeg\",\"keywords\":[\"Mara Lezaama\",\"Mauricio VIla.\",\"Miguel Torruco\",\"Mundo Maya\"],\"articleSection\":[\"FITUR\"],\"inLanguage\":\"es-MX\",\"potentialAction\":[{\"@type\":\"CommentAction\",\"name\":\"Comment\",\"target\":[\"https:\/\/nitu.mx\/index.php\/2024\/01\/26\/presentan-mexico-el-salvador-honduras-y-guatemala-plan-mundo-maya\/#respond\"]}]},{\"@type\":\"WebPage\",\"@id\":\"https:\/\/nitu.mx\/index.php\/2024\/01\/26\/presentan-mexico-el-salvador-honduras-y-guatemala-plan-mundo-maya\/\",\"url\":\"https:\/\/nitu.mx\/index.php\/2024\/01\/26\/presentan-mexico-el-salvador-honduras-y-guatemala-plan-mundo-maya\/\",\"name\":\"Presentan M\u00e9xico, El Salvador, Honduras, y Guatemala Plan Mundo Maya - Nitu - Noticias de la Industria Turistica\",\"isPartOf\":{\"@id\":\"https:\/\/nitu.mx\/#website\"},\"primaryImageOfPage\":{\"@id\":\"https:\/\/nitu.mx\/index.php\/2024\/01\/26\/presentan-mexico-el-salvador-honduras-y-guatemala-plan-mundo-maya\/#primaryimage\"},\"image\":{\"@id\":\"https:\/\/nitu.mx\/index.php\/2024\/01\/26\/presentan-mexico-el-salvador-honduras-y-guatemala-plan-mundo-maya\/#primaryimage\"},\"thumbnailUrl\":\"https:\/\/nitu.mx\/wp-content\/uploads\/2024\/01\/mundo-maya.jpeg\",\"datePublished\":\"2024-01-26T10:43:00+00:00\",\"dateModified\":\"2024-01-26T10:43:01+00:00\",\"breadcrumb\":{\"@id\":\"https:\/\/nitu.mx\/index.php\/2024\/01\/26\/presentan-mexico-el-salvador-honduras-y-guatemala-plan-mundo-maya\/#breadcrumb\"},\"inLanguage\":\"es-MX\",\"potentialAction\":[{\"@type\":\"ReadAction\",\"target\":[\"https:\/\/nitu.mx\/index.php\/2024\/01\/26\/presentan-mexico-el-salvador-honduras-y-guatemala-plan-mundo-maya\/\"]}]},{\"@type\":\"ImageObject\",\"inLanguage\":\"es-MX\",\"@id\":\"https:\/\/nitu.mx\/index.php\/2024\/01\/26\/presentan-mexico-el-salvador-honduras-y-guatemala-plan-mundo-maya\/#primaryimage\",\"url\":\"https:\/\/nitu.mx\/wp-content\/uploads\/2024\/01\/mundo-maya.jpeg\",\"contentUrl\":\"https:\/\/nitu.mx\/wp-content\/uploads\/2024\/01\/mundo-maya.jpeg\",\"width\":1600,\"height\":1068},{\"@type\":\"BreadcrumbList\",\"@id\":\"https:\/\/nitu.mx\/index.php\/2024\/01\/26\/presentan-mexico-el-salvador-honduras-y-guatemala-plan-mundo-maya\/#breadcrumb\",\"itemListElement\":[{\"@type\":\"ListItem\",\"position\":1,\"name\":\"Inicio\",\"item\":\"https:\/\/nitu.mx\/\"},{\"@type\":\"ListItem\",\"position\":2,\"name\":\"Presentan M\u00e9xico, El Salvador, Honduras, y Guatemala Plan Mundo Maya\"}]},{\"@type\":\"WebSite\",\"@id\":\"https:\/\/nitu.mx\/#website\",\"url\":\"https:\/\/nitu.mx\/\",\"name\":\"Nitu - Noticias de la Industria Turistica\",\"description\":\"Noticias de la Industria Turistica\",\"publisher\":{\"@id\":\"https:\/\/nitu.mx\/#\/schema\/person\/ae7a53426417292d3dd07b45a33e01bc\"},\"alternateName\":\"Noticias de la Industria Turistica\",\"potentialAction\":[{\"@type\":\"SearchAction\",\"target\":{\"@type\":\"EntryPoint\",\"urlTemplate\":\"https:\/\/nitu.mx\/?s={search_term_string}\"},\"query-input\":\"required name=search_term_string\"}],\"inLanguage\":\"es-MX\"},{\"@type\":[\"Person\",\"Organization\"],\"@id\":\"https:\/\/nitu.mx\/#\/schema\/person\/ae7a53426417292d3dd07b45a33e01bc\",\"name\":\"Arturo Medina\",\"image\":{\"@type\":\"ImageObject\",\"inLanguage\":\"es-MX\",\"@id\":\"https:\/\/nitu.mx\/#\/schema\/person\/image\/\",\"url\":\"https:\/\/nitu.mx\/wp-content\/uploads\/2024\/04\/4A315622-1904-4D5C-B022-878CDC840E04-90x90-1.jpeg\",\"contentUrl\":\"https:\/\/nitu.mx\/wp-content\/uploads\/2024\/04\/4A315622-1904-4D5C-B022-878CDC840E04-90x90-1.jpeg\",\"width\":90,\"height\":90,\"caption\":\"Arturo Medina\"},\"logo\":{\"@id\":\"https:\/\/nitu.mx\/#\/schema\/person\/image\/\"},\"description\":\"Director NITU.mx, Egresado de la Escuela de Periodismo Carlos Septi\u00e9n Garc\u00eda. Periodista y analista especializado en turismo desde hace 35 a\u00f1os, radicado en Canc\u00fan Q.Roo. arturo@nitu.mx\",\"sameAs\":[\"https:\/\/nitu.mx\",\"https:\/\/www.facebook.com\/NITUmx\/\",\"medinacancun\",\"https:\/\/twitter.com\/@Arturo_Medina_G\"]},{\"@type\":\"Person\",\"@id\":\"https:\/\/nitu.mx\/#\/schema\/person\/4a28fe9bd65924f7c90623773daf1b0b\",\"name\":\"Redacci\u00f3n\",\"image\":{\"@type\":\"ImageObject\",\"inLanguage\":\"es-MX\",\"@id\":\"https:\/\/nitu.mx\/#\/schema\/person\/image\/\",\"url\":\"https:\/\/secure.gravatar.com\/avatar\/5dd011c8ccfc5cd7e4c81e42252aab38?s=96&d=mm&r=g\",\"contentUrl\":\"https:\/\/secure.gravatar.com\/avatar\/5dd011c8ccfc5cd7e4c81e42252aab38?s=96&d=mm&r=g\",\"caption\":\"Redacci\u00f3n\"},\"url\":\"https:\/\/nitu.mx\/index.php\/author\/redaccion\/\"}]}<\/script>\n<!-- \/ Yoast SEO plugin. -->","yoast_head_json":{"title":"Presentan M\u00e9xico, El Salvador, Honduras, y Guatemala Plan Mundo Maya - Nitu - Noticias de la Industria Turistica","robots":{"index":"index","follow":"follow","max-snippet":"max-snippet:-1","max-image-preview":"max-image-preview:large","max-video-preview":"max-video-preview:-1"},"canonical":"https:\/\/nitu.mx\/index.php\/2024\/01\/26\/presentan-mexico-el-salvador-honduras-y-guatemala-plan-mundo-maya\/","twitter_card":"summary_large_image","twitter_title":"Presentan M\u00e9xico, El Salvador, Honduras, y Guatemala Plan Mundo Maya - Nitu - Noticias de la Industria Turistica","twitter_description":"Con la presencia de cinco de ministros de turismo: M\u00e9xico, Belice, El Salvador, Honduras y Guatemala, la gobernadora Mara Lezama Espinosa particip\u00f3 en la presentaci\u00f3n e inicio formal del Plan de Trabajo Mundo Maya M\u00e9xico, para fortalecer el desarrollo del sureste de M\u00e9xico y como parte la nueva era de turismo. La gobernadora destac\u00f3 que [&hellip;]","twitter_image":"https:\/\/nitu.mx\/wp-content\/uploads\/2024\/01\/mundo-maya.jpeg","twitter_creator":"@NITUmx","twitter_site":"@Arturo_Medina_G","twitter_misc":{"Escrito por":"Redacci\u00f3n","Tiempo de lectura":"4 minutos"},"schema":{"@context":"https:\/\/schema.org","@graph":[{"@type":"Article","@id":"https:\/\/nitu.mx\/index.php\/2024\/01\/26\/presentan-mexico-el-salvador-honduras-y-guatemala-plan-mundo-maya\/#article","isPartOf":{"@id":"https:\/\/nitu.mx\/index.php\/2024\/01\/26\/presentan-mexico-el-salvador-honduras-y-guatemala-plan-mundo-maya\/"},"author":{"name":"Redacci\u00f3n","@id":"https:\/\/nitu.mx\/#\/schema\/person\/4a28fe9bd65924f7c90623773daf1b0b"},"headline":"Presentan M\u00e9xico, El Salvador, Honduras, y Guatemala Plan Mundo Maya","datePublished":"2024-01-26T10:43:00+00:00","dateModified":"2024-01-26T10:43:01+00:00","mainEntityOfPage":{"@id":"https:\/\/nitu.mx\/index.php\/2024\/01\/26\/presentan-mexico-el-salvador-honduras-y-guatemala-plan-mundo-maya\/"},"wordCount":718,"commentCount":0,"publisher":{"@id":"https:\/\/nitu.mx\/#\/schema\/person\/ae7a53426417292d3dd07b45a33e01bc"},"image":{"@id":"https:\/\/nitu.mx\/index.php\/2024\/01\/26\/presentan-mexico-el-salvador-honduras-y-guatemala-plan-mundo-maya\/#primaryimage"},"thumbnailUrl":"https:\/\/nitu.mx\/wp-content\/uploads\/2024\/01\/mundo-maya.jpeg","keywords":["Mara Lezaama","Mauricio VIla.","Miguel Torruco","Mundo Maya"],"articleSection":["FITUR"],"inLanguage":"es-MX","potentialAction":[{"@type":"CommentAction","name":"Comment","target":["https:\/\/nitu.mx\/index.php\/2024\/01\/26\/presentan-mexico-el-salvador-honduras-y-guatemala-plan-mundo-maya\/#respond"]}]},{"@type":"WebPage","@id":"https:\/\/nitu.mx\/index.php\/2024\/01\/26\/presentan-mexico-el-salvador-honduras-y-guatemala-plan-mundo-maya\/","url":"https:\/\/nitu.mx\/index.php\/2024\/01\/26\/presentan-mexico-el-salvador-honduras-y-guatemala-plan-mundo-maya\/","name":"Presentan M\u00e9xico, El Salvador, Honduras, y Guatemala Plan Mundo Maya - Nitu - Noticias de la Industria Turistica","isPartOf":{"@id":"https:\/\/nitu.mx\/#website"},"primaryImageOfPage":{"@id":"https:\/\/nitu.mx\/index.php\/2024\/01\/26\/presentan-mexico-el-salvador-honduras-y-guatemala-plan-mundo-maya\/#primaryimage"},"image":{"@id":"https:\/\/nitu.mx\/index.php\/2024\/01\/26\/presentan-mexico-el-salvador-honduras-y-guatemala-plan-mundo-maya\/#primaryimage"},"thumbnailUrl":"https:\/\/nitu.mx\/wp-content\/uploads\/2024\/01\/mundo-maya.jpeg","datePublished":"2024-01-26T10:43:00+00:00","dateModified":"2024-01-26T10:43:01+00:00","breadcrumb":{"@id":"https:\/\/nitu.mx\/index.php\/2024\/01\/26\/presentan-mexico-el-salvador-honduras-y-guatemala-plan-mundo-maya\/#breadcrumb"},"inLanguage":"es-MX","potentialAction":[{"@type":"ReadAction","target":["https:\/\/nitu.mx\/index.php\/2024\/01\/26\/presentan-mexico-el-salvador-honduras-y-guatemala-plan-mundo-maya\/"]}]},{"@type":"ImageObject","inLanguage":"es-MX","@id":"https:\/\/nitu.mx\/index.php\/2024\/01\/26\/presentan-mexico-el-salvador-honduras-y-guatemala-plan-mundo-maya\/#primaryimage","url":"https:\/\/nitu.mx\/wp-content\/uploads\/2024\/01\/mundo-maya.jpeg","contentUrl":"https:\/\/nitu.mx\/wp-content\/uploads\/2024\/01\/mundo-maya.jpeg","width":1600,"height":1068},{"@type":"BreadcrumbList","@id":"https:\/\/nitu.mx\/index.php\/2024\/01\/26\/presentan-mexico-el-salvador-honduras-y-guatemala-plan-mundo-maya\/#breadcrumb","itemListElement":[{"@type":"ListItem","position":1,"name":"Inicio","item":"https:\/\/nitu.mx\/"},{"@type":"ListItem","position":2,"name":"Presentan M\u00e9xico, El Salvador, Honduras, y Guatemala Plan Mundo Maya"}]},{"@type":"WebSite","@id":"https:\/\/nitu.mx\/#website","url":"https:\/\/nitu.mx\/","name":"Nitu - Noticias de la Industria Turistica","description":"Noticias de la Industria Turistica","publisher":{"@id":"https:\/\/nitu.mx\/#\/schema\/person\/ae7a53426417292d3dd07b45a33e01bc"},"alternateName":"Noticias de la Industria Turistica","potentialAction":[{"@type":"SearchAction","target":{"@type":"EntryPoint","urlTemplate":"https:\/\/nitu.mx\/?s={search_term_string}"},"query-input":"required name=search_term_string"}],"inLanguage":"es-MX"},{"@type":["Person","Organization"],"@id":"https:\/\/nitu.mx\/#\/schema\/person\/ae7a53426417292d3dd07b45a33e01bc","name":"Arturo Medina","image":{"@type":"ImageObject","inLanguage":"es-MX","@id":"https:\/\/nitu.mx\/#\/schema\/person\/image\/","url":"https:\/\/nitu.mx\/wp-content\/uploads\/2024\/04\/4A315622-1904-4D5C-B022-878CDC840E04-90x90-1.jpeg","contentUrl":"https:\/\/nitu.mx\/wp-content\/uploads\/2024\/04\/4A315622-1904-4D5C-B022-878CDC840E04-90x90-1.jpeg","width":90,"height":90,"caption":"Arturo Medina"},"logo":{"@id":"https:\/\/nitu.mx\/#\/schema\/person\/image\/"},"description":"Director NITU.mx, Egresado de la Escuela de Periodismo Carlos Septi\u00e9n Garc\u00eda. Periodista y analista especializado en turismo desde hace 35 a\u00f1os, radicado en Canc\u00fan Q.Roo. arturo@nitu.mx","sameAs":["https:\/\/nitu.mx","https:\/\/www.facebook.com\/NITUmx\/","medinacancun","https:\/\/twitter.com\/@Arturo_Medina_G"]},{"@type":"Person","@id":"https:\/\/nitu.mx\/#\/schema\/person\/4a28fe9bd65924f7c90623773daf1b0b","name":"Redacci\u00f3n","image":{"@type":"ImageObject","inLanguage":"es-MX","@id":"https:\/\/nitu.mx\/#\/schema\/person\/image\/","url":"https:\/\/secure.gravatar.com\/avatar\/5dd011c8ccfc5cd7e4c81e42252aab38?s=96&d=mm&r=g","contentUrl":"https:\/\/secure.gravatar.com\/avatar\/5dd011c8ccfc5cd7e4c81e42252aab38?s=96&d=mm&r=g","caption":"Redacci\u00f3n"},"url":"https:\/\/nitu.mx\/index.php\/author\/redaccion\/"}]}},"views":727,"_links":{"self":[{"href":"https:\/\/nitu.mx\/index.php\/wp-json\/wp\/v2\/posts\/67998"}],"collection":[{"href":"https:\/\/nitu.mx\/index.php\/wp-json\/wp\/v2\/posts"}],"about":[{"href":"https:\/\/nitu.mx\/index.php\/wp-json\/wp\/v2\/types\/post"}],"author":[{"embeddable":true,"href":"https:\/\/nitu.mx\/index.php\/wp-json\/wp\/v2\/users\/17"}],"replies":[{"embeddable":true,"href":"https:\/\/nitu.mx\/index.php\/wp-json\/wp\/v2\/comments?post=67998"}],"version-history":[{"count":1,"href":"https:\/\/nitu.mx\/index.php\/wp-json\/wp\/v2\/posts\/67998\/revisions"}],"predecessor-version":[{"id":68001,"href":"https:\/\/nitu.mx\/index.php\/wp-json\/wp\/v2\/posts\/67998\/revisions\/68001"}],"wp:featuredmedia":[{"embeddable":true,"href":"https:\/\/nitu.mx\/index.php\/wp-json\/wp\/v2\/media\/68000"}],"wp:attachment":[{"href":"https:\/\/nitu.mx\/index.php\/wp-json\/wp\/v2\/media?parent=67998"}],"wp:term":[{"taxonomy":"category","embeddable":true,"href":"https:\/\/nitu.mx\/index.php\/wp-json\/wp\/v2\/categories?post=67998"},{"taxonomy":"post_tag","embeddable":true,"href":"https:\/\/nitu.mx\/index.php\/wp-json\/wp\/v2\/tags?post=67998"}],"curies":[{"name":"wp","href":"https:\/\/api.w.org\/{rel}","templated":true}]}}