{"id":67987,"date":"2024-01-25T18:04:17","date_gmt":"2024-01-26T00:04:17","guid":{"rendered":"https:\/\/nitu.mx\/?p=67987"},"modified":"2024-01-25T18:04:17","modified_gmt":"2024-01-26T00:04:17","slug":"recibe-volaris-su-nave-130-para-reforzar-conectividad-de-guadalajara-con-eua","status":"publish","type":"post","link":"https:\/\/nitu.mx\/index.php\/2024\/01\/25\/recibe-volaris-su-nave-130-para-reforzar-conectividad-de-guadalajara-con-eua\/","title":{"rendered":"Recibe Volaris su nave 130 para reforzar conectividad de Guadalajara con EUA"},"content":{"rendered":"\n<p>Como parte de su compromiso por fortalecer su operaci\u00f3n y la conectividad en favor de los Clientes en los mercados donde opera, Volaris, la aerol\u00ednea de bajo costo anunci\u00f3r la incorporaci\u00f3n de su avi\u00f3n n\u00famero 130 proveniente de la planta de Hamburgo, Alemania.<\/p>\n\n\n\n<p>Con esta nueva aeronave A321neo, matr\u00edcula XA-VUH y con una capacidad para 239 personas, la flota de Volaris se consolida como una de las m\u00e1s j\u00f3venes y modernas de la regi\u00f3n, al tiempo que refuerz\u00f3 el compromiso de ofrecer a sus clientes mejor servicio.<\/p>\n\n\n\n<p>El nuevo avi\u00f3n estar\u00e1 basado en Guadalajara, Jalisco, y ayudar\u00e1 a fortalecer la transportaci\u00f3n de pasajeros que buscan viajar en rutas hacia y desde Estados Unidos, atendiendo destinos como Las Vegas, en Nevada; Dallas y Houston, en Texas; Sacramento y Fresno, en California, y las ciudades de Chicago, en Illinois, y Orlando, en Florida.<\/p>\n\n\n\n<p>\u201cEstamos muy contentos de incorporar nuestra aeronave n\u00famero 130, lo que nos permitir\u00e1 atender de forma m\u00e1s estrat\u00e9gica la creciente necesidad de conectividad, especialmente en rutas con alta demanda en el mercado dom\u00e9stico y hacia Estados Unidos. Esto consolida nuestra posici\u00f3n como l\u00edder del mercado nacional, siempre manteniendo altos est\u00e1ndares de innovaci\u00f3n y satisfacci\u00f3n al Cliente&#8221;, mencion\u00f3 Enrique Beltranena, presidente y director general de Volaris.<\/p>\n\n\n\n<p>Volaris cuenta con una orden contractual con Airbus para recibir 140 aviones de la familia A320neo en los siguientes a\u00f1os, que se destinar\u00e1n a renovar su flota y a impulsar su crecimiento.<\/p>\n","protected":false},"excerpt":{"rendered":"<p>Como parte de su compromiso por fortalecer su operaci\u00f3n y la conectividad en favor de los Clientes en los mercados donde opera, Volaris, la aerol\u00ednea de bajo costo anunci\u00f3r la incorporaci\u00f3n de su avi\u00f3n n\u00famero 130 proveniente de la planta de Hamburgo, Alemania. Con esta nueva aeronave A321neo, matr\u00edcula XA-VUH y con una capacidad para [&hellip;]<\/p>\n","protected":false},"author":17,"featured_media":67989,"comment_status":"open","ping_status":"open","sticky":false,"template":"","format":"standard","meta":{"footnotes":""},"categories":[29],"tags":[16792,131],"yoast_head":"<!-- This site is optimized with the Yoast SEO plugin v22.2 - https:\/\/yoast.com\/wordpress\/plugins\/seo\/ -->\n<title>Recibe Volaris su nave 130 para reforzar conectividad de Guadalajara con EUA - Nitu - Noticias de la Industria Turistica<\/title>\n<meta name=\"robots\" content=\"index, follow, max-snippet:-1, max-image-preview:large, max-video-preview:-1\" \/>\n<link rel=\"canonical\" href=\"https:\/\/nitu.mx\/index.php\/2024\/01\/25\/recibe-volaris-su-nave-130-para-reforzar-conectividad-de-guadalajara-con-eua\/\" \/>\n<meta name=\"twitter:card\" content=\"summary_large_image\" \/>\n<meta name=\"twitter:title\" content=\"Recibe Volaris su nave 130 para reforzar conectividad de Guadalajara con EUA - Nitu - Noticias de la Industria Turistica\" \/>\n<meta name=\"twitter:description\" content=\"Como parte de su compromiso por fortalecer su operaci\u00f3n y la conectividad en favor de los Clientes en los mercados donde opera, Volaris, la aerol\u00ednea de bajo costo anunci\u00f3r la incorporaci\u00f3n de su avi\u00f3n n\u00famero 130 proveniente de la planta de Hamburgo, Alemania. Con esta nueva aeronave A321neo, matr\u00edcula XA-VUH y con una capacidad para [&hellip;]\" \/>\n<meta name=\"twitter:image\" content=\"https:\/\/nitu.mx\/wp-content\/uploads\/2024\/01\/avion-130-scaled.jpg\" \/>\n<meta name=\"twitter:creator\" content=\"@NITUmx\" \/>\n<meta name=\"twitter:site\" content=\"@Arturo_Medina_G\" \/>\n<meta name=\"twitter:label1\" content=\"Escrito por\" \/>\n\t<meta name=\"twitter:data1\" content=\"Redacci\u00f3n\" \/>\n\t<meta name=\"twitter:label2\" content=\"Tiempo de lectura\" \/>\n\t<meta name=\"twitter:data2\" content=\"1 minuto\" \/>\n<script type=\"application\/ld+json\" class=\"yoast-schema-graph\">{\"@context\":\"https:\/\/schema.org\",\"@graph\":[{\"@type\":\"Article\",\"@id\":\"https:\/\/nitu.mx\/index.php\/2024\/01\/25\/recibe-volaris-su-nave-130-para-reforzar-conectividad-de-guadalajara-con-eua\/#article\",\"isPartOf\":{\"@id\":\"https:\/\/nitu.mx\/index.php\/2024\/01\/25\/recibe-volaris-su-nave-130-para-reforzar-conectividad-de-guadalajara-con-eua\/\"},\"author\":{\"name\":\"Redacci\u00f3n\",\"@id\":\"https:\/\/nitu.mx\/#\/schema\/person\/4a28fe9bd65924f7c90623773daf1b0b\"},\"headline\":\"Recibe Volaris su nave 130 para reforzar conectividad de Guadalajara con EUA\",\"datePublished\":\"2024-01-26T00:04:17+00:00\",\"dateModified\":\"2024-01-26T00:04:17+00:00\",\"mainEntityOfPage\":{\"@id\":\"https:\/\/nitu.mx\/index.php\/2024\/01\/25\/recibe-volaris-su-nave-130-para-reforzar-conectividad-de-guadalajara-con-eua\/\"},\"wordCount\":270,\"commentCount\":0,\"publisher\":{\"@id\":\"https:\/\/nitu.mx\/#\/schema\/person\/ae7a53426417292d3dd07b45a33e01bc\"},\"image\":{\"@id\":\"https:\/\/nitu.mx\/index.php\/2024\/01\/25\/recibe-volaris-su-nave-130-para-reforzar-conectividad-de-guadalajara-con-eua\/#primaryimage\"},\"thumbnailUrl\":\"https:\/\/nitu.mx\/wp-content\/uploads\/2024\/01\/avion-130-scaled.jpg\",\"keywords\":[\"Enrique Beltrenena.\",\"Volaris\"],\"articleSection\":[\"Aerol\u00edneas\"],\"inLanguage\":\"es-MX\",\"potentialAction\":[{\"@type\":\"CommentAction\",\"name\":\"Comment\",\"target\":[\"https:\/\/nitu.mx\/index.php\/2024\/01\/25\/recibe-volaris-su-nave-130-para-reforzar-conectividad-de-guadalajara-con-eua\/#respond\"]}]},{\"@type\":\"WebPage\",\"@id\":\"https:\/\/nitu.mx\/index.php\/2024\/01\/25\/recibe-volaris-su-nave-130-para-reforzar-conectividad-de-guadalajara-con-eua\/\",\"url\":\"https:\/\/nitu.mx\/index.php\/2024\/01\/25\/recibe-volaris-su-nave-130-para-reforzar-conectividad-de-guadalajara-con-eua\/\",\"name\":\"Recibe Volaris su nave 130 para reforzar conectividad de Guadalajara con EUA - Nitu - Noticias de la Industria Turistica\",\"isPartOf\":{\"@id\":\"https:\/\/nitu.mx\/#website\"},\"primaryImageOfPage\":{\"@id\":\"https:\/\/nitu.mx\/index.php\/2024\/01\/25\/recibe-volaris-su-nave-130-para-reforzar-conectividad-de-guadalajara-con-eua\/#primaryimage\"},\"image\":{\"@id\":\"https:\/\/nitu.mx\/index.php\/2024\/01\/25\/recibe-volaris-su-nave-130-para-reforzar-conectividad-de-guadalajara-con-eua\/#primaryimage\"},\"thumbnailUrl\":\"https:\/\/nitu.mx\/wp-content\/uploads\/2024\/01\/avion-130-scaled.jpg\",\"datePublished\":\"2024-01-26T00:04:17+00:00\",\"dateModified\":\"2024-01-26T00:04:17+00:00\",\"breadcrumb\":{\"@id\":\"https:\/\/nitu.mx\/index.php\/2024\/01\/25\/recibe-volaris-su-nave-130-para-reforzar-conectividad-de-guadalajara-con-eua\/#breadcrumb\"},\"inLanguage\":\"es-MX\",\"potentialAction\":[{\"@type\":\"ReadAction\",\"target\":[\"https:\/\/nitu.mx\/index.php\/2024\/01\/25\/recibe-volaris-su-nave-130-para-reforzar-conectividad-de-guadalajara-con-eua\/\"]}]},{\"@type\":\"ImageObject\",\"inLanguage\":\"es-MX\",\"@id\":\"https:\/\/nitu.mx\/index.php\/2024\/01\/25\/recibe-volaris-su-nave-130-para-reforzar-conectividad-de-guadalajara-con-eua\/#primaryimage\",\"url\":\"https:\/\/nitu.mx\/wp-content\/uploads\/2024\/01\/avion-130-scaled.jpg\",\"contentUrl\":\"https:\/\/nitu.mx\/wp-content\/uploads\/2024\/01\/avion-130-scaled.jpg\",\"width\":2560,\"height\":1920},{\"@type\":\"BreadcrumbList\",\"@id\":\"https:\/\/nitu.mx\/index.php\/2024\/01\/25\/recibe-volaris-su-nave-130-para-reforzar-conectividad-de-guadalajara-con-eua\/#breadcrumb\",\"itemListElement\":[{\"@type\":\"ListItem\",\"position\":1,\"name\":\"Inicio\",\"item\":\"https:\/\/nitu.mx\/\"},{\"@type\":\"ListItem\",\"position\":2,\"name\":\"Recibe Volaris su nave 130 para reforzar conectividad de Guadalajara con EUA\"}]},{\"@type\":\"WebSite\",\"@id\":\"https:\/\/nitu.mx\/#website\",\"url\":\"https:\/\/nitu.mx\/\",\"name\":\"Nitu - Noticias de la Industria Turistica\",\"description\":\"Noticias de la Industria Turistica\",\"publisher\":{\"@id\":\"https:\/\/nitu.mx\/#\/schema\/person\/ae7a53426417292d3dd07b45a33e01bc\"},\"alternateName\":\"Noticias de la Industria Turistica\",\"potentialAction\":[{\"@type\":\"SearchAction\",\"target\":{\"@type\":\"EntryPoint\",\"urlTemplate\":\"https:\/\/nitu.mx\/?s={search_term_string}\"},\"query-input\":\"required name=search_term_string\"}],\"inLanguage\":\"es-MX\"},{\"@type\":[\"Person\",\"Organization\"],\"@id\":\"https:\/\/nitu.mx\/#\/schema\/person\/ae7a53426417292d3dd07b45a33e01bc\",\"name\":\"Arturo Medina\",\"image\":{\"@type\":\"ImageObject\",\"inLanguage\":\"es-MX\",\"@id\":\"https:\/\/nitu.mx\/#\/schema\/person\/image\/\",\"url\":\"https:\/\/nitu.mx\/wp-content\/uploads\/2024\/04\/4A315622-1904-4D5C-B022-878CDC840E04-90x90-1.jpeg\",\"contentUrl\":\"https:\/\/nitu.mx\/wp-content\/uploads\/2024\/04\/4A315622-1904-4D5C-B022-878CDC840E04-90x90-1.jpeg\",\"width\":90,\"height\":90,\"caption\":\"Arturo Medina\"},\"logo\":{\"@id\":\"https:\/\/nitu.mx\/#\/schema\/person\/image\/\"},\"description\":\"Director NITU.mx, Egresado de la Escuela de Periodismo Carlos Septi\u00e9n Garc\u00eda. Periodista y analista especializado en turismo desde hace 35 a\u00f1os, radicado en Canc\u00fan Q.Roo. arturo@nitu.mx\",\"sameAs\":[\"https:\/\/nitu.mx\",\"https:\/\/www.facebook.com\/NITUmx\/\",\"medinacancun\",\"https:\/\/twitter.com\/@Arturo_Medina_G\"]},{\"@type\":\"Person\",\"@id\":\"https:\/\/nitu.mx\/#\/schema\/person\/4a28fe9bd65924f7c90623773daf1b0b\",\"name\":\"Redacci\u00f3n\",\"image\":{\"@type\":\"ImageObject\",\"inLanguage\":\"es-MX\",\"@id\":\"https:\/\/nitu.mx\/#\/schema\/person\/image\/\",\"url\":\"https:\/\/secure.gravatar.com\/avatar\/5dd011c8ccfc5cd7e4c81e42252aab38?s=96&d=mm&r=g\",\"contentUrl\":\"https:\/\/secure.gravatar.com\/avatar\/5dd011c8ccfc5cd7e4c81e42252aab38?s=96&d=mm&r=g\",\"caption\":\"Redacci\u00f3n\"},\"url\":\"https:\/\/nitu.mx\/index.php\/author\/redaccion\/\"}]}<\/script>\n<!-- \/ Yoast SEO plugin. -->","yoast_head_json":{"title":"Recibe Volaris su nave 130 para reforzar conectividad de Guadalajara con EUA - Nitu - Noticias de la Industria Turistica","robots":{"index":"index","follow":"follow","max-snippet":"max-snippet:-1","max-image-preview":"max-image-preview:large","max-video-preview":"max-video-preview:-1"},"canonical":"https:\/\/nitu.mx\/index.php\/2024\/01\/25\/recibe-volaris-su-nave-130-para-reforzar-conectividad-de-guadalajara-con-eua\/","twitter_card":"summary_large_image","twitter_title":"Recibe Volaris su nave 130 para reforzar conectividad de Guadalajara con EUA - Nitu - Noticias de la Industria Turistica","twitter_description":"Como parte de su compromiso por fortalecer su operaci\u00f3n y la conectividad en favor de los Clientes en los mercados donde opera, Volaris, la aerol\u00ednea de bajo costo anunci\u00f3r la incorporaci\u00f3n de su avi\u00f3n n\u00famero 130 proveniente de la planta de Hamburgo, Alemania. Con esta nueva aeronave A321neo, matr\u00edcula XA-VUH y con una capacidad para [&hellip;]","twitter_image":"https:\/\/nitu.mx\/wp-content\/uploads\/2024\/01\/avion-130-scaled.jpg","twitter_creator":"@NITUmx","twitter_site":"@Arturo_Medina_G","twitter_misc":{"Escrito por":"Redacci\u00f3n","Tiempo de lectura":"1 minuto"},"schema":{"@context":"https:\/\/schema.org","@graph":[{"@type":"Article","@id":"https:\/\/nitu.mx\/index.php\/2024\/01\/25\/recibe-volaris-su-nave-130-para-reforzar-conectividad-de-guadalajara-con-eua\/#article","isPartOf":{"@id":"https:\/\/nitu.mx\/index.php\/2024\/01\/25\/recibe-volaris-su-nave-130-para-reforzar-conectividad-de-guadalajara-con-eua\/"},"author":{"name":"Redacci\u00f3n","@id":"https:\/\/nitu.mx\/#\/schema\/person\/4a28fe9bd65924f7c90623773daf1b0b"},"headline":"Recibe Volaris su nave 130 para reforzar conectividad de Guadalajara con EUA","datePublished":"2024-01-26T00:04:17+00:00","dateModified":"2024-01-26T00:04:17+00:00","mainEntityOfPage":{"@id":"https:\/\/nitu.mx\/index.php\/2024\/01\/25\/recibe-volaris-su-nave-130-para-reforzar-conectividad-de-guadalajara-con-eua\/"},"wordCount":270,"commentCount":0,"publisher":{"@id":"https:\/\/nitu.mx\/#\/schema\/person\/ae7a53426417292d3dd07b45a33e01bc"},"image":{"@id":"https:\/\/nitu.mx\/index.php\/2024\/01\/25\/recibe-volaris-su-nave-130-para-reforzar-conectividad-de-guadalajara-con-eua\/#primaryimage"},"thumbnailUrl":"https:\/\/nitu.mx\/wp-content\/uploads\/2024\/01\/avion-130-scaled.jpg","keywords":["Enrique Beltrenena.","Volaris"],"articleSection":["Aerol\u00edneas"],"inLanguage":"es-MX","potentialAction":[{"@type":"CommentAction","name":"Comment","target":["https:\/\/nitu.mx\/index.php\/2024\/01\/25\/recibe-volaris-su-nave-130-para-reforzar-conectividad-de-guadalajara-con-eua\/#respond"]}]},{"@type":"WebPage","@id":"https:\/\/nitu.mx\/index.php\/2024\/01\/25\/recibe-volaris-su-nave-130-para-reforzar-conectividad-de-guadalajara-con-eua\/","url":"https:\/\/nitu.mx\/index.php\/2024\/01\/25\/recibe-volaris-su-nave-130-para-reforzar-conectividad-de-guadalajara-con-eua\/","name":"Recibe Volaris su nave 130 para reforzar conectividad de Guadalajara con EUA - Nitu - Noticias de la Industria Turistica","isPartOf":{"@id":"https:\/\/nitu.mx\/#website"},"primaryImageOfPage":{"@id":"https:\/\/nitu.mx\/index.php\/2024\/01\/25\/recibe-volaris-su-nave-130-para-reforzar-conectividad-de-guadalajara-con-eua\/#primaryimage"},"image":{"@id":"https:\/\/nitu.mx\/index.php\/2024\/01\/25\/recibe-volaris-su-nave-130-para-reforzar-conectividad-de-guadalajara-con-eua\/#primaryimage"},"thumbnailUrl":"https:\/\/nitu.mx\/wp-content\/uploads\/2024\/01\/avion-130-scaled.jpg","datePublished":"2024-01-26T00:04:17+00:00","dateModified":"2024-01-26T00:04:17+00:00","breadcrumb":{"@id":"https:\/\/nitu.mx\/index.php\/2024\/01\/25\/recibe-volaris-su-nave-130-para-reforzar-conectividad-de-guadalajara-con-eua\/#breadcrumb"},"inLanguage":"es-MX","potentialAction":[{"@type":"ReadAction","target":["https:\/\/nitu.mx\/index.php\/2024\/01\/25\/recibe-volaris-su-nave-130-para-reforzar-conectividad-de-guadalajara-con-eua\/"]}]},{"@type":"ImageObject","inLanguage":"es-MX","@id":"https:\/\/nitu.mx\/index.php\/2024\/01\/25\/recibe-volaris-su-nave-130-para-reforzar-conectividad-de-guadalajara-con-eua\/#primaryimage","url":"https:\/\/nitu.mx\/wp-content\/uploads\/2024\/01\/avion-130-scaled.jpg","contentUrl":"https:\/\/nitu.mx\/wp-content\/uploads\/2024\/01\/avion-130-scaled.jpg","width":2560,"height":1920},{"@type":"BreadcrumbList","@id":"https:\/\/nitu.mx\/index.php\/2024\/01\/25\/recibe-volaris-su-nave-130-para-reforzar-conectividad-de-guadalajara-con-eua\/#breadcrumb","itemListElement":[{"@type":"ListItem","position":1,"name":"Inicio","item":"https:\/\/nitu.mx\/"},{"@type":"ListItem","position":2,"name":"Recibe Volaris su nave 130 para reforzar conectividad de Guadalajara con EUA"}]},{"@type":"WebSite","@id":"https:\/\/nitu.mx\/#website","url":"https:\/\/nitu.mx\/","name":"Nitu - Noticias de la Industria Turistica","description":"Noticias de la Industria Turistica","publisher":{"@id":"https:\/\/nitu.mx\/#\/schema\/person\/ae7a53426417292d3dd07b45a33e01bc"},"alternateName":"Noticias de la Industria Turistica","potentialAction":[{"@type":"SearchAction","target":{"@type":"EntryPoint","urlTemplate":"https:\/\/nitu.mx\/?s={search_term_string}"},"query-input":"required name=search_term_string"}],"inLanguage":"es-MX"},{"@type":["Person","Organization"],"@id":"https:\/\/nitu.mx\/#\/schema\/person\/ae7a53426417292d3dd07b45a33e01bc","name":"Arturo Medina","image":{"@type":"ImageObject","inLanguage":"es-MX","@id":"https:\/\/nitu.mx\/#\/schema\/person\/image\/","url":"https:\/\/nitu.mx\/wp-content\/uploads\/2024\/04\/4A315622-1904-4D5C-B022-878CDC840E04-90x90-1.jpeg","contentUrl":"https:\/\/nitu.mx\/wp-content\/uploads\/2024\/04\/4A315622-1904-4D5C-B022-878CDC840E04-90x90-1.jpeg","width":90,"height":90,"caption":"Arturo Medina"},"logo":{"@id":"https:\/\/nitu.mx\/#\/schema\/person\/image\/"},"description":"Director NITU.mx, Egresado de la Escuela de Periodismo Carlos Septi\u00e9n Garc\u00eda. Periodista y analista especializado en turismo desde hace 35 a\u00f1os, radicado en Canc\u00fan Q.Roo. arturo@nitu.mx","sameAs":["https:\/\/nitu.mx","https:\/\/www.facebook.com\/NITUmx\/","medinacancun","https:\/\/twitter.com\/@Arturo_Medina_G"]},{"@type":"Person","@id":"https:\/\/nitu.mx\/#\/schema\/person\/4a28fe9bd65924f7c90623773daf1b0b","name":"Redacci\u00f3n","image":{"@type":"ImageObject","inLanguage":"es-MX","@id":"https:\/\/nitu.mx\/#\/schema\/person\/image\/","url":"https:\/\/secure.gravatar.com\/avatar\/5dd011c8ccfc5cd7e4c81e42252aab38?s=96&d=mm&r=g","contentUrl":"https:\/\/secure.gravatar.com\/avatar\/5dd011c8ccfc5cd7e4c81e42252aab38?s=96&d=mm&r=g","caption":"Redacci\u00f3n"},"url":"https:\/\/nitu.mx\/index.php\/author\/redaccion\/"}]}},"views":573,"_links":{"self":[{"href":"https:\/\/nitu.mx\/index.php\/wp-json\/wp\/v2\/posts\/67987"}],"collection":[{"href":"https:\/\/nitu.mx\/index.php\/wp-json\/wp\/v2\/posts"}],"about":[{"href":"https:\/\/nitu.mx\/index.php\/wp-json\/wp\/v2\/types\/post"}],"author":[{"embeddable":true,"href":"https:\/\/nitu.mx\/index.php\/wp-json\/wp\/v2\/users\/17"}],"replies":[{"embeddable":true,"href":"https:\/\/nitu.mx\/index.php\/wp-json\/wp\/v2\/comments?post=67987"}],"version-history":[{"count":1,"href":"https:\/\/nitu.mx\/index.php\/wp-json\/wp\/v2\/posts\/67987\/revisions"}],"predecessor-version":[{"id":67990,"href":"https:\/\/nitu.mx\/index.php\/wp-json\/wp\/v2\/posts\/67987\/revisions\/67990"}],"wp:featuredmedia":[{"embeddable":true,"href":"https:\/\/nitu.mx\/index.php\/wp-json\/wp\/v2\/media\/67989"}],"wp:attachment":[{"href":"https:\/\/nitu.mx\/index.php\/wp-json\/wp\/v2\/media?parent=67987"}],"wp:term":[{"taxonomy":"category","embeddable":true,"href":"https:\/\/nitu.mx\/index.php\/wp-json\/wp\/v2\/categories?post=67987"},{"taxonomy":"post_tag","embeddable":true,"href":"https:\/\/nitu.mx\/index.php\/wp-json\/wp\/v2\/tags?post=67987"}],"curies":[{"name":"wp","href":"https:\/\/api.w.org\/{rel}","templated":true}]}}