{"id":67941,"date":"2024-01-24T18:35:20","date_gmt":"2024-01-25T00:35:20","guid":{"rendered":"https:\/\/nitu.mx\/?p=67941"},"modified":"2024-01-24T18:35:21","modified_gmt":"2024-01-25T00:35:21","slug":"iberia-reconoce-a-mexico-como-mercado-fundamental-en-fitur","status":"publish","type":"post","link":"https:\/\/nitu.mx\/index.php\/2024\/01\/24\/iberia-reconoce-a-mexico-como-mercado-fundamental-en-fitur\/","title":{"rendered":"Iberia reconoce a M\u00e9xico como mercado fundamental en FITUR"},"content":{"rendered":"\n<p>Este mi\u00e9rcoles en Madrid, Espa\u00f1a, se inaugur\u00f3 la 44\u00aa edici\u00f3n de la Feria Internacional de Turismo (FITUR), en la que las autoridades de M\u00e9xico han estado presentes en un evento en el stand de Iberia, en el Pabell\u00f3n 10 del centro de convenciones de Ifema.<\/p>\n\n\n\n<p>Mar\u00eda Jes\u00fas L\u00f3pez Sol\u00e1s, directora comercial de Red y Alianzas de Iberia, ha destacado que\u00a0\u201cM\u00e9xico es un mercado fundamental para Iberia; ha sido durante los \u00faltimos a\u00f1os nuestro mayor destino en el largo radio y llevamos desde 1950 conectado Ciudad de M\u00e9xico con Madrid.&#8221;<\/p>\n\n\n\n<p>Inform\u00f3 que el pr\u00f3ximo 29 de febrero\u00a0abrir\u00e1 sus puertas una vez m\u00e1s el Espacio Iberia, y de nuevo fuera de Espa\u00f1a, pues se trasladar\u00e1 a una de las zonas m\u00e1s representativas y emblem\u00e1ticas de Ciudad de M\u00e9xico con el objetivo de mostrar a los clientes y al p\u00fablico general mexicano toda la experiencia Iberia y las \u00faltimas novedades de la aerol\u00ednea. &#8220;Cuando nos pusimos a pensar en la pr\u00f3xima parada de nuestro Espacio Iberia, fue muy claro que M\u00e9xico deb\u00eda ser la pr\u00f3xima parada\u201d, ha a\u00f1adido M\u00aa Jes\u00fas.\u00a0<\/p>\n\n\n\n<p>El Espacio Iberia estar\u00e1 ubicado en la\u00a0Calle Arist\u00f3teles, 123, en Polanco, y estar\u00e1 abierto desde las 11am hasta las 8 pm.\u00a0Todos aquellos que se acerquen podr\u00e1n degustar sin costo los men\u00fas a bordo y disfrutar de diversas actividades que se organizar\u00e1n, como\u00a0showcooking, catas de vino y de otros productos espa\u00f1oles, etc. \u00a0<\/p>\n\n\n\n<p>Adem\u00e1s, para vivir la experiencia a bordo de Iberia, podr\u00e1n probarse los uniformes hist\u00f3ricos del personal de la compa\u00f1\u00eda y contar\u00e1n con un simulador de vuelo para ponerse a los mandos de un avi\u00f3n sin salir de la ciudad.<\/p>\n\n\n\n<p>La elecci\u00f3n de M\u00e9xico como nuevo destino fuera de Espa\u00f1a del Espacio Iberia se explica en que, desde hace ya varios a\u00f1os, es el mercado de largo radio en la red de Iberia que cuenta con una mayor conectividad, pues desde el pasado 2022 tiene tres vuelos diarios entre Ciudad de M\u00e9xico y Madrid, lo que se traduce en una capacidad de m\u00e1s de 760 mil asientos al a\u00f1o. <\/p>\n\n\n\n<p>Adem\u00e1s, cabe destacar que esta ruta se opera de manera \u00edntegra con el avi\u00f3n m\u00e1s grande y eficiente de la flota de Iberia, el Airbus A350.\u00a0 Este moderno avi\u00f3n, \u00a0con capacidad para 348 personas, est\u00e1 equipado con la \u00faltima tecnolog\u00eda, est\u00e1 dise\u00f1ado para volar con la m\u00e1xima eficiencia. La utilizaci\u00f3n de materiales sostenibles ha permitido reducir su peso en una tonelada y mejorar su eficiencia en t\u00e9rminos de consumo de combustible y emisiones en CO2 entre un 30 y un 35 por ciento.<\/p>\n\n\n\n<p>En el Espacio Iberia de Ciudad de M\u00e9xico, al igual que ocurri\u00f3 en los \u00faltimos a\u00f1os en Madrid, se recrea una cabina del avi\u00f3n Airbus A350 de nueva generaci\u00f3n, con dos asientos de cabina Business, cuatro de Turista Premium y otras cuatro de Turista, con el objetivo de que tanto los clientes de Iberia como el p\u00fablico en general, disfruten sin ning\u00fan costo de la experiencia que se ofrece a m\u00e1s de 30 mil pies de altura, pero sin despegar del suelo.<\/p>\n\n\n\n<p>En esta cabina en tierra, podr\u00e1n degustar la propuesta gastron\u00f3mica a bordo tal como es ofrecida en los vuelos entre M\u00e9xico y Espa\u00f1a, en la cual destaca la calidad de sus productos, con materias primas de gran calidad y, por supuesto, con men\u00fas que se basan en la dieta mediterr\u00e1nea.<\/p>\n\n\n\n<p>Y para que el p\u00fablico se pueda poner a los mandos de un avi\u00f3n tal como lo har\u00eda uno de los comandantes de Iberia, este centro contar\u00e1 con un simulador de vuelo, que ofrece una experiencia inmersiva \u00fanica para todo aquel que quiera \u2018despegar\u2019 de Ciudad de M\u00e9xico.<\/p>\n\n\n\n<p>Como parte de las experiencias del Espacio, Iberia ofrecer\u00e1 catas de los vinos espa\u00f1oles que se ofrecen a bordo, en el que un sommelier especializado del Club del Vino compartir\u00e1 con los asistentes los secretos y especificidades de cada uno de ellos.<\/p>\n\n\n\n<p>Adicionalmente, se realizar\u00e1n diversos\u00a0showcooking, en el que se mostrar\u00e1 el proceso de preparaci\u00f3n de los men\u00fas a bordo del avi\u00f3n, que finalizar\u00e1 con una degustaci\u00f3n de los platos ofrecidos. Y, sumado a ello, los asistentes al Espacio Iberia podr\u00e1n probar una gran diversidad de productos espa\u00f1oles, entre los que se encontrar\u00e1 el jam\u00f3n, uno de los s\u00edmbolos de la gastronom\u00eda ib\u00e9rica.<\/p>\n\n\n\n<p>El Espacio Iberia de Ciudad de M\u00e9xico ser\u00e1 tambi\u00e9n un punto de encuentro para el talento nacional e internacional, pues acoger\u00e1 di\u00e1logos con personalidades del mundo de la cultura, la gastronom\u00eda, la m\u00fasica, el cine y el arte.<\/p>\n\n\n\n<p>Uno de los elementos m\u00e1s destacados del Espacio Iberia es la muestra de los uniformes usados por los tripulantes de cabina a lo largo de la historia, desde el primero, inspirado en los uniformes militares, as\u00ed como los dise\u00f1ados por Pedro Rodr\u00edguez, Elio Berhanyer y Adolfo Dom\u00ednguez, entre otros, hasta el actual, dise\u00f1ado por Teresa Helbig y presentado en 2022. (<a href=\"https:\/\/nitu.mx\/index.php\/2024\/01\/02\/iberia-resuelve-91-de-afectaciones-por-huelga-emplazada-para-esta-semana\/\">Iberia resuelve 91% de afectaciones por huelga emplazada para esta semana<\/a>)<\/p>\n\n\n\n<p><\/p>\n","protected":false},"excerpt":{"rendered":"<p>Este mi\u00e9rcoles en Madrid, Espa\u00f1a, se inaugur\u00f3 la 44\u00aa edici\u00f3n de la Feria Internacional de Turismo (FITUR), en la que las autoridades de M\u00e9xico han estado presentes en un evento en el stand de Iberia, en el Pabell\u00f3n 10 del centro de convenciones de Ifema. Mar\u00eda Jes\u00fas L\u00f3pez Sol\u00e1s, directora comercial de Red y Alianzas [&hellip;]<\/p>\n","protected":false},"author":17,"featured_media":67945,"comment_status":"open","ping_status":"open","sticky":false,"template":"","format":"standard","meta":{"footnotes":""},"categories":[29,24423],"tags":[587,24435,1304,24436],"yoast_head":"<!-- This site is optimized with the Yoast SEO plugin v22.2 - https:\/\/yoast.com\/wordpress\/plugins\/seo\/ -->\n<title>Iberia reconoce a M\u00e9xico como mercado fundamental en FITUR - Nitu - Noticias de la Industria Turistica<\/title>\n<meta name=\"robots\" content=\"index, follow, max-snippet:-1, max-image-preview:large, max-video-preview:-1\" \/>\n<link rel=\"canonical\" href=\"https:\/\/nitu.mx\/index.php\/2024\/01\/24\/iberia-reconoce-a-mexico-como-mercado-fundamental-en-fitur\/\" \/>\n<meta name=\"twitter:card\" content=\"summary_large_image\" \/>\n<meta name=\"twitter:title\" content=\"Iberia reconoce a M\u00e9xico como mercado fundamental en FITUR - Nitu - Noticias de la Industria Turistica\" \/>\n<meta name=\"twitter:description\" content=\"Este mi\u00e9rcoles en Madrid, Espa\u00f1a, se inaugur\u00f3 la 44\u00aa edici\u00f3n de la Feria Internacional de Turismo (FITUR), en la que las autoridades de M\u00e9xico han estado presentes en un evento en el stand de Iberia, en el Pabell\u00f3n 10 del centro de convenciones de Ifema. Mar\u00eda Jes\u00fas L\u00f3pez Sol\u00e1s, directora comercial de Red y Alianzas [&hellip;]\" \/>\n<meta name=\"twitter:image\" content=\"https:\/\/nitu.mx\/wp-content\/uploads\/2024\/01\/Iberia-Espacio-Iberia-Fitur.jpg\" \/>\n<meta name=\"twitter:creator\" content=\"@NITUmx\" \/>\n<meta name=\"twitter:site\" content=\"@Arturo_Medina_G\" \/>\n<meta name=\"twitter:label1\" content=\"Escrito por\" \/>\n\t<meta name=\"twitter:data1\" content=\"Redacci\u00f3n\" \/>\n\t<meta name=\"twitter:label2\" content=\"Tiempo de lectura\" \/>\n\t<meta name=\"twitter:data2\" content=\"4 minutos\" \/>\n<script type=\"application\/ld+json\" class=\"yoast-schema-graph\">{\"@context\":\"https:\/\/schema.org\",\"@graph\":[{\"@type\":\"Article\",\"@id\":\"https:\/\/nitu.mx\/index.php\/2024\/01\/24\/iberia-reconoce-a-mexico-como-mercado-fundamental-en-fitur\/#article\",\"isPartOf\":{\"@id\":\"https:\/\/nitu.mx\/index.php\/2024\/01\/24\/iberia-reconoce-a-mexico-como-mercado-fundamental-en-fitur\/\"},\"author\":{\"name\":\"Redacci\u00f3n\",\"@id\":\"https:\/\/nitu.mx\/#\/schema\/person\/4a28fe9bd65924f7c90623773daf1b0b\"},\"headline\":\"Iberia reconoce a M\u00e9xico como mercado fundamental en FITUR\",\"datePublished\":\"2024-01-25T00:35:20+00:00\",\"dateModified\":\"2024-01-25T00:35:21+00:00\",\"mainEntityOfPage\":{\"@id\":\"https:\/\/nitu.mx\/index.php\/2024\/01\/24\/iberia-reconoce-a-mexico-como-mercado-fundamental-en-fitur\/\"},\"wordCount\":905,\"commentCount\":0,\"publisher\":{\"@id\":\"https:\/\/nitu.mx\/#\/schema\/person\/ae7a53426417292d3dd07b45a33e01bc\"},\"image\":{\"@id\":\"https:\/\/nitu.mx\/index.php\/2024\/01\/24\/iberia-reconoce-a-mexico-como-mercado-fundamental-en-fitur\/#primaryimage\"},\"thumbnailUrl\":\"https:\/\/nitu.mx\/wp-content\/uploads\/2024\/01\/Iberia-Espacio-Iberia-Fitur.jpg\",\"keywords\":[\"CDMX\",\"Espacio Iberia\",\"Iberia\",\"Mar\u00eda Jes\u00fas L\u00f3pez Sol\u00e1s\"],\"articleSection\":[\"Aerol\u00edneas\",\"FITUR\"],\"inLanguage\":\"es-MX\",\"potentialAction\":[{\"@type\":\"CommentAction\",\"name\":\"Comment\",\"target\":[\"https:\/\/nitu.mx\/index.php\/2024\/01\/24\/iberia-reconoce-a-mexico-como-mercado-fundamental-en-fitur\/#respond\"]}]},{\"@type\":\"WebPage\",\"@id\":\"https:\/\/nitu.mx\/index.php\/2024\/01\/24\/iberia-reconoce-a-mexico-como-mercado-fundamental-en-fitur\/\",\"url\":\"https:\/\/nitu.mx\/index.php\/2024\/01\/24\/iberia-reconoce-a-mexico-como-mercado-fundamental-en-fitur\/\",\"name\":\"Iberia reconoce a M\u00e9xico como mercado fundamental en FITUR - Nitu - Noticias de la Industria Turistica\",\"isPartOf\":{\"@id\":\"https:\/\/nitu.mx\/#website\"},\"primaryImageOfPage\":{\"@id\":\"https:\/\/nitu.mx\/index.php\/2024\/01\/24\/iberia-reconoce-a-mexico-como-mercado-fundamental-en-fitur\/#primaryimage\"},\"image\":{\"@id\":\"https:\/\/nitu.mx\/index.php\/2024\/01\/24\/iberia-reconoce-a-mexico-como-mercado-fundamental-en-fitur\/#primaryimage\"},\"thumbnailUrl\":\"https:\/\/nitu.mx\/wp-content\/uploads\/2024\/01\/Iberia-Espacio-Iberia-Fitur.jpg\",\"datePublished\":\"2024-01-25T00:35:20+00:00\",\"dateModified\":\"2024-01-25T00:35:21+00:00\",\"breadcrumb\":{\"@id\":\"https:\/\/nitu.mx\/index.php\/2024\/01\/24\/iberia-reconoce-a-mexico-como-mercado-fundamental-en-fitur\/#breadcrumb\"},\"inLanguage\":\"es-MX\",\"potentialAction\":[{\"@type\":\"ReadAction\",\"target\":[\"https:\/\/nitu.mx\/index.php\/2024\/01\/24\/iberia-reconoce-a-mexico-como-mercado-fundamental-en-fitur\/\"]}]},{\"@type\":\"ImageObject\",\"inLanguage\":\"es-MX\",\"@id\":\"https:\/\/nitu.mx\/index.php\/2024\/01\/24\/iberia-reconoce-a-mexico-como-mercado-fundamental-en-fitur\/#primaryimage\",\"url\":\"https:\/\/nitu.mx\/wp-content\/uploads\/2024\/01\/Iberia-Espacio-Iberia-Fitur.jpg\",\"contentUrl\":\"https:\/\/nitu.mx\/wp-content\/uploads\/2024\/01\/Iberia-Espacio-Iberia-Fitur.jpg\",\"width\":1200,\"height\":675,\"caption\":\"Espacio Iberia\"},{\"@type\":\"BreadcrumbList\",\"@id\":\"https:\/\/nitu.mx\/index.php\/2024\/01\/24\/iberia-reconoce-a-mexico-como-mercado-fundamental-en-fitur\/#breadcrumb\",\"itemListElement\":[{\"@type\":\"ListItem\",\"position\":1,\"name\":\"Inicio\",\"item\":\"https:\/\/nitu.mx\/\"},{\"@type\":\"ListItem\",\"position\":2,\"name\":\"Iberia reconoce a M\u00e9xico como mercado fundamental en FITUR\"}]},{\"@type\":\"WebSite\",\"@id\":\"https:\/\/nitu.mx\/#website\",\"url\":\"https:\/\/nitu.mx\/\",\"name\":\"Nitu - Noticias de la Industria Turistica\",\"description\":\"Noticias de la Industria Turistica\",\"publisher\":{\"@id\":\"https:\/\/nitu.mx\/#\/schema\/person\/ae7a53426417292d3dd07b45a33e01bc\"},\"alternateName\":\"Noticias de la Industria Turistica\",\"potentialAction\":[{\"@type\":\"SearchAction\",\"target\":{\"@type\":\"EntryPoint\",\"urlTemplate\":\"https:\/\/nitu.mx\/?s={search_term_string}\"},\"query-input\":\"required name=search_term_string\"}],\"inLanguage\":\"es-MX\"},{\"@type\":[\"Person\",\"Organization\"],\"@id\":\"https:\/\/nitu.mx\/#\/schema\/person\/ae7a53426417292d3dd07b45a33e01bc\",\"name\":\"Arturo Medina\",\"image\":{\"@type\":\"ImageObject\",\"inLanguage\":\"es-MX\",\"@id\":\"https:\/\/nitu.mx\/#\/schema\/person\/image\/\",\"url\":\"https:\/\/nitu.mx\/wp-content\/uploads\/2024\/04\/4A315622-1904-4D5C-B022-878CDC840E04-90x90-1.jpeg\",\"contentUrl\":\"https:\/\/nitu.mx\/wp-content\/uploads\/2024\/04\/4A315622-1904-4D5C-B022-878CDC840E04-90x90-1.jpeg\",\"width\":90,\"height\":90,\"caption\":\"Arturo Medina\"},\"logo\":{\"@id\":\"https:\/\/nitu.mx\/#\/schema\/person\/image\/\"},\"description\":\"Director NITU.mx, Egresado de la Escuela de Periodismo Carlos Septi\u00e9n Garc\u00eda. Periodista y analista especializado en turismo desde hace 35 a\u00f1os, radicado en Canc\u00fan Q.Roo. arturo@nitu.mx\",\"sameAs\":[\"https:\/\/nitu.mx\",\"https:\/\/www.facebook.com\/NITUmx\/\",\"medinacancun\",\"https:\/\/twitter.com\/@Arturo_Medina_G\"]},{\"@type\":\"Person\",\"@id\":\"https:\/\/nitu.mx\/#\/schema\/person\/4a28fe9bd65924f7c90623773daf1b0b\",\"name\":\"Redacci\u00f3n\",\"image\":{\"@type\":\"ImageObject\",\"inLanguage\":\"es-MX\",\"@id\":\"https:\/\/nitu.mx\/#\/schema\/person\/image\/\",\"url\":\"https:\/\/secure.gravatar.com\/avatar\/5dd011c8ccfc5cd7e4c81e42252aab38?s=96&d=mm&r=g\",\"contentUrl\":\"https:\/\/secure.gravatar.com\/avatar\/5dd011c8ccfc5cd7e4c81e42252aab38?s=96&d=mm&r=g\",\"caption\":\"Redacci\u00f3n\"},\"url\":\"https:\/\/nitu.mx\/index.php\/author\/redaccion\/\"}]}<\/script>\n<!-- \/ Yoast SEO plugin. -->","yoast_head_json":{"title":"Iberia reconoce a M\u00e9xico como mercado fundamental en FITUR - Nitu - Noticias de la Industria Turistica","robots":{"index":"index","follow":"follow","max-snippet":"max-snippet:-1","max-image-preview":"max-image-preview:large","max-video-preview":"max-video-preview:-1"},"canonical":"https:\/\/nitu.mx\/index.php\/2024\/01\/24\/iberia-reconoce-a-mexico-como-mercado-fundamental-en-fitur\/","twitter_card":"summary_large_image","twitter_title":"Iberia reconoce a M\u00e9xico como mercado fundamental en FITUR - Nitu - Noticias de la Industria Turistica","twitter_description":"Este mi\u00e9rcoles en Madrid, Espa\u00f1a, se inaugur\u00f3 la 44\u00aa edici\u00f3n de la Feria Internacional de Turismo (FITUR), en la que las autoridades de M\u00e9xico han estado presentes en un evento en el stand de Iberia, en el Pabell\u00f3n 10 del centro de convenciones de Ifema. Mar\u00eda Jes\u00fas L\u00f3pez Sol\u00e1s, directora comercial de Red y Alianzas [&hellip;]","twitter_image":"https:\/\/nitu.mx\/wp-content\/uploads\/2024\/01\/Iberia-Espacio-Iberia-Fitur.jpg","twitter_creator":"@NITUmx","twitter_site":"@Arturo_Medina_G","twitter_misc":{"Escrito por":"Redacci\u00f3n","Tiempo de lectura":"4 minutos"},"schema":{"@context":"https:\/\/schema.org","@graph":[{"@type":"Article","@id":"https:\/\/nitu.mx\/index.php\/2024\/01\/24\/iberia-reconoce-a-mexico-como-mercado-fundamental-en-fitur\/#article","isPartOf":{"@id":"https:\/\/nitu.mx\/index.php\/2024\/01\/24\/iberia-reconoce-a-mexico-como-mercado-fundamental-en-fitur\/"},"author":{"name":"Redacci\u00f3n","@id":"https:\/\/nitu.mx\/#\/schema\/person\/4a28fe9bd65924f7c90623773daf1b0b"},"headline":"Iberia reconoce a M\u00e9xico como mercado fundamental en FITUR","datePublished":"2024-01-25T00:35:20+00:00","dateModified":"2024-01-25T00:35:21+00:00","mainEntityOfPage":{"@id":"https:\/\/nitu.mx\/index.php\/2024\/01\/24\/iberia-reconoce-a-mexico-como-mercado-fundamental-en-fitur\/"},"wordCount":905,"commentCount":0,"publisher":{"@id":"https:\/\/nitu.mx\/#\/schema\/person\/ae7a53426417292d3dd07b45a33e01bc"},"image":{"@id":"https:\/\/nitu.mx\/index.php\/2024\/01\/24\/iberia-reconoce-a-mexico-como-mercado-fundamental-en-fitur\/#primaryimage"},"thumbnailUrl":"https:\/\/nitu.mx\/wp-content\/uploads\/2024\/01\/Iberia-Espacio-Iberia-Fitur.jpg","keywords":["CDMX","Espacio Iberia","Iberia","Mar\u00eda Jes\u00fas L\u00f3pez Sol\u00e1s"],"articleSection":["Aerol\u00edneas","FITUR"],"inLanguage":"es-MX","potentialAction":[{"@type":"CommentAction","name":"Comment","target":["https:\/\/nitu.mx\/index.php\/2024\/01\/24\/iberia-reconoce-a-mexico-como-mercado-fundamental-en-fitur\/#respond"]}]},{"@type":"WebPage","@id":"https:\/\/nitu.mx\/index.php\/2024\/01\/24\/iberia-reconoce-a-mexico-como-mercado-fundamental-en-fitur\/","url":"https:\/\/nitu.mx\/index.php\/2024\/01\/24\/iberia-reconoce-a-mexico-como-mercado-fundamental-en-fitur\/","name":"Iberia reconoce a M\u00e9xico como mercado fundamental en FITUR - Nitu - Noticias de la Industria Turistica","isPartOf":{"@id":"https:\/\/nitu.mx\/#website"},"primaryImageOfPage":{"@id":"https:\/\/nitu.mx\/index.php\/2024\/01\/24\/iberia-reconoce-a-mexico-como-mercado-fundamental-en-fitur\/#primaryimage"},"image":{"@id":"https:\/\/nitu.mx\/index.php\/2024\/01\/24\/iberia-reconoce-a-mexico-como-mercado-fundamental-en-fitur\/#primaryimage"},"thumbnailUrl":"https:\/\/nitu.mx\/wp-content\/uploads\/2024\/01\/Iberia-Espacio-Iberia-Fitur.jpg","datePublished":"2024-01-25T00:35:20+00:00","dateModified":"2024-01-25T00:35:21+00:00","breadcrumb":{"@id":"https:\/\/nitu.mx\/index.php\/2024\/01\/24\/iberia-reconoce-a-mexico-como-mercado-fundamental-en-fitur\/#breadcrumb"},"inLanguage":"es-MX","potentialAction":[{"@type":"ReadAction","target":["https:\/\/nitu.mx\/index.php\/2024\/01\/24\/iberia-reconoce-a-mexico-como-mercado-fundamental-en-fitur\/"]}]},{"@type":"ImageObject","inLanguage":"es-MX","@id":"https:\/\/nitu.mx\/index.php\/2024\/01\/24\/iberia-reconoce-a-mexico-como-mercado-fundamental-en-fitur\/#primaryimage","url":"https:\/\/nitu.mx\/wp-content\/uploads\/2024\/01\/Iberia-Espacio-Iberia-Fitur.jpg","contentUrl":"https:\/\/nitu.mx\/wp-content\/uploads\/2024\/01\/Iberia-Espacio-Iberia-Fitur.jpg","width":1200,"height":675,"caption":"Espacio Iberia"},{"@type":"BreadcrumbList","@id":"https:\/\/nitu.mx\/index.php\/2024\/01\/24\/iberia-reconoce-a-mexico-como-mercado-fundamental-en-fitur\/#breadcrumb","itemListElement":[{"@type":"ListItem","position":1,"name":"Inicio","item":"https:\/\/nitu.mx\/"},{"@type":"ListItem","position":2,"name":"Iberia reconoce a M\u00e9xico como mercado fundamental en FITUR"}]},{"@type":"WebSite","@id":"https:\/\/nitu.mx\/#website","url":"https:\/\/nitu.mx\/","name":"Nitu - Noticias de la Industria Turistica","description":"Noticias de la Industria Turistica","publisher":{"@id":"https:\/\/nitu.mx\/#\/schema\/person\/ae7a53426417292d3dd07b45a33e01bc"},"alternateName":"Noticias de la Industria Turistica","potentialAction":[{"@type":"SearchAction","target":{"@type":"EntryPoint","urlTemplate":"https:\/\/nitu.mx\/?s={search_term_string}"},"query-input":"required name=search_term_string"}],"inLanguage":"es-MX"},{"@type":["Person","Organization"],"@id":"https:\/\/nitu.mx\/#\/schema\/person\/ae7a53426417292d3dd07b45a33e01bc","name":"Arturo Medina","image":{"@type":"ImageObject","inLanguage":"es-MX","@id":"https:\/\/nitu.mx\/#\/schema\/person\/image\/","url":"https:\/\/nitu.mx\/wp-content\/uploads\/2024\/04\/4A315622-1904-4D5C-B022-878CDC840E04-90x90-1.jpeg","contentUrl":"https:\/\/nitu.mx\/wp-content\/uploads\/2024\/04\/4A315622-1904-4D5C-B022-878CDC840E04-90x90-1.jpeg","width":90,"height":90,"caption":"Arturo Medina"},"logo":{"@id":"https:\/\/nitu.mx\/#\/schema\/person\/image\/"},"description":"Director NITU.mx, Egresado de la Escuela de Periodismo Carlos Septi\u00e9n Garc\u00eda. Periodista y analista especializado en turismo desde hace 35 a\u00f1os, radicado en Canc\u00fan Q.Roo. arturo@nitu.mx","sameAs":["https:\/\/nitu.mx","https:\/\/www.facebook.com\/NITUmx\/","medinacancun","https:\/\/twitter.com\/@Arturo_Medina_G"]},{"@type":"Person","@id":"https:\/\/nitu.mx\/#\/schema\/person\/4a28fe9bd65924f7c90623773daf1b0b","name":"Redacci\u00f3n","image":{"@type":"ImageObject","inLanguage":"es-MX","@id":"https:\/\/nitu.mx\/#\/schema\/person\/image\/","url":"https:\/\/secure.gravatar.com\/avatar\/5dd011c8ccfc5cd7e4c81e42252aab38?s=96&d=mm&r=g","contentUrl":"https:\/\/secure.gravatar.com\/avatar\/5dd011c8ccfc5cd7e4c81e42252aab38?s=96&d=mm&r=g","caption":"Redacci\u00f3n"},"url":"https:\/\/nitu.mx\/index.php\/author\/redaccion\/"}]}},"views":617,"_links":{"self":[{"href":"https:\/\/nitu.mx\/index.php\/wp-json\/wp\/v2\/posts\/67941"}],"collection":[{"href":"https:\/\/nitu.mx\/index.php\/wp-json\/wp\/v2\/posts"}],"about":[{"href":"https:\/\/nitu.mx\/index.php\/wp-json\/wp\/v2\/types\/post"}],"author":[{"embeddable":true,"href":"https:\/\/nitu.mx\/index.php\/wp-json\/wp\/v2\/users\/17"}],"replies":[{"embeddable":true,"href":"https:\/\/nitu.mx\/index.php\/wp-json\/wp\/v2\/comments?post=67941"}],"version-history":[{"count":2,"href":"https:\/\/nitu.mx\/index.php\/wp-json\/wp\/v2\/posts\/67941\/revisions"}],"predecessor-version":[{"id":67944,"href":"https:\/\/nitu.mx\/index.php\/wp-json\/wp\/v2\/posts\/67941\/revisions\/67944"}],"wp:featuredmedia":[{"embeddable":true,"href":"https:\/\/nitu.mx\/index.php\/wp-json\/wp\/v2\/media\/67945"}],"wp:attachment":[{"href":"https:\/\/nitu.mx\/index.php\/wp-json\/wp\/v2\/media?parent=67941"}],"wp:term":[{"taxonomy":"category","embeddable":true,"href":"https:\/\/nitu.mx\/index.php\/wp-json\/wp\/v2\/categories?post=67941"},{"taxonomy":"post_tag","embeddable":true,"href":"https:\/\/nitu.mx\/index.php\/wp-json\/wp\/v2\/tags?post=67941"}],"curies":[{"name":"wp","href":"https:\/\/api.w.org\/{rel}","templated":true}]}}