{"id":67905,"date":"2024-01-23T17:15:55","date_gmt":"2024-01-23T23:15:55","guid":{"rendered":"https:\/\/nitu.mx\/?p=67905"},"modified":"2024-01-23T21:58:32","modified_gmt":"2024-01-24T03:58:32","slug":"despegar-promueve-el-cuidado-del-medio-ambiente-con-la-semana-del-viajero-responsable","status":"publish","type":"post","link":"https:\/\/nitu.mx\/index.php\/2024\/01\/23\/despegar-promueve-el-cuidado-del-medio-ambiente-con-la-semana-del-viajero-responsable\/","title":{"rendered":"Despegar promueve el cuidado del medio ambiente con la semana del &#8220;Viajero Responsable&#8221;"},"content":{"rendered":"\n<p><span style=\"color: rgb(77, 78, 83); font-family: Montserrat, Arial, sans-serif; font-size: 14px; white-space-collapse: collapse;\">En medio de un creciente movimiento hacia un turismo m\u00e1s consciente y sostenible,\u00a0<\/span>Despegar<span style=\"color: rgb(77, 78, 83); font-family: Montserrat, Arial, sans-serif; font-size: 14px; white-space-collapse: collapse;\">, empresa l\u00edder de viajes en Latinoam\u00e9rica, responde a la apremiante demanda y presenta la semana del Viajero Responsable. Durante una semana Despegar va a destacar diversas opciones de viaje que promueven pr\u00e1cticas responsables con el ambiente.<\/span><\/p>\n\n\n\n<p>Ante esta tendencia tur\u00edstica que se fortalece m\u00e1s ante los cambios clim\u00e1ticos y la generaci\u00f3n de conciencia permanente, Despegar lanza la campa\u00f1a &#8220;Viajero Responsable&#8221;\u00a0en la que los viajeros pueden acceder a diferentes promociones y por supuesto, disfrutar de ambientes pensados para el descanso, la meditaci\u00f3n y el esparcimiento en un formato que contribuye a la reducci\u00f3n de la huella ambiental. Entre los partners que participan en esta acci\u00f3n, se encuentran hoteles como Bah\u00eda Pr\u00edncipe, Hyatt Inclusive Collection, Palladium Group, Iberostar, Ocean Hotels, Sandos Hotels &amp; Resorts,\u00a0Grupo Posadas\u00a0y\u00a0Riu Plaza, as\u00ed como la aerol\u00ednea Aerom\u00e9xico.<\/p>\n\n\n\n<p>Todos los partners anteriormente mencionados cuentan con certificaciones de sostenibilidad como lo son: Green Key, Biosphere, Travelife y EarthCheck, en caso de requerir m\u00e1s informaci\u00f3n al respecto pueden visitar la plataforma de\u00a0Despegar<a rel=\"noreferrer noopener\" href=\"http:\/\/email.prnewswire.com\/ls\/click?upn=3slWLw94I3jq-2B-2FedjFNgZCCJkXKfMePglCmCam0OWO58Wx9lQio3CPkY8P-2FmuJ3-2BsoRoBCHdfQfdolEGBxuoNwqvk-2BohH0Uu1rk0XIJM7Fc-3DqBqJ_r1sI6Ewx8XCdLUxCgC-2Fhyb-2FN2PR-2BkKcOCUma2kLDkY939wstf4xo0gGwDQiERxE5fhJ-2F7oBx7-2BkzgkCn-2FfQqtWreV8nCHgTgGv7ebXgd4k9a33tH493DKlWp2Ofn3tSBlgigM01XuRn9X9yJGQECbVsHzuiqf-2Bhhj4jNaF904Ar9ke5IRfh8NSSJT4FqegTzscICivgEnvahmjaeCjpJO1WqlOO2wPNLNXhxFln7B5d71c7iWrImdqqLZoBjy7TceoOKnR1TLZEZTdHDKC3Bik6tJhJe3HlUQa7GU9-2F6LHX9qDxa0w0-2B3-2Bx4ono40wb1l0V2XWtBhnMDla9GZKB-2BhwQ9d54zmM4iFqxGrOzLlRI-3D\" target=\"_blank\">\u00a0<\/a>donde encontrar\u00e1n las caracter\u00edsticas de cada certificado.<\/p>\n\n\n\n<p>Esta iniciativa busca no solo ofrecer experiencias inolvidables, sino tambi\u00e9n contribuir al bienestar de destinos y comunidades, marcando el comienzo de una nueva era de turismo consciente y sostenible en M\u00e9xico. El corporativo de viajes invita a los viajeros a ser parte de esta transformaci\u00f3n hacia un turismo m\u00e1s consciente de sus impactos en el ambiente.<\/p>\n\n\n\n<p>El turismo responsable es vital para preservar las culturas y el ambiente de todos los destinos. Somos responsables de transformar de manera positiva el impacto del turismo en la naturaleza y en las personas, por eso nos pusimos el desaf\u00edo de ser m\u00e1s responsables con nuestro impacto.<\/p>\n\n\n\n<p>&#8220;A trav\u00e9s de estas acciones concretas en Despegar promovemos una cultura de sustentabilidad con iniciativas que buscan proteger la biodiversidad y mejorar la calidad de vida de las personas&#8221;,\u00a0dijo\u00a0Santiago Elijovich, Country Manager de Despegar M\u00e9xico. Agreg\u00f3 que esta campa\u00f1a contar\u00e1 con descuentos exclusivos para los viajeros de hasta\u00a04 mil pesos\u00a0a trav\u00e9s de c\u00f3digos. (<a href=\"https:\/\/nitu.mx\/index.php\/2023\/12\/22\/despegar-promueve-5-playas-de-mexico-imperdibles-alternativas-a-cancun\/\">Despegar promueve 5 playas de M\u00e9xico imperdibles alternativas a Canc\u00fan<\/a>).<\/p>\n","protected":false},"excerpt":{"rendered":"<p>En medio de un creciente movimiento hacia un turismo m\u00e1s consciente y sostenible,\u00a0Despegar, empresa l\u00edder de viajes en Latinoam\u00e9rica, responde a la apremiante demanda y presenta la semana del Viajero Responsable. Durante una semana Despegar va a destacar diversas opciones de viaje que promueven pr\u00e1cticas responsables con el ambiente. Ante esta tendencia tur\u00edstica que se [&hellip;]<\/p>\n","protected":false},"author":17,"featured_media":38043,"comment_status":"open","ping_status":"open","sticky":false,"template":"","format":"standard","meta":{"footnotes":""},"categories":[3],"tags":[2130,23287,18278],"yoast_head":"<!-- This site is optimized with the Yoast SEO plugin v22.2 - https:\/\/yoast.com\/wordpress\/plugins\/seo\/ -->\n<title>Despegar promueve el cuidado del medio ambiente con la semana del &quot;Viajero Responsable&quot; - Nitu - Noticias de la Industria Turistica<\/title>\n<meta name=\"robots\" content=\"index, follow, max-snippet:-1, max-image-preview:large, max-video-preview:-1\" \/>\n<link rel=\"canonical\" href=\"https:\/\/nitu.mx\/index.php\/2024\/01\/23\/despegar-promueve-el-cuidado-del-medio-ambiente-con-la-semana-del-viajero-responsable\/\" \/>\n<meta name=\"twitter:card\" content=\"summary_large_image\" \/>\n<meta name=\"twitter:title\" content=\"Despegar promueve el cuidado del medio ambiente con la semana del &quot;Viajero Responsable&quot; - Nitu - Noticias de la Industria Turistica\" \/>\n<meta name=\"twitter:description\" content=\"En medio de un creciente movimiento hacia un turismo m\u00e1s consciente y sostenible,\u00a0Despegar, empresa l\u00edder de viajes en Latinoam\u00e9rica, responde a la apremiante demanda y presenta la semana del Viajero Responsable. Durante una semana Despegar va a destacar diversas opciones de viaje que promueven pr\u00e1cticas responsables con el ambiente. Ante esta tendencia tur\u00edstica que se [&hellip;]\" \/>\n<meta name=\"twitter:image\" content=\"https:\/\/nitu.mx\/wp-content\/uploads\/2019\/12\/Playas-despegar.jpg\" \/>\n<meta name=\"twitter:creator\" content=\"@NITUmx\" \/>\n<meta name=\"twitter:site\" content=\"@Arturo_Medina_G\" \/>\n<meta name=\"twitter:label1\" content=\"Escrito por\" \/>\n\t<meta name=\"twitter:data1\" content=\"Redacci\u00f3n\" \/>\n\t<meta name=\"twitter:label2\" content=\"Tiempo de lectura\" \/>\n\t<meta name=\"twitter:data2\" content=\"2 minutos\" \/>\n<script type=\"application\/ld+json\" class=\"yoast-schema-graph\">{\"@context\":\"https:\/\/schema.org\",\"@graph\":[{\"@type\":\"Article\",\"@id\":\"https:\/\/nitu.mx\/index.php\/2024\/01\/23\/despegar-promueve-el-cuidado-del-medio-ambiente-con-la-semana-del-viajero-responsable\/#article\",\"isPartOf\":{\"@id\":\"https:\/\/nitu.mx\/index.php\/2024\/01\/23\/despegar-promueve-el-cuidado-del-medio-ambiente-con-la-semana-del-viajero-responsable\/\"},\"author\":{\"name\":\"Redacci\u00f3n\",\"@id\":\"https:\/\/nitu.mx\/#\/schema\/person\/4a28fe9bd65924f7c90623773daf1b0b\"},\"headline\":\"Despegar promueve el cuidado del medio ambiente con la semana del &#8220;Viajero Responsable&#8221;\",\"datePublished\":\"2024-01-23T23:15:55+00:00\",\"dateModified\":\"2024-01-24T03:58:32+00:00\",\"mainEntityOfPage\":{\"@id\":\"https:\/\/nitu.mx\/index.php\/2024\/01\/23\/despegar-promueve-el-cuidado-del-medio-ambiente-con-la-semana-del-viajero-responsable\/\"},\"wordCount\":401,\"commentCount\":0,\"publisher\":{\"@id\":\"https:\/\/nitu.mx\/#\/schema\/person\/ae7a53426417292d3dd07b45a33e01bc\"},\"image\":{\"@id\":\"https:\/\/nitu.mx\/index.php\/2024\/01\/23\/despegar-promueve-el-cuidado-del-medio-ambiente-con-la-semana-del-viajero-responsable\/#primaryimage\"},\"thumbnailUrl\":\"https:\/\/nitu.mx\/wp-content\/uploads\/2019\/12\/Playas-despegar.jpg\",\"keywords\":[\"Despegar\",\"Santiago Elijovich\",\"turismo sostenible\"],\"articleSection\":[\"Agencias de Viajes\"],\"inLanguage\":\"es-MX\",\"potentialAction\":[{\"@type\":\"CommentAction\",\"name\":\"Comment\",\"target\":[\"https:\/\/nitu.mx\/index.php\/2024\/01\/23\/despegar-promueve-el-cuidado-del-medio-ambiente-con-la-semana-del-viajero-responsable\/#respond\"]}]},{\"@type\":\"WebPage\",\"@id\":\"https:\/\/nitu.mx\/index.php\/2024\/01\/23\/despegar-promueve-el-cuidado-del-medio-ambiente-con-la-semana-del-viajero-responsable\/\",\"url\":\"https:\/\/nitu.mx\/index.php\/2024\/01\/23\/despegar-promueve-el-cuidado-del-medio-ambiente-con-la-semana-del-viajero-responsable\/\",\"name\":\"Despegar promueve el cuidado del medio ambiente con la semana del \\\"Viajero Responsable\\\" - Nitu - Noticias de la Industria Turistica\",\"isPartOf\":{\"@id\":\"https:\/\/nitu.mx\/#website\"},\"primaryImageOfPage\":{\"@id\":\"https:\/\/nitu.mx\/index.php\/2024\/01\/23\/despegar-promueve-el-cuidado-del-medio-ambiente-con-la-semana-del-viajero-responsable\/#primaryimage\"},\"image\":{\"@id\":\"https:\/\/nitu.mx\/index.php\/2024\/01\/23\/despegar-promueve-el-cuidado-del-medio-ambiente-con-la-semana-del-viajero-responsable\/#primaryimage\"},\"thumbnailUrl\":\"https:\/\/nitu.mx\/wp-content\/uploads\/2019\/12\/Playas-despegar.jpg\",\"datePublished\":\"2024-01-23T23:15:55+00:00\",\"dateModified\":\"2024-01-24T03:58:32+00:00\",\"breadcrumb\":{\"@id\":\"https:\/\/nitu.mx\/index.php\/2024\/01\/23\/despegar-promueve-el-cuidado-del-medio-ambiente-con-la-semana-del-viajero-responsable\/#breadcrumb\"},\"inLanguage\":\"es-MX\",\"potentialAction\":[{\"@type\":\"ReadAction\",\"target\":[\"https:\/\/nitu.mx\/index.php\/2024\/01\/23\/despegar-promueve-el-cuidado-del-medio-ambiente-con-la-semana-del-viajero-responsable\/\"]}]},{\"@type\":\"ImageObject\",\"inLanguage\":\"es-MX\",\"@id\":\"https:\/\/nitu.mx\/index.php\/2024\/01\/23\/despegar-promueve-el-cuidado-del-medio-ambiente-con-la-semana-del-viajero-responsable\/#primaryimage\",\"url\":\"https:\/\/nitu.mx\/wp-content\/uploads\/2019\/12\/Playas-despegar.jpg\",\"contentUrl\":\"https:\/\/nitu.mx\/wp-content\/uploads\/2019\/12\/Playas-despegar.jpg\",\"width\":850,\"height\":480,\"caption\":\"Playas Despegar\"},{\"@type\":\"BreadcrumbList\",\"@id\":\"https:\/\/nitu.mx\/index.php\/2024\/01\/23\/despegar-promueve-el-cuidado-del-medio-ambiente-con-la-semana-del-viajero-responsable\/#breadcrumb\",\"itemListElement\":[{\"@type\":\"ListItem\",\"position\":1,\"name\":\"Inicio\",\"item\":\"https:\/\/nitu.mx\/\"},{\"@type\":\"ListItem\",\"position\":2,\"name\":\"Despegar promueve el cuidado del medio ambiente con la semana del &#8220;Viajero Responsable&#8221;\"}]},{\"@type\":\"WebSite\",\"@id\":\"https:\/\/nitu.mx\/#website\",\"url\":\"https:\/\/nitu.mx\/\",\"name\":\"Nitu - Noticias de la Industria Turistica\",\"description\":\"Noticias de la Industria Turistica\",\"publisher\":{\"@id\":\"https:\/\/nitu.mx\/#\/schema\/person\/ae7a53426417292d3dd07b45a33e01bc\"},\"alternateName\":\"Noticias de la Industria Turistica\",\"potentialAction\":[{\"@type\":\"SearchAction\",\"target\":{\"@type\":\"EntryPoint\",\"urlTemplate\":\"https:\/\/nitu.mx\/?s={search_term_string}\"},\"query-input\":\"required name=search_term_string\"}],\"inLanguage\":\"es-MX\"},{\"@type\":[\"Person\",\"Organization\"],\"@id\":\"https:\/\/nitu.mx\/#\/schema\/person\/ae7a53426417292d3dd07b45a33e01bc\",\"name\":\"Arturo Medina\",\"image\":{\"@type\":\"ImageObject\",\"inLanguage\":\"es-MX\",\"@id\":\"https:\/\/nitu.mx\/#\/schema\/person\/image\/\",\"url\":\"https:\/\/nitu.mx\/wp-content\/uploads\/2024\/04\/4A315622-1904-4D5C-B022-878CDC840E04-90x90-1.jpeg\",\"contentUrl\":\"https:\/\/nitu.mx\/wp-content\/uploads\/2024\/04\/4A315622-1904-4D5C-B022-878CDC840E04-90x90-1.jpeg\",\"width\":90,\"height\":90,\"caption\":\"Arturo Medina\"},\"logo\":{\"@id\":\"https:\/\/nitu.mx\/#\/schema\/person\/image\/\"},\"description\":\"Director NITU.mx, Egresado de la Escuela de Periodismo Carlos Septi\u00e9n Garc\u00eda. Periodista y analista especializado en turismo desde hace 35 a\u00f1os, radicado en Canc\u00fan Q.Roo. arturo@nitu.mx\",\"sameAs\":[\"https:\/\/nitu.mx\",\"https:\/\/www.facebook.com\/NITUmx\/\",\"medinacancun\",\"https:\/\/twitter.com\/@Arturo_Medina_G\"]},{\"@type\":\"Person\",\"@id\":\"https:\/\/nitu.mx\/#\/schema\/person\/4a28fe9bd65924f7c90623773daf1b0b\",\"name\":\"Redacci\u00f3n\",\"image\":{\"@type\":\"ImageObject\",\"inLanguage\":\"es-MX\",\"@id\":\"https:\/\/nitu.mx\/#\/schema\/person\/image\/\",\"url\":\"https:\/\/secure.gravatar.com\/avatar\/5dd011c8ccfc5cd7e4c81e42252aab38?s=96&d=mm&r=g\",\"contentUrl\":\"https:\/\/secure.gravatar.com\/avatar\/5dd011c8ccfc5cd7e4c81e42252aab38?s=96&d=mm&r=g\",\"caption\":\"Redacci\u00f3n\"},\"url\":\"https:\/\/nitu.mx\/index.php\/author\/redaccion\/\"}]}<\/script>\n<!-- \/ Yoast SEO plugin. -->","yoast_head_json":{"title":"Despegar promueve el cuidado del medio ambiente con la semana del \"Viajero Responsable\" - Nitu - Noticias de la Industria Turistica","robots":{"index":"index","follow":"follow","max-snippet":"max-snippet:-1","max-image-preview":"max-image-preview:large","max-video-preview":"max-video-preview:-1"},"canonical":"https:\/\/nitu.mx\/index.php\/2024\/01\/23\/despegar-promueve-el-cuidado-del-medio-ambiente-con-la-semana-del-viajero-responsable\/","twitter_card":"summary_large_image","twitter_title":"Despegar promueve el cuidado del medio ambiente con la semana del \"Viajero Responsable\" - Nitu - Noticias de la Industria Turistica","twitter_description":"En medio de un creciente movimiento hacia un turismo m\u00e1s consciente y sostenible,\u00a0Despegar, empresa l\u00edder de viajes en Latinoam\u00e9rica, responde a la apremiante demanda y presenta la semana del Viajero Responsable. Durante una semana Despegar va a destacar diversas opciones de viaje que promueven pr\u00e1cticas responsables con el ambiente. Ante esta tendencia tur\u00edstica que se [&hellip;]","twitter_image":"https:\/\/nitu.mx\/wp-content\/uploads\/2019\/12\/Playas-despegar.jpg","twitter_creator":"@NITUmx","twitter_site":"@Arturo_Medina_G","twitter_misc":{"Escrito por":"Redacci\u00f3n","Tiempo de lectura":"2 minutos"},"schema":{"@context":"https:\/\/schema.org","@graph":[{"@type":"Article","@id":"https:\/\/nitu.mx\/index.php\/2024\/01\/23\/despegar-promueve-el-cuidado-del-medio-ambiente-con-la-semana-del-viajero-responsable\/#article","isPartOf":{"@id":"https:\/\/nitu.mx\/index.php\/2024\/01\/23\/despegar-promueve-el-cuidado-del-medio-ambiente-con-la-semana-del-viajero-responsable\/"},"author":{"name":"Redacci\u00f3n","@id":"https:\/\/nitu.mx\/#\/schema\/person\/4a28fe9bd65924f7c90623773daf1b0b"},"headline":"Despegar promueve el cuidado del medio ambiente con la semana del &#8220;Viajero Responsable&#8221;","datePublished":"2024-01-23T23:15:55+00:00","dateModified":"2024-01-24T03:58:32+00:00","mainEntityOfPage":{"@id":"https:\/\/nitu.mx\/index.php\/2024\/01\/23\/despegar-promueve-el-cuidado-del-medio-ambiente-con-la-semana-del-viajero-responsable\/"},"wordCount":401,"commentCount":0,"publisher":{"@id":"https:\/\/nitu.mx\/#\/schema\/person\/ae7a53426417292d3dd07b45a33e01bc"},"image":{"@id":"https:\/\/nitu.mx\/index.php\/2024\/01\/23\/despegar-promueve-el-cuidado-del-medio-ambiente-con-la-semana-del-viajero-responsable\/#primaryimage"},"thumbnailUrl":"https:\/\/nitu.mx\/wp-content\/uploads\/2019\/12\/Playas-despegar.jpg","keywords":["Despegar","Santiago Elijovich","turismo sostenible"],"articleSection":["Agencias de Viajes"],"inLanguage":"es-MX","potentialAction":[{"@type":"CommentAction","name":"Comment","target":["https:\/\/nitu.mx\/index.php\/2024\/01\/23\/despegar-promueve-el-cuidado-del-medio-ambiente-con-la-semana-del-viajero-responsable\/#respond"]}]},{"@type":"WebPage","@id":"https:\/\/nitu.mx\/index.php\/2024\/01\/23\/despegar-promueve-el-cuidado-del-medio-ambiente-con-la-semana-del-viajero-responsable\/","url":"https:\/\/nitu.mx\/index.php\/2024\/01\/23\/despegar-promueve-el-cuidado-del-medio-ambiente-con-la-semana-del-viajero-responsable\/","name":"Despegar promueve el cuidado del medio ambiente con la semana del \"Viajero Responsable\" - Nitu - Noticias de la Industria Turistica","isPartOf":{"@id":"https:\/\/nitu.mx\/#website"},"primaryImageOfPage":{"@id":"https:\/\/nitu.mx\/index.php\/2024\/01\/23\/despegar-promueve-el-cuidado-del-medio-ambiente-con-la-semana-del-viajero-responsable\/#primaryimage"},"image":{"@id":"https:\/\/nitu.mx\/index.php\/2024\/01\/23\/despegar-promueve-el-cuidado-del-medio-ambiente-con-la-semana-del-viajero-responsable\/#primaryimage"},"thumbnailUrl":"https:\/\/nitu.mx\/wp-content\/uploads\/2019\/12\/Playas-despegar.jpg","datePublished":"2024-01-23T23:15:55+00:00","dateModified":"2024-01-24T03:58:32+00:00","breadcrumb":{"@id":"https:\/\/nitu.mx\/index.php\/2024\/01\/23\/despegar-promueve-el-cuidado-del-medio-ambiente-con-la-semana-del-viajero-responsable\/#breadcrumb"},"inLanguage":"es-MX","potentialAction":[{"@type":"ReadAction","target":["https:\/\/nitu.mx\/index.php\/2024\/01\/23\/despegar-promueve-el-cuidado-del-medio-ambiente-con-la-semana-del-viajero-responsable\/"]}]},{"@type":"ImageObject","inLanguage":"es-MX","@id":"https:\/\/nitu.mx\/index.php\/2024\/01\/23\/despegar-promueve-el-cuidado-del-medio-ambiente-con-la-semana-del-viajero-responsable\/#primaryimage","url":"https:\/\/nitu.mx\/wp-content\/uploads\/2019\/12\/Playas-despegar.jpg","contentUrl":"https:\/\/nitu.mx\/wp-content\/uploads\/2019\/12\/Playas-despegar.jpg","width":850,"height":480,"caption":"Playas Despegar"},{"@type":"BreadcrumbList","@id":"https:\/\/nitu.mx\/index.php\/2024\/01\/23\/despegar-promueve-el-cuidado-del-medio-ambiente-con-la-semana-del-viajero-responsable\/#breadcrumb","itemListElement":[{"@type":"ListItem","position":1,"name":"Inicio","item":"https:\/\/nitu.mx\/"},{"@type":"ListItem","position":2,"name":"Despegar promueve el cuidado del medio ambiente con la semana del &#8220;Viajero Responsable&#8221;"}]},{"@type":"WebSite","@id":"https:\/\/nitu.mx\/#website","url":"https:\/\/nitu.mx\/","name":"Nitu - Noticias de la Industria Turistica","description":"Noticias de la Industria Turistica","publisher":{"@id":"https:\/\/nitu.mx\/#\/schema\/person\/ae7a53426417292d3dd07b45a33e01bc"},"alternateName":"Noticias de la Industria Turistica","potentialAction":[{"@type":"SearchAction","target":{"@type":"EntryPoint","urlTemplate":"https:\/\/nitu.mx\/?s={search_term_string}"},"query-input":"required name=search_term_string"}],"inLanguage":"es-MX"},{"@type":["Person","Organization"],"@id":"https:\/\/nitu.mx\/#\/schema\/person\/ae7a53426417292d3dd07b45a33e01bc","name":"Arturo Medina","image":{"@type":"ImageObject","inLanguage":"es-MX","@id":"https:\/\/nitu.mx\/#\/schema\/person\/image\/","url":"https:\/\/nitu.mx\/wp-content\/uploads\/2024\/04\/4A315622-1904-4D5C-B022-878CDC840E04-90x90-1.jpeg","contentUrl":"https:\/\/nitu.mx\/wp-content\/uploads\/2024\/04\/4A315622-1904-4D5C-B022-878CDC840E04-90x90-1.jpeg","width":90,"height":90,"caption":"Arturo Medina"},"logo":{"@id":"https:\/\/nitu.mx\/#\/schema\/person\/image\/"},"description":"Director NITU.mx, Egresado de la Escuela de Periodismo Carlos Septi\u00e9n Garc\u00eda. Periodista y analista especializado en turismo desde hace 35 a\u00f1os, radicado en Canc\u00fan Q.Roo. arturo@nitu.mx","sameAs":["https:\/\/nitu.mx","https:\/\/www.facebook.com\/NITUmx\/","medinacancun","https:\/\/twitter.com\/@Arturo_Medina_G"]},{"@type":"Person","@id":"https:\/\/nitu.mx\/#\/schema\/person\/4a28fe9bd65924f7c90623773daf1b0b","name":"Redacci\u00f3n","image":{"@type":"ImageObject","inLanguage":"es-MX","@id":"https:\/\/nitu.mx\/#\/schema\/person\/image\/","url":"https:\/\/secure.gravatar.com\/avatar\/5dd011c8ccfc5cd7e4c81e42252aab38?s=96&d=mm&r=g","contentUrl":"https:\/\/secure.gravatar.com\/avatar\/5dd011c8ccfc5cd7e4c81e42252aab38?s=96&d=mm&r=g","caption":"Redacci\u00f3n"},"url":"https:\/\/nitu.mx\/index.php\/author\/redaccion\/"}]}},"views":1154,"_links":{"self":[{"href":"https:\/\/nitu.mx\/index.php\/wp-json\/wp\/v2\/posts\/67905"}],"collection":[{"href":"https:\/\/nitu.mx\/index.php\/wp-json\/wp\/v2\/posts"}],"about":[{"href":"https:\/\/nitu.mx\/index.php\/wp-json\/wp\/v2\/types\/post"}],"author":[{"embeddable":true,"href":"https:\/\/nitu.mx\/index.php\/wp-json\/wp\/v2\/users\/17"}],"replies":[{"embeddable":true,"href":"https:\/\/nitu.mx\/index.php\/wp-json\/wp\/v2\/comments?post=67905"}],"version-history":[{"count":2,"href":"https:\/\/nitu.mx\/index.php\/wp-json\/wp\/v2\/posts\/67905\/revisions"}],"predecessor-version":[{"id":67909,"href":"https:\/\/nitu.mx\/index.php\/wp-json\/wp\/v2\/posts\/67905\/revisions\/67909"}],"wp:featuredmedia":[{"embeddable":true,"href":"https:\/\/nitu.mx\/index.php\/wp-json\/wp\/v2\/media\/38043"}],"wp:attachment":[{"href":"https:\/\/nitu.mx\/index.php\/wp-json\/wp\/v2\/media?parent=67905"}],"wp:term":[{"taxonomy":"category","embeddable":true,"href":"https:\/\/nitu.mx\/index.php\/wp-json\/wp\/v2\/categories?post=67905"},{"taxonomy":"post_tag","embeddable":true,"href":"https:\/\/nitu.mx\/index.php\/wp-json\/wp\/v2\/tags?post=67905"}],"curies":[{"name":"wp","href":"https:\/\/api.w.org\/{rel}","templated":true}]}}