{"id":67851,"date":"2024-01-22T21:30:51","date_gmt":"2024-01-23T03:30:51","guid":{"rendered":"https:\/\/nitu.mx\/?p=67851"},"modified":"2024-01-22T22:01:14","modified_gmt":"2024-01-23T04:01:14","slug":"queretaro-es-nombrado-capital-iberoamericana-de-la-gastronomia-de-encuentro-en-fitur-2024","status":"publish","type":"post","link":"https:\/\/nitu.mx\/index.php\/2024\/01\/22\/queretaro-es-nombrado-capital-iberoamericana-de-la-gastronomia-de-encuentro-en-fitur-2024\/","title":{"rendered":"Quer\u00e9taro es nombrado Capital Iberoamericana de la Gastronom\u00eda de Encuentro en FITUR 2024"},"content":{"rendered":"\n<p>Como un reconocimiento al valioso legado cultural e hist\u00f3rico de la comida queretana, la Real Academia Iberoamericana de la Gastronom\u00eda distingui\u00f3 al estado de Quer\u00e9taro como Capital Iberoamericana de la Gastronom\u00eda de Encuentro en este 2024.<br><br>Durante un encuentro realizado en el emblem\u00e1tico Palacio de Salda\u00f1a de Madrid, Adriana Vega V\u00e1zquez Mellado, secretaria de Turismo de la entidad, dijo que \u201cobtener este nombramiento implica llevar la gastronom\u00eda queretana a un plano de reconocimiento internacional y obliga a multiplicar los esfuerzos de preservaci\u00f3n y promoci\u00f3n de la cocina queretana\u201d.<br><br>Agradeci\u00f3 a la Academia por haber tomado en cuenta a la entidad para obtener esta distinci\u00f3n, que marcar\u00e1 un hito en la historia del turismo y la gastronom\u00eda del estado. La secretaria explic\u00f3 que a trav\u00e9s de la plataforma virtual \u201cGastro Quer\u00e9taro\u201d, se mostrar\u00e1 al mundo la cultura culinaria de la entidad.<br><br>Por su parte, Rafael Ans\u00f3n Oliart, presidente de la Academia Iberoamericana de Gastronom\u00eda, detall\u00f3 que el nombramiento de Quer\u00e9taro responde a un esfuerzo de valorar la gran aportaci\u00f3n de los pueblos de Iberoam\u00e9rica a la gastronom\u00eda internacional.<br><br>Expuso que Quer\u00e9taro es un destino gastron\u00f3mico de clase mundial, con una oferta culinaria que combina los sabores con una arraigada cultura vitivin\u00edcola que goza de enorme prestigio.<br><br>Durante el encuentro, se inform\u00f3 que avanza positivamente el proyecto para hacer realidad el Museo Nacional de la Gastronom\u00eda Mexicana, que ser\u00e1 un espacio para exponer y resguardar la historia de la cocina prehisp\u00e1nica, la cocina colonial y tradicional. El recinto contar\u00e1 con un centro de documentaci\u00f3n, biblioteca, sala de degustaci\u00f3n y experiencias sensoriales para una inmersi\u00f3n total en la gastronom\u00eda mexicana.<br><br>Cabe destacar que la Real Academia Iberoamericana de la Gastronom\u00eda surgi\u00f3 hace 10 a\u00f1os y es un organismo dedicado a la investigaci\u00f3n, divulgaci\u00f3n y protecci\u00f3n de las cocinas y actividades gastron\u00f3micas de las distintas regiones y pueblos Iberoamericanos.<br><br>Anteriormente, la Academia ha otorgado nombramientos como Capitales Iberoamericanas de la Gastronom\u00eda a ciudades como Buenos Aires (2017), S\u00e3o Paulo (2018), Miami (2019) y Madrid (2020), entre otras, a las que ahora se suma la ciudad de Quer\u00e9taro.<br><br>El estado de Quer\u00e9taro cuenta con una amplia oferta gastron\u00f3mica, que combina la cocina mexicana tradicional con influencias espa\u00f1olas y de otras culturas migrantes, lo que ha dado lugar a una cocina \u00fanica y representativa de la regi\u00f3n.<br><br>Algunos de los platos t\u00edpicos incluyen las enchiladas queretanas, las gorditas rellenas (elaboradas con ma\u00edz y rellenas de guisos de la regi\u00f3n) y el tradicional garbanzo en amarillo (platillo t\u00edpico de la regi\u00f3n preparado con pollo, hongos, azafr\u00e1n y garbanzo, considerado una delicia de la cocina local). Quer\u00e9taro tambi\u00e9n es conocido por su producci\u00f3n de quesos y vinos, y es una de las regiones vitivin\u00edcolas m\u00e1s importantes de M\u00e9xico.<br><br>Por otra parte, la Universidad Aut\u00f3noma de Quer\u00e9taro, present\u00f3 el libro \u201cRecetas, relatos y rese\u00f1as: La alimentaci\u00f3n en el tramo Quer\u00e9taro del Camino Real de Tierra Adentro\u201d y la plataforma digital \u201cGastro Quer\u00e9taro\u201d, que ser\u00e1 la ventana para exponer al mundo lo mejor de la cocina queretana.<\/p>\n\n\n\n<p>Al respecto, Rodrigo S\u00e1nchez Garc\u00eda, coordinador T\u00e9cnico Superior en Manejo de Alimentos y Cultura del Vino, explic\u00f3 que \u201ceste es un libro de cocina que retrata la cultura y las tradiciones de Quer\u00e9taro y su gastronom\u00eda, a trav\u00e9s de la historia de generaciones en el Camino Real. Se trata una aportaci\u00f3n para mantener vivas nuestras tradiciones como queretanos\u201d.<\/p>\n\n\n\n<p>El estado dar\u00e1 promoci\u00f3n a sus atractivos durante la Feria Internacional de Turismo de Madrid (FITUR 2024), que se realizar\u00e1 del 24 al 28 de enero en la capital espa\u00f1ola. La Feria es considerada uno de los principales foros a nivel global y es el punto de encuentro para los profesionales del turismo, toda vez que ofrece una ventana de oportunidad \u00fanica para el desarrollo de los negocios en la industria de viajes y turismo. (<a href=\"https:\/\/nitu.mx\/index.php\/2023\/09\/19\/conexstur-promovera-los-destinos-de-queretaro-ante-el-turismo-internacional\/\">Conexstur promover\u00e1 los destinos de Quer\u00e9taro ante el turismo internacional<\/a>).<\/p>\n","protected":false},"excerpt":{"rendered":"<p>Como un reconocimiento al valioso legado cultural e hist\u00f3rico de la comida queretana, la Real Academia Iberoamericana de la Gastronom\u00eda distingui\u00f3 al estado de Quer\u00e9taro como Capital Iberoamericana de la Gastronom\u00eda de Encuentro en este 2024. Durante un encuentro realizado en el emblem\u00e1tico Palacio de Salda\u00f1a de Madrid, Adriana Vega V\u00e1zquez Mellado, secretaria de Turismo [&hellip;]<\/p>\n","protected":false},"author":17,"featured_media":67856,"comment_status":"open","ping_status":"open","sticky":false,"template":"","format":"standard","meta":{"footnotes":""},"categories":[5],"tags":[24120,2703,4968,61],"yoast_head":"<!-- This site is optimized with the Yoast SEO plugin v22.2 - https:\/\/yoast.com\/wordpress\/plugins\/seo\/ -->\n<title>Quer\u00e9taro es nombrado Capital Iberoamericana de la Gastronom\u00eda de Encuentro en FITUR 2024 - Nitu - Noticias de la Industria Turistica<\/title>\n<meta name=\"robots\" content=\"index, follow, max-snippet:-1, max-image-preview:large, max-video-preview:-1\" \/>\n<link rel=\"canonical\" href=\"https:\/\/nitu.mx\/index.php\/2024\/01\/22\/queretaro-es-nombrado-capital-iberoamericana-de-la-gastronomia-de-encuentro-en-fitur-2024\/\" \/>\n<meta name=\"twitter:card\" content=\"summary_large_image\" \/>\n<meta name=\"twitter:title\" content=\"Quer\u00e9taro es nombrado Capital Iberoamericana de la Gastronom\u00eda de Encuentro en FITUR 2024 - Nitu - Noticias de la Industria Turistica\" \/>\n<meta name=\"twitter:description\" content=\"Como un reconocimiento al valioso legado cultural e hist\u00f3rico de la comida queretana, la Real Academia Iberoamericana de la Gastronom\u00eda distingui\u00f3 al estado de Quer\u00e9taro como Capital Iberoamericana de la Gastronom\u00eda de Encuentro en este 2024. Durante un encuentro realizado en el emblem\u00e1tico Palacio de Salda\u00f1a de Madrid, Adriana Vega V\u00e1zquez Mellado, secretaria de Turismo [&hellip;]\" \/>\n<meta name=\"twitter:image\" content=\"https:\/\/nitu.mx\/wp-content\/uploads\/2024\/01\/Queretaro-Capital-Iberoamericana-de-la-Gastronomia.jpg\" \/>\n<meta name=\"twitter:creator\" content=\"@NITUmx\" \/>\n<meta name=\"twitter:site\" content=\"@Arturo_Medina_G\" \/>\n<meta name=\"twitter:label1\" content=\"Escrito por\" \/>\n\t<meta name=\"twitter:data1\" content=\"Redacci\u00f3n\" \/>\n\t<meta name=\"twitter:label2\" content=\"Tiempo de lectura\" \/>\n\t<meta name=\"twitter:data2\" content=\"4 minutos\" \/>\n<script type=\"application\/ld+json\" class=\"yoast-schema-graph\">{\"@context\":\"https:\/\/schema.org\",\"@graph\":[{\"@type\":\"Article\",\"@id\":\"https:\/\/nitu.mx\/index.php\/2024\/01\/22\/queretaro-es-nombrado-capital-iberoamericana-de-la-gastronomia-de-encuentro-en-fitur-2024\/#article\",\"isPartOf\":{\"@id\":\"https:\/\/nitu.mx\/index.php\/2024\/01\/22\/queretaro-es-nombrado-capital-iberoamericana-de-la-gastronomia-de-encuentro-en-fitur-2024\/\"},\"author\":{\"name\":\"Redacci\u00f3n\",\"@id\":\"https:\/\/nitu.mx\/#\/schema\/person\/4a28fe9bd65924f7c90623773daf1b0b\"},\"headline\":\"Quer\u00e9taro es nombrado Capital Iberoamericana de la Gastronom\u00eda de Encuentro en FITUR 2024\",\"datePublished\":\"2024-01-23T03:30:51+00:00\",\"dateModified\":\"2024-01-23T04:01:14+00:00\",\"mainEntityOfPage\":{\"@id\":\"https:\/\/nitu.mx\/index.php\/2024\/01\/22\/queretaro-es-nombrado-capital-iberoamericana-de-la-gastronomia-de-encuentro-en-fitur-2024\/\"},\"wordCount\":715,\"commentCount\":0,\"publisher\":{\"@id\":\"https:\/\/nitu.mx\/#\/schema\/person\/ae7a53426417292d3dd07b45a33e01bc\"},\"image\":{\"@id\":\"https:\/\/nitu.mx\/index.php\/2024\/01\/22\/queretaro-es-nombrado-capital-iberoamericana-de-la-gastronomia-de-encuentro-en-fitur-2024\/#primaryimage\"},\"thumbnailUrl\":\"https:\/\/nitu.mx\/wp-content\/uploads\/2024\/01\/Queretaro-Capital-Iberoamericana-de-la-Gastronomia.jpg\",\"keywords\":[\"Adriana Vega V\u00e1zquez Mellado\",\"FITUR\",\"gastronom\u00eda\",\"Quer\u00e9taro\"],\"articleSection\":[\"Destinos\"],\"inLanguage\":\"es-MX\",\"potentialAction\":[{\"@type\":\"CommentAction\",\"name\":\"Comment\",\"target\":[\"https:\/\/nitu.mx\/index.php\/2024\/01\/22\/queretaro-es-nombrado-capital-iberoamericana-de-la-gastronomia-de-encuentro-en-fitur-2024\/#respond\"]}]},{\"@type\":\"WebPage\",\"@id\":\"https:\/\/nitu.mx\/index.php\/2024\/01\/22\/queretaro-es-nombrado-capital-iberoamericana-de-la-gastronomia-de-encuentro-en-fitur-2024\/\",\"url\":\"https:\/\/nitu.mx\/index.php\/2024\/01\/22\/queretaro-es-nombrado-capital-iberoamericana-de-la-gastronomia-de-encuentro-en-fitur-2024\/\",\"name\":\"Quer\u00e9taro es nombrado Capital Iberoamericana de la Gastronom\u00eda de Encuentro en FITUR 2024 - Nitu - Noticias de la Industria Turistica\",\"isPartOf\":{\"@id\":\"https:\/\/nitu.mx\/#website\"},\"primaryImageOfPage\":{\"@id\":\"https:\/\/nitu.mx\/index.php\/2024\/01\/22\/queretaro-es-nombrado-capital-iberoamericana-de-la-gastronomia-de-encuentro-en-fitur-2024\/#primaryimage\"},\"image\":{\"@id\":\"https:\/\/nitu.mx\/index.php\/2024\/01\/22\/queretaro-es-nombrado-capital-iberoamericana-de-la-gastronomia-de-encuentro-en-fitur-2024\/#primaryimage\"},\"thumbnailUrl\":\"https:\/\/nitu.mx\/wp-content\/uploads\/2024\/01\/Queretaro-Capital-Iberoamericana-de-la-Gastronomia.jpg\",\"datePublished\":\"2024-01-23T03:30:51+00:00\",\"dateModified\":\"2024-01-23T04:01:14+00:00\",\"breadcrumb\":{\"@id\":\"https:\/\/nitu.mx\/index.php\/2024\/01\/22\/queretaro-es-nombrado-capital-iberoamericana-de-la-gastronomia-de-encuentro-en-fitur-2024\/#breadcrumb\"},\"inLanguage\":\"es-MX\",\"potentialAction\":[{\"@type\":\"ReadAction\",\"target\":[\"https:\/\/nitu.mx\/index.php\/2024\/01\/22\/queretaro-es-nombrado-capital-iberoamericana-de-la-gastronomia-de-encuentro-en-fitur-2024\/\"]}]},{\"@type\":\"ImageObject\",\"inLanguage\":\"es-MX\",\"@id\":\"https:\/\/nitu.mx\/index.php\/2024\/01\/22\/queretaro-es-nombrado-capital-iberoamericana-de-la-gastronomia-de-encuentro-en-fitur-2024\/#primaryimage\",\"url\":\"https:\/\/nitu.mx\/wp-content\/uploads\/2024\/01\/Queretaro-Capital-Iberoamericana-de-la-Gastronomia.jpg\",\"contentUrl\":\"https:\/\/nitu.mx\/wp-content\/uploads\/2024\/01\/Queretaro-Capital-Iberoamericana-de-la-Gastronomia.jpg\",\"width\":1200,\"height\":675,\"caption\":\"Quer\u00e9taro\"},{\"@type\":\"BreadcrumbList\",\"@id\":\"https:\/\/nitu.mx\/index.php\/2024\/01\/22\/queretaro-es-nombrado-capital-iberoamericana-de-la-gastronomia-de-encuentro-en-fitur-2024\/#breadcrumb\",\"itemListElement\":[{\"@type\":\"ListItem\",\"position\":1,\"name\":\"Inicio\",\"item\":\"https:\/\/nitu.mx\/\"},{\"@type\":\"ListItem\",\"position\":2,\"name\":\"Quer\u00e9taro es nombrado Capital Iberoamericana de la Gastronom\u00eda de Encuentro en FITUR 2024\"}]},{\"@type\":\"WebSite\",\"@id\":\"https:\/\/nitu.mx\/#website\",\"url\":\"https:\/\/nitu.mx\/\",\"name\":\"Nitu - Noticias de la Industria Turistica\",\"description\":\"Noticias de la Industria Turistica\",\"publisher\":{\"@id\":\"https:\/\/nitu.mx\/#\/schema\/person\/ae7a53426417292d3dd07b45a33e01bc\"},\"alternateName\":\"Noticias de la Industria Turistica\",\"potentialAction\":[{\"@type\":\"SearchAction\",\"target\":{\"@type\":\"EntryPoint\",\"urlTemplate\":\"https:\/\/nitu.mx\/?s={search_term_string}\"},\"query-input\":\"required name=search_term_string\"}],\"inLanguage\":\"es-MX\"},{\"@type\":[\"Person\",\"Organization\"],\"@id\":\"https:\/\/nitu.mx\/#\/schema\/person\/ae7a53426417292d3dd07b45a33e01bc\",\"name\":\"Arturo Medina\",\"image\":{\"@type\":\"ImageObject\",\"inLanguage\":\"es-MX\",\"@id\":\"https:\/\/nitu.mx\/#\/schema\/person\/image\/\",\"url\":\"https:\/\/nitu.mx\/wp-content\/uploads\/2024\/04\/4A315622-1904-4D5C-B022-878CDC840E04-90x90-1.jpeg\",\"contentUrl\":\"https:\/\/nitu.mx\/wp-content\/uploads\/2024\/04\/4A315622-1904-4D5C-B022-878CDC840E04-90x90-1.jpeg\",\"width\":90,\"height\":90,\"caption\":\"Arturo Medina\"},\"logo\":{\"@id\":\"https:\/\/nitu.mx\/#\/schema\/person\/image\/\"},\"description\":\"Director NITU.mx, Egresado de la Escuela de Periodismo Carlos Septi\u00e9n Garc\u00eda. Periodista y analista especializado en turismo desde hace 35 a\u00f1os, radicado en Canc\u00fan Q.Roo. arturo@nitu.mx\",\"sameAs\":[\"https:\/\/nitu.mx\",\"https:\/\/www.facebook.com\/NITUmx\/\",\"medinacancun\",\"https:\/\/twitter.com\/@Arturo_Medina_G\"]},{\"@type\":\"Person\",\"@id\":\"https:\/\/nitu.mx\/#\/schema\/person\/4a28fe9bd65924f7c90623773daf1b0b\",\"name\":\"Redacci\u00f3n\",\"image\":{\"@type\":\"ImageObject\",\"inLanguage\":\"es-MX\",\"@id\":\"https:\/\/nitu.mx\/#\/schema\/person\/image\/\",\"url\":\"https:\/\/secure.gravatar.com\/avatar\/5dd011c8ccfc5cd7e4c81e42252aab38?s=96&d=mm&r=g\",\"contentUrl\":\"https:\/\/secure.gravatar.com\/avatar\/5dd011c8ccfc5cd7e4c81e42252aab38?s=96&d=mm&r=g\",\"caption\":\"Redacci\u00f3n\"},\"url\":\"https:\/\/nitu.mx\/index.php\/author\/redaccion\/\"}]}<\/script>\n<!-- \/ Yoast SEO plugin. -->","yoast_head_json":{"title":"Quer\u00e9taro es nombrado Capital Iberoamericana de la Gastronom\u00eda de Encuentro en FITUR 2024 - Nitu - Noticias de la Industria Turistica","robots":{"index":"index","follow":"follow","max-snippet":"max-snippet:-1","max-image-preview":"max-image-preview:large","max-video-preview":"max-video-preview:-1"},"canonical":"https:\/\/nitu.mx\/index.php\/2024\/01\/22\/queretaro-es-nombrado-capital-iberoamericana-de-la-gastronomia-de-encuentro-en-fitur-2024\/","twitter_card":"summary_large_image","twitter_title":"Quer\u00e9taro es nombrado Capital Iberoamericana de la Gastronom\u00eda de Encuentro en FITUR 2024 - Nitu - Noticias de la Industria Turistica","twitter_description":"Como un reconocimiento al valioso legado cultural e hist\u00f3rico de la comida queretana, la Real Academia Iberoamericana de la Gastronom\u00eda distingui\u00f3 al estado de Quer\u00e9taro como Capital Iberoamericana de la Gastronom\u00eda de Encuentro en este 2024. Durante un encuentro realizado en el emblem\u00e1tico Palacio de Salda\u00f1a de Madrid, Adriana Vega V\u00e1zquez Mellado, secretaria de Turismo [&hellip;]","twitter_image":"https:\/\/nitu.mx\/wp-content\/uploads\/2024\/01\/Queretaro-Capital-Iberoamericana-de-la-Gastronomia.jpg","twitter_creator":"@NITUmx","twitter_site":"@Arturo_Medina_G","twitter_misc":{"Escrito por":"Redacci\u00f3n","Tiempo de lectura":"4 minutos"},"schema":{"@context":"https:\/\/schema.org","@graph":[{"@type":"Article","@id":"https:\/\/nitu.mx\/index.php\/2024\/01\/22\/queretaro-es-nombrado-capital-iberoamericana-de-la-gastronomia-de-encuentro-en-fitur-2024\/#article","isPartOf":{"@id":"https:\/\/nitu.mx\/index.php\/2024\/01\/22\/queretaro-es-nombrado-capital-iberoamericana-de-la-gastronomia-de-encuentro-en-fitur-2024\/"},"author":{"name":"Redacci\u00f3n","@id":"https:\/\/nitu.mx\/#\/schema\/person\/4a28fe9bd65924f7c90623773daf1b0b"},"headline":"Quer\u00e9taro es nombrado Capital Iberoamericana de la Gastronom\u00eda de Encuentro en FITUR 2024","datePublished":"2024-01-23T03:30:51+00:00","dateModified":"2024-01-23T04:01:14+00:00","mainEntityOfPage":{"@id":"https:\/\/nitu.mx\/index.php\/2024\/01\/22\/queretaro-es-nombrado-capital-iberoamericana-de-la-gastronomia-de-encuentro-en-fitur-2024\/"},"wordCount":715,"commentCount":0,"publisher":{"@id":"https:\/\/nitu.mx\/#\/schema\/person\/ae7a53426417292d3dd07b45a33e01bc"},"image":{"@id":"https:\/\/nitu.mx\/index.php\/2024\/01\/22\/queretaro-es-nombrado-capital-iberoamericana-de-la-gastronomia-de-encuentro-en-fitur-2024\/#primaryimage"},"thumbnailUrl":"https:\/\/nitu.mx\/wp-content\/uploads\/2024\/01\/Queretaro-Capital-Iberoamericana-de-la-Gastronomia.jpg","keywords":["Adriana Vega V\u00e1zquez Mellado","FITUR","gastronom\u00eda","Quer\u00e9taro"],"articleSection":["Destinos"],"inLanguage":"es-MX","potentialAction":[{"@type":"CommentAction","name":"Comment","target":["https:\/\/nitu.mx\/index.php\/2024\/01\/22\/queretaro-es-nombrado-capital-iberoamericana-de-la-gastronomia-de-encuentro-en-fitur-2024\/#respond"]}]},{"@type":"WebPage","@id":"https:\/\/nitu.mx\/index.php\/2024\/01\/22\/queretaro-es-nombrado-capital-iberoamericana-de-la-gastronomia-de-encuentro-en-fitur-2024\/","url":"https:\/\/nitu.mx\/index.php\/2024\/01\/22\/queretaro-es-nombrado-capital-iberoamericana-de-la-gastronomia-de-encuentro-en-fitur-2024\/","name":"Quer\u00e9taro es nombrado Capital Iberoamericana de la Gastronom\u00eda de Encuentro en FITUR 2024 - Nitu - Noticias de la Industria Turistica","isPartOf":{"@id":"https:\/\/nitu.mx\/#website"},"primaryImageOfPage":{"@id":"https:\/\/nitu.mx\/index.php\/2024\/01\/22\/queretaro-es-nombrado-capital-iberoamericana-de-la-gastronomia-de-encuentro-en-fitur-2024\/#primaryimage"},"image":{"@id":"https:\/\/nitu.mx\/index.php\/2024\/01\/22\/queretaro-es-nombrado-capital-iberoamericana-de-la-gastronomia-de-encuentro-en-fitur-2024\/#primaryimage"},"thumbnailUrl":"https:\/\/nitu.mx\/wp-content\/uploads\/2024\/01\/Queretaro-Capital-Iberoamericana-de-la-Gastronomia.jpg","datePublished":"2024-01-23T03:30:51+00:00","dateModified":"2024-01-23T04:01:14+00:00","breadcrumb":{"@id":"https:\/\/nitu.mx\/index.php\/2024\/01\/22\/queretaro-es-nombrado-capital-iberoamericana-de-la-gastronomia-de-encuentro-en-fitur-2024\/#breadcrumb"},"inLanguage":"es-MX","potentialAction":[{"@type":"ReadAction","target":["https:\/\/nitu.mx\/index.php\/2024\/01\/22\/queretaro-es-nombrado-capital-iberoamericana-de-la-gastronomia-de-encuentro-en-fitur-2024\/"]}]},{"@type":"ImageObject","inLanguage":"es-MX","@id":"https:\/\/nitu.mx\/index.php\/2024\/01\/22\/queretaro-es-nombrado-capital-iberoamericana-de-la-gastronomia-de-encuentro-en-fitur-2024\/#primaryimage","url":"https:\/\/nitu.mx\/wp-content\/uploads\/2024\/01\/Queretaro-Capital-Iberoamericana-de-la-Gastronomia.jpg","contentUrl":"https:\/\/nitu.mx\/wp-content\/uploads\/2024\/01\/Queretaro-Capital-Iberoamericana-de-la-Gastronomia.jpg","width":1200,"height":675,"caption":"Quer\u00e9taro"},{"@type":"BreadcrumbList","@id":"https:\/\/nitu.mx\/index.php\/2024\/01\/22\/queretaro-es-nombrado-capital-iberoamericana-de-la-gastronomia-de-encuentro-en-fitur-2024\/#breadcrumb","itemListElement":[{"@type":"ListItem","position":1,"name":"Inicio","item":"https:\/\/nitu.mx\/"},{"@type":"ListItem","position":2,"name":"Quer\u00e9taro es nombrado Capital Iberoamericana de la Gastronom\u00eda de Encuentro en FITUR 2024"}]},{"@type":"WebSite","@id":"https:\/\/nitu.mx\/#website","url":"https:\/\/nitu.mx\/","name":"Nitu - Noticias de la Industria Turistica","description":"Noticias de la Industria Turistica","publisher":{"@id":"https:\/\/nitu.mx\/#\/schema\/person\/ae7a53426417292d3dd07b45a33e01bc"},"alternateName":"Noticias de la Industria Turistica","potentialAction":[{"@type":"SearchAction","target":{"@type":"EntryPoint","urlTemplate":"https:\/\/nitu.mx\/?s={search_term_string}"},"query-input":"required name=search_term_string"}],"inLanguage":"es-MX"},{"@type":["Person","Organization"],"@id":"https:\/\/nitu.mx\/#\/schema\/person\/ae7a53426417292d3dd07b45a33e01bc","name":"Arturo Medina","image":{"@type":"ImageObject","inLanguage":"es-MX","@id":"https:\/\/nitu.mx\/#\/schema\/person\/image\/","url":"https:\/\/nitu.mx\/wp-content\/uploads\/2024\/04\/4A315622-1904-4D5C-B022-878CDC840E04-90x90-1.jpeg","contentUrl":"https:\/\/nitu.mx\/wp-content\/uploads\/2024\/04\/4A315622-1904-4D5C-B022-878CDC840E04-90x90-1.jpeg","width":90,"height":90,"caption":"Arturo Medina"},"logo":{"@id":"https:\/\/nitu.mx\/#\/schema\/person\/image\/"},"description":"Director NITU.mx, Egresado de la Escuela de Periodismo Carlos Septi\u00e9n Garc\u00eda. Periodista y analista especializado en turismo desde hace 35 a\u00f1os, radicado en Canc\u00fan Q.Roo. arturo@nitu.mx","sameAs":["https:\/\/nitu.mx","https:\/\/www.facebook.com\/NITUmx\/","medinacancun","https:\/\/twitter.com\/@Arturo_Medina_G"]},{"@type":"Person","@id":"https:\/\/nitu.mx\/#\/schema\/person\/4a28fe9bd65924f7c90623773daf1b0b","name":"Redacci\u00f3n","image":{"@type":"ImageObject","inLanguage":"es-MX","@id":"https:\/\/nitu.mx\/#\/schema\/person\/image\/","url":"https:\/\/secure.gravatar.com\/avatar\/5dd011c8ccfc5cd7e4c81e42252aab38?s=96&d=mm&r=g","contentUrl":"https:\/\/secure.gravatar.com\/avatar\/5dd011c8ccfc5cd7e4c81e42252aab38?s=96&d=mm&r=g","caption":"Redacci\u00f3n"},"url":"https:\/\/nitu.mx\/index.php\/author\/redaccion\/"}]}},"views":1074,"_links":{"self":[{"href":"https:\/\/nitu.mx\/index.php\/wp-json\/wp\/v2\/posts\/67851"}],"collection":[{"href":"https:\/\/nitu.mx\/index.php\/wp-json\/wp\/v2\/posts"}],"about":[{"href":"https:\/\/nitu.mx\/index.php\/wp-json\/wp\/v2\/types\/post"}],"author":[{"embeddable":true,"href":"https:\/\/nitu.mx\/index.php\/wp-json\/wp\/v2\/users\/17"}],"replies":[{"embeddable":true,"href":"https:\/\/nitu.mx\/index.php\/wp-json\/wp\/v2\/comments?post=67851"}],"version-history":[{"count":3,"href":"https:\/\/nitu.mx\/index.php\/wp-json\/wp\/v2\/posts\/67851\/revisions"}],"predecessor-version":[{"id":67855,"href":"https:\/\/nitu.mx\/index.php\/wp-json\/wp\/v2\/posts\/67851\/revisions\/67855"}],"wp:featuredmedia":[{"embeddable":true,"href":"https:\/\/nitu.mx\/index.php\/wp-json\/wp\/v2\/media\/67856"}],"wp:attachment":[{"href":"https:\/\/nitu.mx\/index.php\/wp-json\/wp\/v2\/media?parent=67851"}],"wp:term":[{"taxonomy":"category","embeddable":true,"href":"https:\/\/nitu.mx\/index.php\/wp-json\/wp\/v2\/categories?post=67851"},{"taxonomy":"post_tag","embeddable":true,"href":"https:\/\/nitu.mx\/index.php\/wp-json\/wp\/v2\/tags?post=67851"}],"curies":[{"name":"wp","href":"https:\/\/api.w.org\/{rel}","templated":true}]}}