{"id":67816,"date":"2024-01-21T15:03:17","date_gmt":"2024-01-21T21:03:17","guid":{"rendered":"https:\/\/nitu.mx\/?p=67816"},"modified":"2024-01-21T23:39:17","modified_gmt":"2024-01-22T05:39:17","slug":"raymundo-marcos-flores-asume-como-nuevo-presidente-de-amav-cdmx-para-el-periodo-2024-2026","status":"publish","type":"post","link":"https:\/\/nitu.mx\/index.php\/2024\/01\/21\/raymundo-marcos-flores-asume-como-nuevo-presidente-de-amav-cdmx-para-el-periodo-2024-2026\/","title":{"rendered":"Raymundo Marcos Flores asume como nuevo presidente de AMAV CDMX para el periodo 2024-2026"},"content":{"rendered":"\n<p>El consejo directivo y comisiones de la Asociaci\u00f3n Mexicana de Agencias de Viajes de la Ciudad de M\u00e9xico (AMAV CDMX) encabezados por su nuevo presidente, Raymundo Marcos Flores, tomaron protesta ante autoridades estatales y federales, miembros de la asociaci\u00f3n y el presidente de la C\u00e1mara Nacional de Comercio de la Ciudad de M\u00e9xico, Jos\u00e9 de Jes\u00fas Rodr\u00edguez C\u00e1rdenas.<\/p>\n\n\n\n<p>El dirigente empresarial ofreci\u00f3 a la AMAV CDMX vuelvan a gestionar sus actividades en el mismo inmueble que CANACO CDMX, recordando los a\u00f1os anteriores donde trabajan juntos. \u201cEl turismo aporta algo intangible: el enriquecimiento de lo que se queda en los corazones y en la memoria de las personas en una experiencia de vivir un pa\u00eds como el nuestro\u201d destac\u00f3; agregando sus felicitaciones previo a la toma de protesta de la nueva mesa directiva.<\/p>\n\n\n\n<p>El nuevo presidente de la AMAV CDMX, Raymundo Flores, expres\u00f3 su sentimiento de confianza ante el respaldo de las autoridades y asociados para trabajar en conjunto, record\u00f3 que desde hace 28 a\u00f1os decidi\u00f3 dedicar su vida al turismo, tambi\u00e9n reafirm\u00f3 su obligaci\u00f3n con mantenerse actualizado y en contacto con los diferentes actores del turismo a nivel p\u00fablico y empresarial, manifest\u00f3 que su misi\u00f3n es trascender: \u201cpor el buen trabajo, por la transparencia, la actitud de servicio, por la calidad y respeto por los dem\u00e1s y sobre todo por la palabra empe\u00f1ada, cumpliendo con los compromisos hacia quienes nos depositan su confianza\u201d.<\/p>\n\n\n\n<p>En su oportunidad, Ram\u00f3n Enrique Mart\u00ednez Gasca, director general del Instituto de Competitividad Tur\u00edstica, quien acudi\u00f3 en representaci\u00f3n del secretario de Turismo, Miguel Torruco Marqu\u00e9s, resalt\u00f3 la importancia de las agencias de viajes para todo el equipo de Sectur y en especial para el secretario que significan \u201cun eslab\u00f3n estrat\u00e9gico e insustituible de la cadena de valor de la actividad tur\u00edstica, lo que los convierte en los maquiladores de los sue\u00f1os y experiencias de los viajeros\u201d. Adem\u00e1s hizo un recuento de las agencias de viajes registradas ante la Secretar\u00eda Turismo, las cuales constituyen 12 mil 498 a nivel nacional, de las cuales mil 692 son de la Ciudad de M\u00e9xico.<\/p>\n\n\n\n<p>Por su parte, la directora de Promoci\u00f3n Tur\u00edstica de la Ciudad de M\u00e9xico, Karla Leticia Gonz\u00e1lez Ruiz, quien acudi\u00f3 en representaci\u00f3n de la secretaria de Turismo de la Ciudad de M\u00e9xico, Nathalie Desplas Puel, asegur\u00f3 que seguir\u00e1n fortaleciendo los lazos que unen al sector tur\u00edstico, adem\u00e1s expres\u00f3 su confianza en la visi\u00f3n, experiencia y compromiso de la asociaci\u00f3n para seguir promoviendo a la Ciudad de M\u00e9xico. (<a href=\"https:\/\/nitu.mx\/index.php\/2021\/12\/19\/amav-cdmx-firma-convenio-con-mazatlan-para-impulsar-el-destino\/\">AMAV CDMX firma convenio con Mazatl\u00e1n para impulsar el destino<\/a>).<\/p>\n\n\n\n<p>Para la administraci\u00f3n de la AMAV CDMX 2024-2026, su Consejo Directivo y Comisiones quedaron establecidas de la siguiente forma:<\/p>\n\n\n\n<ul>\n<li>Presidente: Raymundo Flores.<\/li>\n\n\n\n<li>Vicepresidente ejecutivo: Adolfo Jim\u00e9nez.<\/li>\n\n\n\n<li>Secretaria General: Nuria Maldonado<\/li>\n\n\n\n<li>Tesorera: Yolanda Montes<\/li>\n\n\n\n<li>Comisionada de Alcald\u00edas y Protocolos: Myriam P\u00e9rez<\/li>\n\n\n\n<li>Comisionada Intersectorial: Mar\u00eda Adela Alonso<\/li>\n\n\n\n<li>Comisionado de Comunicaci\u00f3n Social y consejero: Juan Antonio Gasca<\/li>\n\n\n\n<li>Comisionado de Relaci\u00f3n con Gobiernos y consejero: Edgar Sol\u00eds<\/li>\n\n\n\n<li>Comisionada de Transportes: Lourdes Muci\u00f1o<\/li>\n\n\n\n<li>Comisionado de Segmento MICE: Agust\u00edn Alay\u00f3n<\/li>\n\n\n\n<li>Comisionado de Redes Sociales y consejero: Daniel Bulacio<\/li>\n\n\n\n<li>Comisionado Internacional y consejero: Vianay Kumar<\/li>\n\n\n\n<li>Comisionada de Capacitaci\u00f3n: Ver\u00f3nica Moreno<\/li>\n\n\n\n<li>Comisionada de Relaciones P\u00fablicas: Elena Silva<\/li>\n\n\n\n<li>Comisionada de Receptivos: Fabiola Ledezma<\/li>\n\n\n\n<li>Comisionada de Museos y Recintos: Fernanda Benavides<\/li>\n\n\n\n<li>Comisionado de Tecnolog\u00eda: Julio Ram\u00edrez<\/li>\n\n\n\n<li>Comisionada de Servicios a Socios: Dolores Andrade<\/li>\n\n\n\n<li>Comisionado de Minoristas: Sergio Garc\u00eda<\/li>\n\n\n\n<li>Comisionado de Turismo Religioso: Sergio Palma<\/li>\n\n\n\n<li>Comisionado de Caravanas: C\u00e9sar Estrada<\/li>\n\n\n\n<li>Comisionado de Segmento de Romance: Benjamin Izquierdo<\/li>\n\n\n\n<li>Comisionado de Restaurantes: Santos Mu\u00f1oz<\/li>\n\n\n\n<li>Comisionado de Ex Presidentes y consejero: Antonio Manzo<\/li>\n\n\n\n<li>Comisionada de Turismo Estudiantil: Luz Le\u00f3n <\/li>\n<\/ul>\n","protected":false},"excerpt":{"rendered":"<p>El consejo directivo y comisiones de la Asociaci\u00f3n Mexicana de Agencias de Viajes de la Ciudad de M\u00e9xico (AMAV CDMX) encabezados por su nuevo presidente, Raymundo Marcos Flores, tomaron protesta ante autoridades estatales y federales, miembros de la asociaci\u00f3n y el presidente de la C\u00e1mara Nacional de Comercio de la Ciudad de M\u00e9xico, Jos\u00e9 de [&hellip;]<\/p>\n","protected":false},"author":18,"featured_media":67819,"comment_status":"open","ping_status":"open","sticky":false,"template":"","format":"standard","meta":{"footnotes":""},"categories":[3],"tags":[3242,587,24420,93],"yoast_head":"<!-- This site is optimized with the Yoast SEO plugin v22.2 - https:\/\/yoast.com\/wordpress\/plugins\/seo\/ -->\n<title>Raymundo Marcos Flores asume como nuevo presidente de AMAV CDMX para el periodo 2024-2026 - Nitu - Noticias de la Industria Turistica<\/title>\n<meta name=\"robots\" content=\"index, follow, max-snippet:-1, max-image-preview:large, max-video-preview:-1\" \/>\n<link rel=\"canonical\" href=\"https:\/\/nitu.mx\/index.php\/2024\/01\/21\/raymundo-marcos-flores-asume-como-nuevo-presidente-de-amav-cdmx-para-el-periodo-2024-2026\/\" \/>\n<meta name=\"twitter:card\" content=\"summary_large_image\" \/>\n<meta name=\"twitter:title\" content=\"Raymundo Marcos Flores asume como nuevo presidente de AMAV CDMX para el periodo 2024-2026 - Nitu - Noticias de la Industria Turistica\" \/>\n<meta name=\"twitter:description\" content=\"El consejo directivo y comisiones de la Asociaci\u00f3n Mexicana de Agencias de Viajes de la Ciudad de M\u00e9xico (AMAV CDMX) encabezados por su nuevo presidente, Raymundo Marcos Flores, tomaron protesta ante autoridades estatales y federales, miembros de la asociaci\u00f3n y el presidente de la C\u00e1mara Nacional de Comercio de la Ciudad de M\u00e9xico, Jos\u00e9 de [&hellip;]\" \/>\n<meta name=\"twitter:image\" content=\"https:\/\/nitu.mx\/wp-content\/uploads\/2024\/01\/AMAV-CDMX-Mesa-Directiva-2024-2026.jpeg\" \/>\n<meta name=\"twitter:creator\" content=\"@NITUmx\" \/>\n<meta name=\"twitter:site\" content=\"@Arturo_Medina_G\" \/>\n<meta name=\"twitter:label1\" content=\"Escrito por\" \/>\n\t<meta name=\"twitter:data1\" content=\"Guadalupe Sixto\" \/>\n\t<meta name=\"twitter:label2\" content=\"Tiempo de lectura\" \/>\n\t<meta name=\"twitter:data2\" content=\"3 minutos\" \/>\n<script type=\"application\/ld+json\" class=\"yoast-schema-graph\">{\"@context\":\"https:\/\/schema.org\",\"@graph\":[{\"@type\":\"Article\",\"@id\":\"https:\/\/nitu.mx\/index.php\/2024\/01\/21\/raymundo-marcos-flores-asume-como-nuevo-presidente-de-amav-cdmx-para-el-periodo-2024-2026\/#article\",\"isPartOf\":{\"@id\":\"https:\/\/nitu.mx\/index.php\/2024\/01\/21\/raymundo-marcos-flores-asume-como-nuevo-presidente-de-amav-cdmx-para-el-periodo-2024-2026\/\"},\"author\":{\"name\":\"Guadalupe Sixto\",\"@id\":\"https:\/\/nitu.mx\/#\/schema\/person\/3df3082b5e46037e3f13614d28ee0b77\"},\"headline\":\"Raymundo Marcos Flores asume como nuevo presidente de AMAV CDMX para el periodo 2024-2026\",\"datePublished\":\"2024-01-21T21:03:17+00:00\",\"dateModified\":\"2024-01-22T05:39:17+00:00\",\"mainEntityOfPage\":{\"@id\":\"https:\/\/nitu.mx\/index.php\/2024\/01\/21\/raymundo-marcos-flores-asume-como-nuevo-presidente-de-amav-cdmx-para-el-periodo-2024-2026\/\"},\"wordCount\":656,\"commentCount\":0,\"publisher\":{\"@id\":\"https:\/\/nitu.mx\/#\/schema\/person\/ae7a53426417292d3dd07b45a33e01bc\"},\"image\":{\"@id\":\"https:\/\/nitu.mx\/index.php\/2024\/01\/21\/raymundo-marcos-flores-asume-como-nuevo-presidente-de-amav-cdmx-para-el-periodo-2024-2026\/#primaryimage\"},\"thumbnailUrl\":\"https:\/\/nitu.mx\/wp-content\/uploads\/2024\/01\/AMAV-CDMX-Mesa-Directiva-2024-2026.jpeg\",\"keywords\":[\"AMAV CDMX\",\"CDMX\",\"Raymundo Flores\",\"Sectur\"],\"articleSection\":[\"Agencias de Viajes\"],\"inLanguage\":\"es-MX\",\"potentialAction\":[{\"@type\":\"CommentAction\",\"name\":\"Comment\",\"target\":[\"https:\/\/nitu.mx\/index.php\/2024\/01\/21\/raymundo-marcos-flores-asume-como-nuevo-presidente-de-amav-cdmx-para-el-periodo-2024-2026\/#respond\"]}]},{\"@type\":\"WebPage\",\"@id\":\"https:\/\/nitu.mx\/index.php\/2024\/01\/21\/raymundo-marcos-flores-asume-como-nuevo-presidente-de-amav-cdmx-para-el-periodo-2024-2026\/\",\"url\":\"https:\/\/nitu.mx\/index.php\/2024\/01\/21\/raymundo-marcos-flores-asume-como-nuevo-presidente-de-amav-cdmx-para-el-periodo-2024-2026\/\",\"name\":\"Raymundo Marcos Flores asume como nuevo presidente de AMAV CDMX para el periodo 2024-2026 - Nitu - Noticias de la Industria Turistica\",\"isPartOf\":{\"@id\":\"https:\/\/nitu.mx\/#website\"},\"primaryImageOfPage\":{\"@id\":\"https:\/\/nitu.mx\/index.php\/2024\/01\/21\/raymundo-marcos-flores-asume-como-nuevo-presidente-de-amav-cdmx-para-el-periodo-2024-2026\/#primaryimage\"},\"image\":{\"@id\":\"https:\/\/nitu.mx\/index.php\/2024\/01\/21\/raymundo-marcos-flores-asume-como-nuevo-presidente-de-amav-cdmx-para-el-periodo-2024-2026\/#primaryimage\"},\"thumbnailUrl\":\"https:\/\/nitu.mx\/wp-content\/uploads\/2024\/01\/AMAV-CDMX-Mesa-Directiva-2024-2026.jpeg\",\"datePublished\":\"2024-01-21T21:03:17+00:00\",\"dateModified\":\"2024-01-22T05:39:17+00:00\",\"breadcrumb\":{\"@id\":\"https:\/\/nitu.mx\/index.php\/2024\/01\/21\/raymundo-marcos-flores-asume-como-nuevo-presidente-de-amav-cdmx-para-el-periodo-2024-2026\/#breadcrumb\"},\"inLanguage\":\"es-MX\",\"potentialAction\":[{\"@type\":\"ReadAction\",\"target\":[\"https:\/\/nitu.mx\/index.php\/2024\/01\/21\/raymundo-marcos-flores-asume-como-nuevo-presidente-de-amav-cdmx-para-el-periodo-2024-2026\/\"]}]},{\"@type\":\"ImageObject\",\"inLanguage\":\"es-MX\",\"@id\":\"https:\/\/nitu.mx\/index.php\/2024\/01\/21\/raymundo-marcos-flores-asume-como-nuevo-presidente-de-amav-cdmx-para-el-periodo-2024-2026\/#primaryimage\",\"url\":\"https:\/\/nitu.mx\/wp-content\/uploads\/2024\/01\/AMAV-CDMX-Mesa-Directiva-2024-2026.jpeg\",\"contentUrl\":\"https:\/\/nitu.mx\/wp-content\/uploads\/2024\/01\/AMAV-CDMX-Mesa-Directiva-2024-2026.jpeg\",\"width\":1200,\"height\":675,\"caption\":\"AMAV CDMX\"},{\"@type\":\"BreadcrumbList\",\"@id\":\"https:\/\/nitu.mx\/index.php\/2024\/01\/21\/raymundo-marcos-flores-asume-como-nuevo-presidente-de-amav-cdmx-para-el-periodo-2024-2026\/#breadcrumb\",\"itemListElement\":[{\"@type\":\"ListItem\",\"position\":1,\"name\":\"Inicio\",\"item\":\"https:\/\/nitu.mx\/\"},{\"@type\":\"ListItem\",\"position\":2,\"name\":\"Raymundo Marcos Flores asume como nuevo presidente de AMAV CDMX para el periodo 2024-2026\"}]},{\"@type\":\"WebSite\",\"@id\":\"https:\/\/nitu.mx\/#website\",\"url\":\"https:\/\/nitu.mx\/\",\"name\":\"Nitu - Noticias de la Industria Turistica\",\"description\":\"Noticias de la Industria Turistica\",\"publisher\":{\"@id\":\"https:\/\/nitu.mx\/#\/schema\/person\/ae7a53426417292d3dd07b45a33e01bc\"},\"alternateName\":\"Noticias de la Industria Turistica\",\"potentialAction\":[{\"@type\":\"SearchAction\",\"target\":{\"@type\":\"EntryPoint\",\"urlTemplate\":\"https:\/\/nitu.mx\/?s={search_term_string}\"},\"query-input\":\"required name=search_term_string\"}],\"inLanguage\":\"es-MX\"},{\"@type\":[\"Person\",\"Organization\"],\"@id\":\"https:\/\/nitu.mx\/#\/schema\/person\/ae7a53426417292d3dd07b45a33e01bc\",\"name\":\"Arturo Medina\",\"image\":{\"@type\":\"ImageObject\",\"inLanguage\":\"es-MX\",\"@id\":\"https:\/\/nitu.mx\/#\/schema\/person\/image\/\",\"url\":\"https:\/\/nitu.mx\/wp-content\/uploads\/2024\/04\/4A315622-1904-4D5C-B022-878CDC840E04-90x90-1.jpeg\",\"contentUrl\":\"https:\/\/nitu.mx\/wp-content\/uploads\/2024\/04\/4A315622-1904-4D5C-B022-878CDC840E04-90x90-1.jpeg\",\"width\":90,\"height\":90,\"caption\":\"Arturo Medina\"},\"logo\":{\"@id\":\"https:\/\/nitu.mx\/#\/schema\/person\/image\/\"},\"description\":\"Director NITU.mx, Egresado de la Escuela de Periodismo Carlos Septi\u00e9n Garc\u00eda. Periodista y analista especializado en turismo desde hace 35 a\u00f1os, radicado en Canc\u00fan Q.Roo. arturo@nitu.mx\",\"sameAs\":[\"https:\/\/nitu.mx\",\"https:\/\/www.facebook.com\/NITUmx\/\",\"medinacancun\",\"https:\/\/twitter.com\/@Arturo_Medina_G\"]},{\"@type\":\"Person\",\"@id\":\"https:\/\/nitu.mx\/#\/schema\/person\/3df3082b5e46037e3f13614d28ee0b77\",\"name\":\"Guadalupe Sixto\",\"image\":{\"@type\":\"ImageObject\",\"inLanguage\":\"es-MX\",\"@id\":\"https:\/\/nitu.mx\/#\/schema\/person\/image\/\",\"url\":\"https:\/\/secure.gravatar.com\/avatar\/13914e1b0e1919e91f9539de4dc584c4?s=96&d=mm&r=g\",\"contentUrl\":\"https:\/\/secure.gravatar.com\/avatar\/13914e1b0e1919e91f9539de4dc584c4?s=96&d=mm&r=g\",\"caption\":\"Guadalupe Sixto\"},\"url\":\"https:\/\/nitu.mx\/index.php\/author\/gsixto\/\"}]}<\/script>\n<!-- \/ Yoast SEO plugin. -->","yoast_head_json":{"title":"Raymundo Marcos Flores asume como nuevo presidente de AMAV CDMX para el periodo 2024-2026 - Nitu - Noticias de la Industria Turistica","robots":{"index":"index","follow":"follow","max-snippet":"max-snippet:-1","max-image-preview":"max-image-preview:large","max-video-preview":"max-video-preview:-1"},"canonical":"https:\/\/nitu.mx\/index.php\/2024\/01\/21\/raymundo-marcos-flores-asume-como-nuevo-presidente-de-amav-cdmx-para-el-periodo-2024-2026\/","twitter_card":"summary_large_image","twitter_title":"Raymundo Marcos Flores asume como nuevo presidente de AMAV CDMX para el periodo 2024-2026 - Nitu - Noticias de la Industria Turistica","twitter_description":"El consejo directivo y comisiones de la Asociaci\u00f3n Mexicana de Agencias de Viajes de la Ciudad de M\u00e9xico (AMAV CDMX) encabezados por su nuevo presidente, Raymundo Marcos Flores, tomaron protesta ante autoridades estatales y federales, miembros de la asociaci\u00f3n y el presidente de la C\u00e1mara Nacional de Comercio de la Ciudad de M\u00e9xico, Jos\u00e9 de [&hellip;]","twitter_image":"https:\/\/nitu.mx\/wp-content\/uploads\/2024\/01\/AMAV-CDMX-Mesa-Directiva-2024-2026.jpeg","twitter_creator":"@NITUmx","twitter_site":"@Arturo_Medina_G","twitter_misc":{"Escrito por":"Guadalupe Sixto","Tiempo de lectura":"3 minutos"},"schema":{"@context":"https:\/\/schema.org","@graph":[{"@type":"Article","@id":"https:\/\/nitu.mx\/index.php\/2024\/01\/21\/raymundo-marcos-flores-asume-como-nuevo-presidente-de-amav-cdmx-para-el-periodo-2024-2026\/#article","isPartOf":{"@id":"https:\/\/nitu.mx\/index.php\/2024\/01\/21\/raymundo-marcos-flores-asume-como-nuevo-presidente-de-amav-cdmx-para-el-periodo-2024-2026\/"},"author":{"name":"Guadalupe Sixto","@id":"https:\/\/nitu.mx\/#\/schema\/person\/3df3082b5e46037e3f13614d28ee0b77"},"headline":"Raymundo Marcos Flores asume como nuevo presidente de AMAV CDMX para el periodo 2024-2026","datePublished":"2024-01-21T21:03:17+00:00","dateModified":"2024-01-22T05:39:17+00:00","mainEntityOfPage":{"@id":"https:\/\/nitu.mx\/index.php\/2024\/01\/21\/raymundo-marcos-flores-asume-como-nuevo-presidente-de-amav-cdmx-para-el-periodo-2024-2026\/"},"wordCount":656,"commentCount":0,"publisher":{"@id":"https:\/\/nitu.mx\/#\/schema\/person\/ae7a53426417292d3dd07b45a33e01bc"},"image":{"@id":"https:\/\/nitu.mx\/index.php\/2024\/01\/21\/raymundo-marcos-flores-asume-como-nuevo-presidente-de-amav-cdmx-para-el-periodo-2024-2026\/#primaryimage"},"thumbnailUrl":"https:\/\/nitu.mx\/wp-content\/uploads\/2024\/01\/AMAV-CDMX-Mesa-Directiva-2024-2026.jpeg","keywords":["AMAV CDMX","CDMX","Raymundo Flores","Sectur"],"articleSection":["Agencias de Viajes"],"inLanguage":"es-MX","potentialAction":[{"@type":"CommentAction","name":"Comment","target":["https:\/\/nitu.mx\/index.php\/2024\/01\/21\/raymundo-marcos-flores-asume-como-nuevo-presidente-de-amav-cdmx-para-el-periodo-2024-2026\/#respond"]}]},{"@type":"WebPage","@id":"https:\/\/nitu.mx\/index.php\/2024\/01\/21\/raymundo-marcos-flores-asume-como-nuevo-presidente-de-amav-cdmx-para-el-periodo-2024-2026\/","url":"https:\/\/nitu.mx\/index.php\/2024\/01\/21\/raymundo-marcos-flores-asume-como-nuevo-presidente-de-amav-cdmx-para-el-periodo-2024-2026\/","name":"Raymundo Marcos Flores asume como nuevo presidente de AMAV CDMX para el periodo 2024-2026 - Nitu - Noticias de la Industria Turistica","isPartOf":{"@id":"https:\/\/nitu.mx\/#website"},"primaryImageOfPage":{"@id":"https:\/\/nitu.mx\/index.php\/2024\/01\/21\/raymundo-marcos-flores-asume-como-nuevo-presidente-de-amav-cdmx-para-el-periodo-2024-2026\/#primaryimage"},"image":{"@id":"https:\/\/nitu.mx\/index.php\/2024\/01\/21\/raymundo-marcos-flores-asume-como-nuevo-presidente-de-amav-cdmx-para-el-periodo-2024-2026\/#primaryimage"},"thumbnailUrl":"https:\/\/nitu.mx\/wp-content\/uploads\/2024\/01\/AMAV-CDMX-Mesa-Directiva-2024-2026.jpeg","datePublished":"2024-01-21T21:03:17+00:00","dateModified":"2024-01-22T05:39:17+00:00","breadcrumb":{"@id":"https:\/\/nitu.mx\/index.php\/2024\/01\/21\/raymundo-marcos-flores-asume-como-nuevo-presidente-de-amav-cdmx-para-el-periodo-2024-2026\/#breadcrumb"},"inLanguage":"es-MX","potentialAction":[{"@type":"ReadAction","target":["https:\/\/nitu.mx\/index.php\/2024\/01\/21\/raymundo-marcos-flores-asume-como-nuevo-presidente-de-amav-cdmx-para-el-periodo-2024-2026\/"]}]},{"@type":"ImageObject","inLanguage":"es-MX","@id":"https:\/\/nitu.mx\/index.php\/2024\/01\/21\/raymundo-marcos-flores-asume-como-nuevo-presidente-de-amav-cdmx-para-el-periodo-2024-2026\/#primaryimage","url":"https:\/\/nitu.mx\/wp-content\/uploads\/2024\/01\/AMAV-CDMX-Mesa-Directiva-2024-2026.jpeg","contentUrl":"https:\/\/nitu.mx\/wp-content\/uploads\/2024\/01\/AMAV-CDMX-Mesa-Directiva-2024-2026.jpeg","width":1200,"height":675,"caption":"AMAV CDMX"},{"@type":"BreadcrumbList","@id":"https:\/\/nitu.mx\/index.php\/2024\/01\/21\/raymundo-marcos-flores-asume-como-nuevo-presidente-de-amav-cdmx-para-el-periodo-2024-2026\/#breadcrumb","itemListElement":[{"@type":"ListItem","position":1,"name":"Inicio","item":"https:\/\/nitu.mx\/"},{"@type":"ListItem","position":2,"name":"Raymundo Marcos Flores asume como nuevo presidente de AMAV CDMX para el periodo 2024-2026"}]},{"@type":"WebSite","@id":"https:\/\/nitu.mx\/#website","url":"https:\/\/nitu.mx\/","name":"Nitu - Noticias de la Industria Turistica","description":"Noticias de la Industria Turistica","publisher":{"@id":"https:\/\/nitu.mx\/#\/schema\/person\/ae7a53426417292d3dd07b45a33e01bc"},"alternateName":"Noticias de la Industria Turistica","potentialAction":[{"@type":"SearchAction","target":{"@type":"EntryPoint","urlTemplate":"https:\/\/nitu.mx\/?s={search_term_string}"},"query-input":"required name=search_term_string"}],"inLanguage":"es-MX"},{"@type":["Person","Organization"],"@id":"https:\/\/nitu.mx\/#\/schema\/person\/ae7a53426417292d3dd07b45a33e01bc","name":"Arturo Medina","image":{"@type":"ImageObject","inLanguage":"es-MX","@id":"https:\/\/nitu.mx\/#\/schema\/person\/image\/","url":"https:\/\/nitu.mx\/wp-content\/uploads\/2024\/04\/4A315622-1904-4D5C-B022-878CDC840E04-90x90-1.jpeg","contentUrl":"https:\/\/nitu.mx\/wp-content\/uploads\/2024\/04\/4A315622-1904-4D5C-B022-878CDC840E04-90x90-1.jpeg","width":90,"height":90,"caption":"Arturo Medina"},"logo":{"@id":"https:\/\/nitu.mx\/#\/schema\/person\/image\/"},"description":"Director NITU.mx, Egresado de la Escuela de Periodismo Carlos Septi\u00e9n Garc\u00eda. Periodista y analista especializado en turismo desde hace 35 a\u00f1os, radicado en Canc\u00fan Q.Roo. arturo@nitu.mx","sameAs":["https:\/\/nitu.mx","https:\/\/www.facebook.com\/NITUmx\/","medinacancun","https:\/\/twitter.com\/@Arturo_Medina_G"]},{"@type":"Person","@id":"https:\/\/nitu.mx\/#\/schema\/person\/3df3082b5e46037e3f13614d28ee0b77","name":"Guadalupe Sixto","image":{"@type":"ImageObject","inLanguage":"es-MX","@id":"https:\/\/nitu.mx\/#\/schema\/person\/image\/","url":"https:\/\/secure.gravatar.com\/avatar\/13914e1b0e1919e91f9539de4dc584c4?s=96&d=mm&r=g","contentUrl":"https:\/\/secure.gravatar.com\/avatar\/13914e1b0e1919e91f9539de4dc584c4?s=96&d=mm&r=g","caption":"Guadalupe Sixto"},"url":"https:\/\/nitu.mx\/index.php\/author\/gsixto\/"}]}},"views":2225,"_links":{"self":[{"href":"https:\/\/nitu.mx\/index.php\/wp-json\/wp\/v2\/posts\/67816"}],"collection":[{"href":"https:\/\/nitu.mx\/index.php\/wp-json\/wp\/v2\/posts"}],"about":[{"href":"https:\/\/nitu.mx\/index.php\/wp-json\/wp\/v2\/types\/post"}],"author":[{"embeddable":true,"href":"https:\/\/nitu.mx\/index.php\/wp-json\/wp\/v2\/users\/18"}],"replies":[{"embeddable":true,"href":"https:\/\/nitu.mx\/index.php\/wp-json\/wp\/v2\/comments?post=67816"}],"version-history":[{"count":2,"href":"https:\/\/nitu.mx\/index.php\/wp-json\/wp\/v2\/posts\/67816\/revisions"}],"predecessor-version":[{"id":67820,"href":"https:\/\/nitu.mx\/index.php\/wp-json\/wp\/v2\/posts\/67816\/revisions\/67820"}],"wp:featuredmedia":[{"embeddable":true,"href":"https:\/\/nitu.mx\/index.php\/wp-json\/wp\/v2\/media\/67819"}],"wp:attachment":[{"href":"https:\/\/nitu.mx\/index.php\/wp-json\/wp\/v2\/media?parent=67816"}],"wp:term":[{"taxonomy":"category","embeddable":true,"href":"https:\/\/nitu.mx\/index.php\/wp-json\/wp\/v2\/categories?post=67816"},{"taxonomy":"post_tag","embeddable":true,"href":"https:\/\/nitu.mx\/index.php\/wp-json\/wp\/v2\/tags?post=67816"}],"curies":[{"name":"wp","href":"https:\/\/api.w.org\/{rel}","templated":true}]}}