{"id":67809,"date":"2024-01-18T21:33:44","date_gmt":"2024-01-19T03:33:44","guid":{"rendered":"https:\/\/nitu.mx\/?p=67809"},"modified":"2024-01-18T21:37:22","modified_gmt":"2024-01-19T03:37:22","slug":"connect-de-pricetravel-holding-participara-por-primera-vez-en-fitur-2024","status":"publish","type":"post","link":"https:\/\/nitu.mx\/index.php\/2024\/01\/18\/connect-de-pricetravel-holding-participara-por-primera-vez-en-fitur-2024\/","title":{"rendered":"Connect de PriceTravel Holding participar\u00e1 por primera vez en FITUR 2024"},"content":{"rendered":"\n<p>PriceTravel Holding, una de las mayores empresas de viajes de Latinoam\u00e9rica, se prepara para causar un impacto significativo en FITUR 2024, que se celebra en Madrid del 24 al 28 de enero, marcando su entrada en Europa.\u00a0<br><br>En la feria, la empresa\u00a0presentar\u00e1 a\u00a0los compradores de viajes espa\u00f1oles su s\u00f3lida estrategia de distribuci\u00f3n de productos hoteleros en LATAM, el Caribe, y destinos clave en Estados Unidos y europeos.<br><br>Bajo el estandarte de su marca\u00a0B2B Wholesale, conocida como Connect, la unidad de negocio se especializa en la distribuci\u00f3n hotelera B2B a trav\u00e9s de integraciones API\/XML, ofreciendo soluciones innovadoras adaptadas a agencias de viajes mayoristas, OTAs y otros compradores B2B.\u00a0<\/p>\n\n\n\n<p>Connect confirma que su amplia cartera cuenta ya con m\u00e1s de 30 mil hoteles bajo contrato directo, destacando por su diversificada oferta. El cat\u00e1logo de hoteles abarca 120 destinos, principalmente en Latinoam\u00e9rica, el Caribe, Estados Unidos y Europa, lo que garantiza una selecci\u00f3n completa y variada para satisfacer las demandas de los clientes.<\/p>\n\n\n\n<p>Juan Socas, director de Alianzas Comerciales de PriceTravel Holding, afirma:\u00a0&#8220;Esta semana PriceTravel Holding, a trav\u00e9s de su marca Connect, se aventura oficialmente en Europa mediante nuestra asistencia a FITUR en Madrid. Estamos encantados de mostrar nuestra diversa cartera, nuestra avanzada tecnolog\u00eda y nuestro inquebrantable servicio al cliente a todos los compradores B2B que asistan al evento. Estamos muy\u00a0orgullosos de confirmar que nuestro portafolio de hoteles contratados directamente ha alcanzado ya las 30 mil propiedades en todo el mundo&#8221;.<br><br>Gran parte del \u00e9xito de\u00a0Connect se encuentra\u00a0en\u00a0su plataforma API de \u00faltima generaci\u00f3n. Con unos tiempos de respuesta excepcionales, con el 99% de las solicitudes procesadas en menos de un segundo. La f\u00e1cil integraci\u00f3n mediante pasarelas o conectividad directa posiciona a Connect como una opci\u00f3n eficaz y \u00e1gil para sus socios comerciales.<br><br>Connect no s\u00f3lo ofrece productos de alta calidad, sino que respalda su oferta con un servicio de atenci\u00f3n al cliente especializado en distribuci\u00f3n B2B. Operando 24 horas al d\u00eda, 7 d\u00edas a la semana y proporcionando asistencia triling\u00fce (ingl\u00e9s, espa\u00f1ol y portugu\u00e9s), la marca garantiza una asistencia consistente y efectiva.\u00a0A cada cliente\u00a0se le asigna\u00a0un gestor de cuentas dedicado dentro de la regi\u00f3n, ofreciendo un soporte personalizado y orientado a los resultados. (<a href=\"https:\/\/nitu.mx\/index.php\/2024\/01\/04\/pricetravel-holding-sella-acuerdo-comercial-con-wyndham-hotels-resorts\/\">PriceTravel Holding sella acuerdo comercial con Wyndham Hotels &amp; Resorts<\/a>).<\/p>\n","protected":false},"excerpt":{"rendered":"<p>PriceTravel Holding, una de las mayores empresas de viajes de Latinoam\u00e9rica, se prepara para causar un impacto significativo en FITUR 2024, que se celebra en Madrid del 24 al 28 de enero, marcando su entrada en Europa.\u00a0 En la feria, la empresa\u00a0presentar\u00e1 a\u00a0los compradores de viajes espa\u00f1oles su s\u00f3lida estrategia de distribuci\u00f3n de productos hoteleros [&hellip;]<\/p>\n","protected":false},"author":17,"featured_media":67812,"comment_status":"open","ping_status":"open","sticky":false,"template":"","format":"standard","meta":{"footnotes":""},"categories":[3],"tags":[937,6909,2703,2842,2840],"yoast_head":"<!-- This site is optimized with the Yoast SEO plugin v22.2 - https:\/\/yoast.com\/wordpress\/plugins\/seo\/ -->\n<title>Connect de PriceTravel Holding participar\u00e1 por primera vez en FITUR 2024 - Nitu - Noticias de la Industria Turistica<\/title>\n<meta name=\"robots\" content=\"index, follow, max-snippet:-1, max-image-preview:large, max-video-preview:-1\" \/>\n<link rel=\"canonical\" href=\"https:\/\/nitu.mx\/index.php\/2024\/01\/18\/connect-de-pricetravel-holding-participara-por-primera-vez-en-fitur-2024\/\" \/>\n<meta name=\"twitter:card\" content=\"summary_large_image\" \/>\n<meta name=\"twitter:title\" content=\"Connect de PriceTravel Holding participar\u00e1 por primera vez en FITUR 2024 - Nitu - Noticias de la Industria Turistica\" \/>\n<meta name=\"twitter:description\" content=\"PriceTravel Holding, una de las mayores empresas de viajes de Latinoam\u00e9rica, se prepara para causar un impacto significativo en FITUR 2024, que se celebra en Madrid del 24 al 28 de enero, marcando su entrada en Europa.\u00a0 En la feria, la empresa\u00a0presentar\u00e1 a\u00a0los compradores de viajes espa\u00f1oles su s\u00f3lida estrategia de distribuci\u00f3n de productos hoteleros [&hellip;]\" \/>\n<meta name=\"twitter:image\" content=\"https:\/\/nitu.mx\/wp-content\/uploads\/2024\/01\/Connect-PriceTravel-Holding.jpg\" \/>\n<meta name=\"twitter:creator\" content=\"@NITUmx\" \/>\n<meta name=\"twitter:site\" content=\"@Arturo_Medina_G\" \/>\n<meta name=\"twitter:label1\" content=\"Escrito por\" \/>\n\t<meta name=\"twitter:data1\" content=\"Redacci\u00f3n\" \/>\n\t<meta name=\"twitter:label2\" content=\"Tiempo de lectura\" \/>\n\t<meta name=\"twitter:data2\" content=\"2 minutos\" \/>\n<script type=\"application\/ld+json\" class=\"yoast-schema-graph\">{\"@context\":\"https:\/\/schema.org\",\"@graph\":[{\"@type\":\"Article\",\"@id\":\"https:\/\/nitu.mx\/index.php\/2024\/01\/18\/connect-de-pricetravel-holding-participara-por-primera-vez-en-fitur-2024\/#article\",\"isPartOf\":{\"@id\":\"https:\/\/nitu.mx\/index.php\/2024\/01\/18\/connect-de-pricetravel-holding-participara-por-primera-vez-en-fitur-2024\/\"},\"author\":{\"name\":\"Redacci\u00f3n\",\"@id\":\"https:\/\/nitu.mx\/#\/schema\/person\/4a28fe9bd65924f7c90623773daf1b0b\"},\"headline\":\"Connect de PriceTravel Holding participar\u00e1 por primera vez en FITUR 2024\",\"datePublished\":\"2024-01-19T03:33:44+00:00\",\"dateModified\":\"2024-01-19T03:37:22+00:00\",\"mainEntityOfPage\":{\"@id\":\"https:\/\/nitu.mx\/index.php\/2024\/01\/18\/connect-de-pricetravel-holding-participara-por-primera-vez-en-fitur-2024\/\"},\"wordCount\":414,\"commentCount\":0,\"publisher\":{\"@id\":\"https:\/\/nitu.mx\/#\/schema\/person\/ae7a53426417292d3dd07b45a33e01bc\"},\"image\":{\"@id\":\"https:\/\/nitu.mx\/index.php\/2024\/01\/18\/connect-de-pricetravel-holding-participara-por-primera-vez-en-fitur-2024\/#primaryimage\"},\"thumbnailUrl\":\"https:\/\/nitu.mx\/wp-content\/uploads\/2024\/01\/Connect-PriceTravel-Holding.jpg\",\"keywords\":[\"B2B\",\"Connect\",\"FITUR\",\"Juan Socas\",\"PriceTravel Holding\"],\"articleSection\":[\"Agencias de Viajes\"],\"inLanguage\":\"es-MX\",\"potentialAction\":[{\"@type\":\"CommentAction\",\"name\":\"Comment\",\"target\":[\"https:\/\/nitu.mx\/index.php\/2024\/01\/18\/connect-de-pricetravel-holding-participara-por-primera-vez-en-fitur-2024\/#respond\"]}]},{\"@type\":\"WebPage\",\"@id\":\"https:\/\/nitu.mx\/index.php\/2024\/01\/18\/connect-de-pricetravel-holding-participara-por-primera-vez-en-fitur-2024\/\",\"url\":\"https:\/\/nitu.mx\/index.php\/2024\/01\/18\/connect-de-pricetravel-holding-participara-por-primera-vez-en-fitur-2024\/\",\"name\":\"Connect de PriceTravel Holding participar\u00e1 por primera vez en FITUR 2024 - Nitu - Noticias de la Industria Turistica\",\"isPartOf\":{\"@id\":\"https:\/\/nitu.mx\/#website\"},\"primaryImageOfPage\":{\"@id\":\"https:\/\/nitu.mx\/index.php\/2024\/01\/18\/connect-de-pricetravel-holding-participara-por-primera-vez-en-fitur-2024\/#primaryimage\"},\"image\":{\"@id\":\"https:\/\/nitu.mx\/index.php\/2024\/01\/18\/connect-de-pricetravel-holding-participara-por-primera-vez-en-fitur-2024\/#primaryimage\"},\"thumbnailUrl\":\"https:\/\/nitu.mx\/wp-content\/uploads\/2024\/01\/Connect-PriceTravel-Holding.jpg\",\"datePublished\":\"2024-01-19T03:33:44+00:00\",\"dateModified\":\"2024-01-19T03:37:22+00:00\",\"breadcrumb\":{\"@id\":\"https:\/\/nitu.mx\/index.php\/2024\/01\/18\/connect-de-pricetravel-holding-participara-por-primera-vez-en-fitur-2024\/#breadcrumb\"},\"inLanguage\":\"es-MX\",\"potentialAction\":[{\"@type\":\"ReadAction\",\"target\":[\"https:\/\/nitu.mx\/index.php\/2024\/01\/18\/connect-de-pricetravel-holding-participara-por-primera-vez-en-fitur-2024\/\"]}]},{\"@type\":\"ImageObject\",\"inLanguage\":\"es-MX\",\"@id\":\"https:\/\/nitu.mx\/index.php\/2024\/01\/18\/connect-de-pricetravel-holding-participara-por-primera-vez-en-fitur-2024\/#primaryimage\",\"url\":\"https:\/\/nitu.mx\/wp-content\/uploads\/2024\/01\/Connect-PriceTravel-Holding.jpg\",\"contentUrl\":\"https:\/\/nitu.mx\/wp-content\/uploads\/2024\/01\/Connect-PriceTravel-Holding.jpg\",\"width\":1200,\"height\":675,\"caption\":\"Connect PriceTravel Holding\"},{\"@type\":\"BreadcrumbList\",\"@id\":\"https:\/\/nitu.mx\/index.php\/2024\/01\/18\/connect-de-pricetravel-holding-participara-por-primera-vez-en-fitur-2024\/#breadcrumb\",\"itemListElement\":[{\"@type\":\"ListItem\",\"position\":1,\"name\":\"Inicio\",\"item\":\"https:\/\/nitu.mx\/\"},{\"@type\":\"ListItem\",\"position\":2,\"name\":\"Connect de PriceTravel Holding participar\u00e1 por primera vez en FITUR 2024\"}]},{\"@type\":\"WebSite\",\"@id\":\"https:\/\/nitu.mx\/#website\",\"url\":\"https:\/\/nitu.mx\/\",\"name\":\"Nitu - Noticias de la Industria Turistica\",\"description\":\"Noticias de la Industria Turistica\",\"publisher\":{\"@id\":\"https:\/\/nitu.mx\/#\/schema\/person\/ae7a53426417292d3dd07b45a33e01bc\"},\"alternateName\":\"Noticias de la Industria Turistica\",\"potentialAction\":[{\"@type\":\"SearchAction\",\"target\":{\"@type\":\"EntryPoint\",\"urlTemplate\":\"https:\/\/nitu.mx\/?s={search_term_string}\"},\"query-input\":\"required name=search_term_string\"}],\"inLanguage\":\"es-MX\"},{\"@type\":[\"Person\",\"Organization\"],\"@id\":\"https:\/\/nitu.mx\/#\/schema\/person\/ae7a53426417292d3dd07b45a33e01bc\",\"name\":\"Arturo Medina\",\"image\":{\"@type\":\"ImageObject\",\"inLanguage\":\"es-MX\",\"@id\":\"https:\/\/nitu.mx\/#\/schema\/person\/image\/\",\"url\":\"https:\/\/nitu.mx\/wp-content\/uploads\/2024\/04\/4A315622-1904-4D5C-B022-878CDC840E04-90x90-1.jpeg\",\"contentUrl\":\"https:\/\/nitu.mx\/wp-content\/uploads\/2024\/04\/4A315622-1904-4D5C-B022-878CDC840E04-90x90-1.jpeg\",\"width\":90,\"height\":90,\"caption\":\"Arturo Medina\"},\"logo\":{\"@id\":\"https:\/\/nitu.mx\/#\/schema\/person\/image\/\"},\"description\":\"Director NITU.mx, Egresado de la Escuela de Periodismo Carlos Septi\u00e9n Garc\u00eda. Periodista y analista especializado en turismo desde hace 35 a\u00f1os, radicado en Canc\u00fan Q.Roo. arturo@nitu.mx\",\"sameAs\":[\"https:\/\/nitu.mx\",\"https:\/\/www.facebook.com\/NITUmx\/\",\"medinacancun\",\"https:\/\/twitter.com\/@Arturo_Medina_G\"]},{\"@type\":\"Person\",\"@id\":\"https:\/\/nitu.mx\/#\/schema\/person\/4a28fe9bd65924f7c90623773daf1b0b\",\"name\":\"Redacci\u00f3n\",\"image\":{\"@type\":\"ImageObject\",\"inLanguage\":\"es-MX\",\"@id\":\"https:\/\/nitu.mx\/#\/schema\/person\/image\/\",\"url\":\"https:\/\/secure.gravatar.com\/avatar\/5dd011c8ccfc5cd7e4c81e42252aab38?s=96&d=mm&r=g\",\"contentUrl\":\"https:\/\/secure.gravatar.com\/avatar\/5dd011c8ccfc5cd7e4c81e42252aab38?s=96&d=mm&r=g\",\"caption\":\"Redacci\u00f3n\"},\"url\":\"https:\/\/nitu.mx\/index.php\/author\/redaccion\/\"}]}<\/script>\n<!-- \/ Yoast SEO plugin. -->","yoast_head_json":{"title":"Connect de PriceTravel Holding participar\u00e1 por primera vez en FITUR 2024 - Nitu - Noticias de la Industria Turistica","robots":{"index":"index","follow":"follow","max-snippet":"max-snippet:-1","max-image-preview":"max-image-preview:large","max-video-preview":"max-video-preview:-1"},"canonical":"https:\/\/nitu.mx\/index.php\/2024\/01\/18\/connect-de-pricetravel-holding-participara-por-primera-vez-en-fitur-2024\/","twitter_card":"summary_large_image","twitter_title":"Connect de PriceTravel Holding participar\u00e1 por primera vez en FITUR 2024 - Nitu - Noticias de la Industria Turistica","twitter_description":"PriceTravel Holding, una de las mayores empresas de viajes de Latinoam\u00e9rica, se prepara para causar un impacto significativo en FITUR 2024, que se celebra en Madrid del 24 al 28 de enero, marcando su entrada en Europa.\u00a0 En la feria, la empresa\u00a0presentar\u00e1 a\u00a0los compradores de viajes espa\u00f1oles su s\u00f3lida estrategia de distribuci\u00f3n de productos hoteleros [&hellip;]","twitter_image":"https:\/\/nitu.mx\/wp-content\/uploads\/2024\/01\/Connect-PriceTravel-Holding.jpg","twitter_creator":"@NITUmx","twitter_site":"@Arturo_Medina_G","twitter_misc":{"Escrito por":"Redacci\u00f3n","Tiempo de lectura":"2 minutos"},"schema":{"@context":"https:\/\/schema.org","@graph":[{"@type":"Article","@id":"https:\/\/nitu.mx\/index.php\/2024\/01\/18\/connect-de-pricetravel-holding-participara-por-primera-vez-en-fitur-2024\/#article","isPartOf":{"@id":"https:\/\/nitu.mx\/index.php\/2024\/01\/18\/connect-de-pricetravel-holding-participara-por-primera-vez-en-fitur-2024\/"},"author":{"name":"Redacci\u00f3n","@id":"https:\/\/nitu.mx\/#\/schema\/person\/4a28fe9bd65924f7c90623773daf1b0b"},"headline":"Connect de PriceTravel Holding participar\u00e1 por primera vez en FITUR 2024","datePublished":"2024-01-19T03:33:44+00:00","dateModified":"2024-01-19T03:37:22+00:00","mainEntityOfPage":{"@id":"https:\/\/nitu.mx\/index.php\/2024\/01\/18\/connect-de-pricetravel-holding-participara-por-primera-vez-en-fitur-2024\/"},"wordCount":414,"commentCount":0,"publisher":{"@id":"https:\/\/nitu.mx\/#\/schema\/person\/ae7a53426417292d3dd07b45a33e01bc"},"image":{"@id":"https:\/\/nitu.mx\/index.php\/2024\/01\/18\/connect-de-pricetravel-holding-participara-por-primera-vez-en-fitur-2024\/#primaryimage"},"thumbnailUrl":"https:\/\/nitu.mx\/wp-content\/uploads\/2024\/01\/Connect-PriceTravel-Holding.jpg","keywords":["B2B","Connect","FITUR","Juan Socas","PriceTravel Holding"],"articleSection":["Agencias de Viajes"],"inLanguage":"es-MX","potentialAction":[{"@type":"CommentAction","name":"Comment","target":["https:\/\/nitu.mx\/index.php\/2024\/01\/18\/connect-de-pricetravel-holding-participara-por-primera-vez-en-fitur-2024\/#respond"]}]},{"@type":"WebPage","@id":"https:\/\/nitu.mx\/index.php\/2024\/01\/18\/connect-de-pricetravel-holding-participara-por-primera-vez-en-fitur-2024\/","url":"https:\/\/nitu.mx\/index.php\/2024\/01\/18\/connect-de-pricetravel-holding-participara-por-primera-vez-en-fitur-2024\/","name":"Connect de PriceTravel Holding participar\u00e1 por primera vez en FITUR 2024 - Nitu - Noticias de la Industria Turistica","isPartOf":{"@id":"https:\/\/nitu.mx\/#website"},"primaryImageOfPage":{"@id":"https:\/\/nitu.mx\/index.php\/2024\/01\/18\/connect-de-pricetravel-holding-participara-por-primera-vez-en-fitur-2024\/#primaryimage"},"image":{"@id":"https:\/\/nitu.mx\/index.php\/2024\/01\/18\/connect-de-pricetravel-holding-participara-por-primera-vez-en-fitur-2024\/#primaryimage"},"thumbnailUrl":"https:\/\/nitu.mx\/wp-content\/uploads\/2024\/01\/Connect-PriceTravel-Holding.jpg","datePublished":"2024-01-19T03:33:44+00:00","dateModified":"2024-01-19T03:37:22+00:00","breadcrumb":{"@id":"https:\/\/nitu.mx\/index.php\/2024\/01\/18\/connect-de-pricetravel-holding-participara-por-primera-vez-en-fitur-2024\/#breadcrumb"},"inLanguage":"es-MX","potentialAction":[{"@type":"ReadAction","target":["https:\/\/nitu.mx\/index.php\/2024\/01\/18\/connect-de-pricetravel-holding-participara-por-primera-vez-en-fitur-2024\/"]}]},{"@type":"ImageObject","inLanguage":"es-MX","@id":"https:\/\/nitu.mx\/index.php\/2024\/01\/18\/connect-de-pricetravel-holding-participara-por-primera-vez-en-fitur-2024\/#primaryimage","url":"https:\/\/nitu.mx\/wp-content\/uploads\/2024\/01\/Connect-PriceTravel-Holding.jpg","contentUrl":"https:\/\/nitu.mx\/wp-content\/uploads\/2024\/01\/Connect-PriceTravel-Holding.jpg","width":1200,"height":675,"caption":"Connect PriceTravel Holding"},{"@type":"BreadcrumbList","@id":"https:\/\/nitu.mx\/index.php\/2024\/01\/18\/connect-de-pricetravel-holding-participara-por-primera-vez-en-fitur-2024\/#breadcrumb","itemListElement":[{"@type":"ListItem","position":1,"name":"Inicio","item":"https:\/\/nitu.mx\/"},{"@type":"ListItem","position":2,"name":"Connect de PriceTravel Holding participar\u00e1 por primera vez en FITUR 2024"}]},{"@type":"WebSite","@id":"https:\/\/nitu.mx\/#website","url":"https:\/\/nitu.mx\/","name":"Nitu - Noticias de la Industria Turistica","description":"Noticias de la Industria Turistica","publisher":{"@id":"https:\/\/nitu.mx\/#\/schema\/person\/ae7a53426417292d3dd07b45a33e01bc"},"alternateName":"Noticias de la Industria Turistica","potentialAction":[{"@type":"SearchAction","target":{"@type":"EntryPoint","urlTemplate":"https:\/\/nitu.mx\/?s={search_term_string}"},"query-input":"required name=search_term_string"}],"inLanguage":"es-MX"},{"@type":["Person","Organization"],"@id":"https:\/\/nitu.mx\/#\/schema\/person\/ae7a53426417292d3dd07b45a33e01bc","name":"Arturo Medina","image":{"@type":"ImageObject","inLanguage":"es-MX","@id":"https:\/\/nitu.mx\/#\/schema\/person\/image\/","url":"https:\/\/nitu.mx\/wp-content\/uploads\/2024\/04\/4A315622-1904-4D5C-B022-878CDC840E04-90x90-1.jpeg","contentUrl":"https:\/\/nitu.mx\/wp-content\/uploads\/2024\/04\/4A315622-1904-4D5C-B022-878CDC840E04-90x90-1.jpeg","width":90,"height":90,"caption":"Arturo Medina"},"logo":{"@id":"https:\/\/nitu.mx\/#\/schema\/person\/image\/"},"description":"Director NITU.mx, Egresado de la Escuela de Periodismo Carlos Septi\u00e9n Garc\u00eda. Periodista y analista especializado en turismo desde hace 35 a\u00f1os, radicado en Canc\u00fan Q.Roo. arturo@nitu.mx","sameAs":["https:\/\/nitu.mx","https:\/\/www.facebook.com\/NITUmx\/","medinacancun","https:\/\/twitter.com\/@Arturo_Medina_G"]},{"@type":"Person","@id":"https:\/\/nitu.mx\/#\/schema\/person\/4a28fe9bd65924f7c90623773daf1b0b","name":"Redacci\u00f3n","image":{"@type":"ImageObject","inLanguage":"es-MX","@id":"https:\/\/nitu.mx\/#\/schema\/person\/image\/","url":"https:\/\/secure.gravatar.com\/avatar\/5dd011c8ccfc5cd7e4c81e42252aab38?s=96&d=mm&r=g","contentUrl":"https:\/\/secure.gravatar.com\/avatar\/5dd011c8ccfc5cd7e4c81e42252aab38?s=96&d=mm&r=g","caption":"Redacci\u00f3n"},"url":"https:\/\/nitu.mx\/index.php\/author\/redaccion\/"}]}},"views":1062,"_links":{"self":[{"href":"https:\/\/nitu.mx\/index.php\/wp-json\/wp\/v2\/posts\/67809"}],"collection":[{"href":"https:\/\/nitu.mx\/index.php\/wp-json\/wp\/v2\/posts"}],"about":[{"href":"https:\/\/nitu.mx\/index.php\/wp-json\/wp\/v2\/types\/post"}],"author":[{"embeddable":true,"href":"https:\/\/nitu.mx\/index.php\/wp-json\/wp\/v2\/users\/17"}],"replies":[{"embeddable":true,"href":"https:\/\/nitu.mx\/index.php\/wp-json\/wp\/v2\/comments?post=67809"}],"version-history":[{"count":2,"href":"https:\/\/nitu.mx\/index.php\/wp-json\/wp\/v2\/posts\/67809\/revisions"}],"predecessor-version":[{"id":67813,"href":"https:\/\/nitu.mx\/index.php\/wp-json\/wp\/v2\/posts\/67809\/revisions\/67813"}],"wp:featuredmedia":[{"embeddable":true,"href":"https:\/\/nitu.mx\/index.php\/wp-json\/wp\/v2\/media\/67812"}],"wp:attachment":[{"href":"https:\/\/nitu.mx\/index.php\/wp-json\/wp\/v2\/media?parent=67809"}],"wp:term":[{"taxonomy":"category","embeddable":true,"href":"https:\/\/nitu.mx\/index.php\/wp-json\/wp\/v2\/categories?post=67809"},{"taxonomy":"post_tag","embeddable":true,"href":"https:\/\/nitu.mx\/index.php\/wp-json\/wp\/v2\/tags?post=67809"}],"curies":[{"name":"wp","href":"https:\/\/api.w.org\/{rel}","templated":true}]}}