{"id":67771,"date":"2024-01-17T19:57:03","date_gmt":"2024-01-18T01:57:03","guid":{"rendered":"https:\/\/nitu.mx\/?p=67771"},"modified":"2024-01-17T19:57:04","modified_gmt":"2024-01-18T01:57:04","slug":"toma-beatriz-tinajero-la-riendas-de-la-asociacion-de-hoteles-de-cozumel","status":"publish","type":"post","link":"https:\/\/nitu.mx\/index.php\/2024\/01\/17\/toma-beatriz-tinajero-la-riendas-de-la-asociacion-de-hoteles-de-cozumel\/","title":{"rendered":"Toma Beatriz Tinajero la riendas de la Asociacion de Hoteles de Cozumel"},"content":{"rendered":"\n<p>Beatriz Tinajero Tarriba rindi\u00f3 protesta este mi\u00e9rcoles como presidenta del Consejo Directivo de la Asociaci\u00f3n de Hoteles de Cozumel para el per\u00edodo 2023-2025, en evento encabezado por la gobernadora Mara Lezama Espinosa y autoridades municipales.<\/p>\n\n\n\n<p>La ceremonia oficial se llev\u00f3 a cabo en el Hotel B, ubicado en la zona sur de la isla, donde la nueva l\u00edder de los hoteleros rindi\u00f3 protesta junto a los integrantes del consejo directivo que llevar\u00e1 las riendas del sector hotelero asociado de esta isla durante los pr\u00f3ximos dos a\u00f1os, bajo la premisa de consolidar a &nbsp;Cozumel como destino de pernocta.<\/p>\n\n\n\n<p>El acto estuvo encabezado por la Jefa del Ejecutivo en el estado de Quintana Roo, Mara Lezama Escalante, quien felicit\u00f3 y le augur\u00f3 gran \u00e9xito al nuevo consejo directivo, destacando que cuentan con ella como aliada para conseguir los objetivos de su proyecto, adem\u00e1s de que Cozumel tiene todo para seguir siendo uno de los destinos m\u00e1s importantes de Quintana Roo, de M\u00e9xico y a nivel mundial.<\/p>\n\n\n\n<p>Resalt\u00f3 que el Gobierno del Estado que encabeza est\u00e1 desarrollando obras muy importantes en Cozumel, como el colector de aguas residuales que concluir\u00e1 en el mes de marzo, en el que se est\u00e1 realizando una inversi\u00f3n de m\u00e1s de 78 millones de pesos, as\u00ed como el cable submarino de Playa del Carmen a Chankanaab que concluir\u00e1 en enero del 2025 con una inversi\u00f3n de 700 millones de pesos, as\u00ed como la planta de tratamiento de aguas residuales que arrancar\u00e1 a principios de febrero, con un inversi\u00f3n de 12 millones de pesos.<\/p>\n","protected":false},"excerpt":{"rendered":"<p>Beatriz Tinajero Tarriba rindi\u00f3 protesta este mi\u00e9rcoles como presidenta del Consejo Directivo de la Asociaci\u00f3n de Hoteles de Cozumel para el per\u00edodo 2023-2025, en evento encabezado por la gobernadora Mara Lezama Espinosa y autoridades municipales. La ceremonia oficial se llev\u00f3 a cabo en el Hotel B, ubicado en la zona sur de la isla, donde [&hellip;]<\/p>\n","protected":false},"author":17,"featured_media":67773,"comment_status":"open","ping_status":"open","sticky":false,"template":"","format":"standard","meta":{"footnotes":""},"categories":[2],"tags":[2358,110,14028],"yoast_head":"<!-- This site is optimized with the Yoast SEO plugin v22.2 - https:\/\/yoast.com\/wordpress\/plugins\/seo\/ -->\n<title>Toma Beatriz Tinajero la riendas de la Asociacion de Hoteles de Cozumel - Nitu - Noticias de la Industria Turistica<\/title>\n<meta name=\"robots\" content=\"index, follow, max-snippet:-1, max-image-preview:large, max-video-preview:-1\" \/>\n<link rel=\"canonical\" href=\"https:\/\/nitu.mx\/index.php\/2024\/01\/17\/toma-beatriz-tinajero-la-riendas-de-la-asociacion-de-hoteles-de-cozumel\/\" \/>\n<meta name=\"twitter:card\" content=\"summary_large_image\" \/>\n<meta name=\"twitter:title\" content=\"Toma Beatriz Tinajero la riendas de la Asociacion de Hoteles de Cozumel - Nitu - Noticias de la Industria Turistica\" \/>\n<meta name=\"twitter:description\" content=\"Beatriz Tinajero Tarriba rindi\u00f3 protesta este mi\u00e9rcoles como presidenta del Consejo Directivo de la Asociaci\u00f3n de Hoteles de Cozumel para el per\u00edodo 2023-2025, en evento encabezado por la gobernadora Mara Lezama Espinosa y autoridades municipales. La ceremonia oficial se llev\u00f3 a cabo en el Hotel B, ubicado en la zona sur de la isla, donde [&hellip;]\" \/>\n<meta name=\"twitter:image\" content=\"https:\/\/nitu.mx\/wp-content\/uploads\/2024\/01\/toma-de-protesta.jpg\" \/>\n<meta name=\"twitter:creator\" content=\"@NITUmx\" \/>\n<meta name=\"twitter:site\" content=\"@Arturo_Medina_G\" \/>\n<meta name=\"twitter:label1\" content=\"Escrito por\" \/>\n\t<meta name=\"twitter:data1\" content=\"Redacci\u00f3n\" \/>\n\t<meta name=\"twitter:label2\" content=\"Tiempo de lectura\" \/>\n\t<meta name=\"twitter:data2\" content=\"1 minuto\" \/>\n<script type=\"application\/ld+json\" class=\"yoast-schema-graph\">{\"@context\":\"https:\/\/schema.org\",\"@graph\":[{\"@type\":\"Article\",\"@id\":\"https:\/\/nitu.mx\/index.php\/2024\/01\/17\/toma-beatriz-tinajero-la-riendas-de-la-asociacion-de-hoteles-de-cozumel\/#article\",\"isPartOf\":{\"@id\":\"https:\/\/nitu.mx\/index.php\/2024\/01\/17\/toma-beatriz-tinajero-la-riendas-de-la-asociacion-de-hoteles-de-cozumel\/\"},\"author\":{\"name\":\"Redacci\u00f3n\",\"@id\":\"https:\/\/nitu.mx\/#\/schema\/person\/4a28fe9bd65924f7c90623773daf1b0b\"},\"headline\":\"Toma Beatriz Tinajero la riendas de la Asociacion de Hoteles de Cozumel\",\"datePublished\":\"2024-01-18T01:57:03+00:00\",\"dateModified\":\"2024-01-18T01:57:04+00:00\",\"mainEntityOfPage\":{\"@id\":\"https:\/\/nitu.mx\/index.php\/2024\/01\/17\/toma-beatriz-tinajero-la-riendas-de-la-asociacion-de-hoteles-de-cozumel\/\"},\"wordCount\":277,\"commentCount\":0,\"publisher\":{\"@id\":\"https:\/\/nitu.mx\/#\/schema\/person\/ae7a53426417292d3dd07b45a33e01bc\"},\"image\":{\"@id\":\"https:\/\/nitu.mx\/index.php\/2024\/01\/17\/toma-beatriz-tinajero-la-riendas-de-la-asociacion-de-hoteles-de-cozumel\/#primaryimage\"},\"thumbnailUrl\":\"https:\/\/nitu.mx\/wp-content\/uploads\/2024\/01\/toma-de-protesta.jpg\",\"keywords\":[\"Beatriz Tinajero\",\"Cozumel\",\"Mara Lezama\"],\"articleSection\":[\"Hoteles\"],\"inLanguage\":\"es-MX\",\"potentialAction\":[{\"@type\":\"CommentAction\",\"name\":\"Comment\",\"target\":[\"https:\/\/nitu.mx\/index.php\/2024\/01\/17\/toma-beatriz-tinajero-la-riendas-de-la-asociacion-de-hoteles-de-cozumel\/#respond\"]}]},{\"@type\":\"WebPage\",\"@id\":\"https:\/\/nitu.mx\/index.php\/2024\/01\/17\/toma-beatriz-tinajero-la-riendas-de-la-asociacion-de-hoteles-de-cozumel\/\",\"url\":\"https:\/\/nitu.mx\/index.php\/2024\/01\/17\/toma-beatriz-tinajero-la-riendas-de-la-asociacion-de-hoteles-de-cozumel\/\",\"name\":\"Toma Beatriz Tinajero la riendas de la Asociacion de Hoteles de Cozumel - Nitu - Noticias de la Industria Turistica\",\"isPartOf\":{\"@id\":\"https:\/\/nitu.mx\/#website\"},\"primaryImageOfPage\":{\"@id\":\"https:\/\/nitu.mx\/index.php\/2024\/01\/17\/toma-beatriz-tinajero-la-riendas-de-la-asociacion-de-hoteles-de-cozumel\/#primaryimage\"},\"image\":{\"@id\":\"https:\/\/nitu.mx\/index.php\/2024\/01\/17\/toma-beatriz-tinajero-la-riendas-de-la-asociacion-de-hoteles-de-cozumel\/#primaryimage\"},\"thumbnailUrl\":\"https:\/\/nitu.mx\/wp-content\/uploads\/2024\/01\/toma-de-protesta.jpg\",\"datePublished\":\"2024-01-18T01:57:03+00:00\",\"dateModified\":\"2024-01-18T01:57:04+00:00\",\"breadcrumb\":{\"@id\":\"https:\/\/nitu.mx\/index.php\/2024\/01\/17\/toma-beatriz-tinajero-la-riendas-de-la-asociacion-de-hoteles-de-cozumel\/#breadcrumb\"},\"inLanguage\":\"es-MX\",\"potentialAction\":[{\"@type\":\"ReadAction\",\"target\":[\"https:\/\/nitu.mx\/index.php\/2024\/01\/17\/toma-beatriz-tinajero-la-riendas-de-la-asociacion-de-hoteles-de-cozumel\/\"]}]},{\"@type\":\"ImageObject\",\"inLanguage\":\"es-MX\",\"@id\":\"https:\/\/nitu.mx\/index.php\/2024\/01\/17\/toma-beatriz-tinajero-la-riendas-de-la-asociacion-de-hoteles-de-cozumel\/#primaryimage\",\"url\":\"https:\/\/nitu.mx\/wp-content\/uploads\/2024\/01\/toma-de-protesta.jpg\",\"contentUrl\":\"https:\/\/nitu.mx\/wp-content\/uploads\/2024\/01\/toma-de-protesta.jpg\",\"width\":1600,\"height\":1066},{\"@type\":\"BreadcrumbList\",\"@id\":\"https:\/\/nitu.mx\/index.php\/2024\/01\/17\/toma-beatriz-tinajero-la-riendas-de-la-asociacion-de-hoteles-de-cozumel\/#breadcrumb\",\"itemListElement\":[{\"@type\":\"ListItem\",\"position\":1,\"name\":\"Inicio\",\"item\":\"https:\/\/nitu.mx\/\"},{\"@type\":\"ListItem\",\"position\":2,\"name\":\"Toma Beatriz Tinajero la riendas de la Asociacion de Hoteles de Cozumel\"}]},{\"@type\":\"WebSite\",\"@id\":\"https:\/\/nitu.mx\/#website\",\"url\":\"https:\/\/nitu.mx\/\",\"name\":\"Nitu - Noticias de la Industria Turistica\",\"description\":\"Noticias de la Industria Turistica\",\"publisher\":{\"@id\":\"https:\/\/nitu.mx\/#\/schema\/person\/ae7a53426417292d3dd07b45a33e01bc\"},\"alternateName\":\"Noticias de la Industria Turistica\",\"potentialAction\":[{\"@type\":\"SearchAction\",\"target\":{\"@type\":\"EntryPoint\",\"urlTemplate\":\"https:\/\/nitu.mx\/?s={search_term_string}\"},\"query-input\":\"required name=search_term_string\"}],\"inLanguage\":\"es-MX\"},{\"@type\":[\"Person\",\"Organization\"],\"@id\":\"https:\/\/nitu.mx\/#\/schema\/person\/ae7a53426417292d3dd07b45a33e01bc\",\"name\":\"Arturo Medina\",\"image\":{\"@type\":\"ImageObject\",\"inLanguage\":\"es-MX\",\"@id\":\"https:\/\/nitu.mx\/#\/schema\/person\/image\/\",\"url\":\"https:\/\/nitu.mx\/wp-content\/uploads\/2024\/04\/4A315622-1904-4D5C-B022-878CDC840E04-90x90-1.jpeg\",\"contentUrl\":\"https:\/\/nitu.mx\/wp-content\/uploads\/2024\/04\/4A315622-1904-4D5C-B022-878CDC840E04-90x90-1.jpeg\",\"width\":90,\"height\":90,\"caption\":\"Arturo Medina\"},\"logo\":{\"@id\":\"https:\/\/nitu.mx\/#\/schema\/person\/image\/\"},\"description\":\"Director NITU.mx, Egresado de la Escuela de Periodismo Carlos Septi\u00e9n Garc\u00eda. Periodista y analista especializado en turismo desde hace 35 a\u00f1os, radicado en Canc\u00fan Q.Roo. arturo@nitu.mx\",\"sameAs\":[\"https:\/\/nitu.mx\",\"https:\/\/www.facebook.com\/NITUmx\/\",\"medinacancun\",\"https:\/\/twitter.com\/@Arturo_Medina_G\"]},{\"@type\":\"Person\",\"@id\":\"https:\/\/nitu.mx\/#\/schema\/person\/4a28fe9bd65924f7c90623773daf1b0b\",\"name\":\"Redacci\u00f3n\",\"image\":{\"@type\":\"ImageObject\",\"inLanguage\":\"es-MX\",\"@id\":\"https:\/\/nitu.mx\/#\/schema\/person\/image\/\",\"url\":\"https:\/\/secure.gravatar.com\/avatar\/5dd011c8ccfc5cd7e4c81e42252aab38?s=96&d=mm&r=g\",\"contentUrl\":\"https:\/\/secure.gravatar.com\/avatar\/5dd011c8ccfc5cd7e4c81e42252aab38?s=96&d=mm&r=g\",\"caption\":\"Redacci\u00f3n\"},\"url\":\"https:\/\/nitu.mx\/index.php\/author\/redaccion\/\"}]}<\/script>\n<!-- \/ Yoast SEO plugin. -->","yoast_head_json":{"title":"Toma Beatriz Tinajero la riendas de la Asociacion de Hoteles de Cozumel - Nitu - Noticias de la Industria Turistica","robots":{"index":"index","follow":"follow","max-snippet":"max-snippet:-1","max-image-preview":"max-image-preview:large","max-video-preview":"max-video-preview:-1"},"canonical":"https:\/\/nitu.mx\/index.php\/2024\/01\/17\/toma-beatriz-tinajero-la-riendas-de-la-asociacion-de-hoteles-de-cozumel\/","twitter_card":"summary_large_image","twitter_title":"Toma Beatriz Tinajero la riendas de la Asociacion de Hoteles de Cozumel - Nitu - Noticias de la Industria Turistica","twitter_description":"Beatriz Tinajero Tarriba rindi\u00f3 protesta este mi\u00e9rcoles como presidenta del Consejo Directivo de la Asociaci\u00f3n de Hoteles de Cozumel para el per\u00edodo 2023-2025, en evento encabezado por la gobernadora Mara Lezama Espinosa y autoridades municipales. La ceremonia oficial se llev\u00f3 a cabo en el Hotel B, ubicado en la zona sur de la isla, donde [&hellip;]","twitter_image":"https:\/\/nitu.mx\/wp-content\/uploads\/2024\/01\/toma-de-protesta.jpg","twitter_creator":"@NITUmx","twitter_site":"@Arturo_Medina_G","twitter_misc":{"Escrito por":"Redacci\u00f3n","Tiempo de lectura":"1 minuto"},"schema":{"@context":"https:\/\/schema.org","@graph":[{"@type":"Article","@id":"https:\/\/nitu.mx\/index.php\/2024\/01\/17\/toma-beatriz-tinajero-la-riendas-de-la-asociacion-de-hoteles-de-cozumel\/#article","isPartOf":{"@id":"https:\/\/nitu.mx\/index.php\/2024\/01\/17\/toma-beatriz-tinajero-la-riendas-de-la-asociacion-de-hoteles-de-cozumel\/"},"author":{"name":"Redacci\u00f3n","@id":"https:\/\/nitu.mx\/#\/schema\/person\/4a28fe9bd65924f7c90623773daf1b0b"},"headline":"Toma Beatriz Tinajero la riendas de la Asociacion de Hoteles de Cozumel","datePublished":"2024-01-18T01:57:03+00:00","dateModified":"2024-01-18T01:57:04+00:00","mainEntityOfPage":{"@id":"https:\/\/nitu.mx\/index.php\/2024\/01\/17\/toma-beatriz-tinajero-la-riendas-de-la-asociacion-de-hoteles-de-cozumel\/"},"wordCount":277,"commentCount":0,"publisher":{"@id":"https:\/\/nitu.mx\/#\/schema\/person\/ae7a53426417292d3dd07b45a33e01bc"},"image":{"@id":"https:\/\/nitu.mx\/index.php\/2024\/01\/17\/toma-beatriz-tinajero-la-riendas-de-la-asociacion-de-hoteles-de-cozumel\/#primaryimage"},"thumbnailUrl":"https:\/\/nitu.mx\/wp-content\/uploads\/2024\/01\/toma-de-protesta.jpg","keywords":["Beatriz Tinajero","Cozumel","Mara Lezama"],"articleSection":["Hoteles"],"inLanguage":"es-MX","potentialAction":[{"@type":"CommentAction","name":"Comment","target":["https:\/\/nitu.mx\/index.php\/2024\/01\/17\/toma-beatriz-tinajero-la-riendas-de-la-asociacion-de-hoteles-de-cozumel\/#respond"]}]},{"@type":"WebPage","@id":"https:\/\/nitu.mx\/index.php\/2024\/01\/17\/toma-beatriz-tinajero-la-riendas-de-la-asociacion-de-hoteles-de-cozumel\/","url":"https:\/\/nitu.mx\/index.php\/2024\/01\/17\/toma-beatriz-tinajero-la-riendas-de-la-asociacion-de-hoteles-de-cozumel\/","name":"Toma Beatriz Tinajero la riendas de la Asociacion de Hoteles de Cozumel - Nitu - Noticias de la Industria Turistica","isPartOf":{"@id":"https:\/\/nitu.mx\/#website"},"primaryImageOfPage":{"@id":"https:\/\/nitu.mx\/index.php\/2024\/01\/17\/toma-beatriz-tinajero-la-riendas-de-la-asociacion-de-hoteles-de-cozumel\/#primaryimage"},"image":{"@id":"https:\/\/nitu.mx\/index.php\/2024\/01\/17\/toma-beatriz-tinajero-la-riendas-de-la-asociacion-de-hoteles-de-cozumel\/#primaryimage"},"thumbnailUrl":"https:\/\/nitu.mx\/wp-content\/uploads\/2024\/01\/toma-de-protesta.jpg","datePublished":"2024-01-18T01:57:03+00:00","dateModified":"2024-01-18T01:57:04+00:00","breadcrumb":{"@id":"https:\/\/nitu.mx\/index.php\/2024\/01\/17\/toma-beatriz-tinajero-la-riendas-de-la-asociacion-de-hoteles-de-cozumel\/#breadcrumb"},"inLanguage":"es-MX","potentialAction":[{"@type":"ReadAction","target":["https:\/\/nitu.mx\/index.php\/2024\/01\/17\/toma-beatriz-tinajero-la-riendas-de-la-asociacion-de-hoteles-de-cozumel\/"]}]},{"@type":"ImageObject","inLanguage":"es-MX","@id":"https:\/\/nitu.mx\/index.php\/2024\/01\/17\/toma-beatriz-tinajero-la-riendas-de-la-asociacion-de-hoteles-de-cozumel\/#primaryimage","url":"https:\/\/nitu.mx\/wp-content\/uploads\/2024\/01\/toma-de-protesta.jpg","contentUrl":"https:\/\/nitu.mx\/wp-content\/uploads\/2024\/01\/toma-de-protesta.jpg","width":1600,"height":1066},{"@type":"BreadcrumbList","@id":"https:\/\/nitu.mx\/index.php\/2024\/01\/17\/toma-beatriz-tinajero-la-riendas-de-la-asociacion-de-hoteles-de-cozumel\/#breadcrumb","itemListElement":[{"@type":"ListItem","position":1,"name":"Inicio","item":"https:\/\/nitu.mx\/"},{"@type":"ListItem","position":2,"name":"Toma Beatriz Tinajero la riendas de la Asociacion de Hoteles de Cozumel"}]},{"@type":"WebSite","@id":"https:\/\/nitu.mx\/#website","url":"https:\/\/nitu.mx\/","name":"Nitu - Noticias de la Industria Turistica","description":"Noticias de la Industria Turistica","publisher":{"@id":"https:\/\/nitu.mx\/#\/schema\/person\/ae7a53426417292d3dd07b45a33e01bc"},"alternateName":"Noticias de la Industria Turistica","potentialAction":[{"@type":"SearchAction","target":{"@type":"EntryPoint","urlTemplate":"https:\/\/nitu.mx\/?s={search_term_string}"},"query-input":"required name=search_term_string"}],"inLanguage":"es-MX"},{"@type":["Person","Organization"],"@id":"https:\/\/nitu.mx\/#\/schema\/person\/ae7a53426417292d3dd07b45a33e01bc","name":"Arturo Medina","image":{"@type":"ImageObject","inLanguage":"es-MX","@id":"https:\/\/nitu.mx\/#\/schema\/person\/image\/","url":"https:\/\/nitu.mx\/wp-content\/uploads\/2024\/04\/4A315622-1904-4D5C-B022-878CDC840E04-90x90-1.jpeg","contentUrl":"https:\/\/nitu.mx\/wp-content\/uploads\/2024\/04\/4A315622-1904-4D5C-B022-878CDC840E04-90x90-1.jpeg","width":90,"height":90,"caption":"Arturo Medina"},"logo":{"@id":"https:\/\/nitu.mx\/#\/schema\/person\/image\/"},"description":"Director NITU.mx, Egresado de la Escuela de Periodismo Carlos Septi\u00e9n Garc\u00eda. Periodista y analista especializado en turismo desde hace 35 a\u00f1os, radicado en Canc\u00fan Q.Roo. arturo@nitu.mx","sameAs":["https:\/\/nitu.mx","https:\/\/www.facebook.com\/NITUmx\/","medinacancun","https:\/\/twitter.com\/@Arturo_Medina_G"]},{"@type":"Person","@id":"https:\/\/nitu.mx\/#\/schema\/person\/4a28fe9bd65924f7c90623773daf1b0b","name":"Redacci\u00f3n","image":{"@type":"ImageObject","inLanguage":"es-MX","@id":"https:\/\/nitu.mx\/#\/schema\/person\/image\/","url":"https:\/\/secure.gravatar.com\/avatar\/5dd011c8ccfc5cd7e4c81e42252aab38?s=96&d=mm&r=g","contentUrl":"https:\/\/secure.gravatar.com\/avatar\/5dd011c8ccfc5cd7e4c81e42252aab38?s=96&d=mm&r=g","caption":"Redacci\u00f3n"},"url":"https:\/\/nitu.mx\/index.php\/author\/redaccion\/"}]}},"views":1219,"_links":{"self":[{"href":"https:\/\/nitu.mx\/index.php\/wp-json\/wp\/v2\/posts\/67771"}],"collection":[{"href":"https:\/\/nitu.mx\/index.php\/wp-json\/wp\/v2\/posts"}],"about":[{"href":"https:\/\/nitu.mx\/index.php\/wp-json\/wp\/v2\/types\/post"}],"author":[{"embeddable":true,"href":"https:\/\/nitu.mx\/index.php\/wp-json\/wp\/v2\/users\/17"}],"replies":[{"embeddable":true,"href":"https:\/\/nitu.mx\/index.php\/wp-json\/wp\/v2\/comments?post=67771"}],"version-history":[{"count":3,"href":"https:\/\/nitu.mx\/index.php\/wp-json\/wp\/v2\/posts\/67771\/revisions"}],"predecessor-version":[{"id":67777,"href":"https:\/\/nitu.mx\/index.php\/wp-json\/wp\/v2\/posts\/67771\/revisions\/67777"}],"wp:featuredmedia":[{"embeddable":true,"href":"https:\/\/nitu.mx\/index.php\/wp-json\/wp\/v2\/media\/67773"}],"wp:attachment":[{"href":"https:\/\/nitu.mx\/index.php\/wp-json\/wp\/v2\/media?parent=67771"}],"wp:term":[{"taxonomy":"category","embeddable":true,"href":"https:\/\/nitu.mx\/index.php\/wp-json\/wp\/v2\/categories?post=67771"},{"taxonomy":"post_tag","embeddable":true,"href":"https:\/\/nitu.mx\/index.php\/wp-json\/wp\/v2\/tags?post=67771"}],"curies":[{"name":"wp","href":"https:\/\/api.w.org\/{rel}","templated":true}]}}