{"id":67753,"date":"2024-01-17T00:34:51","date_gmt":"2024-01-17T06:34:51","guid":{"rendered":"https:\/\/nitu.mx\/?p=67753"},"modified":"2024-01-17T00:35:34","modified_gmt":"2024-01-17T06:35:34","slug":"deja-gonzalo-del-peon-inclusive-collection","status":"publish","type":"post","link":"https:\/\/nitu.mx\/index.php\/2024\/01\/17\/deja-gonzalo-del-peon-inclusive-collection\/","title":{"rendered":"Deja Gonzalo del Pe\u00f3n Inclusive Collection"},"content":{"rendered":"\n<p>Gonzalo del Pe\u00f3n, a partir de este mes de enero, deja su cargo como Presidente de Inclusive Collection Hyatt Americas &amp; Global Commercial, para desarrollarse como asesor ejecutivo \u201cSenior Advisor\u201d de Hyatt Hotel Corporation.<\/p>\n\n\n\n<p>Durante el evento de cierre de a\u00f1o que llev\u00f3 a cabo Inclusive Collection, part of World of Hyatt, del Pe\u00f3n adem\u00e1s de presentar a todo el equipo, present\u00f3 a Gabriel Felip ante la industria tur\u00edstica del pa\u00eds, quien proximamente se har\u00e1 cargo de todo lo que es Hyatt en Latinoam\u00e9rica y el Caribe.<\/p>\n\n\n\n<p>Gonzalo, quien es co fundador de la cadena que naci\u00f3 como AMResorts y que se desempe\u00f1\u00f3 hasta hace unos d\u00edas como presidente de Inclusive Collection, hoy se convierte en Senior Advisor de Hyatt Hotel Corporation, cadena que adquiri\u00f3 a la firma perteneciente a Apple Leisure Group hace poco m\u00e1s de dos a\u00f1os.<\/p>\n\n\n\n<p>Del Pe\u00f3n desempe\u00f1\u00f3 un papel decisivo en la transformaci\u00f3n de la empresa, hasta llegarla a convertir en una de las principales cadenas hoteleras de lujo en el mundo.<\/p>\n\n\n\n<p>Con m\u00e1s de 30 a\u00f1os de experiencia en la industria de la hospitalidad, Gonzalo se encarg\u00f3 de supervisar todas las \u00e1reas de relaciones con inversores y propietarios, operaciones, administraci\u00f3n, marketing e innovaci\u00f3n de productos para los hoteles de la compa\u00f1\u00eda.<\/p>\n\n\n\n<p>Desde el a\u00f1o 2001, cuando se inici\u00f3&nbsp;AMResorts, Gonzalo fue parte del equipo ejecutivo. Y en conjunto con sus socios logr\u00f3 definir y consolidar su visi\u00f3n de un modelo de negocio y estructura organizativa de los hoteles \u201c<em>todo incluido<\/em>\u201c, lo que se tradujo en el r\u00e1pido posicionamiento de la compa\u00f1\u00eda como l\u00edder en complejos tur\u00edsticos de lujo de mayor crecimiento en Norteam\u00e9rica.<\/p>\n\n\n\n<p>A la fecha la compa\u00f1\u00eda cuenta con 10 marcas y 121 hoteles con poco m\u00e1s de 39 mil habitaciones en 12 pa\u00edses en la zona del Caribe, M\u00e9xico y Europa Mediterr\u00e1neo.<\/p>\n\n\n\n<p>En M\u00e9xico y el Caribe cuentan con 6 marcas, 65 hoteles y 22 mil cuartos en 9 pa\u00edses, con m\u00e1s de 35 mil colaboradores.<\/p>\n\n\n\n<p>En Europa cuenta con 4 marcas con 46 hoteles, y casi 13 mil cuartos en 3 pa\u00edses en 12 destinos tur\u00edsticos diferentes.<\/p>\n","protected":false},"excerpt":{"rendered":"<p>Gonzalo del Pe\u00f3n, a partir de este mes de enero, deja su cargo como Presidente de Inclusive Collection Hyatt Americas &amp; Global Commercial, para desarrollarse como asesor ejecutivo \u201cSenior Advisor\u201d de Hyatt Hotel Corporation. Durante el evento de cierre de a\u00f1o que llev\u00f3 a cabo Inclusive Collection, part of World of Hyatt, del Pe\u00f3n adem\u00e1s [&hellip;]<\/p>\n","protected":false},"author":17,"featured_media":67758,"comment_status":"open","ping_status":"open","sticky":false,"template":"","format":"standard","meta":{"footnotes":""},"categories":[2],"tags":[1193,2332,23922],"yoast_head":"<!-- This site is optimized with the Yoast SEO plugin v22.2 - https:\/\/yoast.com\/wordpress\/plugins\/seo\/ -->\n<title>Deja Gonzalo del Pe\u00f3n Inclusive Collection - Nitu - Noticias de la Industria Turistica<\/title>\n<meta name=\"robots\" content=\"index, follow, max-snippet:-1, max-image-preview:large, max-video-preview:-1\" \/>\n<link rel=\"canonical\" href=\"https:\/\/nitu.mx\/index.php\/2024\/01\/17\/deja-gonzalo-del-peon-inclusive-collection\/\" \/>\n<meta name=\"twitter:card\" content=\"summary_large_image\" \/>\n<meta name=\"twitter:title\" content=\"Deja Gonzalo del Pe\u00f3n Inclusive Collection - Nitu - Noticias de la Industria Turistica\" \/>\n<meta name=\"twitter:description\" content=\"Gonzalo del Pe\u00f3n, a partir de este mes de enero, deja su cargo como Presidente de Inclusive Collection Hyatt Americas &amp; Global Commercial, para desarrollarse como asesor ejecutivo \u201cSenior Advisor\u201d de Hyatt Hotel Corporation. Durante el evento de cierre de a\u00f1o que llev\u00f3 a cabo Inclusive Collection, part of World of Hyatt, del Pe\u00f3n adem\u00e1s [&hellip;]\" \/>\n<meta name=\"twitter:image\" content=\"https:\/\/nitu.mx\/wp-content\/uploads\/2024\/01\/IMG_3317.jpeg\" \/>\n<meta name=\"twitter:creator\" content=\"@NITUmx\" \/>\n<meta name=\"twitter:site\" content=\"@Arturo_Medina_G\" \/>\n<meta name=\"twitter:label1\" content=\"Escrito por\" \/>\n\t<meta name=\"twitter:data1\" content=\"Redacci\u00f3n\" \/>\n\t<meta name=\"twitter:label2\" content=\"Tiempo de lectura\" \/>\n\t<meta name=\"twitter:data2\" content=\"2 minutos\" \/>\n<script type=\"application\/ld+json\" class=\"yoast-schema-graph\">{\"@context\":\"https:\/\/schema.org\",\"@graph\":[{\"@type\":\"Article\",\"@id\":\"https:\/\/nitu.mx\/index.php\/2024\/01\/17\/deja-gonzalo-del-peon-inclusive-collection\/#article\",\"isPartOf\":{\"@id\":\"https:\/\/nitu.mx\/index.php\/2024\/01\/17\/deja-gonzalo-del-peon-inclusive-collection\/\"},\"author\":{\"name\":\"Redacci\u00f3n\",\"@id\":\"https:\/\/nitu.mx\/#\/schema\/person\/4a28fe9bd65924f7c90623773daf1b0b\"},\"headline\":\"Deja Gonzalo del Pe\u00f3n Inclusive Collection\",\"datePublished\":\"2024-01-17T06:34:51+00:00\",\"dateModified\":\"2024-01-17T06:35:34+00:00\",\"mainEntityOfPage\":{\"@id\":\"https:\/\/nitu.mx\/index.php\/2024\/01\/17\/deja-gonzalo-del-peon-inclusive-collection\/\"},\"wordCount\":372,\"commentCount\":0,\"publisher\":{\"@id\":\"https:\/\/nitu.mx\/#\/schema\/person\/ae7a53426417292d3dd07b45a33e01bc\"},\"image\":{\"@id\":\"https:\/\/nitu.mx\/index.php\/2024\/01\/17\/deja-gonzalo-del-peon-inclusive-collection\/#primaryimage\"},\"thumbnailUrl\":\"https:\/\/nitu.mx\/wp-content\/uploads\/2024\/01\/IMG_3317.jpeg\",\"keywords\":[\"Gonzalo del Pe\u00f3n\",\"Hyatt Hotels Corporation\",\"Hyatt Inclusive Collection\"],\"articleSection\":[\"Hoteles\"],\"inLanguage\":\"es-MX\",\"potentialAction\":[{\"@type\":\"CommentAction\",\"name\":\"Comment\",\"target\":[\"https:\/\/nitu.mx\/index.php\/2024\/01\/17\/deja-gonzalo-del-peon-inclusive-collection\/#respond\"]}]},{\"@type\":\"WebPage\",\"@id\":\"https:\/\/nitu.mx\/index.php\/2024\/01\/17\/deja-gonzalo-del-peon-inclusive-collection\/\",\"url\":\"https:\/\/nitu.mx\/index.php\/2024\/01\/17\/deja-gonzalo-del-peon-inclusive-collection\/\",\"name\":\"Deja Gonzalo del Pe\u00f3n Inclusive Collection - Nitu - Noticias de la Industria Turistica\",\"isPartOf\":{\"@id\":\"https:\/\/nitu.mx\/#website\"},\"primaryImageOfPage\":{\"@id\":\"https:\/\/nitu.mx\/index.php\/2024\/01\/17\/deja-gonzalo-del-peon-inclusive-collection\/#primaryimage\"},\"image\":{\"@id\":\"https:\/\/nitu.mx\/index.php\/2024\/01\/17\/deja-gonzalo-del-peon-inclusive-collection\/#primaryimage\"},\"thumbnailUrl\":\"https:\/\/nitu.mx\/wp-content\/uploads\/2024\/01\/IMG_3317.jpeg\",\"datePublished\":\"2024-01-17T06:34:51+00:00\",\"dateModified\":\"2024-01-17T06:35:34+00:00\",\"breadcrumb\":{\"@id\":\"https:\/\/nitu.mx\/index.php\/2024\/01\/17\/deja-gonzalo-del-peon-inclusive-collection\/#breadcrumb\"},\"inLanguage\":\"es-MX\",\"potentialAction\":[{\"@type\":\"ReadAction\",\"target\":[\"https:\/\/nitu.mx\/index.php\/2024\/01\/17\/deja-gonzalo-del-peon-inclusive-collection\/\"]}]},{\"@type\":\"ImageObject\",\"inLanguage\":\"es-MX\",\"@id\":\"https:\/\/nitu.mx\/index.php\/2024\/01\/17\/deja-gonzalo-del-peon-inclusive-collection\/#primaryimage\",\"url\":\"https:\/\/nitu.mx\/wp-content\/uploads\/2024\/01\/IMG_3317.jpeg\",\"contentUrl\":\"https:\/\/nitu.mx\/wp-content\/uploads\/2024\/01\/IMG_3317.jpeg\",\"width\":739,\"height\":415},{\"@type\":\"BreadcrumbList\",\"@id\":\"https:\/\/nitu.mx\/index.php\/2024\/01\/17\/deja-gonzalo-del-peon-inclusive-collection\/#breadcrumb\",\"itemListElement\":[{\"@type\":\"ListItem\",\"position\":1,\"name\":\"Inicio\",\"item\":\"https:\/\/nitu.mx\/\"},{\"@type\":\"ListItem\",\"position\":2,\"name\":\"Deja Gonzalo del Pe\u00f3n Inclusive Collection\"}]},{\"@type\":\"WebSite\",\"@id\":\"https:\/\/nitu.mx\/#website\",\"url\":\"https:\/\/nitu.mx\/\",\"name\":\"Nitu - Noticias de la Industria Turistica\",\"description\":\"Noticias de la Industria Turistica\",\"publisher\":{\"@id\":\"https:\/\/nitu.mx\/#\/schema\/person\/ae7a53426417292d3dd07b45a33e01bc\"},\"alternateName\":\"Noticias de la Industria Turistica\",\"potentialAction\":[{\"@type\":\"SearchAction\",\"target\":{\"@type\":\"EntryPoint\",\"urlTemplate\":\"https:\/\/nitu.mx\/?s={search_term_string}\"},\"query-input\":\"required name=search_term_string\"}],\"inLanguage\":\"es-MX\"},{\"@type\":[\"Person\",\"Organization\"],\"@id\":\"https:\/\/nitu.mx\/#\/schema\/person\/ae7a53426417292d3dd07b45a33e01bc\",\"name\":\"Arturo Medina\",\"image\":{\"@type\":\"ImageObject\",\"inLanguage\":\"es-MX\",\"@id\":\"https:\/\/nitu.mx\/#\/schema\/person\/image\/\",\"url\":\"https:\/\/nitu.mx\/wp-content\/uploads\/2024\/04\/4A315622-1904-4D5C-B022-878CDC840E04-90x90-1.jpeg\",\"contentUrl\":\"https:\/\/nitu.mx\/wp-content\/uploads\/2024\/04\/4A315622-1904-4D5C-B022-878CDC840E04-90x90-1.jpeg\",\"width\":90,\"height\":90,\"caption\":\"Arturo Medina\"},\"logo\":{\"@id\":\"https:\/\/nitu.mx\/#\/schema\/person\/image\/\"},\"description\":\"Director NITU.mx, Egresado de la Escuela de Periodismo Carlos Septi\u00e9n Garc\u00eda. Periodista y analista especializado en turismo desde hace 35 a\u00f1os, radicado en Canc\u00fan Q.Roo. arturo@nitu.mx\",\"sameAs\":[\"https:\/\/nitu.mx\",\"https:\/\/www.facebook.com\/NITUmx\/\",\"medinacancun\",\"https:\/\/twitter.com\/@Arturo_Medina_G\"]},{\"@type\":\"Person\",\"@id\":\"https:\/\/nitu.mx\/#\/schema\/person\/4a28fe9bd65924f7c90623773daf1b0b\",\"name\":\"Redacci\u00f3n\",\"image\":{\"@type\":\"ImageObject\",\"inLanguage\":\"es-MX\",\"@id\":\"https:\/\/nitu.mx\/#\/schema\/person\/image\/\",\"url\":\"https:\/\/secure.gravatar.com\/avatar\/5dd011c8ccfc5cd7e4c81e42252aab38?s=96&d=mm&r=g\",\"contentUrl\":\"https:\/\/secure.gravatar.com\/avatar\/5dd011c8ccfc5cd7e4c81e42252aab38?s=96&d=mm&r=g\",\"caption\":\"Redacci\u00f3n\"},\"url\":\"https:\/\/nitu.mx\/index.php\/author\/redaccion\/\"}]}<\/script>\n<!-- \/ Yoast SEO plugin. -->","yoast_head_json":{"title":"Deja Gonzalo del Pe\u00f3n Inclusive Collection - Nitu - Noticias de la Industria Turistica","robots":{"index":"index","follow":"follow","max-snippet":"max-snippet:-1","max-image-preview":"max-image-preview:large","max-video-preview":"max-video-preview:-1"},"canonical":"https:\/\/nitu.mx\/index.php\/2024\/01\/17\/deja-gonzalo-del-peon-inclusive-collection\/","twitter_card":"summary_large_image","twitter_title":"Deja Gonzalo del Pe\u00f3n Inclusive Collection - Nitu - Noticias de la Industria Turistica","twitter_description":"Gonzalo del Pe\u00f3n, a partir de este mes de enero, deja su cargo como Presidente de Inclusive Collection Hyatt Americas &amp; Global Commercial, para desarrollarse como asesor ejecutivo \u201cSenior Advisor\u201d de Hyatt Hotel Corporation. Durante el evento de cierre de a\u00f1o que llev\u00f3 a cabo Inclusive Collection, part of World of Hyatt, del Pe\u00f3n adem\u00e1s [&hellip;]","twitter_image":"https:\/\/nitu.mx\/wp-content\/uploads\/2024\/01\/IMG_3317.jpeg","twitter_creator":"@NITUmx","twitter_site":"@Arturo_Medina_G","twitter_misc":{"Escrito por":"Redacci\u00f3n","Tiempo de lectura":"2 minutos"},"schema":{"@context":"https:\/\/schema.org","@graph":[{"@type":"Article","@id":"https:\/\/nitu.mx\/index.php\/2024\/01\/17\/deja-gonzalo-del-peon-inclusive-collection\/#article","isPartOf":{"@id":"https:\/\/nitu.mx\/index.php\/2024\/01\/17\/deja-gonzalo-del-peon-inclusive-collection\/"},"author":{"name":"Redacci\u00f3n","@id":"https:\/\/nitu.mx\/#\/schema\/person\/4a28fe9bd65924f7c90623773daf1b0b"},"headline":"Deja Gonzalo del Pe\u00f3n Inclusive Collection","datePublished":"2024-01-17T06:34:51+00:00","dateModified":"2024-01-17T06:35:34+00:00","mainEntityOfPage":{"@id":"https:\/\/nitu.mx\/index.php\/2024\/01\/17\/deja-gonzalo-del-peon-inclusive-collection\/"},"wordCount":372,"commentCount":0,"publisher":{"@id":"https:\/\/nitu.mx\/#\/schema\/person\/ae7a53426417292d3dd07b45a33e01bc"},"image":{"@id":"https:\/\/nitu.mx\/index.php\/2024\/01\/17\/deja-gonzalo-del-peon-inclusive-collection\/#primaryimage"},"thumbnailUrl":"https:\/\/nitu.mx\/wp-content\/uploads\/2024\/01\/IMG_3317.jpeg","keywords":["Gonzalo del Pe\u00f3n","Hyatt Hotels Corporation","Hyatt Inclusive Collection"],"articleSection":["Hoteles"],"inLanguage":"es-MX","potentialAction":[{"@type":"CommentAction","name":"Comment","target":["https:\/\/nitu.mx\/index.php\/2024\/01\/17\/deja-gonzalo-del-peon-inclusive-collection\/#respond"]}]},{"@type":"WebPage","@id":"https:\/\/nitu.mx\/index.php\/2024\/01\/17\/deja-gonzalo-del-peon-inclusive-collection\/","url":"https:\/\/nitu.mx\/index.php\/2024\/01\/17\/deja-gonzalo-del-peon-inclusive-collection\/","name":"Deja Gonzalo del Pe\u00f3n Inclusive Collection - Nitu - Noticias de la Industria Turistica","isPartOf":{"@id":"https:\/\/nitu.mx\/#website"},"primaryImageOfPage":{"@id":"https:\/\/nitu.mx\/index.php\/2024\/01\/17\/deja-gonzalo-del-peon-inclusive-collection\/#primaryimage"},"image":{"@id":"https:\/\/nitu.mx\/index.php\/2024\/01\/17\/deja-gonzalo-del-peon-inclusive-collection\/#primaryimage"},"thumbnailUrl":"https:\/\/nitu.mx\/wp-content\/uploads\/2024\/01\/IMG_3317.jpeg","datePublished":"2024-01-17T06:34:51+00:00","dateModified":"2024-01-17T06:35:34+00:00","breadcrumb":{"@id":"https:\/\/nitu.mx\/index.php\/2024\/01\/17\/deja-gonzalo-del-peon-inclusive-collection\/#breadcrumb"},"inLanguage":"es-MX","potentialAction":[{"@type":"ReadAction","target":["https:\/\/nitu.mx\/index.php\/2024\/01\/17\/deja-gonzalo-del-peon-inclusive-collection\/"]}]},{"@type":"ImageObject","inLanguage":"es-MX","@id":"https:\/\/nitu.mx\/index.php\/2024\/01\/17\/deja-gonzalo-del-peon-inclusive-collection\/#primaryimage","url":"https:\/\/nitu.mx\/wp-content\/uploads\/2024\/01\/IMG_3317.jpeg","contentUrl":"https:\/\/nitu.mx\/wp-content\/uploads\/2024\/01\/IMG_3317.jpeg","width":739,"height":415},{"@type":"BreadcrumbList","@id":"https:\/\/nitu.mx\/index.php\/2024\/01\/17\/deja-gonzalo-del-peon-inclusive-collection\/#breadcrumb","itemListElement":[{"@type":"ListItem","position":1,"name":"Inicio","item":"https:\/\/nitu.mx\/"},{"@type":"ListItem","position":2,"name":"Deja Gonzalo del Pe\u00f3n Inclusive Collection"}]},{"@type":"WebSite","@id":"https:\/\/nitu.mx\/#website","url":"https:\/\/nitu.mx\/","name":"Nitu - Noticias de la Industria Turistica","description":"Noticias de la Industria Turistica","publisher":{"@id":"https:\/\/nitu.mx\/#\/schema\/person\/ae7a53426417292d3dd07b45a33e01bc"},"alternateName":"Noticias de la Industria Turistica","potentialAction":[{"@type":"SearchAction","target":{"@type":"EntryPoint","urlTemplate":"https:\/\/nitu.mx\/?s={search_term_string}"},"query-input":"required name=search_term_string"}],"inLanguage":"es-MX"},{"@type":["Person","Organization"],"@id":"https:\/\/nitu.mx\/#\/schema\/person\/ae7a53426417292d3dd07b45a33e01bc","name":"Arturo Medina","image":{"@type":"ImageObject","inLanguage":"es-MX","@id":"https:\/\/nitu.mx\/#\/schema\/person\/image\/","url":"https:\/\/nitu.mx\/wp-content\/uploads\/2024\/04\/4A315622-1904-4D5C-B022-878CDC840E04-90x90-1.jpeg","contentUrl":"https:\/\/nitu.mx\/wp-content\/uploads\/2024\/04\/4A315622-1904-4D5C-B022-878CDC840E04-90x90-1.jpeg","width":90,"height":90,"caption":"Arturo Medina"},"logo":{"@id":"https:\/\/nitu.mx\/#\/schema\/person\/image\/"},"description":"Director NITU.mx, Egresado de la Escuela de Periodismo Carlos Septi\u00e9n Garc\u00eda. Periodista y analista especializado en turismo desde hace 35 a\u00f1os, radicado en Canc\u00fan Q.Roo. arturo@nitu.mx","sameAs":["https:\/\/nitu.mx","https:\/\/www.facebook.com\/NITUmx\/","medinacancun","https:\/\/twitter.com\/@Arturo_Medina_G"]},{"@type":"Person","@id":"https:\/\/nitu.mx\/#\/schema\/person\/4a28fe9bd65924f7c90623773daf1b0b","name":"Redacci\u00f3n","image":{"@type":"ImageObject","inLanguage":"es-MX","@id":"https:\/\/nitu.mx\/#\/schema\/person\/image\/","url":"https:\/\/secure.gravatar.com\/avatar\/5dd011c8ccfc5cd7e4c81e42252aab38?s=96&d=mm&r=g","contentUrl":"https:\/\/secure.gravatar.com\/avatar\/5dd011c8ccfc5cd7e4c81e42252aab38?s=96&d=mm&r=g","caption":"Redacci\u00f3n"},"url":"https:\/\/nitu.mx\/index.php\/author\/redaccion\/"}]}},"views":1065,"_links":{"self":[{"href":"https:\/\/nitu.mx\/index.php\/wp-json\/wp\/v2\/posts\/67753"}],"collection":[{"href":"https:\/\/nitu.mx\/index.php\/wp-json\/wp\/v2\/posts"}],"about":[{"href":"https:\/\/nitu.mx\/index.php\/wp-json\/wp\/v2\/types\/post"}],"author":[{"embeddable":true,"href":"https:\/\/nitu.mx\/index.php\/wp-json\/wp\/v2\/users\/17"}],"replies":[{"embeddable":true,"href":"https:\/\/nitu.mx\/index.php\/wp-json\/wp\/v2\/comments?post=67753"}],"version-history":[{"count":1,"href":"https:\/\/nitu.mx\/index.php\/wp-json\/wp\/v2\/posts\/67753\/revisions"}],"predecessor-version":[{"id":67755,"href":"https:\/\/nitu.mx\/index.php\/wp-json\/wp\/v2\/posts\/67753\/revisions\/67755"}],"wp:featuredmedia":[{"embeddable":true,"href":"https:\/\/nitu.mx\/index.php\/wp-json\/wp\/v2\/media\/67758"}],"wp:attachment":[{"href":"https:\/\/nitu.mx\/index.php\/wp-json\/wp\/v2\/media?parent=67753"}],"wp:term":[{"taxonomy":"category","embeddable":true,"href":"https:\/\/nitu.mx\/index.php\/wp-json\/wp\/v2\/categories?post=67753"},{"taxonomy":"post_tag","embeddable":true,"href":"https:\/\/nitu.mx\/index.php\/wp-json\/wp\/v2\/tags?post=67753"}],"curies":[{"name":"wp","href":"https:\/\/api.w.org\/{rel}","templated":true}]}}