{"id":67586,"date":"2024-01-07T15:34:43","date_gmt":"2024-01-07T21:34:43","guid":{"rendered":"https:\/\/nitu.mx\/?p=67586"},"modified":"2024-01-07T23:19:40","modified_gmt":"2024-01-08T05:19:40","slug":"cae-4-6-el-numero-de-pasajeros-de-volaris-en-el-ultimo-mes-del-2023","status":"publish","type":"post","link":"https:\/\/nitu.mx\/index.php\/2024\/01\/07\/cae-4-6-el-numero-de-pasajeros-de-volaris-en-el-ultimo-mes-del-2023\/","title":{"rendered":"Cae 4.6% el n\u00famero de pasajeros de Volaris en el \u00faltimo mes del 2023"},"content":{"rendered":"\n<p>En diciembre de 2023, Volaris transport\u00f3 2.8 millones de pasajeros, lo que represent\u00f3 una disminuci\u00f3n de 4.6% respecto a diciembre de 2022. Los RPM (n\u00famero de asientos volados por pasajeros multiplicado por el n\u00famero de millas recorridas por los asientos) nacionales  disminuyeron un 11.1%, mientras que los RPM internacionales aumentaron un 18.4%.<\/p>\n\n\n\n<p>Esto lo revel\u00f3 Controladora Vuela Compa\u00f1\u00eda de Aviaci\u00f3n (Volaris), la aerol\u00ednea de ultra bajo costo que presta servicios en M\u00e9xico, Estados Unidos, Centro y Sudam\u00e9rica, al presentar sus\u00a0resultados de tr\u00e1fico preliminares de\u00a0diciembre\u00a0de 2023.<\/p>\n\n\n\n<p>En diciembre de 2023, la capacidad de ASM (n\u00famero de asientos disponibles para pasajeros multiplicado por el n\u00famero de millas recorridas por los asientos) de Volaris disminuy\u00f3 un 3.1% a\u00f1o tras a\u00f1o, mientras que las RPM disminuyeron un 2.3%. El resultado fue un aumento del factor de ocupaci\u00f3n de 0.7 puntos porcentuales interanual hasta el 85.4%.\u00a0<\/p>\n\n\n\n<p>Enrique Beltranena, presidente y director ejecutivo de Volaris, dijo:\u00a0&#8220;Nuestros resultados de tr\u00e1fico de diciembre reforzaron nuestra confianza en la resiliencia de nuestra red y la solidez de nuestro plan de negocios para 2024&#8221;. <\/p>\n\n\n\n<p>El ejecutivo agreg\u00f3: &#8220;Estamos satisfechos con la demanda que experimentamos durante la temporada alta navide\u00f1a, que, junto con los cambios que hemos implementado en nuestra red, nos ayud\u00f3 a lograr un crecimiento de un solo d\u00edgito a\u00f1o tras a\u00f1o en los ingresos unitarios totales. Igualmente importante, nuestra curva de reservas nos da confianza de que esta tendencia se mantendr\u00e1 en el primer trimestre&#8221;.<\/p>\n\n\n\n<p>De acuerdo con los datos preliminares, la aerol\u00ednea de bajo costo cerr\u00f3 el a\u00f1o con 33 millones 497 mil pasajeros, esto significar\u00eda un incremento de 7.9% comparado con lo que transport\u00f3 en 2022; siendo el mayor crecimiento en el n\u00famero de pasajeros internacionales con 7 millones 588 mil viajeros, lo que represent\u00f3 26.3% m\u00e1s que el a\u00f1o anterior.  (<a href=\"https:\/\/nitu.mx\/index.php\/2023\/12\/19\/volaris-recibe-sus-aviones-128-y-129-que-basara-en-guadalajara\/\">Volaris recibe sus aviones 128 y 129 que basar\u00e1 en Guadalajara<\/a>).<\/p>\n","protected":false},"excerpt":{"rendered":"<p>En diciembre de 2023, Volaris transport\u00f3 2.8 millones de pasajeros, lo que represent\u00f3 una disminuci\u00f3n de 4.6% respecto a diciembre de 2022. Los RPM (n\u00famero de asientos volados por pasajeros multiplicado por el n\u00famero de millas recorridas por los asientos) nacionales disminuyeron un 11.1%, mientras que los RPM internacionales aumentaron un 18.4%. Esto lo revel\u00f3 [&hellip;]<\/p>\n","protected":false},"author":17,"featured_media":45972,"comment_status":"open","ping_status":"open","sticky":false,"template":"","format":"standard","meta":{"footnotes":""},"categories":[29],"tags":[435,3771,131],"yoast_head":"<!-- This site is optimized with the Yoast SEO plugin v22.2 - https:\/\/yoast.com\/wordpress\/plugins\/seo\/ -->\n<title>Cae 4.6% el n\u00famero de pasajeros de Volaris en el \u00faltimo mes del 2023 - Nitu - Noticias de la Industria Turistica<\/title>\n<meta name=\"robots\" content=\"index, follow, max-snippet:-1, max-image-preview:large, max-video-preview:-1\" \/>\n<link rel=\"canonical\" href=\"https:\/\/nitu.mx\/index.php\/2024\/01\/07\/cae-4-6-el-numero-de-pasajeros-de-volaris-en-el-ultimo-mes-del-2023\/\" \/>\n<meta name=\"twitter:card\" content=\"summary_large_image\" \/>\n<meta name=\"twitter:title\" content=\"Cae 4.6% el n\u00famero de pasajeros de Volaris en el \u00faltimo mes del 2023 - Nitu - Noticias de la Industria Turistica\" \/>\n<meta name=\"twitter:description\" content=\"En diciembre de 2023, Volaris transport\u00f3 2.8 millones de pasajeros, lo que represent\u00f3 una disminuci\u00f3n de 4.6% respecto a diciembre de 2022. Los RPM (n\u00famero de asientos volados por pasajeros multiplicado por el n\u00famero de millas recorridas por los asientos) nacionales disminuyeron un 11.1%, mientras que los RPM internacionales aumentaron un 18.4%. Esto lo revel\u00f3 [&hellip;]\" \/>\n<meta name=\"twitter:image\" content=\"https:\/\/nitu.mx\/wp-content\/uploads\/2020\/09\/Volaris-Cozumel.jpg\" \/>\n<meta name=\"twitter:creator\" content=\"@NITUmx\" \/>\n<meta name=\"twitter:site\" content=\"@Arturo_Medina_G\" \/>\n<meta name=\"twitter:label1\" content=\"Escrito por\" \/>\n\t<meta name=\"twitter:data1\" content=\"Redacci\u00f3n\" \/>\n\t<meta name=\"twitter:label2\" content=\"Tiempo de lectura\" \/>\n\t<meta name=\"twitter:data2\" content=\"2 minutos\" \/>\n<script type=\"application\/ld+json\" class=\"yoast-schema-graph\">{\"@context\":\"https:\/\/schema.org\",\"@graph\":[{\"@type\":\"Article\",\"@id\":\"https:\/\/nitu.mx\/index.php\/2024\/01\/07\/cae-4-6-el-numero-de-pasajeros-de-volaris-en-el-ultimo-mes-del-2023\/#article\",\"isPartOf\":{\"@id\":\"https:\/\/nitu.mx\/index.php\/2024\/01\/07\/cae-4-6-el-numero-de-pasajeros-de-volaris-en-el-ultimo-mes-del-2023\/\"},\"author\":{\"name\":\"Redacci\u00f3n\",\"@id\":\"https:\/\/nitu.mx\/#\/schema\/person\/4a28fe9bd65924f7c90623773daf1b0b\"},\"headline\":\"Cae 4.6% el n\u00famero de pasajeros de Volaris en el \u00faltimo mes del 2023\",\"datePublished\":\"2024-01-07T21:34:43+00:00\",\"dateModified\":\"2024-01-08T05:19:40+00:00\",\"mainEntityOfPage\":{\"@id\":\"https:\/\/nitu.mx\/index.php\/2024\/01\/07\/cae-4-6-el-numero-de-pasajeros-de-volaris-en-el-ultimo-mes-del-2023\/\"},\"wordCount\":326,\"commentCount\":0,\"publisher\":{\"@id\":\"https:\/\/nitu.mx\/#\/schema\/person\/ae7a53426417292d3dd07b45a33e01bc\"},\"image\":{\"@id\":\"https:\/\/nitu.mx\/index.php\/2024\/01\/07\/cae-4-6-el-numero-de-pasajeros-de-volaris-en-el-ultimo-mes-del-2023\/#primaryimage\"},\"thumbnailUrl\":\"https:\/\/nitu.mx\/wp-content\/uploads\/2020\/09\/Volaris-Cozumel.jpg\",\"keywords\":[\"Enrique Beltranena\",\"pasajeros\",\"Volaris\"],\"articleSection\":[\"Aerol\u00edneas\"],\"inLanguage\":\"es-MX\",\"potentialAction\":[{\"@type\":\"CommentAction\",\"name\":\"Comment\",\"target\":[\"https:\/\/nitu.mx\/index.php\/2024\/01\/07\/cae-4-6-el-numero-de-pasajeros-de-volaris-en-el-ultimo-mes-del-2023\/#respond\"]}]},{\"@type\":\"WebPage\",\"@id\":\"https:\/\/nitu.mx\/index.php\/2024\/01\/07\/cae-4-6-el-numero-de-pasajeros-de-volaris-en-el-ultimo-mes-del-2023\/\",\"url\":\"https:\/\/nitu.mx\/index.php\/2024\/01\/07\/cae-4-6-el-numero-de-pasajeros-de-volaris-en-el-ultimo-mes-del-2023\/\",\"name\":\"Cae 4.6% el n\u00famero de pasajeros de Volaris en el \u00faltimo mes del 2023 - Nitu - Noticias de la Industria Turistica\",\"isPartOf\":{\"@id\":\"https:\/\/nitu.mx\/#website\"},\"primaryImageOfPage\":{\"@id\":\"https:\/\/nitu.mx\/index.php\/2024\/01\/07\/cae-4-6-el-numero-de-pasajeros-de-volaris-en-el-ultimo-mes-del-2023\/#primaryimage\"},\"image\":{\"@id\":\"https:\/\/nitu.mx\/index.php\/2024\/01\/07\/cae-4-6-el-numero-de-pasajeros-de-volaris-en-el-ultimo-mes-del-2023\/#primaryimage\"},\"thumbnailUrl\":\"https:\/\/nitu.mx\/wp-content\/uploads\/2020\/09\/Volaris-Cozumel.jpg\",\"datePublished\":\"2024-01-07T21:34:43+00:00\",\"dateModified\":\"2024-01-08T05:19:40+00:00\",\"breadcrumb\":{\"@id\":\"https:\/\/nitu.mx\/index.php\/2024\/01\/07\/cae-4-6-el-numero-de-pasajeros-de-volaris-en-el-ultimo-mes-del-2023\/#breadcrumb\"},\"inLanguage\":\"es-MX\",\"potentialAction\":[{\"@type\":\"ReadAction\",\"target\":[\"https:\/\/nitu.mx\/index.php\/2024\/01\/07\/cae-4-6-el-numero-de-pasajeros-de-volaris-en-el-ultimo-mes-del-2023\/\"]}]},{\"@type\":\"ImageObject\",\"inLanguage\":\"es-MX\",\"@id\":\"https:\/\/nitu.mx\/index.php\/2024\/01\/07\/cae-4-6-el-numero-de-pasajeros-de-volaris-en-el-ultimo-mes-del-2023\/#primaryimage\",\"url\":\"https:\/\/nitu.mx\/wp-content\/uploads\/2020\/09\/Volaris-Cozumel.jpg\",\"contentUrl\":\"https:\/\/nitu.mx\/wp-content\/uploads\/2020\/09\/Volaris-Cozumel.jpg\",\"width\":1200,\"height\":675,\"caption\":\"Volaris\"},{\"@type\":\"BreadcrumbList\",\"@id\":\"https:\/\/nitu.mx\/index.php\/2024\/01\/07\/cae-4-6-el-numero-de-pasajeros-de-volaris-en-el-ultimo-mes-del-2023\/#breadcrumb\",\"itemListElement\":[{\"@type\":\"ListItem\",\"position\":1,\"name\":\"Inicio\",\"item\":\"https:\/\/nitu.mx\/\"},{\"@type\":\"ListItem\",\"position\":2,\"name\":\"Cae 4.6% el n\u00famero de pasajeros de Volaris en el \u00faltimo mes del 2023\"}]},{\"@type\":\"WebSite\",\"@id\":\"https:\/\/nitu.mx\/#website\",\"url\":\"https:\/\/nitu.mx\/\",\"name\":\"Nitu - Noticias de la Industria Turistica\",\"description\":\"Noticias de la Industria Turistica\",\"publisher\":{\"@id\":\"https:\/\/nitu.mx\/#\/schema\/person\/ae7a53426417292d3dd07b45a33e01bc\"},\"alternateName\":\"Noticias de la Industria Turistica\",\"potentialAction\":[{\"@type\":\"SearchAction\",\"target\":{\"@type\":\"EntryPoint\",\"urlTemplate\":\"https:\/\/nitu.mx\/?s={search_term_string}\"},\"query-input\":\"required name=search_term_string\"}],\"inLanguage\":\"es-MX\"},{\"@type\":[\"Person\",\"Organization\"],\"@id\":\"https:\/\/nitu.mx\/#\/schema\/person\/ae7a53426417292d3dd07b45a33e01bc\",\"name\":\"Arturo Medina\",\"image\":{\"@type\":\"ImageObject\",\"inLanguage\":\"es-MX\",\"@id\":\"https:\/\/nitu.mx\/#\/schema\/person\/image\/\",\"url\":\"https:\/\/nitu.mx\/wp-content\/uploads\/2024\/04\/4A315622-1904-4D5C-B022-878CDC840E04-90x90-1.jpeg\",\"contentUrl\":\"https:\/\/nitu.mx\/wp-content\/uploads\/2024\/04\/4A315622-1904-4D5C-B022-878CDC840E04-90x90-1.jpeg\",\"width\":90,\"height\":90,\"caption\":\"Arturo Medina\"},\"logo\":{\"@id\":\"https:\/\/nitu.mx\/#\/schema\/person\/image\/\"},\"description\":\"Director NITU.mx, Egresado de la Escuela de Periodismo Carlos Septi\u00e9n Garc\u00eda. Periodista y analista especializado en turismo desde hace 35 a\u00f1os, radicado en Canc\u00fan Q.Roo. arturo@nitu.mx\",\"sameAs\":[\"https:\/\/nitu.mx\",\"https:\/\/www.facebook.com\/NITUmx\/\",\"medinacancun\",\"https:\/\/twitter.com\/@Arturo_Medina_G\"]},{\"@type\":\"Person\",\"@id\":\"https:\/\/nitu.mx\/#\/schema\/person\/4a28fe9bd65924f7c90623773daf1b0b\",\"name\":\"Redacci\u00f3n\",\"image\":{\"@type\":\"ImageObject\",\"inLanguage\":\"es-MX\",\"@id\":\"https:\/\/nitu.mx\/#\/schema\/person\/image\/\",\"url\":\"https:\/\/secure.gravatar.com\/avatar\/5dd011c8ccfc5cd7e4c81e42252aab38?s=96&d=mm&r=g\",\"contentUrl\":\"https:\/\/secure.gravatar.com\/avatar\/5dd011c8ccfc5cd7e4c81e42252aab38?s=96&d=mm&r=g\",\"caption\":\"Redacci\u00f3n\"},\"url\":\"https:\/\/nitu.mx\/index.php\/author\/redaccion\/\"}]}<\/script>\n<!-- \/ Yoast SEO plugin. -->","yoast_head_json":{"title":"Cae 4.6% el n\u00famero de pasajeros de Volaris en el \u00faltimo mes del 2023 - Nitu - Noticias de la Industria Turistica","robots":{"index":"index","follow":"follow","max-snippet":"max-snippet:-1","max-image-preview":"max-image-preview:large","max-video-preview":"max-video-preview:-1"},"canonical":"https:\/\/nitu.mx\/index.php\/2024\/01\/07\/cae-4-6-el-numero-de-pasajeros-de-volaris-en-el-ultimo-mes-del-2023\/","twitter_card":"summary_large_image","twitter_title":"Cae 4.6% el n\u00famero de pasajeros de Volaris en el \u00faltimo mes del 2023 - Nitu - Noticias de la Industria Turistica","twitter_description":"En diciembre de 2023, Volaris transport\u00f3 2.8 millones de pasajeros, lo que represent\u00f3 una disminuci\u00f3n de 4.6% respecto a diciembre de 2022. Los RPM (n\u00famero de asientos volados por pasajeros multiplicado por el n\u00famero de millas recorridas por los asientos) nacionales disminuyeron un 11.1%, mientras que los RPM internacionales aumentaron un 18.4%. Esto lo revel\u00f3 [&hellip;]","twitter_image":"https:\/\/nitu.mx\/wp-content\/uploads\/2020\/09\/Volaris-Cozumel.jpg","twitter_creator":"@NITUmx","twitter_site":"@Arturo_Medina_G","twitter_misc":{"Escrito por":"Redacci\u00f3n","Tiempo de lectura":"2 minutos"},"schema":{"@context":"https:\/\/schema.org","@graph":[{"@type":"Article","@id":"https:\/\/nitu.mx\/index.php\/2024\/01\/07\/cae-4-6-el-numero-de-pasajeros-de-volaris-en-el-ultimo-mes-del-2023\/#article","isPartOf":{"@id":"https:\/\/nitu.mx\/index.php\/2024\/01\/07\/cae-4-6-el-numero-de-pasajeros-de-volaris-en-el-ultimo-mes-del-2023\/"},"author":{"name":"Redacci\u00f3n","@id":"https:\/\/nitu.mx\/#\/schema\/person\/4a28fe9bd65924f7c90623773daf1b0b"},"headline":"Cae 4.6% el n\u00famero de pasajeros de Volaris en el \u00faltimo mes del 2023","datePublished":"2024-01-07T21:34:43+00:00","dateModified":"2024-01-08T05:19:40+00:00","mainEntityOfPage":{"@id":"https:\/\/nitu.mx\/index.php\/2024\/01\/07\/cae-4-6-el-numero-de-pasajeros-de-volaris-en-el-ultimo-mes-del-2023\/"},"wordCount":326,"commentCount":0,"publisher":{"@id":"https:\/\/nitu.mx\/#\/schema\/person\/ae7a53426417292d3dd07b45a33e01bc"},"image":{"@id":"https:\/\/nitu.mx\/index.php\/2024\/01\/07\/cae-4-6-el-numero-de-pasajeros-de-volaris-en-el-ultimo-mes-del-2023\/#primaryimage"},"thumbnailUrl":"https:\/\/nitu.mx\/wp-content\/uploads\/2020\/09\/Volaris-Cozumel.jpg","keywords":["Enrique Beltranena","pasajeros","Volaris"],"articleSection":["Aerol\u00edneas"],"inLanguage":"es-MX","potentialAction":[{"@type":"CommentAction","name":"Comment","target":["https:\/\/nitu.mx\/index.php\/2024\/01\/07\/cae-4-6-el-numero-de-pasajeros-de-volaris-en-el-ultimo-mes-del-2023\/#respond"]}]},{"@type":"WebPage","@id":"https:\/\/nitu.mx\/index.php\/2024\/01\/07\/cae-4-6-el-numero-de-pasajeros-de-volaris-en-el-ultimo-mes-del-2023\/","url":"https:\/\/nitu.mx\/index.php\/2024\/01\/07\/cae-4-6-el-numero-de-pasajeros-de-volaris-en-el-ultimo-mes-del-2023\/","name":"Cae 4.6% el n\u00famero de pasajeros de Volaris en el \u00faltimo mes del 2023 - Nitu - Noticias de la Industria Turistica","isPartOf":{"@id":"https:\/\/nitu.mx\/#website"},"primaryImageOfPage":{"@id":"https:\/\/nitu.mx\/index.php\/2024\/01\/07\/cae-4-6-el-numero-de-pasajeros-de-volaris-en-el-ultimo-mes-del-2023\/#primaryimage"},"image":{"@id":"https:\/\/nitu.mx\/index.php\/2024\/01\/07\/cae-4-6-el-numero-de-pasajeros-de-volaris-en-el-ultimo-mes-del-2023\/#primaryimage"},"thumbnailUrl":"https:\/\/nitu.mx\/wp-content\/uploads\/2020\/09\/Volaris-Cozumel.jpg","datePublished":"2024-01-07T21:34:43+00:00","dateModified":"2024-01-08T05:19:40+00:00","breadcrumb":{"@id":"https:\/\/nitu.mx\/index.php\/2024\/01\/07\/cae-4-6-el-numero-de-pasajeros-de-volaris-en-el-ultimo-mes-del-2023\/#breadcrumb"},"inLanguage":"es-MX","potentialAction":[{"@type":"ReadAction","target":["https:\/\/nitu.mx\/index.php\/2024\/01\/07\/cae-4-6-el-numero-de-pasajeros-de-volaris-en-el-ultimo-mes-del-2023\/"]}]},{"@type":"ImageObject","inLanguage":"es-MX","@id":"https:\/\/nitu.mx\/index.php\/2024\/01\/07\/cae-4-6-el-numero-de-pasajeros-de-volaris-en-el-ultimo-mes-del-2023\/#primaryimage","url":"https:\/\/nitu.mx\/wp-content\/uploads\/2020\/09\/Volaris-Cozumel.jpg","contentUrl":"https:\/\/nitu.mx\/wp-content\/uploads\/2020\/09\/Volaris-Cozumel.jpg","width":1200,"height":675,"caption":"Volaris"},{"@type":"BreadcrumbList","@id":"https:\/\/nitu.mx\/index.php\/2024\/01\/07\/cae-4-6-el-numero-de-pasajeros-de-volaris-en-el-ultimo-mes-del-2023\/#breadcrumb","itemListElement":[{"@type":"ListItem","position":1,"name":"Inicio","item":"https:\/\/nitu.mx\/"},{"@type":"ListItem","position":2,"name":"Cae 4.6% el n\u00famero de pasajeros de Volaris en el \u00faltimo mes del 2023"}]},{"@type":"WebSite","@id":"https:\/\/nitu.mx\/#website","url":"https:\/\/nitu.mx\/","name":"Nitu - Noticias de la Industria Turistica","description":"Noticias de la Industria Turistica","publisher":{"@id":"https:\/\/nitu.mx\/#\/schema\/person\/ae7a53426417292d3dd07b45a33e01bc"},"alternateName":"Noticias de la Industria Turistica","potentialAction":[{"@type":"SearchAction","target":{"@type":"EntryPoint","urlTemplate":"https:\/\/nitu.mx\/?s={search_term_string}"},"query-input":"required name=search_term_string"}],"inLanguage":"es-MX"},{"@type":["Person","Organization"],"@id":"https:\/\/nitu.mx\/#\/schema\/person\/ae7a53426417292d3dd07b45a33e01bc","name":"Arturo Medina","image":{"@type":"ImageObject","inLanguage":"es-MX","@id":"https:\/\/nitu.mx\/#\/schema\/person\/image\/","url":"https:\/\/nitu.mx\/wp-content\/uploads\/2024\/04\/4A315622-1904-4D5C-B022-878CDC840E04-90x90-1.jpeg","contentUrl":"https:\/\/nitu.mx\/wp-content\/uploads\/2024\/04\/4A315622-1904-4D5C-B022-878CDC840E04-90x90-1.jpeg","width":90,"height":90,"caption":"Arturo Medina"},"logo":{"@id":"https:\/\/nitu.mx\/#\/schema\/person\/image\/"},"description":"Director NITU.mx, Egresado de la Escuela de Periodismo Carlos Septi\u00e9n Garc\u00eda. Periodista y analista especializado en turismo desde hace 35 a\u00f1os, radicado en Canc\u00fan Q.Roo. arturo@nitu.mx","sameAs":["https:\/\/nitu.mx","https:\/\/www.facebook.com\/NITUmx\/","medinacancun","https:\/\/twitter.com\/@Arturo_Medina_G"]},{"@type":"Person","@id":"https:\/\/nitu.mx\/#\/schema\/person\/4a28fe9bd65924f7c90623773daf1b0b","name":"Redacci\u00f3n","image":{"@type":"ImageObject","inLanguage":"es-MX","@id":"https:\/\/nitu.mx\/#\/schema\/person\/image\/","url":"https:\/\/secure.gravatar.com\/avatar\/5dd011c8ccfc5cd7e4c81e42252aab38?s=96&d=mm&r=g","contentUrl":"https:\/\/secure.gravatar.com\/avatar\/5dd011c8ccfc5cd7e4c81e42252aab38?s=96&d=mm&r=g","caption":"Redacci\u00f3n"},"url":"https:\/\/nitu.mx\/index.php\/author\/redaccion\/"}]}},"views":744,"_links":{"self":[{"href":"https:\/\/nitu.mx\/index.php\/wp-json\/wp\/v2\/posts\/67586"}],"collection":[{"href":"https:\/\/nitu.mx\/index.php\/wp-json\/wp\/v2\/posts"}],"about":[{"href":"https:\/\/nitu.mx\/index.php\/wp-json\/wp\/v2\/types\/post"}],"author":[{"embeddable":true,"href":"https:\/\/nitu.mx\/index.php\/wp-json\/wp\/v2\/users\/17"}],"replies":[{"embeddable":true,"href":"https:\/\/nitu.mx\/index.php\/wp-json\/wp\/v2\/comments?post=67586"}],"version-history":[{"count":1,"href":"https:\/\/nitu.mx\/index.php\/wp-json\/wp\/v2\/posts\/67586\/revisions"}],"predecessor-version":[{"id":67588,"href":"https:\/\/nitu.mx\/index.php\/wp-json\/wp\/v2\/posts\/67586\/revisions\/67588"}],"wp:featuredmedia":[{"embeddable":true,"href":"https:\/\/nitu.mx\/index.php\/wp-json\/wp\/v2\/media\/45972"}],"wp:attachment":[{"href":"https:\/\/nitu.mx\/index.php\/wp-json\/wp\/v2\/media?parent=67586"}],"wp:term":[{"taxonomy":"category","embeddable":true,"href":"https:\/\/nitu.mx\/index.php\/wp-json\/wp\/v2\/categories?post=67586"},{"taxonomy":"post_tag","embeddable":true,"href":"https:\/\/nitu.mx\/index.php\/wp-json\/wp\/v2\/tags?post=67586"}],"curies":[{"name":"wp","href":"https:\/\/api.w.org\/{rel}","templated":true}]}}