{"id":67565,"date":"2024-01-04T21:52:01","date_gmt":"2024-01-05T03:52:01","guid":{"rendered":"https:\/\/nitu.mx\/?p=67565"},"modified":"2024-01-04T22:54:28","modified_gmt":"2024-01-05T04:54:28","slug":"pricetravel-holding-sella-acuerdo-comercial-con-wyndham-hotels-resorts","status":"publish","type":"post","link":"https:\/\/nitu.mx\/index.php\/2024\/01\/04\/pricetravel-holding-sella-acuerdo-comercial-con-wyndham-hotels-resorts\/","title":{"rendered":"PriceTravel Holding sella acuerdo comercial con Wyndham Hotels &#038; Resorts"},"content":{"rendered":"\n<p>\u00a0PriceTravel Holding anunci\u00f3 su reciente acuerdo comercial con Wyndham Hotels &amp; Resorts, compa\u00f1\u00eda global que cuenta con m\u00e1s de 9,000 hoteles en todo el mundo.<\/p>\n\n\n\n<p>PriceTravel Holding firm\u00f3 un acuerdo de distribuci\u00f3n para tener acceso directo a los hoteles by Wyndham, logrando ofrecer as\u00ed a sus miles de clientes tarifas especiales y promociones exclusivas.<\/p>\n\n\n\n<p>\u201cCon este convenio, cumplimos con el objetivo de triplicar nuestro contenido hotelero en destinos clave y as\u00ed brindar m\u00e1s posibilidades y opciones a los clientes de las diferentes unidades de venta\u201d, coment\u00f3 Rafael Durand, COO de PriceTravel Holding. <\/p>\n\n\n\n<p>A\u00f1adi\u00f3 que \u201cesta firma favorece nuestra red de distribuci\u00f3n alcanzando m\u00e1s de 80 mercados de origen&#8221;. (<a href=\"https:\/\/nitu.mx\/index.php\/2023\/12\/19\/pricetravel-holding-anuncia-alianza-con-roibos-para-impulsar-contratacion-directa\/\">PriceTravel Holding anuncia alianza con Roibos para impulsar contrataci\u00f3n directa<\/a>).<\/p>\n\n\n\n<p>Este acuerdo permite a los viajeros de las diferentes unidades de negocio de PriceTravel Holding tener acceso a una amplia gama de propiedades que componen las m\u00e1s de 20 marcas de Wyndham Hotels &amp; Resorts.<\/p>\n\n\n\n<p>\u201cEstamos orgullosos de anunciar este acuerdo que une la capacidad de distribuci\u00f3n de PriceTravel Holding, con la variedad de hoteles y marcas by Wyndham en todo el mundo. Este tipo de acciones refuerzan el compromiso que tenemos con nuestros franquiciados, para quienes incrementamos los beneficios, dedicando todo el alcance y la escala de nuestros recursos a su \u00e9xito a largo plazo\u201d, afirm\u00f3 Jimena Faena, vicepresidente de Marketing, Lealtad y Comunicaci\u00f3n de Wyndham Hotels &amp; Resorts para Latinoam\u00e9rica y el Caribe.(<a href=\"https:\/\/nitu.mx\/index.php\/2023\/12\/12\/choice-hotels-insiste-en-su-oferta-por-acciones-de-wyndham-previamente-rechazada\/\">Choice Hotels insiste en su oferta por acciones de Wyndham previamente rechazada<\/a>).<\/p>\n","protected":false},"excerpt":{"rendered":"<p>\u00a0PriceTravel Holding anunci\u00f3 su reciente acuerdo comercial con Wyndham Hotels &amp; Resorts, compa\u00f1\u00eda global que cuenta con m\u00e1s de 9,000 hoteles en todo el mundo. PriceTravel Holding firm\u00f3 un acuerdo de distribuci\u00f3n para tener acceso directo a los hoteles by Wyndham, logrando ofrecer as\u00ed a sus miles de clientes tarifas especiales y promociones exclusivas. \u201cCon [&hellip;]<\/p>\n","protected":false},"author":17,"featured_media":67568,"comment_status":"open","ping_status":"open","sticky":false,"template":"","format":"standard","meta":{"footnotes":""},"categories":[3],"tags":[19954,2840,3088,10533],"yoast_head":"<!-- This site is optimized with the Yoast SEO plugin v22.2 - https:\/\/yoast.com\/wordpress\/plugins\/seo\/ -->\n<title>PriceTravel Holding sella acuerdo comercial con Wyndham Hotels &amp; Resorts - Nitu - Noticias de la Industria Turistica<\/title>\n<meta name=\"robots\" content=\"index, follow, max-snippet:-1, max-image-preview:large, max-video-preview:-1\" \/>\n<link rel=\"canonical\" href=\"https:\/\/nitu.mx\/index.php\/2024\/01\/04\/pricetravel-holding-sella-acuerdo-comercial-con-wyndham-hotels-resorts\/\" \/>\n<meta name=\"twitter:card\" content=\"summary_large_image\" \/>\n<meta name=\"twitter:title\" content=\"PriceTravel Holding sella acuerdo comercial con Wyndham Hotels &amp; Resorts - Nitu - Noticias de la Industria Turistica\" \/>\n<meta name=\"twitter:description\" content=\"\u00a0PriceTravel Holding anunci\u00f3 su reciente acuerdo comercial con Wyndham Hotels &amp; Resorts, compa\u00f1\u00eda global que cuenta con m\u00e1s de 9,000 hoteles en todo el mundo. PriceTravel Holding firm\u00f3 un acuerdo de distribuci\u00f3n para tener acceso directo a los hoteles by Wyndham, logrando ofrecer as\u00ed a sus miles de clientes tarifas especiales y promociones exclusivas. \u201cCon [&hellip;]\" \/>\n<meta name=\"twitter:image\" content=\"https:\/\/nitu.mx\/wp-content\/uploads\/2024\/01\/PriceTravel-Holding-alianza-Wyndham-Hotels.jpg\" \/>\n<meta name=\"twitter:creator\" content=\"@NITUmx\" \/>\n<meta name=\"twitter:site\" content=\"@Arturo_Medina_G\" \/>\n<meta name=\"twitter:label1\" content=\"Escrito por\" \/>\n\t<meta name=\"twitter:data1\" content=\"Redacci\u00f3n\" \/>\n\t<meta name=\"twitter:label2\" content=\"Tiempo de lectura\" \/>\n\t<meta name=\"twitter:data2\" content=\"1 minuto\" \/>\n<script type=\"application\/ld+json\" class=\"yoast-schema-graph\">{\"@context\":\"https:\/\/schema.org\",\"@graph\":[{\"@type\":\"Article\",\"@id\":\"https:\/\/nitu.mx\/index.php\/2024\/01\/04\/pricetravel-holding-sella-acuerdo-comercial-con-wyndham-hotels-resorts\/#article\",\"isPartOf\":{\"@id\":\"https:\/\/nitu.mx\/index.php\/2024\/01\/04\/pricetravel-holding-sella-acuerdo-comercial-con-wyndham-hotels-resorts\/\"},\"author\":{\"name\":\"Redacci\u00f3n\",\"@id\":\"https:\/\/nitu.mx\/#\/schema\/person\/4a28fe9bd65924f7c90623773daf1b0b\"},\"headline\":\"PriceTravel Holding sella acuerdo comercial con Wyndham Hotels &#038; Resorts\",\"datePublished\":\"2024-01-05T03:52:01+00:00\",\"dateModified\":\"2024-01-05T04:54:28+00:00\",\"mainEntityOfPage\":{\"@id\":\"https:\/\/nitu.mx\/index.php\/2024\/01\/04\/pricetravel-holding-sella-acuerdo-comercial-con-wyndham-hotels-resorts\/\"},\"wordCount\":263,\"commentCount\":0,\"publisher\":{\"@id\":\"https:\/\/nitu.mx\/#\/schema\/person\/ae7a53426417292d3dd07b45a33e01bc\"},\"image\":{\"@id\":\"https:\/\/nitu.mx\/index.php\/2024\/01\/04\/pricetravel-holding-sella-acuerdo-comercial-con-wyndham-hotels-resorts\/#primaryimage\"},\"thumbnailUrl\":\"https:\/\/nitu.mx\/wp-content\/uploads\/2024\/01\/PriceTravel-Holding-alianza-Wyndham-Hotels.jpg\",\"keywords\":[\"Jimena Faena\",\"PriceTravel Holding\",\"Rafael Durand\",\"Wyndham Hotels &amp; Resorts\"],\"articleSection\":[\"Agencias de Viajes\"],\"inLanguage\":\"es-MX\",\"potentialAction\":[{\"@type\":\"CommentAction\",\"name\":\"Comment\",\"target\":[\"https:\/\/nitu.mx\/index.php\/2024\/01\/04\/pricetravel-holding-sella-acuerdo-comercial-con-wyndham-hotels-resorts\/#respond\"]}]},{\"@type\":\"WebPage\",\"@id\":\"https:\/\/nitu.mx\/index.php\/2024\/01\/04\/pricetravel-holding-sella-acuerdo-comercial-con-wyndham-hotels-resorts\/\",\"url\":\"https:\/\/nitu.mx\/index.php\/2024\/01\/04\/pricetravel-holding-sella-acuerdo-comercial-con-wyndham-hotels-resorts\/\",\"name\":\"PriceTravel Holding sella acuerdo comercial con Wyndham Hotels & Resorts - Nitu - Noticias de la Industria Turistica\",\"isPartOf\":{\"@id\":\"https:\/\/nitu.mx\/#website\"},\"primaryImageOfPage\":{\"@id\":\"https:\/\/nitu.mx\/index.php\/2024\/01\/04\/pricetravel-holding-sella-acuerdo-comercial-con-wyndham-hotels-resorts\/#primaryimage\"},\"image\":{\"@id\":\"https:\/\/nitu.mx\/index.php\/2024\/01\/04\/pricetravel-holding-sella-acuerdo-comercial-con-wyndham-hotels-resorts\/#primaryimage\"},\"thumbnailUrl\":\"https:\/\/nitu.mx\/wp-content\/uploads\/2024\/01\/PriceTravel-Holding-alianza-Wyndham-Hotels.jpg\",\"datePublished\":\"2024-01-05T03:52:01+00:00\",\"dateModified\":\"2024-01-05T04:54:28+00:00\",\"breadcrumb\":{\"@id\":\"https:\/\/nitu.mx\/index.php\/2024\/01\/04\/pricetravel-holding-sella-acuerdo-comercial-con-wyndham-hotels-resorts\/#breadcrumb\"},\"inLanguage\":\"es-MX\",\"potentialAction\":[{\"@type\":\"ReadAction\",\"target\":[\"https:\/\/nitu.mx\/index.php\/2024\/01\/04\/pricetravel-holding-sella-acuerdo-comercial-con-wyndham-hotels-resorts\/\"]}]},{\"@type\":\"ImageObject\",\"inLanguage\":\"es-MX\",\"@id\":\"https:\/\/nitu.mx\/index.php\/2024\/01\/04\/pricetravel-holding-sella-acuerdo-comercial-con-wyndham-hotels-resorts\/#primaryimage\",\"url\":\"https:\/\/nitu.mx\/wp-content\/uploads\/2024\/01\/PriceTravel-Holding-alianza-Wyndham-Hotels.jpg\",\"contentUrl\":\"https:\/\/nitu.mx\/wp-content\/uploads\/2024\/01\/PriceTravel-Holding-alianza-Wyndham-Hotels.jpg\",\"width\":1200,\"height\":675,\"caption\":\"PriceTravel\"},{\"@type\":\"BreadcrumbList\",\"@id\":\"https:\/\/nitu.mx\/index.php\/2024\/01\/04\/pricetravel-holding-sella-acuerdo-comercial-con-wyndham-hotels-resorts\/#breadcrumb\",\"itemListElement\":[{\"@type\":\"ListItem\",\"position\":1,\"name\":\"Inicio\",\"item\":\"https:\/\/nitu.mx\/\"},{\"@type\":\"ListItem\",\"position\":2,\"name\":\"PriceTravel Holding sella acuerdo comercial con Wyndham Hotels &#038; Resorts\"}]},{\"@type\":\"WebSite\",\"@id\":\"https:\/\/nitu.mx\/#website\",\"url\":\"https:\/\/nitu.mx\/\",\"name\":\"Nitu - Noticias de la Industria Turistica\",\"description\":\"Noticias de la Industria Turistica\",\"publisher\":{\"@id\":\"https:\/\/nitu.mx\/#\/schema\/person\/ae7a53426417292d3dd07b45a33e01bc\"},\"alternateName\":\"Noticias de la Industria Turistica\",\"potentialAction\":[{\"@type\":\"SearchAction\",\"target\":{\"@type\":\"EntryPoint\",\"urlTemplate\":\"https:\/\/nitu.mx\/?s={search_term_string}\"},\"query-input\":\"required name=search_term_string\"}],\"inLanguage\":\"es-MX\"},{\"@type\":[\"Person\",\"Organization\"],\"@id\":\"https:\/\/nitu.mx\/#\/schema\/person\/ae7a53426417292d3dd07b45a33e01bc\",\"name\":\"Arturo Medina\",\"image\":{\"@type\":\"ImageObject\",\"inLanguage\":\"es-MX\",\"@id\":\"https:\/\/nitu.mx\/#\/schema\/person\/image\/\",\"url\":\"https:\/\/nitu.mx\/wp-content\/uploads\/2024\/04\/4A315622-1904-4D5C-B022-878CDC840E04-90x90-1.jpeg\",\"contentUrl\":\"https:\/\/nitu.mx\/wp-content\/uploads\/2024\/04\/4A315622-1904-4D5C-B022-878CDC840E04-90x90-1.jpeg\",\"width\":90,\"height\":90,\"caption\":\"Arturo Medina\"},\"logo\":{\"@id\":\"https:\/\/nitu.mx\/#\/schema\/person\/image\/\"},\"description\":\"Director NITU.mx, Egresado de la Escuela de Periodismo Carlos Septi\u00e9n Garc\u00eda. Periodista y analista especializado en turismo desde hace 35 a\u00f1os, radicado en Canc\u00fan Q.Roo. arturo@nitu.mx\",\"sameAs\":[\"https:\/\/nitu.mx\",\"https:\/\/www.facebook.com\/NITUmx\/\",\"medinacancun\",\"https:\/\/twitter.com\/@Arturo_Medina_G\"]},{\"@type\":\"Person\",\"@id\":\"https:\/\/nitu.mx\/#\/schema\/person\/4a28fe9bd65924f7c90623773daf1b0b\",\"name\":\"Redacci\u00f3n\",\"image\":{\"@type\":\"ImageObject\",\"inLanguage\":\"es-MX\",\"@id\":\"https:\/\/nitu.mx\/#\/schema\/person\/image\/\",\"url\":\"https:\/\/secure.gravatar.com\/avatar\/5dd011c8ccfc5cd7e4c81e42252aab38?s=96&d=mm&r=g\",\"contentUrl\":\"https:\/\/secure.gravatar.com\/avatar\/5dd011c8ccfc5cd7e4c81e42252aab38?s=96&d=mm&r=g\",\"caption\":\"Redacci\u00f3n\"},\"url\":\"https:\/\/nitu.mx\/index.php\/author\/redaccion\/\"}]}<\/script>\n<!-- \/ Yoast SEO plugin. -->","yoast_head_json":{"title":"PriceTravel Holding sella acuerdo comercial con Wyndham Hotels & Resorts - Nitu - Noticias de la Industria Turistica","robots":{"index":"index","follow":"follow","max-snippet":"max-snippet:-1","max-image-preview":"max-image-preview:large","max-video-preview":"max-video-preview:-1"},"canonical":"https:\/\/nitu.mx\/index.php\/2024\/01\/04\/pricetravel-holding-sella-acuerdo-comercial-con-wyndham-hotels-resorts\/","twitter_card":"summary_large_image","twitter_title":"PriceTravel Holding sella acuerdo comercial con Wyndham Hotels & Resorts - Nitu - Noticias de la Industria Turistica","twitter_description":"\u00a0PriceTravel Holding anunci\u00f3 su reciente acuerdo comercial con Wyndham Hotels &amp; Resorts, compa\u00f1\u00eda global que cuenta con m\u00e1s de 9,000 hoteles en todo el mundo. PriceTravel Holding firm\u00f3 un acuerdo de distribuci\u00f3n para tener acceso directo a los hoteles by Wyndham, logrando ofrecer as\u00ed a sus miles de clientes tarifas especiales y promociones exclusivas. \u201cCon [&hellip;]","twitter_image":"https:\/\/nitu.mx\/wp-content\/uploads\/2024\/01\/PriceTravel-Holding-alianza-Wyndham-Hotels.jpg","twitter_creator":"@NITUmx","twitter_site":"@Arturo_Medina_G","twitter_misc":{"Escrito por":"Redacci\u00f3n","Tiempo de lectura":"1 minuto"},"schema":{"@context":"https:\/\/schema.org","@graph":[{"@type":"Article","@id":"https:\/\/nitu.mx\/index.php\/2024\/01\/04\/pricetravel-holding-sella-acuerdo-comercial-con-wyndham-hotels-resorts\/#article","isPartOf":{"@id":"https:\/\/nitu.mx\/index.php\/2024\/01\/04\/pricetravel-holding-sella-acuerdo-comercial-con-wyndham-hotels-resorts\/"},"author":{"name":"Redacci\u00f3n","@id":"https:\/\/nitu.mx\/#\/schema\/person\/4a28fe9bd65924f7c90623773daf1b0b"},"headline":"PriceTravel Holding sella acuerdo comercial con Wyndham Hotels &#038; Resorts","datePublished":"2024-01-05T03:52:01+00:00","dateModified":"2024-01-05T04:54:28+00:00","mainEntityOfPage":{"@id":"https:\/\/nitu.mx\/index.php\/2024\/01\/04\/pricetravel-holding-sella-acuerdo-comercial-con-wyndham-hotels-resorts\/"},"wordCount":263,"commentCount":0,"publisher":{"@id":"https:\/\/nitu.mx\/#\/schema\/person\/ae7a53426417292d3dd07b45a33e01bc"},"image":{"@id":"https:\/\/nitu.mx\/index.php\/2024\/01\/04\/pricetravel-holding-sella-acuerdo-comercial-con-wyndham-hotels-resorts\/#primaryimage"},"thumbnailUrl":"https:\/\/nitu.mx\/wp-content\/uploads\/2024\/01\/PriceTravel-Holding-alianza-Wyndham-Hotels.jpg","keywords":["Jimena Faena","PriceTravel Holding","Rafael Durand","Wyndham Hotels &amp; Resorts"],"articleSection":["Agencias de Viajes"],"inLanguage":"es-MX","potentialAction":[{"@type":"CommentAction","name":"Comment","target":["https:\/\/nitu.mx\/index.php\/2024\/01\/04\/pricetravel-holding-sella-acuerdo-comercial-con-wyndham-hotels-resorts\/#respond"]}]},{"@type":"WebPage","@id":"https:\/\/nitu.mx\/index.php\/2024\/01\/04\/pricetravel-holding-sella-acuerdo-comercial-con-wyndham-hotels-resorts\/","url":"https:\/\/nitu.mx\/index.php\/2024\/01\/04\/pricetravel-holding-sella-acuerdo-comercial-con-wyndham-hotels-resorts\/","name":"PriceTravel Holding sella acuerdo comercial con Wyndham Hotels & Resorts - Nitu - Noticias de la Industria Turistica","isPartOf":{"@id":"https:\/\/nitu.mx\/#website"},"primaryImageOfPage":{"@id":"https:\/\/nitu.mx\/index.php\/2024\/01\/04\/pricetravel-holding-sella-acuerdo-comercial-con-wyndham-hotels-resorts\/#primaryimage"},"image":{"@id":"https:\/\/nitu.mx\/index.php\/2024\/01\/04\/pricetravel-holding-sella-acuerdo-comercial-con-wyndham-hotels-resorts\/#primaryimage"},"thumbnailUrl":"https:\/\/nitu.mx\/wp-content\/uploads\/2024\/01\/PriceTravel-Holding-alianza-Wyndham-Hotels.jpg","datePublished":"2024-01-05T03:52:01+00:00","dateModified":"2024-01-05T04:54:28+00:00","breadcrumb":{"@id":"https:\/\/nitu.mx\/index.php\/2024\/01\/04\/pricetravel-holding-sella-acuerdo-comercial-con-wyndham-hotels-resorts\/#breadcrumb"},"inLanguage":"es-MX","potentialAction":[{"@type":"ReadAction","target":["https:\/\/nitu.mx\/index.php\/2024\/01\/04\/pricetravel-holding-sella-acuerdo-comercial-con-wyndham-hotels-resorts\/"]}]},{"@type":"ImageObject","inLanguage":"es-MX","@id":"https:\/\/nitu.mx\/index.php\/2024\/01\/04\/pricetravel-holding-sella-acuerdo-comercial-con-wyndham-hotels-resorts\/#primaryimage","url":"https:\/\/nitu.mx\/wp-content\/uploads\/2024\/01\/PriceTravel-Holding-alianza-Wyndham-Hotels.jpg","contentUrl":"https:\/\/nitu.mx\/wp-content\/uploads\/2024\/01\/PriceTravel-Holding-alianza-Wyndham-Hotels.jpg","width":1200,"height":675,"caption":"PriceTravel"},{"@type":"BreadcrumbList","@id":"https:\/\/nitu.mx\/index.php\/2024\/01\/04\/pricetravel-holding-sella-acuerdo-comercial-con-wyndham-hotels-resorts\/#breadcrumb","itemListElement":[{"@type":"ListItem","position":1,"name":"Inicio","item":"https:\/\/nitu.mx\/"},{"@type":"ListItem","position":2,"name":"PriceTravel Holding sella acuerdo comercial con Wyndham Hotels &#038; Resorts"}]},{"@type":"WebSite","@id":"https:\/\/nitu.mx\/#website","url":"https:\/\/nitu.mx\/","name":"Nitu - Noticias de la Industria Turistica","description":"Noticias de la Industria Turistica","publisher":{"@id":"https:\/\/nitu.mx\/#\/schema\/person\/ae7a53426417292d3dd07b45a33e01bc"},"alternateName":"Noticias de la Industria Turistica","potentialAction":[{"@type":"SearchAction","target":{"@type":"EntryPoint","urlTemplate":"https:\/\/nitu.mx\/?s={search_term_string}"},"query-input":"required name=search_term_string"}],"inLanguage":"es-MX"},{"@type":["Person","Organization"],"@id":"https:\/\/nitu.mx\/#\/schema\/person\/ae7a53426417292d3dd07b45a33e01bc","name":"Arturo Medina","image":{"@type":"ImageObject","inLanguage":"es-MX","@id":"https:\/\/nitu.mx\/#\/schema\/person\/image\/","url":"https:\/\/nitu.mx\/wp-content\/uploads\/2024\/04\/4A315622-1904-4D5C-B022-878CDC840E04-90x90-1.jpeg","contentUrl":"https:\/\/nitu.mx\/wp-content\/uploads\/2024\/04\/4A315622-1904-4D5C-B022-878CDC840E04-90x90-1.jpeg","width":90,"height":90,"caption":"Arturo Medina"},"logo":{"@id":"https:\/\/nitu.mx\/#\/schema\/person\/image\/"},"description":"Director NITU.mx, Egresado de la Escuela de Periodismo Carlos Septi\u00e9n Garc\u00eda. Periodista y analista especializado en turismo desde hace 35 a\u00f1os, radicado en Canc\u00fan Q.Roo. arturo@nitu.mx","sameAs":["https:\/\/nitu.mx","https:\/\/www.facebook.com\/NITUmx\/","medinacancun","https:\/\/twitter.com\/@Arturo_Medina_G"]},{"@type":"Person","@id":"https:\/\/nitu.mx\/#\/schema\/person\/4a28fe9bd65924f7c90623773daf1b0b","name":"Redacci\u00f3n","image":{"@type":"ImageObject","inLanguage":"es-MX","@id":"https:\/\/nitu.mx\/#\/schema\/person\/image\/","url":"https:\/\/secure.gravatar.com\/avatar\/5dd011c8ccfc5cd7e4c81e42252aab38?s=96&d=mm&r=g","contentUrl":"https:\/\/secure.gravatar.com\/avatar\/5dd011c8ccfc5cd7e4c81e42252aab38?s=96&d=mm&r=g","caption":"Redacci\u00f3n"},"url":"https:\/\/nitu.mx\/index.php\/author\/redaccion\/"}]}},"views":792,"_links":{"self":[{"href":"https:\/\/nitu.mx\/index.php\/wp-json\/wp\/v2\/posts\/67565"}],"collection":[{"href":"https:\/\/nitu.mx\/index.php\/wp-json\/wp\/v2\/posts"}],"about":[{"href":"https:\/\/nitu.mx\/index.php\/wp-json\/wp\/v2\/types\/post"}],"author":[{"embeddable":true,"href":"https:\/\/nitu.mx\/index.php\/wp-json\/wp\/v2\/users\/17"}],"replies":[{"embeddable":true,"href":"https:\/\/nitu.mx\/index.php\/wp-json\/wp\/v2\/comments?post=67565"}],"version-history":[{"count":1,"href":"https:\/\/nitu.mx\/index.php\/wp-json\/wp\/v2\/posts\/67565\/revisions"}],"predecessor-version":[{"id":67567,"href":"https:\/\/nitu.mx\/index.php\/wp-json\/wp\/v2\/posts\/67565\/revisions\/67567"}],"wp:featuredmedia":[{"embeddable":true,"href":"https:\/\/nitu.mx\/index.php\/wp-json\/wp\/v2\/media\/67568"}],"wp:attachment":[{"href":"https:\/\/nitu.mx\/index.php\/wp-json\/wp\/v2\/media?parent=67565"}],"wp:term":[{"taxonomy":"category","embeddable":true,"href":"https:\/\/nitu.mx\/index.php\/wp-json\/wp\/v2\/categories?post=67565"},{"taxonomy":"post_tag","embeddable":true,"href":"https:\/\/nitu.mx\/index.php\/wp-json\/wp\/v2\/tags?post=67565"}],"curies":[{"name":"wp","href":"https:\/\/api.w.org\/{rel}","templated":true}]}}