{"id":67555,"date":"2024-01-04T22:37:11","date_gmt":"2024-01-05T04:37:11","guid":{"rendered":"https:\/\/nitu.mx\/?p=67555"},"modified":"2024-01-04T22:54:05","modified_gmt":"2024-01-05T04:54:05","slug":"pierde-cancun-padrinazgo-de-fonatur","status":"publish","type":"post","link":"https:\/\/nitu.mx\/index.php\/2024\/01\/04\/pierde-cancun-padrinazgo-de-fonatur\/","title":{"rendered":"Pierde Canc\u00fan &#8220;padrinazgo&#8221; de Fonatur"},"content":{"rendered":"\n<p>Luego de 53 a\u00f1os de hacerse cargo del proyecto, de vender predios de zona hotelera y la ciudad, de dar mantenimiento al hijo prodigo, Fondo Nacional de Fomento al Turismo (Fonatur) ha dicho adi\u00f3s a Canc\u00fan, la gobernadora de Quintana Roo, Mara Lezama Espinosa, suscribi\u00f3 cuatro convenios con los que se oficializa la cesi\u00f3n de Fonatur del Centro Integralmente Planeado Canc\u00fan al gobierno de Quintana Roo.<\/p>\n\n\n\n<p>Estos convenios, como contraprestaci\u00f3n de la cesi\u00f3n, son para el fortalecimiento de la infraestructura tur\u00edstica del Centro Integralmente Planeado de Canc\u00fan y el Proyecto Tur\u00edstico Integral en Cozumel, que beneficiar\u00e1 a estos destinos con una estrategia de modernizaci\u00f3n y embellecimiento de las \u00e1reas tur\u00edsticas m\u00e1s importantes.<\/p>\n\n\n\n<p>Participaron como testigos de la firma la secretaria de Gobernaci\u00f3n, Luisa Mar\u00eda Alcalde Luj\u00e1n, el subsecretario de Egresos, Juan Pablo de Botton Falc\u00f3n, y el gobernador de Baja California Sur, V\u00edctor Manuel Castro Cos\u00edo.<\/p>\n\n\n\n<p>Con la firma de estos documentos se oficializa el trabajo para elevar la competitividad de los puntos tur\u00edsticos que en su momento oper\u00f3 y mantuvo Fonatur, para que sean transferidos al Gobierno del Estado de Quintana Roo, bajo la estrategia de recuperaci\u00f3n, modernizaci\u00f3n y mejora que implementar\u00e1 la gobernadora.<\/p>\n\n\n\n<p>La estrategia expuesta por la gobernadora Mara Lezama y su gabinete contempla un aumento de la inversi\u00f3n para modernizar y mejorar los servicios, as\u00ed como embellecer en las festividades las \u00e1reas m\u00e1s emblem\u00e1ticas de la Zona Hotelera y la Marina Cozumel.<\/p>\n\n\n\n<p>Mara Lezama precis\u00f3 que de eso se trata el Nuevo Acuerdo por el Bienestar y Desarrollo de Quintana Roo, de sumar esfuerzos, todas y todos, en todos los niveles para que, tomados de la mano con el gobierno federal, la transformaci\u00f3n profunda del estado incluya a todos, sin que nadie se quede fuera ni quede atr\u00e1s.<\/p>\n\n\n\n<p>En este encuentro participaron Eugenio Segura V\u00e1zquez, secretario de Finanzas y Planeaci\u00f3n; Artemio Santos Santos, jefe de Oficina de la Gobernadora; el secretario de Desarrollo Territorial Urbano Sustentable (Sedetus), Armando Lara De Nigris; Bernardo Cueto Riestra, secretario de Turismo; Reyna Arceo Rosado, secretaria de la Contralor\u00eda; Carlos Felipe Fuentes Del Rio, consejero Jur\u00eddico del Poder Ejecutivo del Estado y Jos\u00e9 Alberto Ovando Alonso, director general de la Agencia de Proyectos Estrat\u00e9gicos. (<a href=\"https:\/\/nitu.mx\/index.php\/2023\/11\/21\/dan-por-hecho-partida-de-fonatur-de-cancun-y-suguieren-alcaldia-para-zona-hotelera\/\">Dan por hecho partida de FONATUR de Canc\u00fan y sugieren alcaldia para Zona Hotelera<\/a>).<\/p>\n","protected":false},"excerpt":{"rendered":"<p>Luego de 53 a\u00f1os de hacerse cargo del proyecto, de vender predios de zona hotelera y la ciudad, de dar mantenimiento al hijo prodigo, Fondo Nacional de Fomento al Turismo (Fonatur) ha dicho adi\u00f3s a Canc\u00fan, la gobernadora de Quintana Roo, Mara Lezama Espinosa, suscribi\u00f3 cuatro convenios con los que se oficializa la cesi\u00f3n de [&hellip;]<\/p>\n","protected":false},"author":2,"featured_media":67561,"comment_status":"open","ping_status":"open","sticky":false,"template":"","format":"standard","meta":{"footnotes":""},"categories":[21403],"tags":[43,889,14028],"yoast_head":"<!-- This site is optimized with the Yoast SEO plugin v22.2 - https:\/\/yoast.com\/wordpress\/plugins\/seo\/ -->\n<title>Pierde Canc\u00fan &quot;padrinazgo&quot; de Fonatur - Nitu - Noticias de la Industria Turistica<\/title>\n<meta name=\"robots\" content=\"index, follow, max-snippet:-1, max-image-preview:large, max-video-preview:-1\" \/>\n<link rel=\"canonical\" href=\"https:\/\/nitu.mx\/index.php\/2024\/01\/04\/pierde-cancun-padrinazgo-de-fonatur\/\" \/>\n<meta name=\"twitter:card\" content=\"summary_large_image\" \/>\n<meta name=\"twitter:title\" content=\"Pierde Canc\u00fan &quot;padrinazgo&quot; de Fonatur - Nitu - Noticias de la Industria Turistica\" \/>\n<meta name=\"twitter:description\" content=\"Luego de 53 a\u00f1os de hacerse cargo del proyecto, de vender predios de zona hotelera y la ciudad, de dar mantenimiento al hijo prodigo, Fondo Nacional de Fomento al Turismo (Fonatur) ha dicho adi\u00f3s a Canc\u00fan, la gobernadora de Quintana Roo, Mara Lezama Espinosa, suscribi\u00f3 cuatro convenios con los que se oficializa la cesi\u00f3n de [&hellip;]\" \/>\n<meta name=\"twitter:image\" content=\"https:\/\/nitu.mx\/wp-content\/uploads\/2024\/01\/fonatur.jpg\" \/>\n<meta name=\"twitter:creator\" content=\"@Arturo_Medina_G\" \/>\n<meta name=\"twitter:site\" content=\"@Arturo_Medina_G\" \/>\n<meta name=\"twitter:label1\" content=\"Escrito por\" \/>\n\t<meta name=\"twitter:data1\" content=\"Arturo Medina\" \/>\n\t<meta name=\"twitter:label2\" content=\"Tiempo de lectura\" \/>\n\t<meta name=\"twitter:data2\" content=\"2 minutos\" \/>\n<script type=\"application\/ld+json\" class=\"yoast-schema-graph\">{\"@context\":\"https:\/\/schema.org\",\"@graph\":[{\"@type\":\"Article\",\"@id\":\"https:\/\/nitu.mx\/index.php\/2024\/01\/04\/pierde-cancun-padrinazgo-de-fonatur\/#article\",\"isPartOf\":{\"@id\":\"https:\/\/nitu.mx\/index.php\/2024\/01\/04\/pierde-cancun-padrinazgo-de-fonatur\/\"},\"author\":{\"name\":\"Arturo Medina\",\"@id\":\"https:\/\/nitu.mx\/#\/schema\/person\/ae7a53426417292d3dd07b45a33e01bc\"},\"headline\":\"Pierde Canc\u00fan &#8220;padrinazgo&#8221; de Fonatur\",\"datePublished\":\"2024-01-05T04:37:11+00:00\",\"dateModified\":\"2024-01-05T04:54:05+00:00\",\"mainEntityOfPage\":{\"@id\":\"https:\/\/nitu.mx\/index.php\/2024\/01\/04\/pierde-cancun-padrinazgo-de-fonatur\/\"},\"wordCount\":415,\"commentCount\":0,\"publisher\":{\"@id\":\"https:\/\/nitu.mx\/#\/schema\/person\/ae7a53426417292d3dd07b45a33e01bc\"},\"image\":{\"@id\":\"https:\/\/nitu.mx\/index.php\/2024\/01\/04\/pierde-cancun-padrinazgo-de-fonatur\/#primaryimage\"},\"thumbnailUrl\":\"https:\/\/nitu.mx\/wp-content\/uploads\/2024\/01\/fonatur.jpg\",\"keywords\":[\"Canc\u00fan\",\"Fonatur\",\"Mara Lezama\"],\"articleSection\":[\"Canc\u00fan\"],\"inLanguage\":\"es-MX\",\"potentialAction\":[{\"@type\":\"CommentAction\",\"name\":\"Comment\",\"target\":[\"https:\/\/nitu.mx\/index.php\/2024\/01\/04\/pierde-cancun-padrinazgo-de-fonatur\/#respond\"]}]},{\"@type\":\"WebPage\",\"@id\":\"https:\/\/nitu.mx\/index.php\/2024\/01\/04\/pierde-cancun-padrinazgo-de-fonatur\/\",\"url\":\"https:\/\/nitu.mx\/index.php\/2024\/01\/04\/pierde-cancun-padrinazgo-de-fonatur\/\",\"name\":\"Pierde Canc\u00fan \\\"padrinazgo\\\" de Fonatur - Nitu - Noticias de la Industria Turistica\",\"isPartOf\":{\"@id\":\"https:\/\/nitu.mx\/#website\"},\"primaryImageOfPage\":{\"@id\":\"https:\/\/nitu.mx\/index.php\/2024\/01\/04\/pierde-cancun-padrinazgo-de-fonatur\/#primaryimage\"},\"image\":{\"@id\":\"https:\/\/nitu.mx\/index.php\/2024\/01\/04\/pierde-cancun-padrinazgo-de-fonatur\/#primaryimage\"},\"thumbnailUrl\":\"https:\/\/nitu.mx\/wp-content\/uploads\/2024\/01\/fonatur.jpg\",\"datePublished\":\"2024-01-05T04:37:11+00:00\",\"dateModified\":\"2024-01-05T04:54:05+00:00\",\"breadcrumb\":{\"@id\":\"https:\/\/nitu.mx\/index.php\/2024\/01\/04\/pierde-cancun-padrinazgo-de-fonatur\/#breadcrumb\"},\"inLanguage\":\"es-MX\",\"potentialAction\":[{\"@type\":\"ReadAction\",\"target\":[\"https:\/\/nitu.mx\/index.php\/2024\/01\/04\/pierde-cancun-padrinazgo-de-fonatur\/\"]}]},{\"@type\":\"ImageObject\",\"inLanguage\":\"es-MX\",\"@id\":\"https:\/\/nitu.mx\/index.php\/2024\/01\/04\/pierde-cancun-padrinazgo-de-fonatur\/#primaryimage\",\"url\":\"https:\/\/nitu.mx\/wp-content\/uploads\/2024\/01\/fonatur.jpg\",\"contentUrl\":\"https:\/\/nitu.mx\/wp-content\/uploads\/2024\/01\/fonatur.jpg\",\"width\":1600,\"height\":900},{\"@type\":\"BreadcrumbList\",\"@id\":\"https:\/\/nitu.mx\/index.php\/2024\/01\/04\/pierde-cancun-padrinazgo-de-fonatur\/#breadcrumb\",\"itemListElement\":[{\"@type\":\"ListItem\",\"position\":1,\"name\":\"Inicio\",\"item\":\"https:\/\/nitu.mx\/\"},{\"@type\":\"ListItem\",\"position\":2,\"name\":\"Pierde Canc\u00fan &#8220;padrinazgo&#8221; de Fonatur\"}]},{\"@type\":\"WebSite\",\"@id\":\"https:\/\/nitu.mx\/#website\",\"url\":\"https:\/\/nitu.mx\/\",\"name\":\"Nitu - Noticias de la Industria Turistica\",\"description\":\"Noticias de la Industria Turistica\",\"publisher\":{\"@id\":\"https:\/\/nitu.mx\/#\/schema\/person\/ae7a53426417292d3dd07b45a33e01bc\"},\"alternateName\":\"Noticias de la Industria Turistica\",\"potentialAction\":[{\"@type\":\"SearchAction\",\"target\":{\"@type\":\"EntryPoint\",\"urlTemplate\":\"https:\/\/nitu.mx\/?s={search_term_string}\"},\"query-input\":\"required name=search_term_string\"}],\"inLanguage\":\"es-MX\"},{\"@type\":[\"Person\",\"Organization\"],\"@id\":\"https:\/\/nitu.mx\/#\/schema\/person\/ae7a53426417292d3dd07b45a33e01bc\",\"name\":\"Arturo Medina\",\"image\":{\"@type\":\"ImageObject\",\"inLanguage\":\"es-MX\",\"@id\":\"https:\/\/nitu.mx\/#\/schema\/person\/image\/\",\"url\":\"https:\/\/nitu.mx\/wp-content\/uploads\/2024\/04\/4A315622-1904-4D5C-B022-878CDC840E04-90x90-1.jpeg\",\"contentUrl\":\"https:\/\/nitu.mx\/wp-content\/uploads\/2024\/04\/4A315622-1904-4D5C-B022-878CDC840E04-90x90-1.jpeg\",\"width\":90,\"height\":90,\"caption\":\"Arturo Medina\"},\"logo\":{\"@id\":\"https:\/\/nitu.mx\/#\/schema\/person\/image\/\"},\"description\":\"Director NITU.mx, Egresado de la Escuela de Periodismo Carlos Septi\u00e9n Garc\u00eda. Periodista y analista especializado en turismo desde hace 35 a\u00f1os, radicado en Canc\u00fan Q.Roo. arturo@nitu.mx\",\"sameAs\":[\"https:\/\/nitu.mx\",\"https:\/\/www.facebook.com\/NITUmx\/\",\"medinacancun\",\"https:\/\/twitter.com\/@Arturo_Medina_G\"],\"url\":\"https:\/\/nitu.mx\/index.php\/author\/arturo-medina\/\"}]}<\/script>\n<!-- \/ Yoast SEO plugin. -->","yoast_head_json":{"title":"Pierde Canc\u00fan \"padrinazgo\" de Fonatur - Nitu - Noticias de la Industria Turistica","robots":{"index":"index","follow":"follow","max-snippet":"max-snippet:-1","max-image-preview":"max-image-preview:large","max-video-preview":"max-video-preview:-1"},"canonical":"https:\/\/nitu.mx\/index.php\/2024\/01\/04\/pierde-cancun-padrinazgo-de-fonatur\/","twitter_card":"summary_large_image","twitter_title":"Pierde Canc\u00fan \"padrinazgo\" de Fonatur - Nitu - Noticias de la Industria Turistica","twitter_description":"Luego de 53 a\u00f1os de hacerse cargo del proyecto, de vender predios de zona hotelera y la ciudad, de dar mantenimiento al hijo prodigo, Fondo Nacional de Fomento al Turismo (Fonatur) ha dicho adi\u00f3s a Canc\u00fan, la gobernadora de Quintana Roo, Mara Lezama Espinosa, suscribi\u00f3 cuatro convenios con los que se oficializa la cesi\u00f3n de [&hellip;]","twitter_image":"https:\/\/nitu.mx\/wp-content\/uploads\/2024\/01\/fonatur.jpg","twitter_creator":"@Arturo_Medina_G","twitter_site":"@Arturo_Medina_G","twitter_misc":{"Escrito por":"Arturo Medina","Tiempo de lectura":"2 minutos"},"schema":{"@context":"https:\/\/schema.org","@graph":[{"@type":"Article","@id":"https:\/\/nitu.mx\/index.php\/2024\/01\/04\/pierde-cancun-padrinazgo-de-fonatur\/#article","isPartOf":{"@id":"https:\/\/nitu.mx\/index.php\/2024\/01\/04\/pierde-cancun-padrinazgo-de-fonatur\/"},"author":{"name":"Arturo Medina","@id":"https:\/\/nitu.mx\/#\/schema\/person\/ae7a53426417292d3dd07b45a33e01bc"},"headline":"Pierde Canc\u00fan &#8220;padrinazgo&#8221; de Fonatur","datePublished":"2024-01-05T04:37:11+00:00","dateModified":"2024-01-05T04:54:05+00:00","mainEntityOfPage":{"@id":"https:\/\/nitu.mx\/index.php\/2024\/01\/04\/pierde-cancun-padrinazgo-de-fonatur\/"},"wordCount":415,"commentCount":0,"publisher":{"@id":"https:\/\/nitu.mx\/#\/schema\/person\/ae7a53426417292d3dd07b45a33e01bc"},"image":{"@id":"https:\/\/nitu.mx\/index.php\/2024\/01\/04\/pierde-cancun-padrinazgo-de-fonatur\/#primaryimage"},"thumbnailUrl":"https:\/\/nitu.mx\/wp-content\/uploads\/2024\/01\/fonatur.jpg","keywords":["Canc\u00fan","Fonatur","Mara Lezama"],"articleSection":["Canc\u00fan"],"inLanguage":"es-MX","potentialAction":[{"@type":"CommentAction","name":"Comment","target":["https:\/\/nitu.mx\/index.php\/2024\/01\/04\/pierde-cancun-padrinazgo-de-fonatur\/#respond"]}]},{"@type":"WebPage","@id":"https:\/\/nitu.mx\/index.php\/2024\/01\/04\/pierde-cancun-padrinazgo-de-fonatur\/","url":"https:\/\/nitu.mx\/index.php\/2024\/01\/04\/pierde-cancun-padrinazgo-de-fonatur\/","name":"Pierde Canc\u00fan \"padrinazgo\" de Fonatur - Nitu - Noticias de la Industria Turistica","isPartOf":{"@id":"https:\/\/nitu.mx\/#website"},"primaryImageOfPage":{"@id":"https:\/\/nitu.mx\/index.php\/2024\/01\/04\/pierde-cancun-padrinazgo-de-fonatur\/#primaryimage"},"image":{"@id":"https:\/\/nitu.mx\/index.php\/2024\/01\/04\/pierde-cancun-padrinazgo-de-fonatur\/#primaryimage"},"thumbnailUrl":"https:\/\/nitu.mx\/wp-content\/uploads\/2024\/01\/fonatur.jpg","datePublished":"2024-01-05T04:37:11+00:00","dateModified":"2024-01-05T04:54:05+00:00","breadcrumb":{"@id":"https:\/\/nitu.mx\/index.php\/2024\/01\/04\/pierde-cancun-padrinazgo-de-fonatur\/#breadcrumb"},"inLanguage":"es-MX","potentialAction":[{"@type":"ReadAction","target":["https:\/\/nitu.mx\/index.php\/2024\/01\/04\/pierde-cancun-padrinazgo-de-fonatur\/"]}]},{"@type":"ImageObject","inLanguage":"es-MX","@id":"https:\/\/nitu.mx\/index.php\/2024\/01\/04\/pierde-cancun-padrinazgo-de-fonatur\/#primaryimage","url":"https:\/\/nitu.mx\/wp-content\/uploads\/2024\/01\/fonatur.jpg","contentUrl":"https:\/\/nitu.mx\/wp-content\/uploads\/2024\/01\/fonatur.jpg","width":1600,"height":900},{"@type":"BreadcrumbList","@id":"https:\/\/nitu.mx\/index.php\/2024\/01\/04\/pierde-cancun-padrinazgo-de-fonatur\/#breadcrumb","itemListElement":[{"@type":"ListItem","position":1,"name":"Inicio","item":"https:\/\/nitu.mx\/"},{"@type":"ListItem","position":2,"name":"Pierde Canc\u00fan &#8220;padrinazgo&#8221; de Fonatur"}]},{"@type":"WebSite","@id":"https:\/\/nitu.mx\/#website","url":"https:\/\/nitu.mx\/","name":"Nitu - Noticias de la Industria Turistica","description":"Noticias de la Industria Turistica","publisher":{"@id":"https:\/\/nitu.mx\/#\/schema\/person\/ae7a53426417292d3dd07b45a33e01bc"},"alternateName":"Noticias de la Industria Turistica","potentialAction":[{"@type":"SearchAction","target":{"@type":"EntryPoint","urlTemplate":"https:\/\/nitu.mx\/?s={search_term_string}"},"query-input":"required name=search_term_string"}],"inLanguage":"es-MX"},{"@type":["Person","Organization"],"@id":"https:\/\/nitu.mx\/#\/schema\/person\/ae7a53426417292d3dd07b45a33e01bc","name":"Arturo Medina","image":{"@type":"ImageObject","inLanguage":"es-MX","@id":"https:\/\/nitu.mx\/#\/schema\/person\/image\/","url":"https:\/\/nitu.mx\/wp-content\/uploads\/2024\/04\/4A315622-1904-4D5C-B022-878CDC840E04-90x90-1.jpeg","contentUrl":"https:\/\/nitu.mx\/wp-content\/uploads\/2024\/04\/4A315622-1904-4D5C-B022-878CDC840E04-90x90-1.jpeg","width":90,"height":90,"caption":"Arturo Medina"},"logo":{"@id":"https:\/\/nitu.mx\/#\/schema\/person\/image\/"},"description":"Director NITU.mx, Egresado de la Escuela de Periodismo Carlos Septi\u00e9n Garc\u00eda. Periodista y analista especializado en turismo desde hace 35 a\u00f1os, radicado en Canc\u00fan Q.Roo. arturo@nitu.mx","sameAs":["https:\/\/nitu.mx","https:\/\/www.facebook.com\/NITUmx\/","medinacancun","https:\/\/twitter.com\/@Arturo_Medina_G"],"url":"https:\/\/nitu.mx\/index.php\/author\/arturo-medina\/"}]}},"views":728,"_links":{"self":[{"href":"https:\/\/nitu.mx\/index.php\/wp-json\/wp\/v2\/posts\/67555"}],"collection":[{"href":"https:\/\/nitu.mx\/index.php\/wp-json\/wp\/v2\/posts"}],"about":[{"href":"https:\/\/nitu.mx\/index.php\/wp-json\/wp\/v2\/types\/post"}],"author":[{"embeddable":true,"href":"https:\/\/nitu.mx\/index.php\/wp-json\/wp\/v2\/users\/2"}],"replies":[{"embeddable":true,"href":"https:\/\/nitu.mx\/index.php\/wp-json\/wp\/v2\/comments?post=67555"}],"version-history":[{"count":3,"href":"https:\/\/nitu.mx\/index.php\/wp-json\/wp\/v2\/posts\/67555\/revisions"}],"predecessor-version":[{"id":67579,"href":"https:\/\/nitu.mx\/index.php\/wp-json\/wp\/v2\/posts\/67555\/revisions\/67579"}],"wp:featuredmedia":[{"embeddable":true,"href":"https:\/\/nitu.mx\/index.php\/wp-json\/wp\/v2\/media\/67561"}],"wp:attachment":[{"href":"https:\/\/nitu.mx\/index.php\/wp-json\/wp\/v2\/media?parent=67555"}],"wp:term":[{"taxonomy":"category","embeddable":true,"href":"https:\/\/nitu.mx\/index.php\/wp-json\/wp\/v2\/categories?post=67555"},{"taxonomy":"post_tag","embeddable":true,"href":"https:\/\/nitu.mx\/index.php\/wp-json\/wp\/v2\/tags?post=67555"}],"curies":[{"name":"wp","href":"https:\/\/api.w.org\/{rel}","templated":true}]}}