{"id":67500,"date":"2024-01-02T19:39:21","date_gmt":"2024-01-03T01:39:21","guid":{"rendered":"https:\/\/nitu.mx\/?p=67500"},"modified":"2024-01-02T22:01:00","modified_gmt":"2024-01-03T04:01:00","slug":"iberia-resuelve-91-de-afectaciones-por-huelga-emplazada-para-esta-semana","status":"publish","type":"post","link":"https:\/\/nitu.mx\/index.php\/2024\/01\/02\/iberia-resuelve-91-de-afectaciones-por-huelga-emplazada-para-esta-semana\/","title":{"rendered":"Iberia resuelve 91% de afectaciones por huelga emplazada para esta semana"},"content":{"rendered":"\n<p>La huelga convocada por los sindicatos para los d\u00edas 5, 6, 7 y 8 de enero, coincidiendo con la festividad de Reyes, ha obligado a Iberia, Iberia Express y Air Nostrum a cancelar m\u00e1s de 400 vuelos, lo que afecta a\u00a045 mil 641 pasajeros. En total, el Grupo Iberia ha conseguido dar soluci\u00f3n a un 90.9% de los viajeros afectados, inform\u00f3 la compa\u00f1\u00eda a\u00e9rea. <\/p>\n\n\n\n<p>Se\u00f1al\u00f3 que desde el momento en que se produjeron las inevitables cancelaciones, Iberia\u00a0ha\u00a0trabajado intensamente para reubicar al mayor n\u00famero de pasajeros en otros vuelos, de modo que puedan realizar sus viajes.<\/p>\n\n\n\n<p>Hasta el momento, ya se ha encontrado acomodo para 36 mil 621 viajeros, el 80.2 por ciento de ellos, y se contin\u00faa trabajando para recolocar al resto seg\u00fan las posibilidades, teniendo en cuenta la complejidad de las fechas, reci\u00e9n terminadas las Navidades, y el alto factor de ocupaci\u00f3n de los vuelos.<\/p>\n\n\n\n<p>Adem\u00e1s de reubicar a los pasajeros de vuelos cancelados se han atendido positivamente las solicitudes de 4 mil 900 pasajeros (un 10.7%),\u00a0que han preferido\u00a0reclamar el reembolso de sus billetes para evitar las molestias derivadas de la huelga.<\/p>\n\n\n\n<p>\u201cUna vez convocada y ratificada la huelga tras el fracaso de la mediaci\u00f3n en el SIMA, nos vimos forzados a cancelar vuelos desde el pasado viernes y, aunque se produzca una desconvocatoria a \u00faltima hora, ser\u00eda imposible reprogramarlos, pues la complejidad t\u00e9cnica ya no dejar\u00eda margen y los pasajeros ya est\u00e1n reubicados o han pedido el reembolso de sus billetes&#8221;, coment\u00f3 Juan Cierco, director Corporativo de Iberia.<\/p>\n\n\n\n<p>El directivo agreg\u00f3: &#8220;La mera convocatoria de la huelga ha provocado pues un perjuicio important\u00edsimo, sobre todo a miles de viajeros, pero tambi\u00e9n a m\u00e1s de 90 compa\u00f1\u00edas a\u00e9reas, incluida la propia Iberia y todas las del Grupo IAG, que nos hemos visto obligadas a cancelar centenares de vuelos\u201d.<\/p>\n\n\n\n<p>Los clientes que lo deseen a\u00fan pueden solicitar sus cambios a trav\u00e9s de la web de Iberia,&nbsp;las agencias de viaje en las que hayan realizado la compra o el Centro de Atenci\u00f3n al Cliente de la compa\u00f1\u00eda, que ha reforzado su personal, pero en el que es posible que encuentren m\u00e1s tiempo de espera de lo habitual. El tel\u00e9fono para llamar desde Espa\u00f1a es el 900 111 500. Los n\u00fameros para ser atendido desde fuera de nuestro pa\u00eds pueden consultarse en la web de Iberia.<\/p>\n\n\n\n<p>Iberia ruega a todos los pasajeros que, ante los previsibles problemas que se van a producir en los aeropuertos con motivo de la huelga, realicen el\u00a0check-in\u00a0con antelaci\u00f3n a trav\u00e9s de la web y acudan con m\u00e1s tiempo de lo habitual a los aeropuertos.<\/p>\n\n\n\n<p>Iberia agradeci\u00f3 la comprensi\u00f3n y la paciencia a todos sus clientes y pidi\u00f3 disculpas por las molestias que les cause la huelga convocada por los sindicatos de los servicios aeroportuarios. (<a href=\"https:\/\/nitu.mx\/index.php\/2023\/12\/28\/iberia-incorpora-un-nuevo-a350-next-modelo-que-usa-en-ruta-a-mexico\/\">Iberia incorpora un nuevo A350 Next, modelo que usa en ruta a M\u00e9xico<\/a>).<\/p>\n","protected":false},"excerpt":{"rendered":"<p>La huelga convocada por los sindicatos para los d\u00edas 5, 6, 7 y 8 de enero, coincidiendo con la festividad de Reyes, ha obligado a Iberia, Iberia Express y Air Nostrum a cancelar m\u00e1s de 400 vuelos, lo que afecta a\u00a045 mil 641 pasajeros. En total, el Grupo Iberia ha conseguido dar soluci\u00f3n a un [&hellip;]<\/p>\n","protected":false},"author":17,"featured_media":56021,"comment_status":"open","ping_status":"open","sticky":false,"template":"","format":"standard","meta":{"footnotes":""},"categories":[29],"tags":[4745,1304,24388],"yoast_head":"<!-- This site is optimized with the Yoast SEO plugin v22.2 - https:\/\/yoast.com\/wordpress\/plugins\/seo\/ -->\n<title>Iberia resuelve 91% de afectaciones por huelga emplazada para esta semana - Nitu - Noticias de la Industria Turistica<\/title>\n<meta name=\"robots\" content=\"index, follow, max-snippet:-1, max-image-preview:large, max-video-preview:-1\" \/>\n<link rel=\"canonical\" href=\"https:\/\/nitu.mx\/index.php\/2024\/01\/02\/iberia-resuelve-91-de-afectaciones-por-huelga-emplazada-para-esta-semana\/\" \/>\n<meta name=\"twitter:card\" content=\"summary_large_image\" \/>\n<meta name=\"twitter:title\" content=\"Iberia resuelve 91% de afectaciones por huelga emplazada para esta semana - Nitu - Noticias de la Industria Turistica\" \/>\n<meta name=\"twitter:description\" content=\"La huelga convocada por los sindicatos para los d\u00edas 5, 6, 7 y 8 de enero, coincidiendo con la festividad de Reyes, ha obligado a Iberia, Iberia Express y Air Nostrum a cancelar m\u00e1s de 400 vuelos, lo que afecta a\u00a045 mil 641 pasajeros. En total, el Grupo Iberia ha conseguido dar soluci\u00f3n a un [&hellip;]\" \/>\n<meta name=\"twitter:image\" content=\"https:\/\/nitu.mx\/wp-content\/uploads\/2021\/10\/Iberia-vuelos-invierno-2.jpg\" \/>\n<meta name=\"twitter:creator\" content=\"@NITUmx\" \/>\n<meta name=\"twitter:site\" content=\"@Arturo_Medina_G\" \/>\n<meta name=\"twitter:label1\" content=\"Escrito por\" \/>\n\t<meta name=\"twitter:data1\" content=\"Redacci\u00f3n\" \/>\n\t<meta name=\"twitter:label2\" content=\"Tiempo de lectura\" \/>\n\t<meta name=\"twitter:data2\" content=\"2 minutos\" \/>\n<script type=\"application\/ld+json\" class=\"yoast-schema-graph\">{\"@context\":\"https:\/\/schema.org\",\"@graph\":[{\"@type\":\"Article\",\"@id\":\"https:\/\/nitu.mx\/index.php\/2024\/01\/02\/iberia-resuelve-91-de-afectaciones-por-huelga-emplazada-para-esta-semana\/#article\",\"isPartOf\":{\"@id\":\"https:\/\/nitu.mx\/index.php\/2024\/01\/02\/iberia-resuelve-91-de-afectaciones-por-huelga-emplazada-para-esta-semana\/\"},\"author\":{\"name\":\"Redacci\u00f3n\",\"@id\":\"https:\/\/nitu.mx\/#\/schema\/person\/4a28fe9bd65924f7c90623773daf1b0b\"},\"headline\":\"Iberia resuelve 91% de afectaciones por huelga emplazada para esta semana\",\"datePublished\":\"2024-01-03T01:39:21+00:00\",\"dateModified\":\"2024-01-03T04:01:00+00:00\",\"mainEntityOfPage\":{\"@id\":\"https:\/\/nitu.mx\/index.php\/2024\/01\/02\/iberia-resuelve-91-de-afectaciones-por-huelga-emplazada-para-esta-semana\/\"},\"wordCount\":507,\"commentCount\":0,\"publisher\":{\"@id\":\"https:\/\/nitu.mx\/#\/schema\/person\/ae7a53426417292d3dd07b45a33e01bc\"},\"image\":{\"@id\":\"https:\/\/nitu.mx\/index.php\/2024\/01\/02\/iberia-resuelve-91-de-afectaciones-por-huelga-emplazada-para-esta-semana\/#primaryimage\"},\"thumbnailUrl\":\"https:\/\/nitu.mx\/wp-content\/uploads\/2021\/10\/Iberia-vuelos-invierno-2.jpg\",\"keywords\":[\"huelga\",\"Iberia\",\"Juan Cierco\"],\"articleSection\":[\"Aerol\u00edneas\"],\"inLanguage\":\"es-MX\",\"potentialAction\":[{\"@type\":\"CommentAction\",\"name\":\"Comment\",\"target\":[\"https:\/\/nitu.mx\/index.php\/2024\/01\/02\/iberia-resuelve-91-de-afectaciones-por-huelga-emplazada-para-esta-semana\/#respond\"]}]},{\"@type\":\"WebPage\",\"@id\":\"https:\/\/nitu.mx\/index.php\/2024\/01\/02\/iberia-resuelve-91-de-afectaciones-por-huelga-emplazada-para-esta-semana\/\",\"url\":\"https:\/\/nitu.mx\/index.php\/2024\/01\/02\/iberia-resuelve-91-de-afectaciones-por-huelga-emplazada-para-esta-semana\/\",\"name\":\"Iberia resuelve 91% de afectaciones por huelga emplazada para esta semana - Nitu - Noticias de la Industria Turistica\",\"isPartOf\":{\"@id\":\"https:\/\/nitu.mx\/#website\"},\"primaryImageOfPage\":{\"@id\":\"https:\/\/nitu.mx\/index.php\/2024\/01\/02\/iberia-resuelve-91-de-afectaciones-por-huelga-emplazada-para-esta-semana\/#primaryimage\"},\"image\":{\"@id\":\"https:\/\/nitu.mx\/index.php\/2024\/01\/02\/iberia-resuelve-91-de-afectaciones-por-huelga-emplazada-para-esta-semana\/#primaryimage\"},\"thumbnailUrl\":\"https:\/\/nitu.mx\/wp-content\/uploads\/2021\/10\/Iberia-vuelos-invierno-2.jpg\",\"datePublished\":\"2024-01-03T01:39:21+00:00\",\"dateModified\":\"2024-01-03T04:01:00+00:00\",\"breadcrumb\":{\"@id\":\"https:\/\/nitu.mx\/index.php\/2024\/01\/02\/iberia-resuelve-91-de-afectaciones-por-huelga-emplazada-para-esta-semana\/#breadcrumb\"},\"inLanguage\":\"es-MX\",\"potentialAction\":[{\"@type\":\"ReadAction\",\"target\":[\"https:\/\/nitu.mx\/index.php\/2024\/01\/02\/iberia-resuelve-91-de-afectaciones-por-huelga-emplazada-para-esta-semana\/\"]}]},{\"@type\":\"ImageObject\",\"inLanguage\":\"es-MX\",\"@id\":\"https:\/\/nitu.mx\/index.php\/2024\/01\/02\/iberia-resuelve-91-de-afectaciones-por-huelga-emplazada-para-esta-semana\/#primaryimage\",\"url\":\"https:\/\/nitu.mx\/wp-content\/uploads\/2021\/10\/Iberia-vuelos-invierno-2.jpg\",\"contentUrl\":\"https:\/\/nitu.mx\/wp-content\/uploads\/2021\/10\/Iberia-vuelos-invierno-2.jpg\",\"width\":1200,\"height\":675,\"caption\":\"Iberia\"},{\"@type\":\"BreadcrumbList\",\"@id\":\"https:\/\/nitu.mx\/index.php\/2024\/01\/02\/iberia-resuelve-91-de-afectaciones-por-huelga-emplazada-para-esta-semana\/#breadcrumb\",\"itemListElement\":[{\"@type\":\"ListItem\",\"position\":1,\"name\":\"Inicio\",\"item\":\"https:\/\/nitu.mx\/\"},{\"@type\":\"ListItem\",\"position\":2,\"name\":\"Iberia resuelve 91% de afectaciones por huelga emplazada para esta semana\"}]},{\"@type\":\"WebSite\",\"@id\":\"https:\/\/nitu.mx\/#website\",\"url\":\"https:\/\/nitu.mx\/\",\"name\":\"Nitu - Noticias de la Industria Turistica\",\"description\":\"Noticias de la Industria Turistica\",\"publisher\":{\"@id\":\"https:\/\/nitu.mx\/#\/schema\/person\/ae7a53426417292d3dd07b45a33e01bc\"},\"alternateName\":\"Noticias de la Industria Turistica\",\"potentialAction\":[{\"@type\":\"SearchAction\",\"target\":{\"@type\":\"EntryPoint\",\"urlTemplate\":\"https:\/\/nitu.mx\/?s={search_term_string}\"},\"query-input\":\"required name=search_term_string\"}],\"inLanguage\":\"es-MX\"},{\"@type\":[\"Person\",\"Organization\"],\"@id\":\"https:\/\/nitu.mx\/#\/schema\/person\/ae7a53426417292d3dd07b45a33e01bc\",\"name\":\"Arturo Medina\",\"image\":{\"@type\":\"ImageObject\",\"inLanguage\":\"es-MX\",\"@id\":\"https:\/\/nitu.mx\/#\/schema\/person\/image\/\",\"url\":\"https:\/\/nitu.mx\/wp-content\/uploads\/2024\/04\/4A315622-1904-4D5C-B022-878CDC840E04-90x90-1.jpeg\",\"contentUrl\":\"https:\/\/nitu.mx\/wp-content\/uploads\/2024\/04\/4A315622-1904-4D5C-B022-878CDC840E04-90x90-1.jpeg\",\"width\":90,\"height\":90,\"caption\":\"Arturo Medina\"},\"logo\":{\"@id\":\"https:\/\/nitu.mx\/#\/schema\/person\/image\/\"},\"description\":\"Director NITU.mx, Egresado de la Escuela de Periodismo Carlos Septi\u00e9n Garc\u00eda. Periodista y analista especializado en turismo desde hace 35 a\u00f1os, radicado en Canc\u00fan Q.Roo. arturo@nitu.mx\",\"sameAs\":[\"https:\/\/nitu.mx\",\"https:\/\/www.facebook.com\/NITUmx\/\",\"medinacancun\",\"https:\/\/twitter.com\/@Arturo_Medina_G\"]},{\"@type\":\"Person\",\"@id\":\"https:\/\/nitu.mx\/#\/schema\/person\/4a28fe9bd65924f7c90623773daf1b0b\",\"name\":\"Redacci\u00f3n\",\"image\":{\"@type\":\"ImageObject\",\"inLanguage\":\"es-MX\",\"@id\":\"https:\/\/nitu.mx\/#\/schema\/person\/image\/\",\"url\":\"https:\/\/secure.gravatar.com\/avatar\/5dd011c8ccfc5cd7e4c81e42252aab38?s=96&d=mm&r=g\",\"contentUrl\":\"https:\/\/secure.gravatar.com\/avatar\/5dd011c8ccfc5cd7e4c81e42252aab38?s=96&d=mm&r=g\",\"caption\":\"Redacci\u00f3n\"},\"url\":\"https:\/\/nitu.mx\/index.php\/author\/redaccion\/\"}]}<\/script>\n<!-- \/ Yoast SEO plugin. -->","yoast_head_json":{"title":"Iberia resuelve 91% de afectaciones por huelga emplazada para esta semana - Nitu - Noticias de la Industria Turistica","robots":{"index":"index","follow":"follow","max-snippet":"max-snippet:-1","max-image-preview":"max-image-preview:large","max-video-preview":"max-video-preview:-1"},"canonical":"https:\/\/nitu.mx\/index.php\/2024\/01\/02\/iberia-resuelve-91-de-afectaciones-por-huelga-emplazada-para-esta-semana\/","twitter_card":"summary_large_image","twitter_title":"Iberia resuelve 91% de afectaciones por huelga emplazada para esta semana - Nitu - Noticias de la Industria Turistica","twitter_description":"La huelga convocada por los sindicatos para los d\u00edas 5, 6, 7 y 8 de enero, coincidiendo con la festividad de Reyes, ha obligado a Iberia, Iberia Express y Air Nostrum a cancelar m\u00e1s de 400 vuelos, lo que afecta a\u00a045 mil 641 pasajeros. En total, el Grupo Iberia ha conseguido dar soluci\u00f3n a un [&hellip;]","twitter_image":"https:\/\/nitu.mx\/wp-content\/uploads\/2021\/10\/Iberia-vuelos-invierno-2.jpg","twitter_creator":"@NITUmx","twitter_site":"@Arturo_Medina_G","twitter_misc":{"Escrito por":"Redacci\u00f3n","Tiempo de lectura":"2 minutos"},"schema":{"@context":"https:\/\/schema.org","@graph":[{"@type":"Article","@id":"https:\/\/nitu.mx\/index.php\/2024\/01\/02\/iberia-resuelve-91-de-afectaciones-por-huelga-emplazada-para-esta-semana\/#article","isPartOf":{"@id":"https:\/\/nitu.mx\/index.php\/2024\/01\/02\/iberia-resuelve-91-de-afectaciones-por-huelga-emplazada-para-esta-semana\/"},"author":{"name":"Redacci\u00f3n","@id":"https:\/\/nitu.mx\/#\/schema\/person\/4a28fe9bd65924f7c90623773daf1b0b"},"headline":"Iberia resuelve 91% de afectaciones por huelga emplazada para esta semana","datePublished":"2024-01-03T01:39:21+00:00","dateModified":"2024-01-03T04:01:00+00:00","mainEntityOfPage":{"@id":"https:\/\/nitu.mx\/index.php\/2024\/01\/02\/iberia-resuelve-91-de-afectaciones-por-huelga-emplazada-para-esta-semana\/"},"wordCount":507,"commentCount":0,"publisher":{"@id":"https:\/\/nitu.mx\/#\/schema\/person\/ae7a53426417292d3dd07b45a33e01bc"},"image":{"@id":"https:\/\/nitu.mx\/index.php\/2024\/01\/02\/iberia-resuelve-91-de-afectaciones-por-huelga-emplazada-para-esta-semana\/#primaryimage"},"thumbnailUrl":"https:\/\/nitu.mx\/wp-content\/uploads\/2021\/10\/Iberia-vuelos-invierno-2.jpg","keywords":["huelga","Iberia","Juan Cierco"],"articleSection":["Aerol\u00edneas"],"inLanguage":"es-MX","potentialAction":[{"@type":"CommentAction","name":"Comment","target":["https:\/\/nitu.mx\/index.php\/2024\/01\/02\/iberia-resuelve-91-de-afectaciones-por-huelga-emplazada-para-esta-semana\/#respond"]}]},{"@type":"WebPage","@id":"https:\/\/nitu.mx\/index.php\/2024\/01\/02\/iberia-resuelve-91-de-afectaciones-por-huelga-emplazada-para-esta-semana\/","url":"https:\/\/nitu.mx\/index.php\/2024\/01\/02\/iberia-resuelve-91-de-afectaciones-por-huelga-emplazada-para-esta-semana\/","name":"Iberia resuelve 91% de afectaciones por huelga emplazada para esta semana - Nitu - Noticias de la Industria Turistica","isPartOf":{"@id":"https:\/\/nitu.mx\/#website"},"primaryImageOfPage":{"@id":"https:\/\/nitu.mx\/index.php\/2024\/01\/02\/iberia-resuelve-91-de-afectaciones-por-huelga-emplazada-para-esta-semana\/#primaryimage"},"image":{"@id":"https:\/\/nitu.mx\/index.php\/2024\/01\/02\/iberia-resuelve-91-de-afectaciones-por-huelga-emplazada-para-esta-semana\/#primaryimage"},"thumbnailUrl":"https:\/\/nitu.mx\/wp-content\/uploads\/2021\/10\/Iberia-vuelos-invierno-2.jpg","datePublished":"2024-01-03T01:39:21+00:00","dateModified":"2024-01-03T04:01:00+00:00","breadcrumb":{"@id":"https:\/\/nitu.mx\/index.php\/2024\/01\/02\/iberia-resuelve-91-de-afectaciones-por-huelga-emplazada-para-esta-semana\/#breadcrumb"},"inLanguage":"es-MX","potentialAction":[{"@type":"ReadAction","target":["https:\/\/nitu.mx\/index.php\/2024\/01\/02\/iberia-resuelve-91-de-afectaciones-por-huelga-emplazada-para-esta-semana\/"]}]},{"@type":"ImageObject","inLanguage":"es-MX","@id":"https:\/\/nitu.mx\/index.php\/2024\/01\/02\/iberia-resuelve-91-de-afectaciones-por-huelga-emplazada-para-esta-semana\/#primaryimage","url":"https:\/\/nitu.mx\/wp-content\/uploads\/2021\/10\/Iberia-vuelos-invierno-2.jpg","contentUrl":"https:\/\/nitu.mx\/wp-content\/uploads\/2021\/10\/Iberia-vuelos-invierno-2.jpg","width":1200,"height":675,"caption":"Iberia"},{"@type":"BreadcrumbList","@id":"https:\/\/nitu.mx\/index.php\/2024\/01\/02\/iberia-resuelve-91-de-afectaciones-por-huelga-emplazada-para-esta-semana\/#breadcrumb","itemListElement":[{"@type":"ListItem","position":1,"name":"Inicio","item":"https:\/\/nitu.mx\/"},{"@type":"ListItem","position":2,"name":"Iberia resuelve 91% de afectaciones por huelga emplazada para esta semana"}]},{"@type":"WebSite","@id":"https:\/\/nitu.mx\/#website","url":"https:\/\/nitu.mx\/","name":"Nitu - Noticias de la Industria Turistica","description":"Noticias de la Industria Turistica","publisher":{"@id":"https:\/\/nitu.mx\/#\/schema\/person\/ae7a53426417292d3dd07b45a33e01bc"},"alternateName":"Noticias de la Industria Turistica","potentialAction":[{"@type":"SearchAction","target":{"@type":"EntryPoint","urlTemplate":"https:\/\/nitu.mx\/?s={search_term_string}"},"query-input":"required name=search_term_string"}],"inLanguage":"es-MX"},{"@type":["Person","Organization"],"@id":"https:\/\/nitu.mx\/#\/schema\/person\/ae7a53426417292d3dd07b45a33e01bc","name":"Arturo Medina","image":{"@type":"ImageObject","inLanguage":"es-MX","@id":"https:\/\/nitu.mx\/#\/schema\/person\/image\/","url":"https:\/\/nitu.mx\/wp-content\/uploads\/2024\/04\/4A315622-1904-4D5C-B022-878CDC840E04-90x90-1.jpeg","contentUrl":"https:\/\/nitu.mx\/wp-content\/uploads\/2024\/04\/4A315622-1904-4D5C-B022-878CDC840E04-90x90-1.jpeg","width":90,"height":90,"caption":"Arturo Medina"},"logo":{"@id":"https:\/\/nitu.mx\/#\/schema\/person\/image\/"},"description":"Director NITU.mx, Egresado de la Escuela de Periodismo Carlos Septi\u00e9n Garc\u00eda. Periodista y analista especializado en turismo desde hace 35 a\u00f1os, radicado en Canc\u00fan Q.Roo. arturo@nitu.mx","sameAs":["https:\/\/nitu.mx","https:\/\/www.facebook.com\/NITUmx\/","medinacancun","https:\/\/twitter.com\/@Arturo_Medina_G"]},{"@type":"Person","@id":"https:\/\/nitu.mx\/#\/schema\/person\/4a28fe9bd65924f7c90623773daf1b0b","name":"Redacci\u00f3n","image":{"@type":"ImageObject","inLanguage":"es-MX","@id":"https:\/\/nitu.mx\/#\/schema\/person\/image\/","url":"https:\/\/secure.gravatar.com\/avatar\/5dd011c8ccfc5cd7e4c81e42252aab38?s=96&d=mm&r=g","contentUrl":"https:\/\/secure.gravatar.com\/avatar\/5dd011c8ccfc5cd7e4c81e42252aab38?s=96&d=mm&r=g","caption":"Redacci\u00f3n"},"url":"https:\/\/nitu.mx\/index.php\/author\/redaccion\/"}]}},"views":546,"_links":{"self":[{"href":"https:\/\/nitu.mx\/index.php\/wp-json\/wp\/v2\/posts\/67500"}],"collection":[{"href":"https:\/\/nitu.mx\/index.php\/wp-json\/wp\/v2\/posts"}],"about":[{"href":"https:\/\/nitu.mx\/index.php\/wp-json\/wp\/v2\/types\/post"}],"author":[{"embeddable":true,"href":"https:\/\/nitu.mx\/index.php\/wp-json\/wp\/v2\/users\/17"}],"replies":[{"embeddable":true,"href":"https:\/\/nitu.mx\/index.php\/wp-json\/wp\/v2\/comments?post=67500"}],"version-history":[{"count":1,"href":"https:\/\/nitu.mx\/index.php\/wp-json\/wp\/v2\/posts\/67500\/revisions"}],"predecessor-version":[{"id":67502,"href":"https:\/\/nitu.mx\/index.php\/wp-json\/wp\/v2\/posts\/67500\/revisions\/67502"}],"wp:featuredmedia":[{"embeddable":true,"href":"https:\/\/nitu.mx\/index.php\/wp-json\/wp\/v2\/media\/56021"}],"wp:attachment":[{"href":"https:\/\/nitu.mx\/index.php\/wp-json\/wp\/v2\/media?parent=67500"}],"wp:term":[{"taxonomy":"category","embeddable":true,"href":"https:\/\/nitu.mx\/index.php\/wp-json\/wp\/v2\/categories?post=67500"},{"taxonomy":"post_tag","embeddable":true,"href":"https:\/\/nitu.mx\/index.php\/wp-json\/wp\/v2\/tags?post=67500"}],"curies":[{"name":"wp","href":"https:\/\/api.w.org\/{rel}","templated":true}]}}