{"id":67494,"date":"2024-01-02T00:02:16","date_gmt":"2024-01-02T06:02:16","guid":{"rendered":"https:\/\/nitu.mx\/?p=67494"},"modified":"2024-01-02T00:02:17","modified_gmt":"2024-01-02T06:02:17","slug":"mexicana-de-aviacion-inicia-operaciones-en-chetumal-con-2-frecuencias-semanales","status":"publish","type":"post","link":"https:\/\/nitu.mx\/index.php\/2024\/01\/02\/mexicana-de-aviacion-inicia-operaciones-en-chetumal-con-2-frecuencias-semanales\/","title":{"rendered":"Mexicana de Aviaci\u00f3n inicia operaciones en Chetumal con 2 frecuencias semanales"},"content":{"rendered":"\n<p>Este s\u00e1bado 30 de diciembre inici\u00f3 operaciones la aerol\u00ednea Mexicana de Aviaci\u00f3n en el aeropuerto internacional de Chetumal, la capital del estado de Quintana Roo, con frecuencias los d\u00edas martes y s\u00e1bado, hasta el 31 de enero de 2024.<\/p>\n\n\n\n<p>El vuelo sali\u00f3 del Aeropuerto Internacional Felipe \u00c1ngeles (AIFA), arribando a Chetumal con 120 pasajeros. Los horarios y precios est\u00e1n disponibles en las plataformas digitales de Mexicana.<\/p>\n\n\n\n<p>La gobernadora de Quintana Roo, Mara Lezama, destac\u00f3 que la alianza gubernamental est\u00e1 firmemente comprometida en impulsar la conectividad a\u00e9rea como piedra angular para el desarrollo tur\u00edstico de la entidad, que genere prosperidad compartida reflejada en nuevos y m\u00e1s empleos formales, as\u00ed como en mejora econ\u00f3mica para las mujeres y hombres quintanarroenses.<\/p>\n\n\n\n<p>Asimismo, con base en el Nuevo Acuerdo por el Bienestar y Desarrollo de Quintana Roo, fortalece la implementaci\u00f3n de estrategias para fomentar nuevas rutas y vuelos, facilitando el acceso a\u00e9reo a destinos clave como Costa Maya, Bacalar y Chetumal, que recupera su brillo y esplendor como capital del estado.<\/p>\n\n\n\n<p>Al comentar que este nuevo vuelo de Mexicana de Aviaci\u00f3n hacia Chetumal utiliza un avi\u00f3n Boeing 737 con capacidad para 174 pasajeros, la primera mujer gobernadora de Quintana Roo destac\u00f3 que la disponibilidad de m\u00e1s vuelos hacia la capital no solo atraer\u00e1 a m\u00e1s visitantes, sino que tambi\u00e9n diversificar\u00e1 la procedencia de los turistas, fortaleciendo la econom\u00eda local y contribuyendo a la creaci\u00f3n de empleos en la regi\u00f3n.<\/p>\n\n\n\n<p>Mara Lezama a\u00f1adi\u00f3 que la mayor conectividad permite, tambi\u00e9n, abrir nuevas puertas para la inversi\u00f3n y el desarrollo local, dado que propicia oportunidades para proyectos tur\u00edsticos, infraestructuras y servicios; facilita la exploraci\u00f3n de destinos menos conocidos promoviendo la diversificaci\u00f3n de experiencias para los visitantes, en beneficio de la econom\u00eda local.<\/p>\n\n\n\n<p>La gobernadora puntualiz\u00f3 que la conectividad a\u00e9rea bien gestionada es un componente clave para el desarrollo sostenible y cultural, al facilitar el acceso a comunidades rurales, sitios arqueol\u00f3gicos y \u00e1reas naturales, de modo que el \u00e9xito tur\u00edstico tambi\u00e9n beneficie a las familias del sur de Quintana Roo, objetivo del gobierno humanista y progresista, de la transformaci\u00f3n profunda. (<a href=\"https:\/\/nitu.mx\/index.php\/2023\/12\/28\/mexicana-de-aviacion-aterriza-en-ixtapa-zihuatanejo-con-mas-de-7-frecuencias-semanales\/\">Mexicana de Aviaci\u00f3n aterriza en Ixtapa Zihuatanejo con m\u00e1s de 7 frecuencias semanales<\/a>).<\/p>\n","protected":false},"excerpt":{"rendered":"<p>Este s\u00e1bado 30 de diciembre inici\u00f3 operaciones la aerol\u00ednea Mexicana de Aviaci\u00f3n en el aeropuerto internacional de Chetumal, la capital del estado de Quintana Roo, con frecuencias los d\u00edas martes y s\u00e1bado, hasta el 31 de enero de 2024. El vuelo sali\u00f3 del Aeropuerto Internacional Felipe \u00c1ngeles (AIFA), arribando a Chetumal con 120 pasajeros. Los [&hellip;]<\/p>\n","protected":false},"author":17,"featured_media":67497,"comment_status":"open","ping_status":"open","sticky":false,"template":"","format":"standard","meta":{"footnotes":""},"categories":[29],"tags":[21925,454,3953,14028,568],"yoast_head":"<!-- This site is optimized with the Yoast SEO plugin v22.2 - https:\/\/yoast.com\/wordpress\/plugins\/seo\/ -->\n<title>Mexicana de Aviaci\u00f3n inicia operaciones en Chetumal con 2 frecuencias semanales - Nitu - Noticias de la Industria Turistica<\/title>\n<meta name=\"robots\" content=\"index, follow, max-snippet:-1, max-image-preview:large, max-video-preview:-1\" \/>\n<link rel=\"canonical\" href=\"https:\/\/nitu.mx\/index.php\/2024\/01\/02\/mexicana-de-aviacion-inicia-operaciones-en-chetumal-con-2-frecuencias-semanales\/\" \/>\n<meta name=\"twitter:card\" content=\"summary_large_image\" \/>\n<meta name=\"twitter:title\" content=\"Mexicana de Aviaci\u00f3n inicia operaciones en Chetumal con 2 frecuencias semanales - Nitu - Noticias de la Industria Turistica\" \/>\n<meta name=\"twitter:description\" content=\"Este s\u00e1bado 30 de diciembre inici\u00f3 operaciones la aerol\u00ednea Mexicana de Aviaci\u00f3n en el aeropuerto internacional de Chetumal, la capital del estado de Quintana Roo, con frecuencias los d\u00edas martes y s\u00e1bado, hasta el 31 de enero de 2024. El vuelo sali\u00f3 del Aeropuerto Internacional Felipe \u00c1ngeles (AIFA), arribando a Chetumal con 120 pasajeros. Los [&hellip;]\" \/>\n<meta name=\"twitter:image\" content=\"https:\/\/nitu.mx\/wp-content\/uploads\/2024\/01\/Mexicana-de-Aviacion-Chetumal.jpg\" \/>\n<meta name=\"twitter:creator\" content=\"@NITUmx\" \/>\n<meta name=\"twitter:site\" content=\"@Arturo_Medina_G\" \/>\n<meta name=\"twitter:label1\" content=\"Escrito por\" \/>\n\t<meta name=\"twitter:data1\" content=\"Redacci\u00f3n\" \/>\n\t<meta name=\"twitter:label2\" content=\"Tiempo de lectura\" \/>\n\t<meta name=\"twitter:data2\" content=\"2 minutos\" \/>\n<script type=\"application\/ld+json\" class=\"yoast-schema-graph\">{\"@context\":\"https:\/\/schema.org\",\"@graph\":[{\"@type\":\"Article\",\"@id\":\"https:\/\/nitu.mx\/index.php\/2024\/01\/02\/mexicana-de-aviacion-inicia-operaciones-en-chetumal-con-2-frecuencias-semanales\/#article\",\"isPartOf\":{\"@id\":\"https:\/\/nitu.mx\/index.php\/2024\/01\/02\/mexicana-de-aviacion-inicia-operaciones-en-chetumal-con-2-frecuencias-semanales\/\"},\"author\":{\"name\":\"Redacci\u00f3n\",\"@id\":\"https:\/\/nitu.mx\/#\/schema\/person\/4a28fe9bd65924f7c90623773daf1b0b\"},\"headline\":\"Mexicana de Aviaci\u00f3n inicia operaciones en Chetumal con 2 frecuencias semanales\",\"datePublished\":\"2024-01-02T06:02:16+00:00\",\"dateModified\":\"2024-01-02T06:02:17+00:00\",\"mainEntityOfPage\":{\"@id\":\"https:\/\/nitu.mx\/index.php\/2024\/01\/02\/mexicana-de-aviacion-inicia-operaciones-en-chetumal-con-2-frecuencias-semanales\/\"},\"wordCount\":393,\"commentCount\":0,\"publisher\":{\"@id\":\"https:\/\/nitu.mx\/#\/schema\/person\/ae7a53426417292d3dd07b45a33e01bc\"},\"image\":{\"@id\":\"https:\/\/nitu.mx\/index.php\/2024\/01\/02\/mexicana-de-aviacion-inicia-operaciones-en-chetumal-con-2-frecuencias-semanales\/#primaryimage\"},\"thumbnailUrl\":\"https:\/\/nitu.mx\/wp-content\/uploads\/2024\/01\/Mexicana-de-Aviacion-Chetumal.jpg\",\"keywords\":[\"AIFA\",\"Chetumal\",\"conectividad\",\"Mara Lezama\",\"Mexicana de Aviaci\u00f3n\"],\"articleSection\":[\"Aerol\u00edneas\"],\"inLanguage\":\"es-MX\",\"potentialAction\":[{\"@type\":\"CommentAction\",\"name\":\"Comment\",\"target\":[\"https:\/\/nitu.mx\/index.php\/2024\/01\/02\/mexicana-de-aviacion-inicia-operaciones-en-chetumal-con-2-frecuencias-semanales\/#respond\"]}]},{\"@type\":\"WebPage\",\"@id\":\"https:\/\/nitu.mx\/index.php\/2024\/01\/02\/mexicana-de-aviacion-inicia-operaciones-en-chetumal-con-2-frecuencias-semanales\/\",\"url\":\"https:\/\/nitu.mx\/index.php\/2024\/01\/02\/mexicana-de-aviacion-inicia-operaciones-en-chetumal-con-2-frecuencias-semanales\/\",\"name\":\"Mexicana de Aviaci\u00f3n inicia operaciones en Chetumal con 2 frecuencias semanales - Nitu - Noticias de la Industria Turistica\",\"isPartOf\":{\"@id\":\"https:\/\/nitu.mx\/#website\"},\"primaryImageOfPage\":{\"@id\":\"https:\/\/nitu.mx\/index.php\/2024\/01\/02\/mexicana-de-aviacion-inicia-operaciones-en-chetumal-con-2-frecuencias-semanales\/#primaryimage\"},\"image\":{\"@id\":\"https:\/\/nitu.mx\/index.php\/2024\/01\/02\/mexicana-de-aviacion-inicia-operaciones-en-chetumal-con-2-frecuencias-semanales\/#primaryimage\"},\"thumbnailUrl\":\"https:\/\/nitu.mx\/wp-content\/uploads\/2024\/01\/Mexicana-de-Aviacion-Chetumal.jpg\",\"datePublished\":\"2024-01-02T06:02:16+00:00\",\"dateModified\":\"2024-01-02T06:02:17+00:00\",\"breadcrumb\":{\"@id\":\"https:\/\/nitu.mx\/index.php\/2024\/01\/02\/mexicana-de-aviacion-inicia-operaciones-en-chetumal-con-2-frecuencias-semanales\/#breadcrumb\"},\"inLanguage\":\"es-MX\",\"potentialAction\":[{\"@type\":\"ReadAction\",\"target\":[\"https:\/\/nitu.mx\/index.php\/2024\/01\/02\/mexicana-de-aviacion-inicia-operaciones-en-chetumal-con-2-frecuencias-semanales\/\"]}]},{\"@type\":\"ImageObject\",\"inLanguage\":\"es-MX\",\"@id\":\"https:\/\/nitu.mx\/index.php\/2024\/01\/02\/mexicana-de-aviacion-inicia-operaciones-en-chetumal-con-2-frecuencias-semanales\/#primaryimage\",\"url\":\"https:\/\/nitu.mx\/wp-content\/uploads\/2024\/01\/Mexicana-de-Aviacion-Chetumal.jpg\",\"contentUrl\":\"https:\/\/nitu.mx\/wp-content\/uploads\/2024\/01\/Mexicana-de-Aviacion-Chetumal.jpg\",\"width\":1200,\"height\":675,\"caption\":\"Mexicana de Aviaci\u00f3n Chetumal\"},{\"@type\":\"BreadcrumbList\",\"@id\":\"https:\/\/nitu.mx\/index.php\/2024\/01\/02\/mexicana-de-aviacion-inicia-operaciones-en-chetumal-con-2-frecuencias-semanales\/#breadcrumb\",\"itemListElement\":[{\"@type\":\"ListItem\",\"position\":1,\"name\":\"Inicio\",\"item\":\"https:\/\/nitu.mx\/\"},{\"@type\":\"ListItem\",\"position\":2,\"name\":\"Mexicana de Aviaci\u00f3n inicia operaciones en Chetumal con 2 frecuencias semanales\"}]},{\"@type\":\"WebSite\",\"@id\":\"https:\/\/nitu.mx\/#website\",\"url\":\"https:\/\/nitu.mx\/\",\"name\":\"Nitu - Noticias de la Industria Turistica\",\"description\":\"Noticias de la Industria Turistica\",\"publisher\":{\"@id\":\"https:\/\/nitu.mx\/#\/schema\/person\/ae7a53426417292d3dd07b45a33e01bc\"},\"alternateName\":\"Noticias de la Industria Turistica\",\"potentialAction\":[{\"@type\":\"SearchAction\",\"target\":{\"@type\":\"EntryPoint\",\"urlTemplate\":\"https:\/\/nitu.mx\/?s={search_term_string}\"},\"query-input\":\"required name=search_term_string\"}],\"inLanguage\":\"es-MX\"},{\"@type\":[\"Person\",\"Organization\"],\"@id\":\"https:\/\/nitu.mx\/#\/schema\/person\/ae7a53426417292d3dd07b45a33e01bc\",\"name\":\"Arturo Medina\",\"image\":{\"@type\":\"ImageObject\",\"inLanguage\":\"es-MX\",\"@id\":\"https:\/\/nitu.mx\/#\/schema\/person\/image\/\",\"url\":\"https:\/\/nitu.mx\/wp-content\/uploads\/2024\/04\/4A315622-1904-4D5C-B022-878CDC840E04-90x90-1.jpeg\",\"contentUrl\":\"https:\/\/nitu.mx\/wp-content\/uploads\/2024\/04\/4A315622-1904-4D5C-B022-878CDC840E04-90x90-1.jpeg\",\"width\":90,\"height\":90,\"caption\":\"Arturo Medina\"},\"logo\":{\"@id\":\"https:\/\/nitu.mx\/#\/schema\/person\/image\/\"},\"description\":\"Director NITU.mx, Egresado de la Escuela de Periodismo Carlos Septi\u00e9n Garc\u00eda. Periodista y analista especializado en turismo desde hace 35 a\u00f1os, radicado en Canc\u00fan Q.Roo. arturo@nitu.mx\",\"sameAs\":[\"https:\/\/nitu.mx\",\"https:\/\/www.facebook.com\/NITUmx\/\",\"medinacancun\",\"https:\/\/twitter.com\/@Arturo_Medina_G\"]},{\"@type\":\"Person\",\"@id\":\"https:\/\/nitu.mx\/#\/schema\/person\/4a28fe9bd65924f7c90623773daf1b0b\",\"name\":\"Redacci\u00f3n\",\"image\":{\"@type\":\"ImageObject\",\"inLanguage\":\"es-MX\",\"@id\":\"https:\/\/nitu.mx\/#\/schema\/person\/image\/\",\"url\":\"https:\/\/secure.gravatar.com\/avatar\/5dd011c8ccfc5cd7e4c81e42252aab38?s=96&d=mm&r=g\",\"contentUrl\":\"https:\/\/secure.gravatar.com\/avatar\/5dd011c8ccfc5cd7e4c81e42252aab38?s=96&d=mm&r=g\",\"caption\":\"Redacci\u00f3n\"},\"url\":\"https:\/\/nitu.mx\/index.php\/author\/redaccion\/\"}]}<\/script>\n<!-- \/ Yoast SEO plugin. -->","yoast_head_json":{"title":"Mexicana de Aviaci\u00f3n inicia operaciones en Chetumal con 2 frecuencias semanales - Nitu - Noticias de la Industria Turistica","robots":{"index":"index","follow":"follow","max-snippet":"max-snippet:-1","max-image-preview":"max-image-preview:large","max-video-preview":"max-video-preview:-1"},"canonical":"https:\/\/nitu.mx\/index.php\/2024\/01\/02\/mexicana-de-aviacion-inicia-operaciones-en-chetumal-con-2-frecuencias-semanales\/","twitter_card":"summary_large_image","twitter_title":"Mexicana de Aviaci\u00f3n inicia operaciones en Chetumal con 2 frecuencias semanales - Nitu - Noticias de la Industria Turistica","twitter_description":"Este s\u00e1bado 30 de diciembre inici\u00f3 operaciones la aerol\u00ednea Mexicana de Aviaci\u00f3n en el aeropuerto internacional de Chetumal, la capital del estado de Quintana Roo, con frecuencias los d\u00edas martes y s\u00e1bado, hasta el 31 de enero de 2024. El vuelo sali\u00f3 del Aeropuerto Internacional Felipe \u00c1ngeles (AIFA), arribando a Chetumal con 120 pasajeros. Los [&hellip;]","twitter_image":"https:\/\/nitu.mx\/wp-content\/uploads\/2024\/01\/Mexicana-de-Aviacion-Chetumal.jpg","twitter_creator":"@NITUmx","twitter_site":"@Arturo_Medina_G","twitter_misc":{"Escrito por":"Redacci\u00f3n","Tiempo de lectura":"2 minutos"},"schema":{"@context":"https:\/\/schema.org","@graph":[{"@type":"Article","@id":"https:\/\/nitu.mx\/index.php\/2024\/01\/02\/mexicana-de-aviacion-inicia-operaciones-en-chetumal-con-2-frecuencias-semanales\/#article","isPartOf":{"@id":"https:\/\/nitu.mx\/index.php\/2024\/01\/02\/mexicana-de-aviacion-inicia-operaciones-en-chetumal-con-2-frecuencias-semanales\/"},"author":{"name":"Redacci\u00f3n","@id":"https:\/\/nitu.mx\/#\/schema\/person\/4a28fe9bd65924f7c90623773daf1b0b"},"headline":"Mexicana de Aviaci\u00f3n inicia operaciones en Chetumal con 2 frecuencias semanales","datePublished":"2024-01-02T06:02:16+00:00","dateModified":"2024-01-02T06:02:17+00:00","mainEntityOfPage":{"@id":"https:\/\/nitu.mx\/index.php\/2024\/01\/02\/mexicana-de-aviacion-inicia-operaciones-en-chetumal-con-2-frecuencias-semanales\/"},"wordCount":393,"commentCount":0,"publisher":{"@id":"https:\/\/nitu.mx\/#\/schema\/person\/ae7a53426417292d3dd07b45a33e01bc"},"image":{"@id":"https:\/\/nitu.mx\/index.php\/2024\/01\/02\/mexicana-de-aviacion-inicia-operaciones-en-chetumal-con-2-frecuencias-semanales\/#primaryimage"},"thumbnailUrl":"https:\/\/nitu.mx\/wp-content\/uploads\/2024\/01\/Mexicana-de-Aviacion-Chetumal.jpg","keywords":["AIFA","Chetumal","conectividad","Mara Lezama","Mexicana de Aviaci\u00f3n"],"articleSection":["Aerol\u00edneas"],"inLanguage":"es-MX","potentialAction":[{"@type":"CommentAction","name":"Comment","target":["https:\/\/nitu.mx\/index.php\/2024\/01\/02\/mexicana-de-aviacion-inicia-operaciones-en-chetumal-con-2-frecuencias-semanales\/#respond"]}]},{"@type":"WebPage","@id":"https:\/\/nitu.mx\/index.php\/2024\/01\/02\/mexicana-de-aviacion-inicia-operaciones-en-chetumal-con-2-frecuencias-semanales\/","url":"https:\/\/nitu.mx\/index.php\/2024\/01\/02\/mexicana-de-aviacion-inicia-operaciones-en-chetumal-con-2-frecuencias-semanales\/","name":"Mexicana de Aviaci\u00f3n inicia operaciones en Chetumal con 2 frecuencias semanales - Nitu - Noticias de la Industria Turistica","isPartOf":{"@id":"https:\/\/nitu.mx\/#website"},"primaryImageOfPage":{"@id":"https:\/\/nitu.mx\/index.php\/2024\/01\/02\/mexicana-de-aviacion-inicia-operaciones-en-chetumal-con-2-frecuencias-semanales\/#primaryimage"},"image":{"@id":"https:\/\/nitu.mx\/index.php\/2024\/01\/02\/mexicana-de-aviacion-inicia-operaciones-en-chetumal-con-2-frecuencias-semanales\/#primaryimage"},"thumbnailUrl":"https:\/\/nitu.mx\/wp-content\/uploads\/2024\/01\/Mexicana-de-Aviacion-Chetumal.jpg","datePublished":"2024-01-02T06:02:16+00:00","dateModified":"2024-01-02T06:02:17+00:00","breadcrumb":{"@id":"https:\/\/nitu.mx\/index.php\/2024\/01\/02\/mexicana-de-aviacion-inicia-operaciones-en-chetumal-con-2-frecuencias-semanales\/#breadcrumb"},"inLanguage":"es-MX","potentialAction":[{"@type":"ReadAction","target":["https:\/\/nitu.mx\/index.php\/2024\/01\/02\/mexicana-de-aviacion-inicia-operaciones-en-chetumal-con-2-frecuencias-semanales\/"]}]},{"@type":"ImageObject","inLanguage":"es-MX","@id":"https:\/\/nitu.mx\/index.php\/2024\/01\/02\/mexicana-de-aviacion-inicia-operaciones-en-chetumal-con-2-frecuencias-semanales\/#primaryimage","url":"https:\/\/nitu.mx\/wp-content\/uploads\/2024\/01\/Mexicana-de-Aviacion-Chetumal.jpg","contentUrl":"https:\/\/nitu.mx\/wp-content\/uploads\/2024\/01\/Mexicana-de-Aviacion-Chetumal.jpg","width":1200,"height":675,"caption":"Mexicana de Aviaci\u00f3n Chetumal"},{"@type":"BreadcrumbList","@id":"https:\/\/nitu.mx\/index.php\/2024\/01\/02\/mexicana-de-aviacion-inicia-operaciones-en-chetumal-con-2-frecuencias-semanales\/#breadcrumb","itemListElement":[{"@type":"ListItem","position":1,"name":"Inicio","item":"https:\/\/nitu.mx\/"},{"@type":"ListItem","position":2,"name":"Mexicana de Aviaci\u00f3n inicia operaciones en Chetumal con 2 frecuencias semanales"}]},{"@type":"WebSite","@id":"https:\/\/nitu.mx\/#website","url":"https:\/\/nitu.mx\/","name":"Nitu - Noticias de la Industria Turistica","description":"Noticias de la Industria Turistica","publisher":{"@id":"https:\/\/nitu.mx\/#\/schema\/person\/ae7a53426417292d3dd07b45a33e01bc"},"alternateName":"Noticias de la Industria Turistica","potentialAction":[{"@type":"SearchAction","target":{"@type":"EntryPoint","urlTemplate":"https:\/\/nitu.mx\/?s={search_term_string}"},"query-input":"required name=search_term_string"}],"inLanguage":"es-MX"},{"@type":["Person","Organization"],"@id":"https:\/\/nitu.mx\/#\/schema\/person\/ae7a53426417292d3dd07b45a33e01bc","name":"Arturo Medina","image":{"@type":"ImageObject","inLanguage":"es-MX","@id":"https:\/\/nitu.mx\/#\/schema\/person\/image\/","url":"https:\/\/nitu.mx\/wp-content\/uploads\/2024\/04\/4A315622-1904-4D5C-B022-878CDC840E04-90x90-1.jpeg","contentUrl":"https:\/\/nitu.mx\/wp-content\/uploads\/2024\/04\/4A315622-1904-4D5C-B022-878CDC840E04-90x90-1.jpeg","width":90,"height":90,"caption":"Arturo Medina"},"logo":{"@id":"https:\/\/nitu.mx\/#\/schema\/person\/image\/"},"description":"Director NITU.mx, Egresado de la Escuela de Periodismo Carlos Septi\u00e9n Garc\u00eda. Periodista y analista especializado en turismo desde hace 35 a\u00f1os, radicado en Canc\u00fan Q.Roo. arturo@nitu.mx","sameAs":["https:\/\/nitu.mx","https:\/\/www.facebook.com\/NITUmx\/","medinacancun","https:\/\/twitter.com\/@Arturo_Medina_G"]},{"@type":"Person","@id":"https:\/\/nitu.mx\/#\/schema\/person\/4a28fe9bd65924f7c90623773daf1b0b","name":"Redacci\u00f3n","image":{"@type":"ImageObject","inLanguage":"es-MX","@id":"https:\/\/nitu.mx\/#\/schema\/person\/image\/","url":"https:\/\/secure.gravatar.com\/avatar\/5dd011c8ccfc5cd7e4c81e42252aab38?s=96&d=mm&r=g","contentUrl":"https:\/\/secure.gravatar.com\/avatar\/5dd011c8ccfc5cd7e4c81e42252aab38?s=96&d=mm&r=g","caption":"Redacci\u00f3n"},"url":"https:\/\/nitu.mx\/index.php\/author\/redaccion\/"}]}},"views":1248,"_links":{"self":[{"href":"https:\/\/nitu.mx\/index.php\/wp-json\/wp\/v2\/posts\/67494"}],"collection":[{"href":"https:\/\/nitu.mx\/index.php\/wp-json\/wp\/v2\/posts"}],"about":[{"href":"https:\/\/nitu.mx\/index.php\/wp-json\/wp\/v2\/types\/post"}],"author":[{"embeddable":true,"href":"https:\/\/nitu.mx\/index.php\/wp-json\/wp\/v2\/users\/17"}],"replies":[{"embeddable":true,"href":"https:\/\/nitu.mx\/index.php\/wp-json\/wp\/v2\/comments?post=67494"}],"version-history":[{"count":1,"href":"https:\/\/nitu.mx\/index.php\/wp-json\/wp\/v2\/posts\/67494\/revisions"}],"predecessor-version":[{"id":67496,"href":"https:\/\/nitu.mx\/index.php\/wp-json\/wp\/v2\/posts\/67494\/revisions\/67496"}],"wp:featuredmedia":[{"embeddable":true,"href":"https:\/\/nitu.mx\/index.php\/wp-json\/wp\/v2\/media\/67497"}],"wp:attachment":[{"href":"https:\/\/nitu.mx\/index.php\/wp-json\/wp\/v2\/media?parent=67494"}],"wp:term":[{"taxonomy":"category","embeddable":true,"href":"https:\/\/nitu.mx\/index.php\/wp-json\/wp\/v2\/categories?post=67494"},{"taxonomy":"post_tag","embeddable":true,"href":"https:\/\/nitu.mx\/index.php\/wp-json\/wp\/v2\/tags?post=67494"}],"curies":[{"name":"wp","href":"https:\/\/api.w.org\/{rel}","templated":true}]}}