{"id":67462,"date":"2023-12-28T23:00:31","date_gmt":"2023-12-29T05:00:31","guid":{"rendered":"https:\/\/nitu.mx\/?p=67462"},"modified":"2023-12-28T23:17:01","modified_gmt":"2023-12-29T05:17:01","slug":"iberia-incorpora-un-nuevo-a350-next-modelo-que-usa-en-ruta-a-mexico","status":"publish","type":"post","link":"https:\/\/nitu.mx\/index.php\/2023\/12\/28\/iberia-incorpora-un-nuevo-a350-next-modelo-que-usa-en-ruta-a-mexico\/","title":{"rendered":"Iberia incorpora un nuevo A350 Next, modelo que usa en ruta a M\u00e9xico"},"content":{"rendered":"\n<p>Iberia acaba de incorporar un nuevo avi\u00f3n a su flota,\u00a0un A350 de nueva generaci\u00f3n, que ha sido bautizado con el nombre de\u00a0Real Academia Espa\u00f1ola.<\/p>\n\n\n\n<p>El A350 Next es el avi\u00f3n que Iberia utilizar\u00e1 para volar a Tokio cuyos vuelos comenzar\u00e1n el 27 de octubre de 2024 y es tambi\u00e9n el avi\u00f3n empleado para los viajes a M\u00e9xico, Buenos Aires, Santiago de Chile, Bogot\u00e1, Quito, Lima o Nueva York, entre otros.\u00a0<\/p>\n\n\n\n<p>Con la llegada de este nuevo avi\u00f3n, Iberia cuenta ya en su flota con\u00a021 unidades del A350, de los cuales\u00a07 son de nueva generaci\u00f3n\u00a0(A350 Next).<\/p>\n\n\n\n<p>Este moderno avi\u00f3n, equipado con la \u00faltima tecnolog\u00eda, est\u00e1 dise\u00f1ado para volar con la m\u00e1xima eficiencia. La utilizaci\u00f3n de materiales sostenibles ha permitido reducir su peso en una tonelada y mejorar su eficiencia en t\u00e9rminos de consumo de combustible y emisiones en CO2 entre un 30 y un 35 por ciento.<\/p>\n\n\n\n<p>El A350 Next permite adem\u00e1s ofrecer a Iberia una mejor experiencia de viaje a sus clientes con una cabina m\u00e1s ancha, aportando mayor comodidad y permitiendo mejores prestaciones en todas sus clases: Business, Turista Premium y Turista.<\/p>\n\n\n\n<p>Entre las novedades m\u00e1s destacadas, este avi\u00f3n aumenta el confort en todas las cabinas con una mayor privacidad, amplitud y nuevos ambientes de iluminaci\u00f3n. Adem\u00e1s, ofrece una conectividad y entretenimiento a bordo de \u00faltima generaci\u00f3n para que los clientes disfruten al m\u00e1ximo de la experiencia de vuelo.\u00a0(<a href=\"https:\/\/nitu.mx\/index.php\/2023\/08\/30\/iberia-mantiene-a-mexico-con-mayor-capacidad-de-america-latina-en-invierno\/\">Iberia mantiene a M\u00e9xico con mayor capacidad de Am\u00e9rica Latina en invierno<\/a>).<\/p>\n\n\n\n<p>El nombre elegido para denominar al nuevo Airbus A350 Next responde a la vinculaci\u00f3n que Iberia mantiene con personas o instituciones relacionadas con la cultura, como es el caso de la Real Academia Espa\u00f1ola (RAE).\u00a0 <\/p>\n\n\n\n<p>Un gesto con el que\u00a0se quiere reconocer la labor que desempe\u00f1a la Academia velando por la lengua espa\u00f1ola y la conexi\u00f3n de Iberia como divulgador de la imagen y la lengua espa\u00f1ola por el mundo.<\/p>\n","protected":false},"excerpt":{"rendered":"<p>Iberia acaba de incorporar un nuevo avi\u00f3n a su flota,\u00a0un A350 de nueva generaci\u00f3n, que ha sido bautizado con el nombre de\u00a0Real Academia Espa\u00f1ola. El A350 Next es el avi\u00f3n que Iberia utilizar\u00e1 para volar a Tokio cuyos vuelos comenzar\u00e1n el 27 de octubre de 2024 y es tambi\u00e9n el avi\u00f3n empleado para los viajes [&hellip;]<\/p>\n","protected":false},"author":17,"featured_media":67464,"comment_status":"open","ping_status":"open","sticky":false,"template":"","format":"standard","meta":{"footnotes":""},"categories":[29],"tags":[24386,444,1304],"yoast_head":"<!-- This site is optimized with the Yoast SEO plugin v22.2 - https:\/\/yoast.com\/wordpress\/plugins\/seo\/ -->\n<title>Iberia incorpora un nuevo A350 Next, modelo que usa en ruta a M\u00e9xico - Nitu - Noticias de la Industria Turistica<\/title>\n<meta name=\"robots\" content=\"index, follow, max-snippet:-1, max-image-preview:large, max-video-preview:-1\" \/>\n<link rel=\"canonical\" href=\"https:\/\/nitu.mx\/index.php\/2023\/12\/28\/iberia-incorpora-un-nuevo-a350-next-modelo-que-usa-en-ruta-a-mexico\/\" \/>\n<meta name=\"twitter:card\" content=\"summary_large_image\" \/>\n<meta name=\"twitter:title\" content=\"Iberia incorpora un nuevo A350 Next, modelo que usa en ruta a M\u00e9xico - Nitu - Noticias de la Industria Turistica\" \/>\n<meta name=\"twitter:description\" content=\"Iberia acaba de incorporar un nuevo avi\u00f3n a su flota,\u00a0un A350 de nueva generaci\u00f3n, que ha sido bautizado con el nombre de\u00a0Real Academia Espa\u00f1ola. El A350 Next es el avi\u00f3n que Iberia utilizar\u00e1 para volar a Tokio cuyos vuelos comenzar\u00e1n el 27 de octubre de 2024 y es tambi\u00e9n el avi\u00f3n empleado para los viajes [&hellip;]\" \/>\n<meta name=\"twitter:image\" content=\"https:\/\/nitu.mx\/wp-content\/uploads\/2023\/12\/Iberia-A350-Next-RAE.jpg\" \/>\n<meta name=\"twitter:creator\" content=\"@NITUmx\" \/>\n<meta name=\"twitter:site\" content=\"@Arturo_Medina_G\" \/>\n<meta name=\"twitter:label1\" content=\"Escrito por\" \/>\n\t<meta name=\"twitter:data1\" content=\"Redacci\u00f3n\" \/>\n\t<meta name=\"twitter:label2\" content=\"Tiempo de lectura\" \/>\n\t<meta name=\"twitter:data2\" content=\"2 minutos\" \/>\n<script type=\"application\/ld+json\" class=\"yoast-schema-graph\">{\"@context\":\"https:\/\/schema.org\",\"@graph\":[{\"@type\":\"Article\",\"@id\":\"https:\/\/nitu.mx\/index.php\/2023\/12\/28\/iberia-incorpora-un-nuevo-a350-next-modelo-que-usa-en-ruta-a-mexico\/#article\",\"isPartOf\":{\"@id\":\"https:\/\/nitu.mx\/index.php\/2023\/12\/28\/iberia-incorpora-un-nuevo-a350-next-modelo-que-usa-en-ruta-a-mexico\/\"},\"author\":{\"name\":\"Redacci\u00f3n\",\"@id\":\"https:\/\/nitu.mx\/#\/schema\/person\/4a28fe9bd65924f7c90623773daf1b0b\"},\"headline\":\"Iberia incorpora un nuevo A350 Next, modelo que usa en ruta a M\u00e9xico\",\"datePublished\":\"2023-12-29T05:00:31+00:00\",\"dateModified\":\"2023-12-29T05:17:01+00:00\",\"mainEntityOfPage\":{\"@id\":\"https:\/\/nitu.mx\/index.php\/2023\/12\/28\/iberia-incorpora-un-nuevo-a350-next-modelo-que-usa-en-ruta-a-mexico\/\"},\"wordCount\":358,\"commentCount\":0,\"publisher\":{\"@id\":\"https:\/\/nitu.mx\/#\/schema\/person\/ae7a53426417292d3dd07b45a33e01bc\"},\"image\":{\"@id\":\"https:\/\/nitu.mx\/index.php\/2023\/12\/28\/iberia-incorpora-un-nuevo-a350-next-modelo-que-usa-en-ruta-a-mexico\/#primaryimage\"},\"thumbnailUrl\":\"https:\/\/nitu.mx\/wp-content\/uploads\/2023\/12\/Iberia-A350-Next-RAE.jpg\",\"keywords\":[\"A350 Next\",\"Airbus\",\"Iberia\"],\"articleSection\":[\"Aerol\u00edneas\"],\"inLanguage\":\"es-MX\",\"potentialAction\":[{\"@type\":\"CommentAction\",\"name\":\"Comment\",\"target\":[\"https:\/\/nitu.mx\/index.php\/2023\/12\/28\/iberia-incorpora-un-nuevo-a350-next-modelo-que-usa-en-ruta-a-mexico\/#respond\"]}]},{\"@type\":\"WebPage\",\"@id\":\"https:\/\/nitu.mx\/index.php\/2023\/12\/28\/iberia-incorpora-un-nuevo-a350-next-modelo-que-usa-en-ruta-a-mexico\/\",\"url\":\"https:\/\/nitu.mx\/index.php\/2023\/12\/28\/iberia-incorpora-un-nuevo-a350-next-modelo-que-usa-en-ruta-a-mexico\/\",\"name\":\"Iberia incorpora un nuevo A350 Next, modelo que usa en ruta a M\u00e9xico - Nitu - Noticias de la Industria Turistica\",\"isPartOf\":{\"@id\":\"https:\/\/nitu.mx\/#website\"},\"primaryImageOfPage\":{\"@id\":\"https:\/\/nitu.mx\/index.php\/2023\/12\/28\/iberia-incorpora-un-nuevo-a350-next-modelo-que-usa-en-ruta-a-mexico\/#primaryimage\"},\"image\":{\"@id\":\"https:\/\/nitu.mx\/index.php\/2023\/12\/28\/iberia-incorpora-un-nuevo-a350-next-modelo-que-usa-en-ruta-a-mexico\/#primaryimage\"},\"thumbnailUrl\":\"https:\/\/nitu.mx\/wp-content\/uploads\/2023\/12\/Iberia-A350-Next-RAE.jpg\",\"datePublished\":\"2023-12-29T05:00:31+00:00\",\"dateModified\":\"2023-12-29T05:17:01+00:00\",\"breadcrumb\":{\"@id\":\"https:\/\/nitu.mx\/index.php\/2023\/12\/28\/iberia-incorpora-un-nuevo-a350-next-modelo-que-usa-en-ruta-a-mexico\/#breadcrumb\"},\"inLanguage\":\"es-MX\",\"potentialAction\":[{\"@type\":\"ReadAction\",\"target\":[\"https:\/\/nitu.mx\/index.php\/2023\/12\/28\/iberia-incorpora-un-nuevo-a350-next-modelo-que-usa-en-ruta-a-mexico\/\"]}]},{\"@type\":\"ImageObject\",\"inLanguage\":\"es-MX\",\"@id\":\"https:\/\/nitu.mx\/index.php\/2023\/12\/28\/iberia-incorpora-un-nuevo-a350-next-modelo-que-usa-en-ruta-a-mexico\/#primaryimage\",\"url\":\"https:\/\/nitu.mx\/wp-content\/uploads\/2023\/12\/Iberia-A350-Next-RAE.jpg\",\"contentUrl\":\"https:\/\/nitu.mx\/wp-content\/uploads\/2023\/12\/Iberia-A350-Next-RAE.jpg\",\"width\":1200,\"height\":675,\"caption\":\"Iberia\"},{\"@type\":\"BreadcrumbList\",\"@id\":\"https:\/\/nitu.mx\/index.php\/2023\/12\/28\/iberia-incorpora-un-nuevo-a350-next-modelo-que-usa-en-ruta-a-mexico\/#breadcrumb\",\"itemListElement\":[{\"@type\":\"ListItem\",\"position\":1,\"name\":\"Inicio\",\"item\":\"https:\/\/nitu.mx\/\"},{\"@type\":\"ListItem\",\"position\":2,\"name\":\"Iberia incorpora un nuevo A350 Next, modelo que usa en ruta a M\u00e9xico\"}]},{\"@type\":\"WebSite\",\"@id\":\"https:\/\/nitu.mx\/#website\",\"url\":\"https:\/\/nitu.mx\/\",\"name\":\"Nitu - Noticias de la Industria Turistica\",\"description\":\"Noticias de la Industria Turistica\",\"publisher\":{\"@id\":\"https:\/\/nitu.mx\/#\/schema\/person\/ae7a53426417292d3dd07b45a33e01bc\"},\"alternateName\":\"Noticias de la Industria Turistica\",\"potentialAction\":[{\"@type\":\"SearchAction\",\"target\":{\"@type\":\"EntryPoint\",\"urlTemplate\":\"https:\/\/nitu.mx\/?s={search_term_string}\"},\"query-input\":\"required name=search_term_string\"}],\"inLanguage\":\"es-MX\"},{\"@type\":[\"Person\",\"Organization\"],\"@id\":\"https:\/\/nitu.mx\/#\/schema\/person\/ae7a53426417292d3dd07b45a33e01bc\",\"name\":\"Arturo Medina\",\"image\":{\"@type\":\"ImageObject\",\"inLanguage\":\"es-MX\",\"@id\":\"https:\/\/nitu.mx\/#\/schema\/person\/image\/\",\"url\":\"https:\/\/nitu.mx\/wp-content\/uploads\/2024\/04\/4A315622-1904-4D5C-B022-878CDC840E04-90x90-1.jpeg\",\"contentUrl\":\"https:\/\/nitu.mx\/wp-content\/uploads\/2024\/04\/4A315622-1904-4D5C-B022-878CDC840E04-90x90-1.jpeg\",\"width\":90,\"height\":90,\"caption\":\"Arturo Medina\"},\"logo\":{\"@id\":\"https:\/\/nitu.mx\/#\/schema\/person\/image\/\"},\"description\":\"Director NITU.mx, Egresado de la Escuela de Periodismo Carlos Septi\u00e9n Garc\u00eda. Periodista y analista especializado en turismo desde hace 35 a\u00f1os, radicado en Canc\u00fan Q.Roo. arturo@nitu.mx\",\"sameAs\":[\"https:\/\/nitu.mx\",\"https:\/\/www.facebook.com\/NITUmx\/\",\"medinacancun\",\"https:\/\/twitter.com\/@Arturo_Medina_G\"]},{\"@type\":\"Person\",\"@id\":\"https:\/\/nitu.mx\/#\/schema\/person\/4a28fe9bd65924f7c90623773daf1b0b\",\"name\":\"Redacci\u00f3n\",\"image\":{\"@type\":\"ImageObject\",\"inLanguage\":\"es-MX\",\"@id\":\"https:\/\/nitu.mx\/#\/schema\/person\/image\/\",\"url\":\"https:\/\/secure.gravatar.com\/avatar\/5dd011c8ccfc5cd7e4c81e42252aab38?s=96&d=mm&r=g\",\"contentUrl\":\"https:\/\/secure.gravatar.com\/avatar\/5dd011c8ccfc5cd7e4c81e42252aab38?s=96&d=mm&r=g\",\"caption\":\"Redacci\u00f3n\"},\"url\":\"https:\/\/nitu.mx\/index.php\/author\/redaccion\/\"}]}<\/script>\n<!-- \/ Yoast SEO plugin. -->","yoast_head_json":{"title":"Iberia incorpora un nuevo A350 Next, modelo que usa en ruta a M\u00e9xico - Nitu - Noticias de la Industria Turistica","robots":{"index":"index","follow":"follow","max-snippet":"max-snippet:-1","max-image-preview":"max-image-preview:large","max-video-preview":"max-video-preview:-1"},"canonical":"https:\/\/nitu.mx\/index.php\/2023\/12\/28\/iberia-incorpora-un-nuevo-a350-next-modelo-que-usa-en-ruta-a-mexico\/","twitter_card":"summary_large_image","twitter_title":"Iberia incorpora un nuevo A350 Next, modelo que usa en ruta a M\u00e9xico - Nitu - Noticias de la Industria Turistica","twitter_description":"Iberia acaba de incorporar un nuevo avi\u00f3n a su flota,\u00a0un A350 de nueva generaci\u00f3n, que ha sido bautizado con el nombre de\u00a0Real Academia Espa\u00f1ola. El A350 Next es el avi\u00f3n que Iberia utilizar\u00e1 para volar a Tokio cuyos vuelos comenzar\u00e1n el 27 de octubre de 2024 y es tambi\u00e9n el avi\u00f3n empleado para los viajes [&hellip;]","twitter_image":"https:\/\/nitu.mx\/wp-content\/uploads\/2023\/12\/Iberia-A350-Next-RAE.jpg","twitter_creator":"@NITUmx","twitter_site":"@Arturo_Medina_G","twitter_misc":{"Escrito por":"Redacci\u00f3n","Tiempo de lectura":"2 minutos"},"schema":{"@context":"https:\/\/schema.org","@graph":[{"@type":"Article","@id":"https:\/\/nitu.mx\/index.php\/2023\/12\/28\/iberia-incorpora-un-nuevo-a350-next-modelo-que-usa-en-ruta-a-mexico\/#article","isPartOf":{"@id":"https:\/\/nitu.mx\/index.php\/2023\/12\/28\/iberia-incorpora-un-nuevo-a350-next-modelo-que-usa-en-ruta-a-mexico\/"},"author":{"name":"Redacci\u00f3n","@id":"https:\/\/nitu.mx\/#\/schema\/person\/4a28fe9bd65924f7c90623773daf1b0b"},"headline":"Iberia incorpora un nuevo A350 Next, modelo que usa en ruta a M\u00e9xico","datePublished":"2023-12-29T05:00:31+00:00","dateModified":"2023-12-29T05:17:01+00:00","mainEntityOfPage":{"@id":"https:\/\/nitu.mx\/index.php\/2023\/12\/28\/iberia-incorpora-un-nuevo-a350-next-modelo-que-usa-en-ruta-a-mexico\/"},"wordCount":358,"commentCount":0,"publisher":{"@id":"https:\/\/nitu.mx\/#\/schema\/person\/ae7a53426417292d3dd07b45a33e01bc"},"image":{"@id":"https:\/\/nitu.mx\/index.php\/2023\/12\/28\/iberia-incorpora-un-nuevo-a350-next-modelo-que-usa-en-ruta-a-mexico\/#primaryimage"},"thumbnailUrl":"https:\/\/nitu.mx\/wp-content\/uploads\/2023\/12\/Iberia-A350-Next-RAE.jpg","keywords":["A350 Next","Airbus","Iberia"],"articleSection":["Aerol\u00edneas"],"inLanguage":"es-MX","potentialAction":[{"@type":"CommentAction","name":"Comment","target":["https:\/\/nitu.mx\/index.php\/2023\/12\/28\/iberia-incorpora-un-nuevo-a350-next-modelo-que-usa-en-ruta-a-mexico\/#respond"]}]},{"@type":"WebPage","@id":"https:\/\/nitu.mx\/index.php\/2023\/12\/28\/iberia-incorpora-un-nuevo-a350-next-modelo-que-usa-en-ruta-a-mexico\/","url":"https:\/\/nitu.mx\/index.php\/2023\/12\/28\/iberia-incorpora-un-nuevo-a350-next-modelo-que-usa-en-ruta-a-mexico\/","name":"Iberia incorpora un nuevo A350 Next, modelo que usa en ruta a M\u00e9xico - Nitu - Noticias de la Industria Turistica","isPartOf":{"@id":"https:\/\/nitu.mx\/#website"},"primaryImageOfPage":{"@id":"https:\/\/nitu.mx\/index.php\/2023\/12\/28\/iberia-incorpora-un-nuevo-a350-next-modelo-que-usa-en-ruta-a-mexico\/#primaryimage"},"image":{"@id":"https:\/\/nitu.mx\/index.php\/2023\/12\/28\/iberia-incorpora-un-nuevo-a350-next-modelo-que-usa-en-ruta-a-mexico\/#primaryimage"},"thumbnailUrl":"https:\/\/nitu.mx\/wp-content\/uploads\/2023\/12\/Iberia-A350-Next-RAE.jpg","datePublished":"2023-12-29T05:00:31+00:00","dateModified":"2023-12-29T05:17:01+00:00","breadcrumb":{"@id":"https:\/\/nitu.mx\/index.php\/2023\/12\/28\/iberia-incorpora-un-nuevo-a350-next-modelo-que-usa-en-ruta-a-mexico\/#breadcrumb"},"inLanguage":"es-MX","potentialAction":[{"@type":"ReadAction","target":["https:\/\/nitu.mx\/index.php\/2023\/12\/28\/iberia-incorpora-un-nuevo-a350-next-modelo-que-usa-en-ruta-a-mexico\/"]}]},{"@type":"ImageObject","inLanguage":"es-MX","@id":"https:\/\/nitu.mx\/index.php\/2023\/12\/28\/iberia-incorpora-un-nuevo-a350-next-modelo-que-usa-en-ruta-a-mexico\/#primaryimage","url":"https:\/\/nitu.mx\/wp-content\/uploads\/2023\/12\/Iberia-A350-Next-RAE.jpg","contentUrl":"https:\/\/nitu.mx\/wp-content\/uploads\/2023\/12\/Iberia-A350-Next-RAE.jpg","width":1200,"height":675,"caption":"Iberia"},{"@type":"BreadcrumbList","@id":"https:\/\/nitu.mx\/index.php\/2023\/12\/28\/iberia-incorpora-un-nuevo-a350-next-modelo-que-usa-en-ruta-a-mexico\/#breadcrumb","itemListElement":[{"@type":"ListItem","position":1,"name":"Inicio","item":"https:\/\/nitu.mx\/"},{"@type":"ListItem","position":2,"name":"Iberia incorpora un nuevo A350 Next, modelo que usa en ruta a M\u00e9xico"}]},{"@type":"WebSite","@id":"https:\/\/nitu.mx\/#website","url":"https:\/\/nitu.mx\/","name":"Nitu - Noticias de la Industria Turistica","description":"Noticias de la Industria Turistica","publisher":{"@id":"https:\/\/nitu.mx\/#\/schema\/person\/ae7a53426417292d3dd07b45a33e01bc"},"alternateName":"Noticias de la Industria Turistica","potentialAction":[{"@type":"SearchAction","target":{"@type":"EntryPoint","urlTemplate":"https:\/\/nitu.mx\/?s={search_term_string}"},"query-input":"required name=search_term_string"}],"inLanguage":"es-MX"},{"@type":["Person","Organization"],"@id":"https:\/\/nitu.mx\/#\/schema\/person\/ae7a53426417292d3dd07b45a33e01bc","name":"Arturo Medina","image":{"@type":"ImageObject","inLanguage":"es-MX","@id":"https:\/\/nitu.mx\/#\/schema\/person\/image\/","url":"https:\/\/nitu.mx\/wp-content\/uploads\/2024\/04\/4A315622-1904-4D5C-B022-878CDC840E04-90x90-1.jpeg","contentUrl":"https:\/\/nitu.mx\/wp-content\/uploads\/2024\/04\/4A315622-1904-4D5C-B022-878CDC840E04-90x90-1.jpeg","width":90,"height":90,"caption":"Arturo Medina"},"logo":{"@id":"https:\/\/nitu.mx\/#\/schema\/person\/image\/"},"description":"Director NITU.mx, Egresado de la Escuela de Periodismo Carlos Septi\u00e9n Garc\u00eda. Periodista y analista especializado en turismo desde hace 35 a\u00f1os, radicado en Canc\u00fan Q.Roo. arturo@nitu.mx","sameAs":["https:\/\/nitu.mx","https:\/\/www.facebook.com\/NITUmx\/","medinacancun","https:\/\/twitter.com\/@Arturo_Medina_G"]},{"@type":"Person","@id":"https:\/\/nitu.mx\/#\/schema\/person\/4a28fe9bd65924f7c90623773daf1b0b","name":"Redacci\u00f3n","image":{"@type":"ImageObject","inLanguage":"es-MX","@id":"https:\/\/nitu.mx\/#\/schema\/person\/image\/","url":"https:\/\/secure.gravatar.com\/avatar\/5dd011c8ccfc5cd7e4c81e42252aab38?s=96&d=mm&r=g","contentUrl":"https:\/\/secure.gravatar.com\/avatar\/5dd011c8ccfc5cd7e4c81e42252aab38?s=96&d=mm&r=g","caption":"Redacci\u00f3n"},"url":"https:\/\/nitu.mx\/index.php\/author\/redaccion\/"}]}},"views":1717,"_links":{"self":[{"href":"https:\/\/nitu.mx\/index.php\/wp-json\/wp\/v2\/posts\/67462"}],"collection":[{"href":"https:\/\/nitu.mx\/index.php\/wp-json\/wp\/v2\/posts"}],"about":[{"href":"https:\/\/nitu.mx\/index.php\/wp-json\/wp\/v2\/types\/post"}],"author":[{"embeddable":true,"href":"https:\/\/nitu.mx\/index.php\/wp-json\/wp\/v2\/users\/17"}],"replies":[{"embeddable":true,"href":"https:\/\/nitu.mx\/index.php\/wp-json\/wp\/v2\/comments?post=67462"}],"version-history":[{"count":1,"href":"https:\/\/nitu.mx\/index.php\/wp-json\/wp\/v2\/posts\/67462\/revisions"}],"predecessor-version":[{"id":67465,"href":"https:\/\/nitu.mx\/index.php\/wp-json\/wp\/v2\/posts\/67462\/revisions\/67465"}],"wp:featuredmedia":[{"embeddable":true,"href":"https:\/\/nitu.mx\/index.php\/wp-json\/wp\/v2\/media\/67464"}],"wp:attachment":[{"href":"https:\/\/nitu.mx\/index.php\/wp-json\/wp\/v2\/media?parent=67462"}],"wp:term":[{"taxonomy":"category","embeddable":true,"href":"https:\/\/nitu.mx\/index.php\/wp-json\/wp\/v2\/categories?post=67462"},{"taxonomy":"post_tag","embeddable":true,"href":"https:\/\/nitu.mx\/index.php\/wp-json\/wp\/v2\/tags?post=67462"}],"curies":[{"name":"wp","href":"https:\/\/api.w.org\/{rel}","templated":true}]}}