{"id":67448,"date":"2023-12-28T23:10:41","date_gmt":"2023-12-29T05:10:41","guid":{"rendered":"https:\/\/nitu.mx\/?p=67448"},"modified":"2023-12-28T23:17:58","modified_gmt":"2023-12-29T05:17:58","slug":"mexicana-de-aviacion-aterriza-en-ixtapa-zihuatanejo-con-mas-de-7-frecuencias-semanales","status":"publish","type":"post","link":"https:\/\/nitu.mx\/index.php\/2023\/12\/28\/mexicana-de-aviacion-aterriza-en-ixtapa-zihuatanejo-con-mas-de-7-frecuencias-semanales\/","title":{"rendered":"Mexicana de Aviaci\u00f3n aterriza en Ixtapa Zihuatanejo con m\u00e1s de 7 frecuencias semanales"},"content":{"rendered":"\n<p>Con el inicio de operaciones de Mexicana de Aviaci\u00f3n, arrib\u00f3 tambi\u00e9n el primer vuelo de la aerol\u00ednea reci\u00e9n inaugurada al Aeropuerto Internacional de Ixtapa Zihuatanejo desde el Aeropuerto Internacional Felipe \u00c1ngeles (AIFA), con la ruta que tendr\u00e1 una frecuencia diaria y dos los lunes, mi\u00e9rcoles, viernes y domingos, para brindar una amplia oferta a los viajeros nacionales y extranjeros hacia el destino.<\/p>\n\n\n\n<p>Mexicana de Aviaci\u00f3n inici\u00f3 sus operaciones desde el AIFA a partir del 26 de diciembre con una flota de 5 aviones en operaci\u00f3n, tres 737-800 y dos Embraer, con ofertas y beneficios para las primeras personas en adquirir sus boletos para viajar desde el Estado de M\u00e9xico hacia uno de los destinos nacionales disponibles. (<a href=\"https:\/\/nitu.mx\/index.php\/2023\/12\/26\/primer-vuelo-de-mexicana-cambio-el-destino\/\">Primer vuelo de Mexicana cambi\u00f3 el destino<\/a>).<\/p>\n\n\n\n<p>Algunos de los beneficios por lanzamiento para los viajeros de Mexicana de Aviaci\u00f3n, de acuerdo a su p\u00e1gina oficial, es sin cargos en la asignaci\u00f3n de asientos, bebidas de cortes\u00eda, equipaje de mano, art\u00edculo personal de 10 kg y equipaje documentado de 15 kg incluidos, entre otros beneficios.<\/p>\n\n\n\n<p>El director ejecutivo de la Oficina de Convenciones y Visitantes de Ixtapa Zihuatanejo, Pedro Castel\u00e1n Reyna, se mostr\u00f3 entusiasmado con este nuevo vuelo y sobre todo por la cantidad de frecuencias semanales y se\u00f1al\u00f3 que \u201ccon la llegada de esta nueva ruta a Ixtapa Zihuatanejo, se lograr\u00e1 cubrir la alta demanda de los viajeros desde el Estado de M\u00e9xico&#8221;.<\/p>\n\n\n\n<p>Castel\u00e1n Reyna agreg\u00f3 que &#8220;este vuelo y m\u00e1s son una realidad y es resultado de nuestras acciones en conjunto con el gobierno estatal y municipal, nuestros amigos de OMA Aeropuertos, las Asociaciones de Hoteles y a todos que lo hacen esto posible, sin duda esta ruta traer\u00e1 beneficios muy importantes para el destino, estamos cerrando el 2023 recibiendo a miles de turistas nacionales e internacionales que arriban a nuestro aeropuerto para disfrutar de este bello Pueblo M\u00e1gico\u201d.<\/p>\n\n\n\n<p>Ixtapa Zihuatanejo es el destino tur\u00edstico que une a la tradicional villa de pescadores de Zihuatanejo, reci\u00e9n nombrado Pueblo M\u00e1gico; con el sofisticado desarrollo e infraestructura de Ixtapa. <\/p>\n\n\n\n<p>Con sus atractivos como el muelle de cruceros, el paseo de Playa Linda y el Paseo del Pescador, se ha vuelto el lugar favorito para viajeros nacionales e internacionales por las experiencias \u00fanicas que ofrece: la calidez del buen vivir local, la variedad de actividades ecotur\u00edsticas, deportes como el surf en agua templada todo el a\u00f1o, buceo, ciclismo y pesca, aunado a la vasta cultura gastron\u00f3mica, se ha convertido en el plan perfecto para unas vacaciones estupendas.<\/p>\n\n\n\n<p>La aerol\u00ednea Mexicana de Aviaci\u00f3n suspendi\u00f3 operaciones en 2010 y m\u00e1s de una d\u00e9cada despu\u00e9s, reinicia operaciones con una flota a cargo de la Secretar\u00eda de la Defensa Nacional (empresa Olmeca-Maya-Mexica) con operaciones desde el Aeropuerto Internacional Felipe \u00c1ngeles (AIFA).<\/p>\n\n\n\n<p>El 18 de mayo de 2023 se public\u00f3 en el Diario Oficial de la Federaci\u00f3n la creaci\u00f3n de la empresa Aerol\u00ednea del Estado Mexicano, S.A. de C.V. que podr\u00e1 &#8220;promover, explotar y prestar el servicio p\u00fablico de transporte a\u00e9reo regular nacional e internacional de pasajeros, carga, correo o una combinaci\u00f3n de \u00e9stos, por cuenta propia o, a trav\u00e9s de personas p\u00fablicas o privadas\u201d.<\/p>\n\n\n\n<p>Mexicana de Aviaci\u00f3n promete llegar, desde la capital mexicana, a trav\u00e9s del AIFA, a los principales destinos tur\u00edsticos del pa\u00eds y, adem\u00e1s a destinos a los que en este momento no llegan las otras l\u00edneas a\u00e9reas comerciales.<\/p>\n","protected":false},"excerpt":{"rendered":"<p>Con el inicio de operaciones de Mexicana de Aviaci\u00f3n, arrib\u00f3 tambi\u00e9n el primer vuelo de la aerol\u00ednea reci\u00e9n inaugurada al Aeropuerto Internacional de Ixtapa Zihuatanejo desde el Aeropuerto Internacional Felipe \u00c1ngeles (AIFA), con la ruta que tendr\u00e1 una frecuencia diaria y dos los lunes, mi\u00e9rcoles, viernes y domingos, para brindar una amplia oferta a los [&hellip;]<\/p>\n","protected":false},"author":17,"featured_media":67450,"comment_status":"open","ping_status":"open","sticky":false,"template":"","format":"standard","meta":{"footnotes":""},"categories":[29],"tags":[21925,214,568,212],"yoast_head":"<!-- This site is optimized with the Yoast SEO plugin v22.2 - https:\/\/yoast.com\/wordpress\/plugins\/seo\/ -->\n<title>Mexicana de Aviaci\u00f3n aterriza en Ixtapa Zihuatanejo con m\u00e1s de 7 frecuencias semanales - Nitu - Noticias de la Industria Turistica<\/title>\n<meta name=\"robots\" content=\"index, follow, max-snippet:-1, max-image-preview:large, max-video-preview:-1\" \/>\n<link rel=\"canonical\" href=\"https:\/\/nitu.mx\/index.php\/2023\/12\/28\/mexicana-de-aviacion-aterriza-en-ixtapa-zihuatanejo-con-mas-de-7-frecuencias-semanales\/\" \/>\n<meta name=\"twitter:card\" content=\"summary_large_image\" \/>\n<meta name=\"twitter:title\" content=\"Mexicana de Aviaci\u00f3n aterriza en Ixtapa Zihuatanejo con m\u00e1s de 7 frecuencias semanales - Nitu - Noticias de la Industria Turistica\" \/>\n<meta name=\"twitter:description\" content=\"Con el inicio de operaciones de Mexicana de Aviaci\u00f3n, arrib\u00f3 tambi\u00e9n el primer vuelo de la aerol\u00ednea reci\u00e9n inaugurada al Aeropuerto Internacional de Ixtapa Zihuatanejo desde el Aeropuerto Internacional Felipe \u00c1ngeles (AIFA), con la ruta que tendr\u00e1 una frecuencia diaria y dos los lunes, mi\u00e9rcoles, viernes y domingos, para brindar una amplia oferta a los [&hellip;]\" \/>\n<meta name=\"twitter:image\" content=\"https:\/\/nitu.mx\/wp-content\/uploads\/2023\/12\/Mexicana-de-Aviacion-Ixtapa-Zihuatanejo.jpg\" \/>\n<meta name=\"twitter:creator\" content=\"@NITUmx\" \/>\n<meta name=\"twitter:site\" content=\"@Arturo_Medina_G\" \/>\n<meta name=\"twitter:label1\" content=\"Escrito por\" \/>\n\t<meta name=\"twitter:data1\" content=\"Redacci\u00f3n\" \/>\n\t<meta name=\"twitter:label2\" content=\"Tiempo de lectura\" \/>\n\t<meta name=\"twitter:data2\" content=\"3 minutos\" \/>\n<script type=\"application\/ld+json\" class=\"yoast-schema-graph\">{\"@context\":\"https:\/\/schema.org\",\"@graph\":[{\"@type\":\"Article\",\"@id\":\"https:\/\/nitu.mx\/index.php\/2023\/12\/28\/mexicana-de-aviacion-aterriza-en-ixtapa-zihuatanejo-con-mas-de-7-frecuencias-semanales\/#article\",\"isPartOf\":{\"@id\":\"https:\/\/nitu.mx\/index.php\/2023\/12\/28\/mexicana-de-aviacion-aterriza-en-ixtapa-zihuatanejo-con-mas-de-7-frecuencias-semanales\/\"},\"author\":{\"name\":\"Redacci\u00f3n\",\"@id\":\"https:\/\/nitu.mx\/#\/schema\/person\/4a28fe9bd65924f7c90623773daf1b0b\"},\"headline\":\"Mexicana de Aviaci\u00f3n aterriza en Ixtapa Zihuatanejo con m\u00e1s de 7 frecuencias semanales\",\"datePublished\":\"2023-12-29T05:10:41+00:00\",\"dateModified\":\"2023-12-29T05:17:58+00:00\",\"mainEntityOfPage\":{\"@id\":\"https:\/\/nitu.mx\/index.php\/2023\/12\/28\/mexicana-de-aviacion-aterriza-en-ixtapa-zihuatanejo-con-mas-de-7-frecuencias-semanales\/\"},\"wordCount\":606,\"commentCount\":0,\"publisher\":{\"@id\":\"https:\/\/nitu.mx\/#\/schema\/person\/ae7a53426417292d3dd07b45a33e01bc\"},\"image\":{\"@id\":\"https:\/\/nitu.mx\/index.php\/2023\/12\/28\/mexicana-de-aviacion-aterriza-en-ixtapa-zihuatanejo-con-mas-de-7-frecuencias-semanales\/#primaryimage\"},\"thumbnailUrl\":\"https:\/\/nitu.mx\/wp-content\/uploads\/2023\/12\/Mexicana-de-Aviacion-Ixtapa-Zihuatanejo.jpg\",\"keywords\":[\"AIFA\",\"Ixtapa Zihuatanejo\",\"Mexicana de Aviaci\u00f3n\",\"Pedro Castel\u00e1n\"],\"articleSection\":[\"Aerol\u00edneas\"],\"inLanguage\":\"es-MX\",\"potentialAction\":[{\"@type\":\"CommentAction\",\"name\":\"Comment\",\"target\":[\"https:\/\/nitu.mx\/index.php\/2023\/12\/28\/mexicana-de-aviacion-aterriza-en-ixtapa-zihuatanejo-con-mas-de-7-frecuencias-semanales\/#respond\"]}]},{\"@type\":\"WebPage\",\"@id\":\"https:\/\/nitu.mx\/index.php\/2023\/12\/28\/mexicana-de-aviacion-aterriza-en-ixtapa-zihuatanejo-con-mas-de-7-frecuencias-semanales\/\",\"url\":\"https:\/\/nitu.mx\/index.php\/2023\/12\/28\/mexicana-de-aviacion-aterriza-en-ixtapa-zihuatanejo-con-mas-de-7-frecuencias-semanales\/\",\"name\":\"Mexicana de Aviaci\u00f3n aterriza en Ixtapa Zihuatanejo con m\u00e1s de 7 frecuencias semanales - Nitu - Noticias de la Industria Turistica\",\"isPartOf\":{\"@id\":\"https:\/\/nitu.mx\/#website\"},\"primaryImageOfPage\":{\"@id\":\"https:\/\/nitu.mx\/index.php\/2023\/12\/28\/mexicana-de-aviacion-aterriza-en-ixtapa-zihuatanejo-con-mas-de-7-frecuencias-semanales\/#primaryimage\"},\"image\":{\"@id\":\"https:\/\/nitu.mx\/index.php\/2023\/12\/28\/mexicana-de-aviacion-aterriza-en-ixtapa-zihuatanejo-con-mas-de-7-frecuencias-semanales\/#primaryimage\"},\"thumbnailUrl\":\"https:\/\/nitu.mx\/wp-content\/uploads\/2023\/12\/Mexicana-de-Aviacion-Ixtapa-Zihuatanejo.jpg\",\"datePublished\":\"2023-12-29T05:10:41+00:00\",\"dateModified\":\"2023-12-29T05:17:58+00:00\",\"breadcrumb\":{\"@id\":\"https:\/\/nitu.mx\/index.php\/2023\/12\/28\/mexicana-de-aviacion-aterriza-en-ixtapa-zihuatanejo-con-mas-de-7-frecuencias-semanales\/#breadcrumb\"},\"inLanguage\":\"es-MX\",\"potentialAction\":[{\"@type\":\"ReadAction\",\"target\":[\"https:\/\/nitu.mx\/index.php\/2023\/12\/28\/mexicana-de-aviacion-aterriza-en-ixtapa-zihuatanejo-con-mas-de-7-frecuencias-semanales\/\"]}]},{\"@type\":\"ImageObject\",\"inLanguage\":\"es-MX\",\"@id\":\"https:\/\/nitu.mx\/index.php\/2023\/12\/28\/mexicana-de-aviacion-aterriza-en-ixtapa-zihuatanejo-con-mas-de-7-frecuencias-semanales\/#primaryimage\",\"url\":\"https:\/\/nitu.mx\/wp-content\/uploads\/2023\/12\/Mexicana-de-Aviacion-Ixtapa-Zihuatanejo.jpg\",\"contentUrl\":\"https:\/\/nitu.mx\/wp-content\/uploads\/2023\/12\/Mexicana-de-Aviacion-Ixtapa-Zihuatanejo.jpg\",\"width\":1200,\"height\":675,\"caption\":\"Mexicana de Aviaci\u00f3n\"},{\"@type\":\"BreadcrumbList\",\"@id\":\"https:\/\/nitu.mx\/index.php\/2023\/12\/28\/mexicana-de-aviacion-aterriza-en-ixtapa-zihuatanejo-con-mas-de-7-frecuencias-semanales\/#breadcrumb\",\"itemListElement\":[{\"@type\":\"ListItem\",\"position\":1,\"name\":\"Inicio\",\"item\":\"https:\/\/nitu.mx\/\"},{\"@type\":\"ListItem\",\"position\":2,\"name\":\"Mexicana de Aviaci\u00f3n aterriza en Ixtapa Zihuatanejo con m\u00e1s de 7 frecuencias semanales\"}]},{\"@type\":\"WebSite\",\"@id\":\"https:\/\/nitu.mx\/#website\",\"url\":\"https:\/\/nitu.mx\/\",\"name\":\"Nitu - Noticias de la Industria Turistica\",\"description\":\"Noticias de la Industria Turistica\",\"publisher\":{\"@id\":\"https:\/\/nitu.mx\/#\/schema\/person\/ae7a53426417292d3dd07b45a33e01bc\"},\"alternateName\":\"Noticias de la Industria Turistica\",\"potentialAction\":[{\"@type\":\"SearchAction\",\"target\":{\"@type\":\"EntryPoint\",\"urlTemplate\":\"https:\/\/nitu.mx\/?s={search_term_string}\"},\"query-input\":\"required name=search_term_string\"}],\"inLanguage\":\"es-MX\"},{\"@type\":[\"Person\",\"Organization\"],\"@id\":\"https:\/\/nitu.mx\/#\/schema\/person\/ae7a53426417292d3dd07b45a33e01bc\",\"name\":\"Arturo Medina\",\"image\":{\"@type\":\"ImageObject\",\"inLanguage\":\"es-MX\",\"@id\":\"https:\/\/nitu.mx\/#\/schema\/person\/image\/\",\"url\":\"https:\/\/nitu.mx\/wp-content\/uploads\/2024\/04\/4A315622-1904-4D5C-B022-878CDC840E04-90x90-1.jpeg\",\"contentUrl\":\"https:\/\/nitu.mx\/wp-content\/uploads\/2024\/04\/4A315622-1904-4D5C-B022-878CDC840E04-90x90-1.jpeg\",\"width\":90,\"height\":90,\"caption\":\"Arturo Medina\"},\"logo\":{\"@id\":\"https:\/\/nitu.mx\/#\/schema\/person\/image\/\"},\"description\":\"Director NITU.mx, Egresado de la Escuela de Periodismo Carlos Septi\u00e9n Garc\u00eda. Periodista y analista especializado en turismo desde hace 35 a\u00f1os, radicado en Canc\u00fan Q.Roo. arturo@nitu.mx\",\"sameAs\":[\"https:\/\/nitu.mx\",\"https:\/\/www.facebook.com\/NITUmx\/\",\"medinacancun\",\"https:\/\/twitter.com\/@Arturo_Medina_G\"]},{\"@type\":\"Person\",\"@id\":\"https:\/\/nitu.mx\/#\/schema\/person\/4a28fe9bd65924f7c90623773daf1b0b\",\"name\":\"Redacci\u00f3n\",\"image\":{\"@type\":\"ImageObject\",\"inLanguage\":\"es-MX\",\"@id\":\"https:\/\/nitu.mx\/#\/schema\/person\/image\/\",\"url\":\"https:\/\/secure.gravatar.com\/avatar\/5dd011c8ccfc5cd7e4c81e42252aab38?s=96&d=mm&r=g\",\"contentUrl\":\"https:\/\/secure.gravatar.com\/avatar\/5dd011c8ccfc5cd7e4c81e42252aab38?s=96&d=mm&r=g\",\"caption\":\"Redacci\u00f3n\"},\"url\":\"https:\/\/nitu.mx\/index.php\/author\/redaccion\/\"}]}<\/script>\n<!-- \/ Yoast SEO plugin. -->","yoast_head_json":{"title":"Mexicana de Aviaci\u00f3n aterriza en Ixtapa Zihuatanejo con m\u00e1s de 7 frecuencias semanales - Nitu - Noticias de la Industria Turistica","robots":{"index":"index","follow":"follow","max-snippet":"max-snippet:-1","max-image-preview":"max-image-preview:large","max-video-preview":"max-video-preview:-1"},"canonical":"https:\/\/nitu.mx\/index.php\/2023\/12\/28\/mexicana-de-aviacion-aterriza-en-ixtapa-zihuatanejo-con-mas-de-7-frecuencias-semanales\/","twitter_card":"summary_large_image","twitter_title":"Mexicana de Aviaci\u00f3n aterriza en Ixtapa Zihuatanejo con m\u00e1s de 7 frecuencias semanales - Nitu - Noticias de la Industria Turistica","twitter_description":"Con el inicio de operaciones de Mexicana de Aviaci\u00f3n, arrib\u00f3 tambi\u00e9n el primer vuelo de la aerol\u00ednea reci\u00e9n inaugurada al Aeropuerto Internacional de Ixtapa Zihuatanejo desde el Aeropuerto Internacional Felipe \u00c1ngeles (AIFA), con la ruta que tendr\u00e1 una frecuencia diaria y dos los lunes, mi\u00e9rcoles, viernes y domingos, para brindar una amplia oferta a los [&hellip;]","twitter_image":"https:\/\/nitu.mx\/wp-content\/uploads\/2023\/12\/Mexicana-de-Aviacion-Ixtapa-Zihuatanejo.jpg","twitter_creator":"@NITUmx","twitter_site":"@Arturo_Medina_G","twitter_misc":{"Escrito por":"Redacci\u00f3n","Tiempo de lectura":"3 minutos"},"schema":{"@context":"https:\/\/schema.org","@graph":[{"@type":"Article","@id":"https:\/\/nitu.mx\/index.php\/2023\/12\/28\/mexicana-de-aviacion-aterriza-en-ixtapa-zihuatanejo-con-mas-de-7-frecuencias-semanales\/#article","isPartOf":{"@id":"https:\/\/nitu.mx\/index.php\/2023\/12\/28\/mexicana-de-aviacion-aterriza-en-ixtapa-zihuatanejo-con-mas-de-7-frecuencias-semanales\/"},"author":{"name":"Redacci\u00f3n","@id":"https:\/\/nitu.mx\/#\/schema\/person\/4a28fe9bd65924f7c90623773daf1b0b"},"headline":"Mexicana de Aviaci\u00f3n aterriza en Ixtapa Zihuatanejo con m\u00e1s de 7 frecuencias semanales","datePublished":"2023-12-29T05:10:41+00:00","dateModified":"2023-12-29T05:17:58+00:00","mainEntityOfPage":{"@id":"https:\/\/nitu.mx\/index.php\/2023\/12\/28\/mexicana-de-aviacion-aterriza-en-ixtapa-zihuatanejo-con-mas-de-7-frecuencias-semanales\/"},"wordCount":606,"commentCount":0,"publisher":{"@id":"https:\/\/nitu.mx\/#\/schema\/person\/ae7a53426417292d3dd07b45a33e01bc"},"image":{"@id":"https:\/\/nitu.mx\/index.php\/2023\/12\/28\/mexicana-de-aviacion-aterriza-en-ixtapa-zihuatanejo-con-mas-de-7-frecuencias-semanales\/#primaryimage"},"thumbnailUrl":"https:\/\/nitu.mx\/wp-content\/uploads\/2023\/12\/Mexicana-de-Aviacion-Ixtapa-Zihuatanejo.jpg","keywords":["AIFA","Ixtapa Zihuatanejo","Mexicana de Aviaci\u00f3n","Pedro Castel\u00e1n"],"articleSection":["Aerol\u00edneas"],"inLanguage":"es-MX","potentialAction":[{"@type":"CommentAction","name":"Comment","target":["https:\/\/nitu.mx\/index.php\/2023\/12\/28\/mexicana-de-aviacion-aterriza-en-ixtapa-zihuatanejo-con-mas-de-7-frecuencias-semanales\/#respond"]}]},{"@type":"WebPage","@id":"https:\/\/nitu.mx\/index.php\/2023\/12\/28\/mexicana-de-aviacion-aterriza-en-ixtapa-zihuatanejo-con-mas-de-7-frecuencias-semanales\/","url":"https:\/\/nitu.mx\/index.php\/2023\/12\/28\/mexicana-de-aviacion-aterriza-en-ixtapa-zihuatanejo-con-mas-de-7-frecuencias-semanales\/","name":"Mexicana de Aviaci\u00f3n aterriza en Ixtapa Zihuatanejo con m\u00e1s de 7 frecuencias semanales - Nitu - Noticias de la Industria Turistica","isPartOf":{"@id":"https:\/\/nitu.mx\/#website"},"primaryImageOfPage":{"@id":"https:\/\/nitu.mx\/index.php\/2023\/12\/28\/mexicana-de-aviacion-aterriza-en-ixtapa-zihuatanejo-con-mas-de-7-frecuencias-semanales\/#primaryimage"},"image":{"@id":"https:\/\/nitu.mx\/index.php\/2023\/12\/28\/mexicana-de-aviacion-aterriza-en-ixtapa-zihuatanejo-con-mas-de-7-frecuencias-semanales\/#primaryimage"},"thumbnailUrl":"https:\/\/nitu.mx\/wp-content\/uploads\/2023\/12\/Mexicana-de-Aviacion-Ixtapa-Zihuatanejo.jpg","datePublished":"2023-12-29T05:10:41+00:00","dateModified":"2023-12-29T05:17:58+00:00","breadcrumb":{"@id":"https:\/\/nitu.mx\/index.php\/2023\/12\/28\/mexicana-de-aviacion-aterriza-en-ixtapa-zihuatanejo-con-mas-de-7-frecuencias-semanales\/#breadcrumb"},"inLanguage":"es-MX","potentialAction":[{"@type":"ReadAction","target":["https:\/\/nitu.mx\/index.php\/2023\/12\/28\/mexicana-de-aviacion-aterriza-en-ixtapa-zihuatanejo-con-mas-de-7-frecuencias-semanales\/"]}]},{"@type":"ImageObject","inLanguage":"es-MX","@id":"https:\/\/nitu.mx\/index.php\/2023\/12\/28\/mexicana-de-aviacion-aterriza-en-ixtapa-zihuatanejo-con-mas-de-7-frecuencias-semanales\/#primaryimage","url":"https:\/\/nitu.mx\/wp-content\/uploads\/2023\/12\/Mexicana-de-Aviacion-Ixtapa-Zihuatanejo.jpg","contentUrl":"https:\/\/nitu.mx\/wp-content\/uploads\/2023\/12\/Mexicana-de-Aviacion-Ixtapa-Zihuatanejo.jpg","width":1200,"height":675,"caption":"Mexicana de Aviaci\u00f3n"},{"@type":"BreadcrumbList","@id":"https:\/\/nitu.mx\/index.php\/2023\/12\/28\/mexicana-de-aviacion-aterriza-en-ixtapa-zihuatanejo-con-mas-de-7-frecuencias-semanales\/#breadcrumb","itemListElement":[{"@type":"ListItem","position":1,"name":"Inicio","item":"https:\/\/nitu.mx\/"},{"@type":"ListItem","position":2,"name":"Mexicana de Aviaci\u00f3n aterriza en Ixtapa Zihuatanejo con m\u00e1s de 7 frecuencias semanales"}]},{"@type":"WebSite","@id":"https:\/\/nitu.mx\/#website","url":"https:\/\/nitu.mx\/","name":"Nitu - Noticias de la Industria Turistica","description":"Noticias de la Industria Turistica","publisher":{"@id":"https:\/\/nitu.mx\/#\/schema\/person\/ae7a53426417292d3dd07b45a33e01bc"},"alternateName":"Noticias de la Industria Turistica","potentialAction":[{"@type":"SearchAction","target":{"@type":"EntryPoint","urlTemplate":"https:\/\/nitu.mx\/?s={search_term_string}"},"query-input":"required name=search_term_string"}],"inLanguage":"es-MX"},{"@type":["Person","Organization"],"@id":"https:\/\/nitu.mx\/#\/schema\/person\/ae7a53426417292d3dd07b45a33e01bc","name":"Arturo Medina","image":{"@type":"ImageObject","inLanguage":"es-MX","@id":"https:\/\/nitu.mx\/#\/schema\/person\/image\/","url":"https:\/\/nitu.mx\/wp-content\/uploads\/2024\/04\/4A315622-1904-4D5C-B022-878CDC840E04-90x90-1.jpeg","contentUrl":"https:\/\/nitu.mx\/wp-content\/uploads\/2024\/04\/4A315622-1904-4D5C-B022-878CDC840E04-90x90-1.jpeg","width":90,"height":90,"caption":"Arturo Medina"},"logo":{"@id":"https:\/\/nitu.mx\/#\/schema\/person\/image\/"},"description":"Director NITU.mx, Egresado de la Escuela de Periodismo Carlos Septi\u00e9n Garc\u00eda. Periodista y analista especializado en turismo desde hace 35 a\u00f1os, radicado en Canc\u00fan Q.Roo. arturo@nitu.mx","sameAs":["https:\/\/nitu.mx","https:\/\/www.facebook.com\/NITUmx\/","medinacancun","https:\/\/twitter.com\/@Arturo_Medina_G"]},{"@type":"Person","@id":"https:\/\/nitu.mx\/#\/schema\/person\/4a28fe9bd65924f7c90623773daf1b0b","name":"Redacci\u00f3n","image":{"@type":"ImageObject","inLanguage":"es-MX","@id":"https:\/\/nitu.mx\/#\/schema\/person\/image\/","url":"https:\/\/secure.gravatar.com\/avatar\/5dd011c8ccfc5cd7e4c81e42252aab38?s=96&d=mm&r=g","contentUrl":"https:\/\/secure.gravatar.com\/avatar\/5dd011c8ccfc5cd7e4c81e42252aab38?s=96&d=mm&r=g","caption":"Redacci\u00f3n"},"url":"https:\/\/nitu.mx\/index.php\/author\/redaccion\/"}]}},"views":988,"_links":{"self":[{"href":"https:\/\/nitu.mx\/index.php\/wp-json\/wp\/v2\/posts\/67448"}],"collection":[{"href":"https:\/\/nitu.mx\/index.php\/wp-json\/wp\/v2\/posts"}],"about":[{"href":"https:\/\/nitu.mx\/index.php\/wp-json\/wp\/v2\/types\/post"}],"author":[{"embeddable":true,"href":"https:\/\/nitu.mx\/index.php\/wp-json\/wp\/v2\/users\/17"}],"replies":[{"embeddable":true,"href":"https:\/\/nitu.mx\/index.php\/wp-json\/wp\/v2\/comments?post=67448"}],"version-history":[{"count":2,"href":"https:\/\/nitu.mx\/index.php\/wp-json\/wp\/v2\/posts\/67448\/revisions"}],"predecessor-version":[{"id":67453,"href":"https:\/\/nitu.mx\/index.php\/wp-json\/wp\/v2\/posts\/67448\/revisions\/67453"}],"wp:featuredmedia":[{"embeddable":true,"href":"https:\/\/nitu.mx\/index.php\/wp-json\/wp\/v2\/media\/67450"}],"wp:attachment":[{"href":"https:\/\/nitu.mx\/index.php\/wp-json\/wp\/v2\/media?parent=67448"}],"wp:term":[{"taxonomy":"category","embeddable":true,"href":"https:\/\/nitu.mx\/index.php\/wp-json\/wp\/v2\/categories?post=67448"},{"taxonomy":"post_tag","embeddable":true,"href":"https:\/\/nitu.mx\/index.php\/wp-json\/wp\/v2\/tags?post=67448"}],"curies":[{"name":"wp","href":"https:\/\/api.w.org\/{rel}","templated":true}]}}