{"id":67421,"date":"2023-12-27T23:19:09","date_gmt":"2023-12-28T05:19:09","guid":{"rendered":"https:\/\/nitu.mx\/?p=67421"},"modified":"2023-12-27T23:19:02","modified_gmt":"2023-12-28T05:19:02","slug":"repunta-a-84-ocupacion-en-vuelos-internacionales-a-mexico","status":"publish","type":"post","link":"https:\/\/nitu.mx\/index.php\/2023\/12\/27\/repunta-a-84-ocupacion-en-vuelos-internacionales-a-mexico\/","title":{"rendered":"Repunta a 84% ocupaci\u00f3n en vuelos internacionales a M\u00e9xico"},"content":{"rendered":"\n<p>De acuerdo con la Secretar\u00eda de Turismo (Sectur), en octubre de 2023, la ocupaci\u00f3n de asientos en vuelos internacionales a M\u00e9xico, fue de 84%, al ofertarse 2 millones 561 mil 303 asientos, de los cuales se transportaron 2 millones 147 mil 964 pasajeros, siendo \u00e9ste el mayor nivel de ocupaci\u00f3n registrado en lo que va del a\u00f1o.<\/p>\n\n\n\n<p>El titular de la dependencia, Miguel Torruco Marqu\u00e9s, se\u00f1al\u00f3 que la llegada de pasajeros en vuelos internacionales a M\u00e9xico por regi\u00f3n, en el periodo enero-octubre, fue de 22 millones 439 mil 976 pasajeros, de los cuales 75.6% procedieron de Norteam\u00e9rica; 13.8% de Caribe, Centro y Sudam\u00e9rica; 10% de Europa y 0.6% de Asia.\u00a0<\/p>\n\n\n\n<p>Para 2023, se tiene una programaci\u00f3n de 34 millones 938\u00a0mil 222 asientos a M\u00e9xico procedentes de las diferentes regiones del mundo; lo que representa 7.5% m\u00e1s que lo programado en 2022.<\/p>\n\n\n\n<p>De enero a diciembre de 2023, la oferta de\u00a0asientos\u00a0a M\u00e9xico de la Regi\u00f3n Norteamericana es de 26 millones 470 mil 16 asientos, lo que representa una participaci\u00f3n del 75.8% del total.<\/p>\n\n\n\n<p>El secretario de Turismo agreg\u00f3 que para 2023, las aerol\u00edneas con la mayor participaci\u00f3n en&nbsp;asientos programados en servicio internacional a M\u00e9xico son: American Airlines con el 13.9% del total, y Aerom\u00e9xico con el 12.3%, que en conjunto suman 9 millones 165 mil asientos.<\/p>\n\n\n\n<p>Los aeropuertos con el mayor n\u00famero de&nbsp;asientos programados en llegadas en servicio internacional a M\u00e9xico durante 2023 son Canc\u00fan, el Aeropuerto Internacional de la Ciudad de M\u00e9xico (AICM) y Guadalajara, sumando 25 millones 580 mil asientos, lo que representa el 73.2% del total.<\/p>\n\n\n\n<p>Para 2023, las principales rutas internacionales a M\u00e9xico con el mayor n\u00famero de asientos programados son: Dallas \u2013 Canc\u00fan con 702 mil 536 asientos, Los \u00c1ngeles &#8211; Guadalajara con 663 mil 769 asientos y Toronto \u2013 Canc\u00fan con 625 mil 244&nbsp;asientos.<\/p>\n\n\n\n<p>La ocupaci\u00f3n de asientos en vuelos nacionales en octubre de 2023, fue de 81%, al ofertarse 6 millones 674 mil 226\u00a0asientos, de los cuales se transportaron 5 millones 423 mil 834 pasajeros.<\/p>\n\n\n\n<p>En los primeros 10 meses del a\u00f1o, el flujo de pasajeros en operaciones nacionales origen-destino fue de 52 millones 989 mil 949 pasajeros.<\/p>\n\n\n\n<p>Subray\u00f3 que, para este a\u00f1o, se tiene una programaci\u00f3n de 80 millones 74 mil 761 asientos&nbsp;en servicio nacional en operaciones entre los diferentes destinos del pa\u00eds, lo que representa 7.7% m\u00e1s que lo programado en 2022.<\/p>\n\n\n\n<p>Afirm\u00f3 que, en 2023, las aerol\u00edneas con la mayor participaci\u00f3n en asientos programados en servicio nacional son: Volaris con el 38.6% del total y Viva Aerobus con el 32.7%, que en conjunto suman 57 millones 155 mil asientos, equivalente al 71.4% de participaci\u00f3n en el mercado nacional.<\/p>\n\n\n\n<p>Refiri\u00f3 que, durante este a\u00f1o, las principales rutas en servicio nacional con el mayor n\u00famero de\u00a0asientos programados son: AICM \u2013 Canc\u00fan con 2 millones 419 mil asientos, Canc\u00fan &#8211; AICM con 2 millones 417 mil asientos y AICM \u2013 Monterrey con 2 millones 32 mil asientos. (<a href=\"https:\/\/nitu.mx\/index.php\/2023\/08\/27\/ocupacion-en-vuelos-internacionales-llega-al-82-dallas-cancun-encabeza-la-oferta\/\">Ocupaci\u00f3n en vuelos internacionales llega al 82%, Dallas-Canc\u00fan encabeza la oferta<\/a>).<\/p>\n","protected":false},"excerpt":{"rendered":"<p>De acuerdo con la Secretar\u00eda de Turismo (Sectur), en octubre de 2023, la ocupaci\u00f3n de asientos en vuelos internacionales a M\u00e9xico, fue de 84%, al ofertarse 2 millones 561 mil 303 asientos, de los cuales se transportaron 2 millones 147 mil 964 pasajeros, siendo \u00e9ste el mayor nivel de ocupaci\u00f3n registrado en lo que va [&hellip;]<\/p>\n","protected":false},"author":17,"featured_media":44811,"comment_status":"open","ping_status":"open","sticky":false,"template":"","format":"standard","meta":{"footnotes":""},"categories":[19462],"tags":[294,43,130,910,3771,93],"yoast_head":"<!-- This site is optimized with the Yoast SEO plugin v22.2 - https:\/\/yoast.com\/wordpress\/plugins\/seo\/ -->\n<title>Repunta a 84% ocupaci\u00f3n en vuelos internacionales a M\u00e9xico - Nitu - Noticias de la Industria Turistica<\/title>\n<meta name=\"robots\" content=\"index, follow, max-snippet:-1, max-image-preview:large, max-video-preview:-1\" \/>\n<link rel=\"canonical\" href=\"https:\/\/nitu.mx\/index.php\/2023\/12\/27\/repunta-a-84-ocupacion-en-vuelos-internacionales-a-mexico\/\" \/>\n<meta name=\"twitter:card\" content=\"summary_large_image\" \/>\n<meta name=\"twitter:title\" content=\"Repunta a 84% ocupaci\u00f3n en vuelos internacionales a M\u00e9xico - Nitu - Noticias de la Industria Turistica\" \/>\n<meta name=\"twitter:description\" content=\"De acuerdo con la Secretar\u00eda de Turismo (Sectur), en octubre de 2023, la ocupaci\u00f3n de asientos en vuelos internacionales a M\u00e9xico, fue de 84%, al ofertarse 2 millones 561 mil 303 asientos, de los cuales se transportaron 2 millones 147 mil 964 pasajeros, siendo \u00e9ste el mayor nivel de ocupaci\u00f3n registrado en lo que va [&hellip;]\" \/>\n<meta name=\"twitter:image\" content=\"https:\/\/nitu.mx\/wp-content\/uploads\/2020\/07\/pasajeros-aeropuertos.jpg\" \/>\n<meta name=\"twitter:creator\" content=\"@NITUmx\" \/>\n<meta name=\"twitter:site\" content=\"@Arturo_Medina_G\" \/>\n<meta name=\"twitter:label1\" content=\"Escrito por\" \/>\n\t<meta name=\"twitter:data1\" content=\"Redacci\u00f3n\" \/>\n\t<meta name=\"twitter:label2\" content=\"Tiempo de lectura\" \/>\n\t<meta name=\"twitter:data2\" content=\"2 minutos\" \/>\n<script type=\"application\/ld+json\" class=\"yoast-schema-graph\">{\"@context\":\"https:\/\/schema.org\",\"@graph\":[{\"@type\":\"Article\",\"@id\":\"https:\/\/nitu.mx\/index.php\/2023\/12\/27\/repunta-a-84-ocupacion-en-vuelos-internacionales-a-mexico\/#article\",\"isPartOf\":{\"@id\":\"https:\/\/nitu.mx\/index.php\/2023\/12\/27\/repunta-a-84-ocupacion-en-vuelos-internacionales-a-mexico\/\"},\"author\":{\"name\":\"Redacci\u00f3n\",\"@id\":\"https:\/\/nitu.mx\/#\/schema\/person\/4a28fe9bd65924f7c90623773daf1b0b\"},\"headline\":\"Repunta a 84% ocupaci\u00f3n en vuelos internacionales a M\u00e9xico\",\"datePublished\":\"2023-12-28T05:19:09+00:00\",\"dateModified\":\"2023-12-28T05:19:02+00:00\",\"mainEntityOfPage\":{\"@id\":\"https:\/\/nitu.mx\/index.php\/2023\/12\/27\/repunta-a-84-ocupacion-en-vuelos-internacionales-a-mexico\/\"},\"wordCount\":485,\"commentCount\":0,\"publisher\":{\"@id\":\"https:\/\/nitu.mx\/#\/schema\/person\/ae7a53426417292d3dd07b45a33e01bc\"},\"image\":{\"@id\":\"https:\/\/nitu.mx\/index.php\/2023\/12\/27\/repunta-a-84-ocupacion-en-vuelos-internacionales-a-mexico\/#primaryimage\"},\"thumbnailUrl\":\"https:\/\/nitu.mx\/wp-content\/uploads\/2020\/07\/pasajeros-aeropuertos.jpg\",\"keywords\":[\"AICM\",\"Canc\u00fan\",\"Los Cabos\",\"Miguel Torruco\",\"pasajeros\",\"Sectur\"],\"articleSection\":[\"Aeropuertos\"],\"inLanguage\":\"es-MX\",\"potentialAction\":[{\"@type\":\"CommentAction\",\"name\":\"Comment\",\"target\":[\"https:\/\/nitu.mx\/index.php\/2023\/12\/27\/repunta-a-84-ocupacion-en-vuelos-internacionales-a-mexico\/#respond\"]}]},{\"@type\":\"WebPage\",\"@id\":\"https:\/\/nitu.mx\/index.php\/2023\/12\/27\/repunta-a-84-ocupacion-en-vuelos-internacionales-a-mexico\/\",\"url\":\"https:\/\/nitu.mx\/index.php\/2023\/12\/27\/repunta-a-84-ocupacion-en-vuelos-internacionales-a-mexico\/\",\"name\":\"Repunta a 84% ocupaci\u00f3n en vuelos internacionales a M\u00e9xico - Nitu - Noticias de la Industria Turistica\",\"isPartOf\":{\"@id\":\"https:\/\/nitu.mx\/#website\"},\"primaryImageOfPage\":{\"@id\":\"https:\/\/nitu.mx\/index.php\/2023\/12\/27\/repunta-a-84-ocupacion-en-vuelos-internacionales-a-mexico\/#primaryimage\"},\"image\":{\"@id\":\"https:\/\/nitu.mx\/index.php\/2023\/12\/27\/repunta-a-84-ocupacion-en-vuelos-internacionales-a-mexico\/#primaryimage\"},\"thumbnailUrl\":\"https:\/\/nitu.mx\/wp-content\/uploads\/2020\/07\/pasajeros-aeropuertos.jpg\",\"datePublished\":\"2023-12-28T05:19:09+00:00\",\"dateModified\":\"2023-12-28T05:19:02+00:00\",\"breadcrumb\":{\"@id\":\"https:\/\/nitu.mx\/index.php\/2023\/12\/27\/repunta-a-84-ocupacion-en-vuelos-internacionales-a-mexico\/#breadcrumb\"},\"inLanguage\":\"es-MX\",\"potentialAction\":[{\"@type\":\"ReadAction\",\"target\":[\"https:\/\/nitu.mx\/index.php\/2023\/12\/27\/repunta-a-84-ocupacion-en-vuelos-internacionales-a-mexico\/\"]}]},{\"@type\":\"ImageObject\",\"inLanguage\":\"es-MX\",\"@id\":\"https:\/\/nitu.mx\/index.php\/2023\/12\/27\/repunta-a-84-ocupacion-en-vuelos-internacionales-a-mexico\/#primaryimage\",\"url\":\"https:\/\/nitu.mx\/wp-content\/uploads\/2020\/07\/pasajeros-aeropuertos.jpg\",\"contentUrl\":\"https:\/\/nitu.mx\/wp-content\/uploads\/2020\/07\/pasajeros-aeropuertos.jpg\",\"width\":850,\"height\":480,\"caption\":\"pasajeros turistas internacionales ocupaci\u00f3n\"},{\"@type\":\"BreadcrumbList\",\"@id\":\"https:\/\/nitu.mx\/index.php\/2023\/12\/27\/repunta-a-84-ocupacion-en-vuelos-internacionales-a-mexico\/#breadcrumb\",\"itemListElement\":[{\"@type\":\"ListItem\",\"position\":1,\"name\":\"Inicio\",\"item\":\"https:\/\/nitu.mx\/\"},{\"@type\":\"ListItem\",\"position\":2,\"name\":\"Repunta a 84% ocupaci\u00f3n en vuelos internacionales a M\u00e9xico\"}]},{\"@type\":\"WebSite\",\"@id\":\"https:\/\/nitu.mx\/#website\",\"url\":\"https:\/\/nitu.mx\/\",\"name\":\"Nitu - Noticias de la Industria Turistica\",\"description\":\"Noticias de la Industria Turistica\",\"publisher\":{\"@id\":\"https:\/\/nitu.mx\/#\/schema\/person\/ae7a53426417292d3dd07b45a33e01bc\"},\"alternateName\":\"Noticias de la Industria Turistica\",\"potentialAction\":[{\"@type\":\"SearchAction\",\"target\":{\"@type\":\"EntryPoint\",\"urlTemplate\":\"https:\/\/nitu.mx\/?s={search_term_string}\"},\"query-input\":\"required name=search_term_string\"}],\"inLanguage\":\"es-MX\"},{\"@type\":[\"Person\",\"Organization\"],\"@id\":\"https:\/\/nitu.mx\/#\/schema\/person\/ae7a53426417292d3dd07b45a33e01bc\",\"name\":\"Arturo Medina\",\"image\":{\"@type\":\"ImageObject\",\"inLanguage\":\"es-MX\",\"@id\":\"https:\/\/nitu.mx\/#\/schema\/person\/image\/\",\"url\":\"https:\/\/nitu.mx\/wp-content\/uploads\/2024\/04\/4A315622-1904-4D5C-B022-878CDC840E04-90x90-1.jpeg\",\"contentUrl\":\"https:\/\/nitu.mx\/wp-content\/uploads\/2024\/04\/4A315622-1904-4D5C-B022-878CDC840E04-90x90-1.jpeg\",\"width\":90,\"height\":90,\"caption\":\"Arturo Medina\"},\"logo\":{\"@id\":\"https:\/\/nitu.mx\/#\/schema\/person\/image\/\"},\"description\":\"Director NITU.mx, Egresado de la Escuela de Periodismo Carlos Septi\u00e9n Garc\u00eda. Periodista y analista especializado en turismo desde hace 35 a\u00f1os, radicado en Canc\u00fan Q.Roo. arturo@nitu.mx\",\"sameAs\":[\"https:\/\/nitu.mx\",\"https:\/\/www.facebook.com\/NITUmx\/\",\"medinacancun\",\"https:\/\/twitter.com\/@Arturo_Medina_G\"]},{\"@type\":\"Person\",\"@id\":\"https:\/\/nitu.mx\/#\/schema\/person\/4a28fe9bd65924f7c90623773daf1b0b\",\"name\":\"Redacci\u00f3n\",\"image\":{\"@type\":\"ImageObject\",\"inLanguage\":\"es-MX\",\"@id\":\"https:\/\/nitu.mx\/#\/schema\/person\/image\/\",\"url\":\"https:\/\/secure.gravatar.com\/avatar\/5dd011c8ccfc5cd7e4c81e42252aab38?s=96&d=mm&r=g\",\"contentUrl\":\"https:\/\/secure.gravatar.com\/avatar\/5dd011c8ccfc5cd7e4c81e42252aab38?s=96&d=mm&r=g\",\"caption\":\"Redacci\u00f3n\"},\"url\":\"https:\/\/nitu.mx\/index.php\/author\/redaccion\/\"}]}<\/script>\n<!-- \/ Yoast SEO plugin. -->","yoast_head_json":{"title":"Repunta a 84% ocupaci\u00f3n en vuelos internacionales a M\u00e9xico - Nitu - Noticias de la Industria Turistica","robots":{"index":"index","follow":"follow","max-snippet":"max-snippet:-1","max-image-preview":"max-image-preview:large","max-video-preview":"max-video-preview:-1"},"canonical":"https:\/\/nitu.mx\/index.php\/2023\/12\/27\/repunta-a-84-ocupacion-en-vuelos-internacionales-a-mexico\/","twitter_card":"summary_large_image","twitter_title":"Repunta a 84% ocupaci\u00f3n en vuelos internacionales a M\u00e9xico - Nitu - Noticias de la Industria Turistica","twitter_description":"De acuerdo con la Secretar\u00eda de Turismo (Sectur), en octubre de 2023, la ocupaci\u00f3n de asientos en vuelos internacionales a M\u00e9xico, fue de 84%, al ofertarse 2 millones 561 mil 303 asientos, de los cuales se transportaron 2 millones 147 mil 964 pasajeros, siendo \u00e9ste el mayor nivel de ocupaci\u00f3n registrado en lo que va [&hellip;]","twitter_image":"https:\/\/nitu.mx\/wp-content\/uploads\/2020\/07\/pasajeros-aeropuertos.jpg","twitter_creator":"@NITUmx","twitter_site":"@Arturo_Medina_G","twitter_misc":{"Escrito por":"Redacci\u00f3n","Tiempo de lectura":"2 minutos"},"schema":{"@context":"https:\/\/schema.org","@graph":[{"@type":"Article","@id":"https:\/\/nitu.mx\/index.php\/2023\/12\/27\/repunta-a-84-ocupacion-en-vuelos-internacionales-a-mexico\/#article","isPartOf":{"@id":"https:\/\/nitu.mx\/index.php\/2023\/12\/27\/repunta-a-84-ocupacion-en-vuelos-internacionales-a-mexico\/"},"author":{"name":"Redacci\u00f3n","@id":"https:\/\/nitu.mx\/#\/schema\/person\/4a28fe9bd65924f7c90623773daf1b0b"},"headline":"Repunta a 84% ocupaci\u00f3n en vuelos internacionales a M\u00e9xico","datePublished":"2023-12-28T05:19:09+00:00","dateModified":"2023-12-28T05:19:02+00:00","mainEntityOfPage":{"@id":"https:\/\/nitu.mx\/index.php\/2023\/12\/27\/repunta-a-84-ocupacion-en-vuelos-internacionales-a-mexico\/"},"wordCount":485,"commentCount":0,"publisher":{"@id":"https:\/\/nitu.mx\/#\/schema\/person\/ae7a53426417292d3dd07b45a33e01bc"},"image":{"@id":"https:\/\/nitu.mx\/index.php\/2023\/12\/27\/repunta-a-84-ocupacion-en-vuelos-internacionales-a-mexico\/#primaryimage"},"thumbnailUrl":"https:\/\/nitu.mx\/wp-content\/uploads\/2020\/07\/pasajeros-aeropuertos.jpg","keywords":["AICM","Canc\u00fan","Los Cabos","Miguel Torruco","pasajeros","Sectur"],"articleSection":["Aeropuertos"],"inLanguage":"es-MX","potentialAction":[{"@type":"CommentAction","name":"Comment","target":["https:\/\/nitu.mx\/index.php\/2023\/12\/27\/repunta-a-84-ocupacion-en-vuelos-internacionales-a-mexico\/#respond"]}]},{"@type":"WebPage","@id":"https:\/\/nitu.mx\/index.php\/2023\/12\/27\/repunta-a-84-ocupacion-en-vuelos-internacionales-a-mexico\/","url":"https:\/\/nitu.mx\/index.php\/2023\/12\/27\/repunta-a-84-ocupacion-en-vuelos-internacionales-a-mexico\/","name":"Repunta a 84% ocupaci\u00f3n en vuelos internacionales a M\u00e9xico - Nitu - Noticias de la Industria Turistica","isPartOf":{"@id":"https:\/\/nitu.mx\/#website"},"primaryImageOfPage":{"@id":"https:\/\/nitu.mx\/index.php\/2023\/12\/27\/repunta-a-84-ocupacion-en-vuelos-internacionales-a-mexico\/#primaryimage"},"image":{"@id":"https:\/\/nitu.mx\/index.php\/2023\/12\/27\/repunta-a-84-ocupacion-en-vuelos-internacionales-a-mexico\/#primaryimage"},"thumbnailUrl":"https:\/\/nitu.mx\/wp-content\/uploads\/2020\/07\/pasajeros-aeropuertos.jpg","datePublished":"2023-12-28T05:19:09+00:00","dateModified":"2023-12-28T05:19:02+00:00","breadcrumb":{"@id":"https:\/\/nitu.mx\/index.php\/2023\/12\/27\/repunta-a-84-ocupacion-en-vuelos-internacionales-a-mexico\/#breadcrumb"},"inLanguage":"es-MX","potentialAction":[{"@type":"ReadAction","target":["https:\/\/nitu.mx\/index.php\/2023\/12\/27\/repunta-a-84-ocupacion-en-vuelos-internacionales-a-mexico\/"]}]},{"@type":"ImageObject","inLanguage":"es-MX","@id":"https:\/\/nitu.mx\/index.php\/2023\/12\/27\/repunta-a-84-ocupacion-en-vuelos-internacionales-a-mexico\/#primaryimage","url":"https:\/\/nitu.mx\/wp-content\/uploads\/2020\/07\/pasajeros-aeropuertos.jpg","contentUrl":"https:\/\/nitu.mx\/wp-content\/uploads\/2020\/07\/pasajeros-aeropuertos.jpg","width":850,"height":480,"caption":"pasajeros turistas internacionales ocupaci\u00f3n"},{"@type":"BreadcrumbList","@id":"https:\/\/nitu.mx\/index.php\/2023\/12\/27\/repunta-a-84-ocupacion-en-vuelos-internacionales-a-mexico\/#breadcrumb","itemListElement":[{"@type":"ListItem","position":1,"name":"Inicio","item":"https:\/\/nitu.mx\/"},{"@type":"ListItem","position":2,"name":"Repunta a 84% ocupaci\u00f3n en vuelos internacionales a M\u00e9xico"}]},{"@type":"WebSite","@id":"https:\/\/nitu.mx\/#website","url":"https:\/\/nitu.mx\/","name":"Nitu - Noticias de la Industria Turistica","description":"Noticias de la Industria Turistica","publisher":{"@id":"https:\/\/nitu.mx\/#\/schema\/person\/ae7a53426417292d3dd07b45a33e01bc"},"alternateName":"Noticias de la Industria Turistica","potentialAction":[{"@type":"SearchAction","target":{"@type":"EntryPoint","urlTemplate":"https:\/\/nitu.mx\/?s={search_term_string}"},"query-input":"required name=search_term_string"}],"inLanguage":"es-MX"},{"@type":["Person","Organization"],"@id":"https:\/\/nitu.mx\/#\/schema\/person\/ae7a53426417292d3dd07b45a33e01bc","name":"Arturo Medina","image":{"@type":"ImageObject","inLanguage":"es-MX","@id":"https:\/\/nitu.mx\/#\/schema\/person\/image\/","url":"https:\/\/nitu.mx\/wp-content\/uploads\/2024\/04\/4A315622-1904-4D5C-B022-878CDC840E04-90x90-1.jpeg","contentUrl":"https:\/\/nitu.mx\/wp-content\/uploads\/2024\/04\/4A315622-1904-4D5C-B022-878CDC840E04-90x90-1.jpeg","width":90,"height":90,"caption":"Arturo Medina"},"logo":{"@id":"https:\/\/nitu.mx\/#\/schema\/person\/image\/"},"description":"Director NITU.mx, Egresado de la Escuela de Periodismo Carlos Septi\u00e9n Garc\u00eda. Periodista y analista especializado en turismo desde hace 35 a\u00f1os, radicado en Canc\u00fan Q.Roo. arturo@nitu.mx","sameAs":["https:\/\/nitu.mx","https:\/\/www.facebook.com\/NITUmx\/","medinacancun","https:\/\/twitter.com\/@Arturo_Medina_G"]},{"@type":"Person","@id":"https:\/\/nitu.mx\/#\/schema\/person\/4a28fe9bd65924f7c90623773daf1b0b","name":"Redacci\u00f3n","image":{"@type":"ImageObject","inLanguage":"es-MX","@id":"https:\/\/nitu.mx\/#\/schema\/person\/image\/","url":"https:\/\/secure.gravatar.com\/avatar\/5dd011c8ccfc5cd7e4c81e42252aab38?s=96&d=mm&r=g","contentUrl":"https:\/\/secure.gravatar.com\/avatar\/5dd011c8ccfc5cd7e4c81e42252aab38?s=96&d=mm&r=g","caption":"Redacci\u00f3n"},"url":"https:\/\/nitu.mx\/index.php\/author\/redaccion\/"}]}},"views":641,"_links":{"self":[{"href":"https:\/\/nitu.mx\/index.php\/wp-json\/wp\/v2\/posts\/67421"}],"collection":[{"href":"https:\/\/nitu.mx\/index.php\/wp-json\/wp\/v2\/posts"}],"about":[{"href":"https:\/\/nitu.mx\/index.php\/wp-json\/wp\/v2\/types\/post"}],"author":[{"embeddable":true,"href":"https:\/\/nitu.mx\/index.php\/wp-json\/wp\/v2\/users\/17"}],"replies":[{"embeddable":true,"href":"https:\/\/nitu.mx\/index.php\/wp-json\/wp\/v2\/comments?post=67421"}],"version-history":[{"count":1,"href":"https:\/\/nitu.mx\/index.php\/wp-json\/wp\/v2\/posts\/67421\/revisions"}],"predecessor-version":[{"id":67423,"href":"https:\/\/nitu.mx\/index.php\/wp-json\/wp\/v2\/posts\/67421\/revisions\/67423"}],"wp:featuredmedia":[{"embeddable":true,"href":"https:\/\/nitu.mx\/index.php\/wp-json\/wp\/v2\/media\/44811"}],"wp:attachment":[{"href":"https:\/\/nitu.mx\/index.php\/wp-json\/wp\/v2\/media?parent=67421"}],"wp:term":[{"taxonomy":"category","embeddable":true,"href":"https:\/\/nitu.mx\/index.php\/wp-json\/wp\/v2\/categories?post=67421"},{"taxonomy":"post_tag","embeddable":true,"href":"https:\/\/nitu.mx\/index.php\/wp-json\/wp\/v2\/tags?post=67421"}],"curies":[{"name":"wp","href":"https:\/\/api.w.org\/{rel}","templated":true}]}}