{"id":67384,"date":"2023-12-26T21:59:12","date_gmt":"2023-12-27T03:59:12","guid":{"rendered":"https:\/\/nitu.mx\/?p=67384"},"modified":"2023-12-27T17:33:04","modified_gmt":"2023-12-27T23:33:04","slug":"primer-vuelo-de-mexicana-cambio-el-destino","status":"publish","type":"post","link":"https:\/\/nitu.mx\/index.php\/2023\/12\/26\/primer-vuelo-de-mexicana-cambio-el-destino\/","title":{"rendered":"Primer vuelo de Mexicana cambi\u00f3 el destino"},"content":{"rendered":"\n<p>En teor\u00eda el primer vuelo en la historia de la nueva Mexicana de Aviaci\u00f3n, debi\u00f3 aterrizar en Tulum una hora y media luego de despegar desde el Aeropuerto Internacional Felipe \u00c1ngeles (AIFA) en el Estado de M\u00e9xico, pero el destino les jug\u00f3 un capricho y tuvo que hacerlo en M\u00e9rida, debido a que un banco de niebla imped\u00eda la visibilidad en la pista del reci\u00e9n inaugurado aeropuerto Felipe Carrillo Puerto, el vuelo 1788 aterriz\u00f3 en su destino 5 horas despu\u00e9s de haber despegado.<\/p>\n\n\n\n<p>Sin duda es una broma del destino, pues los bancos de niebla son muy poco comunes en toda la Pen\u00ednsula de Yucat\u00e1n y justo este d\u00eda ocurri\u00f3, poniendo un asterisco anecd\u00f3tico al primer vuelo de la nueva l\u00ednea a\u00e9rea del gobierno de M\u00e9xico operada por el ejercito.<\/p>\n\n\n\n<figure class=\"wp-block-image size-full\"><img decoding=\"async\" loading=\"lazy\" width=\"1024\" height=\"768\" src=\"https:\/\/nitu.mx\/wp-content\/uploads\/2023\/12\/image.png\" alt=\"\" class=\"wp-image-67396\" srcset=\"https:\/\/nitu.mx\/wp-content\/uploads\/2023\/12\/image.png 1024w, https:\/\/nitu.mx\/wp-content\/uploads\/2023\/12\/image-300x225.png 300w, https:\/\/nitu.mx\/wp-content\/uploads\/2023\/12\/image-768x576.png 768w, https:\/\/nitu.mx\/wp-content\/uploads\/2023\/12\/image-74x55.png 74w, https:\/\/nitu.mx\/wp-content\/uploads\/2023\/12\/image-111x83.png 111w, https:\/\/nitu.mx\/wp-content\/uploads\/2023\/12\/image-215x161.png 215w, https:\/\/nitu.mx\/wp-content\/uploads\/2023\/12\/image-990x743.png 990w\" sizes=\"(max-width: 1024px) 100vw, 1024px\" \/><figcaption class=\"wp-element-caption\"><strong>Neblina en el aeropuerto de Tulum que impidio a &#8220;Mexicana&#8221; completar su primer viaje.<\/strong><\/figcaption><\/figure>\n\n\n\n<p>Este desv\u00edo de la ruta original caus\u00f3 alarma entre internautas, quienes especularon que el piloto podr\u00eda haber perdido su ruta.<\/p>\n\n\n\n<p>Sin embargo, la aerol\u00ednea, a cargo de la&nbsp;Secretar\u00eda de la Defensa Nacional (Sedena)&nbsp;aclar\u00f3 a trav\u00e9s de redes sociales que tuvo que aterrizar en el aeropuerto alterno porque las&nbsp;condiciones meteorol\u00f3gicas&nbsp;le impidieron su aterrizaje.<\/p>\n\n\n\n<p>Esto, debido a bancos de niebla y el mal clima, que tambi\u00e9n afectaron al aeropuerto de&nbsp;Canc\u00fan&nbsp;otros seis vuelos m\u00e1s, que tambi\u00e9n fueron desviados hacia M\u00e9rida.<\/p>\n\n\n\n<p>En dicho aeropuerto, la aeronave realiz\u00f3 una recarga de combustible mientras esperaba la mejora de las condiciones para volar a su destino. Finalmente, a las 12:00 horas retom\u00f3 el vuelo rumbo a Quintana Roo.<\/p>\n\n\n\n<p>El 1788 es el primer vuelo que realiza Mexicana de Aviaci\u00f3n bajo el mando del Ej\u00e9rcito, despu\u00e9s de 13 a\u00f1os de haber suspendido sus operaciones.<\/p>\n\n\n\n<p>Mexicana de Aviaci\u00f3n pas\u00f3 a manos de la Sedena, despu\u00e9s de que el gobierno mexicano alcanzara en agosto un acuerdo con los 7 mil 407 trabajadores de la extinta aerol\u00ednea, a quienes pagar\u00e1 815 millones de pesos para que el&nbsp;Ej\u00e9rcito&nbsp;use la marca para su nueva aerol\u00ednea comercial.<\/p>\n\n\n\n<p>Este martes, comenz\u00f3 operaciones desde la Ciudad de M\u00e9xico a 14 destinos distintos dentro de la Rep\u00fablica mexicana.<\/p>\n\n\n\n<p>Las primeras rutas ser\u00e1n: Canc\u00fan, Monterrey, Guadalajara, Tijuana, Campeche, Chetumal, M\u00e9rida, Puerto Vallarta, lxtapa-Zihuatanejo, Cozumel, Los Cabos, Hermosillo, Cd. Ju\u00e1rez, Villahermosa, Huatulco, Oaxaca, Acapulco, Mazatl\u00e1n, La Paz, Le\u00f3n.<\/p>\n\n\n\n<p>Inicia operaciones con 5 aeronaves, aunque se tiene contemplado que a partir del 2024 se rentar\u00e1n otros 5 aviones de la empresa Boeing. Asimismo, la Sedena planea comprar aviones nuevos, que probablemente tardar\u00e1n en arribar 2 a\u00f1os.<\/p>\n\n\n\n<p>Por la ma\u00f1ana, el presidente Andr\u00e9s Manuel&nbsp;L\u00f3pez Obrador&nbsp;encabez\u00f3, v\u00eda remota, desde Palacio Nacional el reinicio de operaciones de la aerol\u00ednea tras 13 a\u00f1os de haber cerrado operaciones.<\/p>\n\n\n\n<p>Adem\u00e1s del cambio de ruta de este primer vuelo en la&nbsp;nueva etapa de Mexicana, la p\u00e1gina de internet de la aerol\u00ednea present\u00f3 fallas durante la ma\u00f1ana pues no era posible visualizar los destinos ni comprar alg\u00fan boleto. (<a href=\"https:\/\/nitu.mx\/index.php\/2023\/11\/15\/confirma-mexicana-de-aviacion-inicio-de-operaciones-con-solo-9-destinos-y-no-20\/\">Confirma Mexicana de Aviaci\u00f3n inicio de operaciones con solo 9 destinos y no 20<\/a>).<\/p>\n","protected":false},"excerpt":{"rendered":"<p>En teor\u00eda el primer vuelo en la historia de la nueva Mexicana de Aviaci\u00f3n, debi\u00f3 aterrizar en Tulum una hora y media luego de despegar desde el Aeropuerto Internacional Felipe \u00c1ngeles (AIFA) en el Estado de M\u00e9xico, pero el destino les jug\u00f3 un capricho y tuvo que hacerlo en M\u00e9rida, debido a que un banco [&hellip;]<\/p>\n","protected":false},"author":2,"featured_media":67391,"comment_status":"open","ping_status":"open","sticky":false,"template":"","format":"standard","meta":{"footnotes":""},"categories":[29,18475],"tags":[24379,21925,568],"yoast_head":"<!-- This site is optimized with the Yoast SEO plugin v22.2 - https:\/\/yoast.com\/wordpress\/plugins\/seo\/ -->\n<title>Primer vuelo de Mexicana cambi\u00f3 el destino - Nitu - Noticias de la Industria Turistica<\/title>\n<meta name=\"robots\" content=\"index, follow, max-snippet:-1, max-image-preview:large, max-video-preview:-1\" \/>\n<link rel=\"canonical\" href=\"https:\/\/nitu.mx\/index.php\/2023\/12\/26\/primer-vuelo-de-mexicana-cambio-el-destino\/\" \/>\n<meta name=\"twitter:card\" content=\"summary_large_image\" \/>\n<meta name=\"twitter:title\" content=\"Primer vuelo de Mexicana cambi\u00f3 el destino - Nitu - Noticias de la Industria Turistica\" \/>\n<meta name=\"twitter:description\" content=\"En teor\u00eda el primer vuelo en la historia de la nueva Mexicana de Aviaci\u00f3n, debi\u00f3 aterrizar en Tulum una hora y media luego de despegar desde el Aeropuerto Internacional Felipe \u00c1ngeles (AIFA) en el Estado de M\u00e9xico, pero el destino les jug\u00f3 un capricho y tuvo que hacerlo en M\u00e9rida, debido a que un banco [&hellip;]\" \/>\n<meta name=\"twitter:image\" content=\"https:\/\/nitu.mx\/wp-content\/uploads\/2023\/12\/MEXICANA-TULUM.jpg\" \/>\n<meta name=\"twitter:creator\" content=\"@Arturo_Medina_G\" \/>\n<meta name=\"twitter:site\" content=\"@Arturo_Medina_G\" \/>\n<meta name=\"twitter:label1\" content=\"Escrito por\" \/>\n\t<meta name=\"twitter:data1\" content=\"Arturo Medina\" \/>\n\t<meta name=\"twitter:label2\" content=\"Tiempo de lectura\" \/>\n\t<meta name=\"twitter:data2\" content=\"3 minutos\" \/>\n<script type=\"application\/ld+json\" class=\"yoast-schema-graph\">{\"@context\":\"https:\/\/schema.org\",\"@graph\":[{\"@type\":\"Article\",\"@id\":\"https:\/\/nitu.mx\/index.php\/2023\/12\/26\/primer-vuelo-de-mexicana-cambio-el-destino\/#article\",\"isPartOf\":{\"@id\":\"https:\/\/nitu.mx\/index.php\/2023\/12\/26\/primer-vuelo-de-mexicana-cambio-el-destino\/\"},\"author\":{\"name\":\"Arturo Medina\",\"@id\":\"https:\/\/nitu.mx\/#\/schema\/person\/ae7a53426417292d3dd07b45a33e01bc\"},\"headline\":\"Primer vuelo de Mexicana cambi\u00f3 el destino\",\"datePublished\":\"2023-12-27T03:59:12+00:00\",\"dateModified\":\"2023-12-27T23:33:04+00:00\",\"mainEntityOfPage\":{\"@id\":\"https:\/\/nitu.mx\/index.php\/2023\/12\/26\/primer-vuelo-de-mexicana-cambio-el-destino\/\"},\"wordCount\":558,\"commentCount\":0,\"publisher\":{\"@id\":\"https:\/\/nitu.mx\/#\/schema\/person\/ae7a53426417292d3dd07b45a33e01bc\"},\"image\":{\"@id\":\"https:\/\/nitu.mx\/index.php\/2023\/12\/26\/primer-vuelo-de-mexicana-cambio-el-destino\/#primaryimage\"},\"thumbnailUrl\":\"https:\/\/nitu.mx\/wp-content\/uploads\/2023\/12\/MEXICANA-TULUM.jpg\",\"keywords\":[\"Aeropuerto Inernacional de Tulum\",\"AIFA\",\"Mexicana de Aviaci\u00f3n\"],\"articleSection\":[\"Aerol\u00edneas\",\"Caribe Mexicano\"],\"inLanguage\":\"es-MX\",\"potentialAction\":[{\"@type\":\"CommentAction\",\"name\":\"Comment\",\"target\":[\"https:\/\/nitu.mx\/index.php\/2023\/12\/26\/primer-vuelo-de-mexicana-cambio-el-destino\/#respond\"]}]},{\"@type\":\"WebPage\",\"@id\":\"https:\/\/nitu.mx\/index.php\/2023\/12\/26\/primer-vuelo-de-mexicana-cambio-el-destino\/\",\"url\":\"https:\/\/nitu.mx\/index.php\/2023\/12\/26\/primer-vuelo-de-mexicana-cambio-el-destino\/\",\"name\":\"Primer vuelo de Mexicana cambi\u00f3 el destino - Nitu - Noticias de la Industria Turistica\",\"isPartOf\":{\"@id\":\"https:\/\/nitu.mx\/#website\"},\"primaryImageOfPage\":{\"@id\":\"https:\/\/nitu.mx\/index.php\/2023\/12\/26\/primer-vuelo-de-mexicana-cambio-el-destino\/#primaryimage\"},\"image\":{\"@id\":\"https:\/\/nitu.mx\/index.php\/2023\/12\/26\/primer-vuelo-de-mexicana-cambio-el-destino\/#primaryimage\"},\"thumbnailUrl\":\"https:\/\/nitu.mx\/wp-content\/uploads\/2023\/12\/MEXICANA-TULUM.jpg\",\"datePublished\":\"2023-12-27T03:59:12+00:00\",\"dateModified\":\"2023-12-27T23:33:04+00:00\",\"breadcrumb\":{\"@id\":\"https:\/\/nitu.mx\/index.php\/2023\/12\/26\/primer-vuelo-de-mexicana-cambio-el-destino\/#breadcrumb\"},\"inLanguage\":\"es-MX\",\"potentialAction\":[{\"@type\":\"ReadAction\",\"target\":[\"https:\/\/nitu.mx\/index.php\/2023\/12\/26\/primer-vuelo-de-mexicana-cambio-el-destino\/\"]}]},{\"@type\":\"ImageObject\",\"inLanguage\":\"es-MX\",\"@id\":\"https:\/\/nitu.mx\/index.php\/2023\/12\/26\/primer-vuelo-de-mexicana-cambio-el-destino\/#primaryimage\",\"url\":\"https:\/\/nitu.mx\/wp-content\/uploads\/2023\/12\/MEXICANA-TULUM.jpg\",\"contentUrl\":\"https:\/\/nitu.mx\/wp-content\/uploads\/2023\/12\/MEXICANA-TULUM.jpg\",\"width\":1280,\"height\":720,\"caption\":\"Mexicana de Aviaci\u00f3n\"},{\"@type\":\"BreadcrumbList\",\"@id\":\"https:\/\/nitu.mx\/index.php\/2023\/12\/26\/primer-vuelo-de-mexicana-cambio-el-destino\/#breadcrumb\",\"itemListElement\":[{\"@type\":\"ListItem\",\"position\":1,\"name\":\"Inicio\",\"item\":\"https:\/\/nitu.mx\/\"},{\"@type\":\"ListItem\",\"position\":2,\"name\":\"Primer vuelo de Mexicana cambi\u00f3 el destino\"}]},{\"@type\":\"WebSite\",\"@id\":\"https:\/\/nitu.mx\/#website\",\"url\":\"https:\/\/nitu.mx\/\",\"name\":\"Nitu - Noticias de la Industria Turistica\",\"description\":\"Noticias de la Industria Turistica\",\"publisher\":{\"@id\":\"https:\/\/nitu.mx\/#\/schema\/person\/ae7a53426417292d3dd07b45a33e01bc\"},\"alternateName\":\"Noticias de la Industria Turistica\",\"potentialAction\":[{\"@type\":\"SearchAction\",\"target\":{\"@type\":\"EntryPoint\",\"urlTemplate\":\"https:\/\/nitu.mx\/?s={search_term_string}\"},\"query-input\":\"required name=search_term_string\"}],\"inLanguage\":\"es-MX\"},{\"@type\":[\"Person\",\"Organization\"],\"@id\":\"https:\/\/nitu.mx\/#\/schema\/person\/ae7a53426417292d3dd07b45a33e01bc\",\"name\":\"Arturo Medina\",\"image\":{\"@type\":\"ImageObject\",\"inLanguage\":\"es-MX\",\"@id\":\"https:\/\/nitu.mx\/#\/schema\/person\/image\/\",\"url\":\"https:\/\/nitu.mx\/wp-content\/uploads\/2024\/04\/4A315622-1904-4D5C-B022-878CDC840E04-90x90-1.jpeg\",\"contentUrl\":\"https:\/\/nitu.mx\/wp-content\/uploads\/2024\/04\/4A315622-1904-4D5C-B022-878CDC840E04-90x90-1.jpeg\",\"width\":90,\"height\":90,\"caption\":\"Arturo Medina\"},\"logo\":{\"@id\":\"https:\/\/nitu.mx\/#\/schema\/person\/image\/\"},\"description\":\"Director NITU.mx, Egresado de la Escuela de Periodismo Carlos Septi\u00e9n Garc\u00eda. Periodista y analista especializado en turismo desde hace 35 a\u00f1os, radicado en Canc\u00fan Q.Roo. arturo@nitu.mx\",\"sameAs\":[\"https:\/\/nitu.mx\",\"https:\/\/www.facebook.com\/NITUmx\/\",\"medinacancun\",\"https:\/\/twitter.com\/@Arturo_Medina_G\"],\"url\":\"https:\/\/nitu.mx\/index.php\/author\/arturo-medina\/\"}]}<\/script>\n<!-- \/ Yoast SEO plugin. -->","yoast_head_json":{"title":"Primer vuelo de Mexicana cambi\u00f3 el destino - Nitu - Noticias de la Industria Turistica","robots":{"index":"index","follow":"follow","max-snippet":"max-snippet:-1","max-image-preview":"max-image-preview:large","max-video-preview":"max-video-preview:-1"},"canonical":"https:\/\/nitu.mx\/index.php\/2023\/12\/26\/primer-vuelo-de-mexicana-cambio-el-destino\/","twitter_card":"summary_large_image","twitter_title":"Primer vuelo de Mexicana cambi\u00f3 el destino - Nitu - Noticias de la Industria Turistica","twitter_description":"En teor\u00eda el primer vuelo en la historia de la nueva Mexicana de Aviaci\u00f3n, debi\u00f3 aterrizar en Tulum una hora y media luego de despegar desde el Aeropuerto Internacional Felipe \u00c1ngeles (AIFA) en el Estado de M\u00e9xico, pero el destino les jug\u00f3 un capricho y tuvo que hacerlo en M\u00e9rida, debido a que un banco [&hellip;]","twitter_image":"https:\/\/nitu.mx\/wp-content\/uploads\/2023\/12\/MEXICANA-TULUM.jpg","twitter_creator":"@Arturo_Medina_G","twitter_site":"@Arturo_Medina_G","twitter_misc":{"Escrito por":"Arturo Medina","Tiempo de lectura":"3 minutos"},"schema":{"@context":"https:\/\/schema.org","@graph":[{"@type":"Article","@id":"https:\/\/nitu.mx\/index.php\/2023\/12\/26\/primer-vuelo-de-mexicana-cambio-el-destino\/#article","isPartOf":{"@id":"https:\/\/nitu.mx\/index.php\/2023\/12\/26\/primer-vuelo-de-mexicana-cambio-el-destino\/"},"author":{"name":"Arturo Medina","@id":"https:\/\/nitu.mx\/#\/schema\/person\/ae7a53426417292d3dd07b45a33e01bc"},"headline":"Primer vuelo de Mexicana cambi\u00f3 el destino","datePublished":"2023-12-27T03:59:12+00:00","dateModified":"2023-12-27T23:33:04+00:00","mainEntityOfPage":{"@id":"https:\/\/nitu.mx\/index.php\/2023\/12\/26\/primer-vuelo-de-mexicana-cambio-el-destino\/"},"wordCount":558,"commentCount":0,"publisher":{"@id":"https:\/\/nitu.mx\/#\/schema\/person\/ae7a53426417292d3dd07b45a33e01bc"},"image":{"@id":"https:\/\/nitu.mx\/index.php\/2023\/12\/26\/primer-vuelo-de-mexicana-cambio-el-destino\/#primaryimage"},"thumbnailUrl":"https:\/\/nitu.mx\/wp-content\/uploads\/2023\/12\/MEXICANA-TULUM.jpg","keywords":["Aeropuerto Inernacional de Tulum","AIFA","Mexicana de Aviaci\u00f3n"],"articleSection":["Aerol\u00edneas","Caribe Mexicano"],"inLanguage":"es-MX","potentialAction":[{"@type":"CommentAction","name":"Comment","target":["https:\/\/nitu.mx\/index.php\/2023\/12\/26\/primer-vuelo-de-mexicana-cambio-el-destino\/#respond"]}]},{"@type":"WebPage","@id":"https:\/\/nitu.mx\/index.php\/2023\/12\/26\/primer-vuelo-de-mexicana-cambio-el-destino\/","url":"https:\/\/nitu.mx\/index.php\/2023\/12\/26\/primer-vuelo-de-mexicana-cambio-el-destino\/","name":"Primer vuelo de Mexicana cambi\u00f3 el destino - Nitu - Noticias de la Industria Turistica","isPartOf":{"@id":"https:\/\/nitu.mx\/#website"},"primaryImageOfPage":{"@id":"https:\/\/nitu.mx\/index.php\/2023\/12\/26\/primer-vuelo-de-mexicana-cambio-el-destino\/#primaryimage"},"image":{"@id":"https:\/\/nitu.mx\/index.php\/2023\/12\/26\/primer-vuelo-de-mexicana-cambio-el-destino\/#primaryimage"},"thumbnailUrl":"https:\/\/nitu.mx\/wp-content\/uploads\/2023\/12\/MEXICANA-TULUM.jpg","datePublished":"2023-12-27T03:59:12+00:00","dateModified":"2023-12-27T23:33:04+00:00","breadcrumb":{"@id":"https:\/\/nitu.mx\/index.php\/2023\/12\/26\/primer-vuelo-de-mexicana-cambio-el-destino\/#breadcrumb"},"inLanguage":"es-MX","potentialAction":[{"@type":"ReadAction","target":["https:\/\/nitu.mx\/index.php\/2023\/12\/26\/primer-vuelo-de-mexicana-cambio-el-destino\/"]}]},{"@type":"ImageObject","inLanguage":"es-MX","@id":"https:\/\/nitu.mx\/index.php\/2023\/12\/26\/primer-vuelo-de-mexicana-cambio-el-destino\/#primaryimage","url":"https:\/\/nitu.mx\/wp-content\/uploads\/2023\/12\/MEXICANA-TULUM.jpg","contentUrl":"https:\/\/nitu.mx\/wp-content\/uploads\/2023\/12\/MEXICANA-TULUM.jpg","width":1280,"height":720,"caption":"Mexicana de Aviaci\u00f3n"},{"@type":"BreadcrumbList","@id":"https:\/\/nitu.mx\/index.php\/2023\/12\/26\/primer-vuelo-de-mexicana-cambio-el-destino\/#breadcrumb","itemListElement":[{"@type":"ListItem","position":1,"name":"Inicio","item":"https:\/\/nitu.mx\/"},{"@type":"ListItem","position":2,"name":"Primer vuelo de Mexicana cambi\u00f3 el destino"}]},{"@type":"WebSite","@id":"https:\/\/nitu.mx\/#website","url":"https:\/\/nitu.mx\/","name":"Nitu - Noticias de la Industria Turistica","description":"Noticias de la Industria Turistica","publisher":{"@id":"https:\/\/nitu.mx\/#\/schema\/person\/ae7a53426417292d3dd07b45a33e01bc"},"alternateName":"Noticias de la Industria Turistica","potentialAction":[{"@type":"SearchAction","target":{"@type":"EntryPoint","urlTemplate":"https:\/\/nitu.mx\/?s={search_term_string}"},"query-input":"required name=search_term_string"}],"inLanguage":"es-MX"},{"@type":["Person","Organization"],"@id":"https:\/\/nitu.mx\/#\/schema\/person\/ae7a53426417292d3dd07b45a33e01bc","name":"Arturo Medina","image":{"@type":"ImageObject","inLanguage":"es-MX","@id":"https:\/\/nitu.mx\/#\/schema\/person\/image\/","url":"https:\/\/nitu.mx\/wp-content\/uploads\/2024\/04\/4A315622-1904-4D5C-B022-878CDC840E04-90x90-1.jpeg","contentUrl":"https:\/\/nitu.mx\/wp-content\/uploads\/2024\/04\/4A315622-1904-4D5C-B022-878CDC840E04-90x90-1.jpeg","width":90,"height":90,"caption":"Arturo Medina"},"logo":{"@id":"https:\/\/nitu.mx\/#\/schema\/person\/image\/"},"description":"Director NITU.mx, Egresado de la Escuela de Periodismo Carlos Septi\u00e9n Garc\u00eda. Periodista y analista especializado en turismo desde hace 35 a\u00f1os, radicado en Canc\u00fan Q.Roo. arturo@nitu.mx","sameAs":["https:\/\/nitu.mx","https:\/\/www.facebook.com\/NITUmx\/","medinacancun","https:\/\/twitter.com\/@Arturo_Medina_G"],"url":"https:\/\/nitu.mx\/index.php\/author\/arturo-medina\/"}]}},"views":1355,"_links":{"self":[{"href":"https:\/\/nitu.mx\/index.php\/wp-json\/wp\/v2\/posts\/67384"}],"collection":[{"href":"https:\/\/nitu.mx\/index.php\/wp-json\/wp\/v2\/posts"}],"about":[{"href":"https:\/\/nitu.mx\/index.php\/wp-json\/wp\/v2\/types\/post"}],"author":[{"embeddable":true,"href":"https:\/\/nitu.mx\/index.php\/wp-json\/wp\/v2\/users\/2"}],"replies":[{"embeddable":true,"href":"https:\/\/nitu.mx\/index.php\/wp-json\/wp\/v2\/comments?post=67384"}],"version-history":[{"count":5,"href":"https:\/\/nitu.mx\/index.php\/wp-json\/wp\/v2\/posts\/67384\/revisions"}],"predecessor-version":[{"id":67431,"href":"https:\/\/nitu.mx\/index.php\/wp-json\/wp\/v2\/posts\/67384\/revisions\/67431"}],"wp:featuredmedia":[{"embeddable":true,"href":"https:\/\/nitu.mx\/index.php\/wp-json\/wp\/v2\/media\/67391"}],"wp:attachment":[{"href":"https:\/\/nitu.mx\/index.php\/wp-json\/wp\/v2\/media?parent=67384"}],"wp:term":[{"taxonomy":"category","embeddable":true,"href":"https:\/\/nitu.mx\/index.php\/wp-json\/wp\/v2\/categories?post=67384"},{"taxonomy":"post_tag","embeddable":true,"href":"https:\/\/nitu.mx\/index.php\/wp-json\/wp\/v2\/tags?post=67384"}],"curies":[{"name":"wp","href":"https:\/\/api.w.org\/{rel}","templated":true}]}}