{"id":67230,"date":"2023-12-19T00:01:38","date_gmt":"2023-12-19T05:01:38","guid":{"rendered":"https:\/\/nitu.mx\/?p=67230"},"modified":"2023-12-19T00:49:13","modified_gmt":"2023-12-19T05:49:13","slug":"volaris-recibe-sus-aviones-128-y-129-que-basara-en-guadalajara","status":"publish","type":"post","link":"https:\/\/nitu.mx\/index.php\/2023\/12\/19\/volaris-recibe-sus-aviones-128-y-129-que-basara-en-guadalajara\/","title":{"rendered":"Volaris recibe sus aviones 128 y 129 que basar\u00e1 en Guadalajara"},"content":{"rendered":"<p>Volaris, la aerol\u00ednea mexicana de ultra bajo costo, anuncio la incorporaci\u00f3n de sus aviones n\u00famero 128 y 129 a su flota, con lo que suma 13 aeronaves nuevas recibidas durante este a\u00f1o.<\/p>\n<p>Con la incorporaci\u00f3n de estas dos aeronaves A321neo, la matr\u00edcula XA-VUF proveniente de la planta de Airbus en Mobile, Alabama y la XA-VUE de la planta de Hamburgo, Alemania, la flota de Volaris se consolida como una de las m\u00e1s modernas a nivel internacional.<\/p>\n<p>Los nuevos aviones estar\u00e1n basados en Guadalajara, Jalisco y transportar\u00e1n pasajeros en rutas populares a los Estados Unidos, as\u00ed como a Tijuana, Puerto Escondido y La Paz, Baja California, entre otros destinos.<\/p>\n<p>Volaris es el operador m\u00e1s importante en Guadalajara, con 28 rutas en el mercado dom\u00e9stico y 21 en el mercado internacional. De estas rutas, 26 son exclusivas y compiten solamente con autobuses.<\/p>\n<p>\u201cEstamos muy orgullosos de esta nueva incorporaci\u00f3n que nos permite asignar mayor capacidad en las rutas m\u00e1s demandadas, y al mismo tiempo nos ayuda a ofrecer los precios m\u00e1s bajos posibles. En Volaris seguimos comprometidos con buscar y brindar continuamente m\u00e1s oportunidades de viaje a precios asequibles para todos nuestros clientes\u201d, se\u00f1al\u00f3 Enrique Beltranena, presidente y director general de Volaris.<\/p>\n<p>Como parte del pedido que Volaris tiene con Airbus, la aerol\u00ednea tiene previsto recibir 141 aviones adicionales de la familia A320neo en los siguientes a\u00f1os, lo que le permitir\u00e1 continuar ampliando su red de rutas para conectar de forma segura y accesible a m\u00e1s destinos nacionales e internacionales.\u00a0<a title=\"Disminuci\u00f3n en tr\u00e1fico de pasajeros de Volaris por debajo del 1%\" href=\"https:\/\/nitu.mx\/index.php\/2023\/12\/05\/disminucion-en-trafico-de-pasajeros-de-volaris-por-debajo-del-1\/\" rel=\"bookmark\">(Disminuci\u00f3n en tr\u00e1fico de pasajeros de Volaris por debajo del 1%<\/a>).<\/p>\n<p>Recientemente, la l\u00ednea a\u00e9rea fue reconocida por su liderazgo en sostenibilidad a nivel mundial. De esta manera, por cuarto a\u00f1o consecutivo, Volaris forma parte del Dow Jones Sustainability Index (DJSI).<\/p>\n<p style=\"font-weight: 400;\">Solamente 7 aerol\u00edneas a nivel mundial, incluida Volaris,\u00a0fueron seleccionadas para integrar el DJSI en 2023. Volaris es la \u00fanica aerol\u00ednea de ultra bajo costo y una de las dos aerol\u00edneas de todo el continente americano, junto American Airlines incluidas en este \u00cdndice, que contempla a las empresas m\u00e1s sostenibles del mundo.<\/p>\n<p style=\"font-weight: 400;\">El DJSI toma en cuenta el desempe\u00f1o de las aerol\u00edneas en materia de sostenibilidad, medida por la Evaluaci\u00f3n de Sostenibilidad Corporativa Global (CSA, por sus siglas en ingl\u00e9s) de S&amp;P. Volaris obtuvo un puntaje 63% superior a la media de la industria.<\/p>\n","protected":false},"excerpt":{"rendered":"<p>Volaris, la aerol\u00ednea mexicana de ultra bajo costo, anuncio la incorporaci\u00f3n de sus aviones n\u00famero 128 y 129 a su flota, con lo que suma 13 aeronaves nuevas recibidas durante este a\u00f1o. Con la incorporaci\u00f3n de estas dos aeronaves A321neo, la matr\u00edcula XA-VUF proveniente de la planta de Airbus en Mobile, Alabama y la XA-VUE [&hellip;]<\/p>\n","protected":false},"author":17,"featured_media":65344,"comment_status":"open","ping_status":"open","sticky":false,"template":"","format":"standard","meta":{"footnotes":""},"categories":[29],"tags":[435,490,131],"yoast_head":"<!-- This site is optimized with the Yoast SEO plugin v22.2 - https:\/\/yoast.com\/wordpress\/plugins\/seo\/ -->\n<title>Volaris recibe sus aviones 128 y 129 que basar\u00e1 en Guadalajara - Nitu - Noticias de la Industria Turistica<\/title>\n<meta name=\"robots\" content=\"index, follow, max-snippet:-1, max-image-preview:large, max-video-preview:-1\" \/>\n<link rel=\"canonical\" href=\"https:\/\/nitu.mx\/index.php\/2023\/12\/19\/volaris-recibe-sus-aviones-128-y-129-que-basara-en-guadalajara\/\" \/>\n<meta name=\"twitter:card\" content=\"summary_large_image\" \/>\n<meta name=\"twitter:title\" content=\"Volaris recibe sus aviones 128 y 129 que basar\u00e1 en Guadalajara - Nitu - Noticias de la Industria Turistica\" \/>\n<meta name=\"twitter:description\" content=\"Volaris, la aerol\u00ednea mexicana de ultra bajo costo, anuncio la incorporaci\u00f3n de sus aviones n\u00famero 128 y 129 a su flota, con lo que suma 13 aeronaves nuevas recibidas durante este a\u00f1o. Con la incorporaci\u00f3n de estas dos aeronaves A321neo, la matr\u00edcula XA-VUF proveniente de la planta de Airbus en Mobile, Alabama y la XA-VUE [&hellip;]\" \/>\n<meta name=\"twitter:image\" content=\"https:\/\/nitu.mx\/wp-content\/uploads\/2023\/07\/Volaris-avi\u00f3n-124.jpg\" \/>\n<meta name=\"twitter:creator\" content=\"@NITUmx\" \/>\n<meta name=\"twitter:site\" content=\"@Arturo_Medina_G\" \/>\n<meta name=\"twitter:label1\" content=\"Escrito por\" \/>\n\t<meta name=\"twitter:data1\" content=\"Redacci\u00f3n\" \/>\n\t<meta name=\"twitter:label2\" content=\"Tiempo de lectura\" \/>\n\t<meta name=\"twitter:data2\" content=\"2 minutos\" \/>\n<script type=\"application\/ld+json\" class=\"yoast-schema-graph\">{\"@context\":\"https:\/\/schema.org\",\"@graph\":[{\"@type\":\"Article\",\"@id\":\"https:\/\/nitu.mx\/index.php\/2023\/12\/19\/volaris-recibe-sus-aviones-128-y-129-que-basara-en-guadalajara\/#article\",\"isPartOf\":{\"@id\":\"https:\/\/nitu.mx\/index.php\/2023\/12\/19\/volaris-recibe-sus-aviones-128-y-129-que-basara-en-guadalajara\/\"},\"author\":{\"name\":\"Redacci\u00f3n\",\"@id\":\"https:\/\/nitu.mx\/#\/schema\/person\/4a28fe9bd65924f7c90623773daf1b0b\"},\"headline\":\"Volaris recibe sus aviones 128 y 129 que basar\u00e1 en Guadalajara\",\"datePublished\":\"2023-12-19T05:01:38+00:00\",\"dateModified\":\"2023-12-19T05:49:13+00:00\",\"mainEntityOfPage\":{\"@id\":\"https:\/\/nitu.mx\/index.php\/2023\/12\/19\/volaris-recibe-sus-aviones-128-y-129-que-basara-en-guadalajara\/\"},\"wordCount\":417,\"commentCount\":0,\"publisher\":{\"@id\":\"https:\/\/nitu.mx\/#\/schema\/person\/ae7a53426417292d3dd07b45a33e01bc\"},\"image\":{\"@id\":\"https:\/\/nitu.mx\/index.php\/2023\/12\/19\/volaris-recibe-sus-aviones-128-y-129-que-basara-en-guadalajara\/#primaryimage\"},\"thumbnailUrl\":\"https:\/\/nitu.mx\/wp-content\/uploads\/2023\/07\/Volaris-avi\u00f3n-124.jpg\",\"keywords\":[\"Enrique Beltranena\",\"Guadalajara\",\"Volaris\"],\"articleSection\":[\"Aerol\u00edneas\"],\"inLanguage\":\"es-MX\",\"potentialAction\":[{\"@type\":\"CommentAction\",\"name\":\"Comment\",\"target\":[\"https:\/\/nitu.mx\/index.php\/2023\/12\/19\/volaris-recibe-sus-aviones-128-y-129-que-basara-en-guadalajara\/#respond\"]}]},{\"@type\":\"WebPage\",\"@id\":\"https:\/\/nitu.mx\/index.php\/2023\/12\/19\/volaris-recibe-sus-aviones-128-y-129-que-basara-en-guadalajara\/\",\"url\":\"https:\/\/nitu.mx\/index.php\/2023\/12\/19\/volaris-recibe-sus-aviones-128-y-129-que-basara-en-guadalajara\/\",\"name\":\"Volaris recibe sus aviones 128 y 129 que basar\u00e1 en Guadalajara - Nitu - Noticias de la Industria Turistica\",\"isPartOf\":{\"@id\":\"https:\/\/nitu.mx\/#website\"},\"primaryImageOfPage\":{\"@id\":\"https:\/\/nitu.mx\/index.php\/2023\/12\/19\/volaris-recibe-sus-aviones-128-y-129-que-basara-en-guadalajara\/#primaryimage\"},\"image\":{\"@id\":\"https:\/\/nitu.mx\/index.php\/2023\/12\/19\/volaris-recibe-sus-aviones-128-y-129-que-basara-en-guadalajara\/#primaryimage\"},\"thumbnailUrl\":\"https:\/\/nitu.mx\/wp-content\/uploads\/2023\/07\/Volaris-avi\u00f3n-124.jpg\",\"datePublished\":\"2023-12-19T05:01:38+00:00\",\"dateModified\":\"2023-12-19T05:49:13+00:00\",\"breadcrumb\":{\"@id\":\"https:\/\/nitu.mx\/index.php\/2023\/12\/19\/volaris-recibe-sus-aviones-128-y-129-que-basara-en-guadalajara\/#breadcrumb\"},\"inLanguage\":\"es-MX\",\"potentialAction\":[{\"@type\":\"ReadAction\",\"target\":[\"https:\/\/nitu.mx\/index.php\/2023\/12\/19\/volaris-recibe-sus-aviones-128-y-129-que-basara-en-guadalajara\/\"]}]},{\"@type\":\"ImageObject\",\"inLanguage\":\"es-MX\",\"@id\":\"https:\/\/nitu.mx\/index.php\/2023\/12\/19\/volaris-recibe-sus-aviones-128-y-129-que-basara-en-guadalajara\/#primaryimage\",\"url\":\"https:\/\/nitu.mx\/wp-content\/uploads\/2023\/07\/Volaris-avi\u00f3n-124.jpg\",\"contentUrl\":\"https:\/\/nitu.mx\/wp-content\/uploads\/2023\/07\/Volaris-avi\u00f3n-124.jpg\",\"width\":1200,\"height\":675,\"caption\":\"Volaris\"},{\"@type\":\"BreadcrumbList\",\"@id\":\"https:\/\/nitu.mx\/index.php\/2023\/12\/19\/volaris-recibe-sus-aviones-128-y-129-que-basara-en-guadalajara\/#breadcrumb\",\"itemListElement\":[{\"@type\":\"ListItem\",\"position\":1,\"name\":\"Inicio\",\"item\":\"https:\/\/nitu.mx\/\"},{\"@type\":\"ListItem\",\"position\":2,\"name\":\"Volaris recibe sus aviones 128 y 129 que basar\u00e1 en Guadalajara\"}]},{\"@type\":\"WebSite\",\"@id\":\"https:\/\/nitu.mx\/#website\",\"url\":\"https:\/\/nitu.mx\/\",\"name\":\"Nitu - Noticias de la Industria Turistica\",\"description\":\"Noticias de la Industria Turistica\",\"publisher\":{\"@id\":\"https:\/\/nitu.mx\/#\/schema\/person\/ae7a53426417292d3dd07b45a33e01bc\"},\"alternateName\":\"Noticias de la Industria Turistica\",\"potentialAction\":[{\"@type\":\"SearchAction\",\"target\":{\"@type\":\"EntryPoint\",\"urlTemplate\":\"https:\/\/nitu.mx\/?s={search_term_string}\"},\"query-input\":\"required name=search_term_string\"}],\"inLanguage\":\"es-MX\"},{\"@type\":[\"Person\",\"Organization\"],\"@id\":\"https:\/\/nitu.mx\/#\/schema\/person\/ae7a53426417292d3dd07b45a33e01bc\",\"name\":\"Arturo Medina\",\"image\":{\"@type\":\"ImageObject\",\"inLanguage\":\"es-MX\",\"@id\":\"https:\/\/nitu.mx\/#\/schema\/person\/image\/\",\"url\":\"https:\/\/nitu.mx\/wp-content\/uploads\/2024\/04\/4A315622-1904-4D5C-B022-878CDC840E04-90x90-1.jpeg\",\"contentUrl\":\"https:\/\/nitu.mx\/wp-content\/uploads\/2024\/04\/4A315622-1904-4D5C-B022-878CDC840E04-90x90-1.jpeg\",\"width\":90,\"height\":90,\"caption\":\"Arturo Medina\"},\"logo\":{\"@id\":\"https:\/\/nitu.mx\/#\/schema\/person\/image\/\"},\"description\":\"Director NITU.mx, Egresado de la Escuela de Periodismo Carlos Septi\u00e9n Garc\u00eda. Periodista y analista especializado en turismo desde hace 35 a\u00f1os, radicado en Canc\u00fan Q.Roo. arturo@nitu.mx\",\"sameAs\":[\"https:\/\/nitu.mx\",\"https:\/\/www.facebook.com\/NITUmx\/\",\"medinacancun\",\"https:\/\/twitter.com\/@Arturo_Medina_G\"]},{\"@type\":\"Person\",\"@id\":\"https:\/\/nitu.mx\/#\/schema\/person\/4a28fe9bd65924f7c90623773daf1b0b\",\"name\":\"Redacci\u00f3n\",\"image\":{\"@type\":\"ImageObject\",\"inLanguage\":\"es-MX\",\"@id\":\"https:\/\/nitu.mx\/#\/schema\/person\/image\/\",\"url\":\"https:\/\/secure.gravatar.com\/avatar\/5dd011c8ccfc5cd7e4c81e42252aab38?s=96&d=mm&r=g\",\"contentUrl\":\"https:\/\/secure.gravatar.com\/avatar\/5dd011c8ccfc5cd7e4c81e42252aab38?s=96&d=mm&r=g\",\"caption\":\"Redacci\u00f3n\"},\"url\":\"https:\/\/nitu.mx\/index.php\/author\/redaccion\/\"}]}<\/script>\n<!-- \/ Yoast SEO plugin. -->","yoast_head_json":{"title":"Volaris recibe sus aviones 128 y 129 que basar\u00e1 en Guadalajara - Nitu - Noticias de la Industria Turistica","robots":{"index":"index","follow":"follow","max-snippet":"max-snippet:-1","max-image-preview":"max-image-preview:large","max-video-preview":"max-video-preview:-1"},"canonical":"https:\/\/nitu.mx\/index.php\/2023\/12\/19\/volaris-recibe-sus-aviones-128-y-129-que-basara-en-guadalajara\/","twitter_card":"summary_large_image","twitter_title":"Volaris recibe sus aviones 128 y 129 que basar\u00e1 en Guadalajara - Nitu - Noticias de la Industria Turistica","twitter_description":"Volaris, la aerol\u00ednea mexicana de ultra bajo costo, anuncio la incorporaci\u00f3n de sus aviones n\u00famero 128 y 129 a su flota, con lo que suma 13 aeronaves nuevas recibidas durante este a\u00f1o. Con la incorporaci\u00f3n de estas dos aeronaves A321neo, la matr\u00edcula XA-VUF proveniente de la planta de Airbus en Mobile, Alabama y la XA-VUE [&hellip;]","twitter_image":"https:\/\/nitu.mx\/wp-content\/uploads\/2023\/07\/Volaris-avi\u00f3n-124.jpg","twitter_creator":"@NITUmx","twitter_site":"@Arturo_Medina_G","twitter_misc":{"Escrito por":"Redacci\u00f3n","Tiempo de lectura":"2 minutos"},"schema":{"@context":"https:\/\/schema.org","@graph":[{"@type":"Article","@id":"https:\/\/nitu.mx\/index.php\/2023\/12\/19\/volaris-recibe-sus-aviones-128-y-129-que-basara-en-guadalajara\/#article","isPartOf":{"@id":"https:\/\/nitu.mx\/index.php\/2023\/12\/19\/volaris-recibe-sus-aviones-128-y-129-que-basara-en-guadalajara\/"},"author":{"name":"Redacci\u00f3n","@id":"https:\/\/nitu.mx\/#\/schema\/person\/4a28fe9bd65924f7c90623773daf1b0b"},"headline":"Volaris recibe sus aviones 128 y 129 que basar\u00e1 en Guadalajara","datePublished":"2023-12-19T05:01:38+00:00","dateModified":"2023-12-19T05:49:13+00:00","mainEntityOfPage":{"@id":"https:\/\/nitu.mx\/index.php\/2023\/12\/19\/volaris-recibe-sus-aviones-128-y-129-que-basara-en-guadalajara\/"},"wordCount":417,"commentCount":0,"publisher":{"@id":"https:\/\/nitu.mx\/#\/schema\/person\/ae7a53426417292d3dd07b45a33e01bc"},"image":{"@id":"https:\/\/nitu.mx\/index.php\/2023\/12\/19\/volaris-recibe-sus-aviones-128-y-129-que-basara-en-guadalajara\/#primaryimage"},"thumbnailUrl":"https:\/\/nitu.mx\/wp-content\/uploads\/2023\/07\/Volaris-avi\u00f3n-124.jpg","keywords":["Enrique Beltranena","Guadalajara","Volaris"],"articleSection":["Aerol\u00edneas"],"inLanguage":"es-MX","potentialAction":[{"@type":"CommentAction","name":"Comment","target":["https:\/\/nitu.mx\/index.php\/2023\/12\/19\/volaris-recibe-sus-aviones-128-y-129-que-basara-en-guadalajara\/#respond"]}]},{"@type":"WebPage","@id":"https:\/\/nitu.mx\/index.php\/2023\/12\/19\/volaris-recibe-sus-aviones-128-y-129-que-basara-en-guadalajara\/","url":"https:\/\/nitu.mx\/index.php\/2023\/12\/19\/volaris-recibe-sus-aviones-128-y-129-que-basara-en-guadalajara\/","name":"Volaris recibe sus aviones 128 y 129 que basar\u00e1 en Guadalajara - Nitu - Noticias de la Industria Turistica","isPartOf":{"@id":"https:\/\/nitu.mx\/#website"},"primaryImageOfPage":{"@id":"https:\/\/nitu.mx\/index.php\/2023\/12\/19\/volaris-recibe-sus-aviones-128-y-129-que-basara-en-guadalajara\/#primaryimage"},"image":{"@id":"https:\/\/nitu.mx\/index.php\/2023\/12\/19\/volaris-recibe-sus-aviones-128-y-129-que-basara-en-guadalajara\/#primaryimage"},"thumbnailUrl":"https:\/\/nitu.mx\/wp-content\/uploads\/2023\/07\/Volaris-avi\u00f3n-124.jpg","datePublished":"2023-12-19T05:01:38+00:00","dateModified":"2023-12-19T05:49:13+00:00","breadcrumb":{"@id":"https:\/\/nitu.mx\/index.php\/2023\/12\/19\/volaris-recibe-sus-aviones-128-y-129-que-basara-en-guadalajara\/#breadcrumb"},"inLanguage":"es-MX","potentialAction":[{"@type":"ReadAction","target":["https:\/\/nitu.mx\/index.php\/2023\/12\/19\/volaris-recibe-sus-aviones-128-y-129-que-basara-en-guadalajara\/"]}]},{"@type":"ImageObject","inLanguage":"es-MX","@id":"https:\/\/nitu.mx\/index.php\/2023\/12\/19\/volaris-recibe-sus-aviones-128-y-129-que-basara-en-guadalajara\/#primaryimage","url":"https:\/\/nitu.mx\/wp-content\/uploads\/2023\/07\/Volaris-avi\u00f3n-124.jpg","contentUrl":"https:\/\/nitu.mx\/wp-content\/uploads\/2023\/07\/Volaris-avi\u00f3n-124.jpg","width":1200,"height":675,"caption":"Volaris"},{"@type":"BreadcrumbList","@id":"https:\/\/nitu.mx\/index.php\/2023\/12\/19\/volaris-recibe-sus-aviones-128-y-129-que-basara-en-guadalajara\/#breadcrumb","itemListElement":[{"@type":"ListItem","position":1,"name":"Inicio","item":"https:\/\/nitu.mx\/"},{"@type":"ListItem","position":2,"name":"Volaris recibe sus aviones 128 y 129 que basar\u00e1 en Guadalajara"}]},{"@type":"WebSite","@id":"https:\/\/nitu.mx\/#website","url":"https:\/\/nitu.mx\/","name":"Nitu - Noticias de la Industria Turistica","description":"Noticias de la Industria Turistica","publisher":{"@id":"https:\/\/nitu.mx\/#\/schema\/person\/ae7a53426417292d3dd07b45a33e01bc"},"alternateName":"Noticias de la Industria Turistica","potentialAction":[{"@type":"SearchAction","target":{"@type":"EntryPoint","urlTemplate":"https:\/\/nitu.mx\/?s={search_term_string}"},"query-input":"required name=search_term_string"}],"inLanguage":"es-MX"},{"@type":["Person","Organization"],"@id":"https:\/\/nitu.mx\/#\/schema\/person\/ae7a53426417292d3dd07b45a33e01bc","name":"Arturo Medina","image":{"@type":"ImageObject","inLanguage":"es-MX","@id":"https:\/\/nitu.mx\/#\/schema\/person\/image\/","url":"https:\/\/nitu.mx\/wp-content\/uploads\/2024\/04\/4A315622-1904-4D5C-B022-878CDC840E04-90x90-1.jpeg","contentUrl":"https:\/\/nitu.mx\/wp-content\/uploads\/2024\/04\/4A315622-1904-4D5C-B022-878CDC840E04-90x90-1.jpeg","width":90,"height":90,"caption":"Arturo Medina"},"logo":{"@id":"https:\/\/nitu.mx\/#\/schema\/person\/image\/"},"description":"Director NITU.mx, Egresado de la Escuela de Periodismo Carlos Septi\u00e9n Garc\u00eda. Periodista y analista especializado en turismo desde hace 35 a\u00f1os, radicado en Canc\u00fan Q.Roo. arturo@nitu.mx","sameAs":["https:\/\/nitu.mx","https:\/\/www.facebook.com\/NITUmx\/","medinacancun","https:\/\/twitter.com\/@Arturo_Medina_G"]},{"@type":"Person","@id":"https:\/\/nitu.mx\/#\/schema\/person\/4a28fe9bd65924f7c90623773daf1b0b","name":"Redacci\u00f3n","image":{"@type":"ImageObject","inLanguage":"es-MX","@id":"https:\/\/nitu.mx\/#\/schema\/person\/image\/","url":"https:\/\/secure.gravatar.com\/avatar\/5dd011c8ccfc5cd7e4c81e42252aab38?s=96&d=mm&r=g","contentUrl":"https:\/\/secure.gravatar.com\/avatar\/5dd011c8ccfc5cd7e4c81e42252aab38?s=96&d=mm&r=g","caption":"Redacci\u00f3n"},"url":"https:\/\/nitu.mx\/index.php\/author\/redaccion\/"}]}},"views":772,"_links":{"self":[{"href":"https:\/\/nitu.mx\/index.php\/wp-json\/wp\/v2\/posts\/67230"}],"collection":[{"href":"https:\/\/nitu.mx\/index.php\/wp-json\/wp\/v2\/posts"}],"about":[{"href":"https:\/\/nitu.mx\/index.php\/wp-json\/wp\/v2\/types\/post"}],"author":[{"embeddable":true,"href":"https:\/\/nitu.mx\/index.php\/wp-json\/wp\/v2\/users\/17"}],"replies":[{"embeddable":true,"href":"https:\/\/nitu.mx\/index.php\/wp-json\/wp\/v2\/comments?post=67230"}],"version-history":[{"count":1,"href":"https:\/\/nitu.mx\/index.php\/wp-json\/wp\/v2\/posts\/67230\/revisions"}],"predecessor-version":[{"id":67231,"href":"https:\/\/nitu.mx\/index.php\/wp-json\/wp\/v2\/posts\/67230\/revisions\/67231"}],"wp:featuredmedia":[{"embeddable":true,"href":"https:\/\/nitu.mx\/index.php\/wp-json\/wp\/v2\/media\/65344"}],"wp:attachment":[{"href":"https:\/\/nitu.mx\/index.php\/wp-json\/wp\/v2\/media?parent=67230"}],"wp:term":[{"taxonomy":"category","embeddable":true,"href":"https:\/\/nitu.mx\/index.php\/wp-json\/wp\/v2\/categories?post=67230"},{"taxonomy":"post_tag","embeddable":true,"href":"https:\/\/nitu.mx\/index.php\/wp-json\/wp\/v2\/tags?post=67230"}],"curies":[{"name":"wp","href":"https:\/\/api.w.org\/{rel}","templated":true}]}}