{"id":67222,"date":"2023-12-17T15:40:46","date_gmt":"2023-12-17T20:40:46","guid":{"rendered":"https:\/\/nitu.mx\/?p=67222"},"modified":"2023-12-17T23:16:12","modified_gmt":"2023-12-18T04:16:12","slug":"viva-aerobus-inaugura-las-rutas-del-aifa-a-cd-juarez-y-merida","status":"publish","type":"post","link":"https:\/\/nitu.mx\/index.php\/2023\/12\/17\/viva-aerobus-inaugura-las-rutas-del-aifa-a-cd-juarez-y-merida\/","title":{"rendered":"Viva Aerobus inaugura las rutas del AIFA a Cd. Ju\u00e1rez y M\u00e9rida"},"content":{"rendered":"<p>Este s\u00e1bado despegaron del Aeropuerto Internacional Felipe \u00c1ngeles (AIFA), el vuelo inaugural de la ruta a M\u00e9rida de Viva Aerobus con cerca de 180 pasajeros a bordo; y\u00a0el primer vuelo desde este nuevo aeropuerto capitalino a Ciudad Ju\u00e1rez con m\u00e1s de 140 pasajeros.<\/p>\n<p>&#8220;Nos es grato dar, una vez m\u00e1s, la bienvenida a Viva Aerobus, una aerol\u00ednea que ha venido creciendo a paso firme en este nuevo aeropuerto y, por consiguiente, ha contribuido a fortalecerlo como un centro de conectividad estrat\u00e9gico para la capital del pa\u00eds y sus alrededores. Seguiremos trabajando para ampliar la oferta y atender a los pasajeros con un servicio de primer nivel&#8221;, afirm\u00f3\u00a0Isidoro Pastor, director general del AIFA.<\/p>\n<p>La ruta a Ciudad Ju\u00e1rez inicia con dos vuelos a la semana durante diciembre y en enero se incrementar\u00e1 a cinco frecuencias semanales; por su parte, el servicio a M\u00e9rida cuenta con un vuelo diario. Ambas rutas son operadas con aeronaves Airbus A320 y A321 que forman parte de la flota m\u00e1s joven de M\u00e9xico con una edad promedio de 5.2 a\u00f1os.<\/p>\n<p>Estas inauguraciones son resultado de la mayor estrategia de crecimiento de la aerol\u00ednea de bajo costo en el Aeropuerto Felipe \u00c1ngeles anunciada el pasado mes de septiembre, fecha cuando la aerol\u00ednea dio a conocer sus 17 nuevas rutas desde esta terminal, mismas que estar\u00edan iniciando entre este y el pr\u00f3ximo a\u00f1o.<\/p>\n<p>Resultado de ello, la aerol\u00ednea ofrecer\u00e1, para 2024, m\u00e1s de 4.5 millones de asientos desde este nuevo aeropuerto, contar\u00e1 con 27 rutas y 72 vuelos diarios. \u201cCerramos el 2023 con excelentes noticias para norte, sur y centro de M\u00e9xico, regiones que ahora est\u00e1n m\u00e1s cerca que nunca con estas nuevas rutas. Con nuestros precios bajos y aviones modernos habr\u00e1 m\u00e1s dinamismo en el intercambio tur\u00edstico, comercial y cultural entre estas importantes ciudades de nuestro pa\u00eds\u201d, afirm\u00f3 Juan Carlos Zuazua, director general de Viva Aerobus.<\/p>\n<p>\u201cEstamos muy contentos de que una aerol\u00ednea como Viva Aerobus, con quien hemos trabajado siempre y con quien logramos importantes acuerdos en el pasado Tianguis Tur\u00edstico celebrado en la Ciudad de M\u00e9xico, contin\u00fae con la apertura de nuevas rutas. Y en esta ocasi\u00f3n le toca una nueva conexi\u00f3n a Ciudad Ju\u00e1rez con el centro del pa\u00eds, integrando otro aeropuerto a las opciones para los turistas que acuden a Chihuahua\u201d, mencion\u00f3 Edibray G\u00f3mez Gallegos, secretario de Turismo<br \/>\nde Chihuahua.<\/p>\n<p>En este 2023 destaca el fortalecimiento a la conectividad de Ciudad Ju\u00e1rez dado que Viva Aerobus agreg\u00f3 tres nuevas rutas a su oferta local. En julio, la aerol\u00ednea inaugur\u00f3 sus servicios a Mazatl\u00e1n y Los Cabos; y hoy comienza con los vuelos a Ciudad de M\u00e9xico.<\/p>\n<p>Por su parte, M\u00e9rida es una de las seis bases operativas de Viva Aerobus y este a\u00f1o ha impulsado su oferta a\u00e9rea con la adici\u00f3n de ocho rutas que conectan a esta ciudad con la Ciudad de M\u00e9xico (AIFA), Quer\u00e9taro, Toluca, Le\u00f3n, Puebla, Miami, Orlando y Santa Clara (Cuba). As\u00ed, se ha convertido en la l\u00ednea a\u00e9rea con el mayor n\u00famero de rutas en M\u00e9rida con un total de 16.<\/p>\n<p>Cabe resaltar que Viva cuenta con una amplia preferencia de los viajeros del estado. En los 10 meses del 2023, transport\u00f3 a m\u00e1s de 600 mil pasajeros desde\/hacia Yucat\u00e1n, ello represent\u00f3 un aumento del 26% en comparaci\u00f3n con el mismo periodo del 2022.<\/p>\n<p>\u201cEl turismo en Yucat\u00e1n sigue rompiendo r\u00e9cords y uno de ellos es el crecimiento de Viva en la entidad. Agradecemos su confianza en el potencial del estado, pues se ha convertido en el facilitador para que m\u00e1s personas puedan asombrarse de todo lo que tenemos para ofrecer\u201d, afirm\u00f3 Michelle Fridman, titular de la Secretar\u00eda de Fomento Tur\u00edstico Yucat\u00e1n. <a title=\"Viva Aerobus inicia operaciones en Tulum con 3 nuevas rutas y crecer\u00e1 a 5\" href=\"https:\/\/nitu.mx\/index.php\/2023\/12\/03\/viva-aerobus-inicia-operaciones-en-tulum-con-3-nuevas-rutas-y-crecera-a-5\/\" rel=\"bookmark\">(Viva Aerobus inicia operaciones en Tulum con 3 nuevas rutas y crecer\u00e1 a 5<\/a>).<\/p>\n","protected":false},"excerpt":{"rendered":"<p>Este s\u00e1bado despegaron del Aeropuerto Internacional Felipe \u00c1ngeles (AIFA), el vuelo inaugural de la ruta a M\u00e9rida de Viva Aerobus con cerca de 180 pasajeros a bordo; y\u00a0el primer vuelo desde este nuevo aeropuerto capitalino a Ciudad Ju\u00e1rez con m\u00e1s de 140 pasajeros. &#8220;Nos es grato dar, una vez m\u00e1s, la bienvenida a Viva Aerobus, [&hellip;]<\/p>\n","protected":false},"author":17,"featured_media":47779,"comment_status":"open","ping_status":"open","sticky":false,"template":"","format":"standard","meta":{"footnotes":""},"categories":[29],"tags":[21925,857,295,301,2102],"yoast_head":"<!-- This site is optimized with the Yoast SEO plugin v22.2 - https:\/\/yoast.com\/wordpress\/plugins\/seo\/ -->\n<title>Viva Aerobus inaugura las rutas del AIFA a Cd. Ju\u00e1rez y M\u00e9rida - Nitu - Noticias de la Industria Turistica<\/title>\n<meta name=\"robots\" content=\"index, follow, max-snippet:-1, max-image-preview:large, max-video-preview:-1\" \/>\n<link rel=\"canonical\" href=\"https:\/\/nitu.mx\/index.php\/2023\/12\/17\/viva-aerobus-inaugura-las-rutas-del-aifa-a-cd-juarez-y-merida\/\" \/>\n<meta name=\"twitter:card\" content=\"summary_large_image\" \/>\n<meta name=\"twitter:title\" content=\"Viva Aerobus inaugura las rutas del AIFA a Cd. Ju\u00e1rez y M\u00e9rida - Nitu - Noticias de la Industria Turistica\" \/>\n<meta name=\"twitter:description\" content=\"Este s\u00e1bado despegaron del Aeropuerto Internacional Felipe \u00c1ngeles (AIFA), el vuelo inaugural de la ruta a M\u00e9rida de Viva Aerobus con cerca de 180 pasajeros a bordo; y\u00a0el primer vuelo desde este nuevo aeropuerto capitalino a Ciudad Ju\u00e1rez con m\u00e1s de 140 pasajeros. &#8220;Nos es grato dar, una vez m\u00e1s, la bienvenida a Viva Aerobus, [&hellip;]\" \/>\n<meta name=\"twitter:image\" content=\"https:\/\/nitu.mx\/wp-content\/uploads\/2020\/11\/Viva-aerobus.jpg\" \/>\n<meta name=\"twitter:creator\" content=\"@NITUmx\" \/>\n<meta name=\"twitter:site\" content=\"@Arturo_Medina_G\" \/>\n<meta name=\"twitter:label1\" content=\"Escrito por\" \/>\n\t<meta name=\"twitter:data1\" content=\"Redacci\u00f3n\" \/>\n\t<meta name=\"twitter:label2\" content=\"Tiempo de lectura\" \/>\n\t<meta name=\"twitter:data2\" content=\"3 minutos\" \/>\n<script type=\"application\/ld+json\" class=\"yoast-schema-graph\">{\"@context\":\"https:\/\/schema.org\",\"@graph\":[{\"@type\":\"Article\",\"@id\":\"https:\/\/nitu.mx\/index.php\/2023\/12\/17\/viva-aerobus-inaugura-las-rutas-del-aifa-a-cd-juarez-y-merida\/#article\",\"isPartOf\":{\"@id\":\"https:\/\/nitu.mx\/index.php\/2023\/12\/17\/viva-aerobus-inaugura-las-rutas-del-aifa-a-cd-juarez-y-merida\/\"},\"author\":{\"name\":\"Redacci\u00f3n\",\"@id\":\"https:\/\/nitu.mx\/#\/schema\/person\/4a28fe9bd65924f7c90623773daf1b0b\"},\"headline\":\"Viva Aerobus inaugura las rutas del AIFA a Cd. Ju\u00e1rez y M\u00e9rida\",\"datePublished\":\"2023-12-17T20:40:46+00:00\",\"dateModified\":\"2023-12-18T04:16:12+00:00\",\"mainEntityOfPage\":{\"@id\":\"https:\/\/nitu.mx\/index.php\/2023\/12\/17\/viva-aerobus-inaugura-las-rutas-del-aifa-a-cd-juarez-y-merida\/\"},\"wordCount\":676,\"commentCount\":0,\"publisher\":{\"@id\":\"https:\/\/nitu.mx\/#\/schema\/person\/ae7a53426417292d3dd07b45a33e01bc\"},\"image\":{\"@id\":\"https:\/\/nitu.mx\/index.php\/2023\/12\/17\/viva-aerobus-inaugura-las-rutas-del-aifa-a-cd-juarez-y-merida\/#primaryimage\"},\"thumbnailUrl\":\"https:\/\/nitu.mx\/wp-content\/uploads\/2020\/11\/Viva-aerobus.jpg\",\"keywords\":[\"AIFA\",\"Ciudad Ju\u00e1rez\",\"Juan Carlos Zuazua\",\"M\u00e9rida\",\"Viva Aerobus\"],\"articleSection\":[\"Aerol\u00edneas\"],\"inLanguage\":\"es-MX\",\"potentialAction\":[{\"@type\":\"CommentAction\",\"name\":\"Comment\",\"target\":[\"https:\/\/nitu.mx\/index.php\/2023\/12\/17\/viva-aerobus-inaugura-las-rutas-del-aifa-a-cd-juarez-y-merida\/#respond\"]}]},{\"@type\":\"WebPage\",\"@id\":\"https:\/\/nitu.mx\/index.php\/2023\/12\/17\/viva-aerobus-inaugura-las-rutas-del-aifa-a-cd-juarez-y-merida\/\",\"url\":\"https:\/\/nitu.mx\/index.php\/2023\/12\/17\/viva-aerobus-inaugura-las-rutas-del-aifa-a-cd-juarez-y-merida\/\",\"name\":\"Viva Aerobus inaugura las rutas del AIFA a Cd. Ju\u00e1rez y M\u00e9rida - Nitu - Noticias de la Industria Turistica\",\"isPartOf\":{\"@id\":\"https:\/\/nitu.mx\/#website\"},\"primaryImageOfPage\":{\"@id\":\"https:\/\/nitu.mx\/index.php\/2023\/12\/17\/viva-aerobus-inaugura-las-rutas-del-aifa-a-cd-juarez-y-merida\/#primaryimage\"},\"image\":{\"@id\":\"https:\/\/nitu.mx\/index.php\/2023\/12\/17\/viva-aerobus-inaugura-las-rutas-del-aifa-a-cd-juarez-y-merida\/#primaryimage\"},\"thumbnailUrl\":\"https:\/\/nitu.mx\/wp-content\/uploads\/2020\/11\/Viva-aerobus.jpg\",\"datePublished\":\"2023-12-17T20:40:46+00:00\",\"dateModified\":\"2023-12-18T04:16:12+00:00\",\"breadcrumb\":{\"@id\":\"https:\/\/nitu.mx\/index.php\/2023\/12\/17\/viva-aerobus-inaugura-las-rutas-del-aifa-a-cd-juarez-y-merida\/#breadcrumb\"},\"inLanguage\":\"es-MX\",\"potentialAction\":[{\"@type\":\"ReadAction\",\"target\":[\"https:\/\/nitu.mx\/index.php\/2023\/12\/17\/viva-aerobus-inaugura-las-rutas-del-aifa-a-cd-juarez-y-merida\/\"]}]},{\"@type\":\"ImageObject\",\"inLanguage\":\"es-MX\",\"@id\":\"https:\/\/nitu.mx\/index.php\/2023\/12\/17\/viva-aerobus-inaugura-las-rutas-del-aifa-a-cd-juarez-y-merida\/#primaryimage\",\"url\":\"https:\/\/nitu.mx\/wp-content\/uploads\/2020\/11\/Viva-aerobus.jpg\",\"contentUrl\":\"https:\/\/nitu.mx\/wp-content\/uploads\/2020\/11\/Viva-aerobus.jpg\",\"width\":1200,\"height\":675,\"caption\":\"Viva Aerobus\"},{\"@type\":\"BreadcrumbList\",\"@id\":\"https:\/\/nitu.mx\/index.php\/2023\/12\/17\/viva-aerobus-inaugura-las-rutas-del-aifa-a-cd-juarez-y-merida\/#breadcrumb\",\"itemListElement\":[{\"@type\":\"ListItem\",\"position\":1,\"name\":\"Inicio\",\"item\":\"https:\/\/nitu.mx\/\"},{\"@type\":\"ListItem\",\"position\":2,\"name\":\"Viva Aerobus inaugura las rutas del AIFA a Cd. Ju\u00e1rez y M\u00e9rida\"}]},{\"@type\":\"WebSite\",\"@id\":\"https:\/\/nitu.mx\/#website\",\"url\":\"https:\/\/nitu.mx\/\",\"name\":\"Nitu - Noticias de la Industria Turistica\",\"description\":\"Noticias de la Industria Turistica\",\"publisher\":{\"@id\":\"https:\/\/nitu.mx\/#\/schema\/person\/ae7a53426417292d3dd07b45a33e01bc\"},\"alternateName\":\"Noticias de la Industria Turistica\",\"potentialAction\":[{\"@type\":\"SearchAction\",\"target\":{\"@type\":\"EntryPoint\",\"urlTemplate\":\"https:\/\/nitu.mx\/?s={search_term_string}\"},\"query-input\":\"required name=search_term_string\"}],\"inLanguage\":\"es-MX\"},{\"@type\":[\"Person\",\"Organization\"],\"@id\":\"https:\/\/nitu.mx\/#\/schema\/person\/ae7a53426417292d3dd07b45a33e01bc\",\"name\":\"Arturo Medina\",\"image\":{\"@type\":\"ImageObject\",\"inLanguage\":\"es-MX\",\"@id\":\"https:\/\/nitu.mx\/#\/schema\/person\/image\/\",\"url\":\"https:\/\/nitu.mx\/wp-content\/uploads\/2024\/04\/4A315622-1904-4D5C-B022-878CDC840E04-90x90-1.jpeg\",\"contentUrl\":\"https:\/\/nitu.mx\/wp-content\/uploads\/2024\/04\/4A315622-1904-4D5C-B022-878CDC840E04-90x90-1.jpeg\",\"width\":90,\"height\":90,\"caption\":\"Arturo Medina\"},\"logo\":{\"@id\":\"https:\/\/nitu.mx\/#\/schema\/person\/image\/\"},\"description\":\"Director NITU.mx, Egresado de la Escuela de Periodismo Carlos Septi\u00e9n Garc\u00eda. Periodista y analista especializado en turismo desde hace 35 a\u00f1os, radicado en Canc\u00fan Q.Roo. arturo@nitu.mx\",\"sameAs\":[\"https:\/\/nitu.mx\",\"https:\/\/www.facebook.com\/NITUmx\/\",\"medinacancun\",\"https:\/\/twitter.com\/@Arturo_Medina_G\"]},{\"@type\":\"Person\",\"@id\":\"https:\/\/nitu.mx\/#\/schema\/person\/4a28fe9bd65924f7c90623773daf1b0b\",\"name\":\"Redacci\u00f3n\",\"image\":{\"@type\":\"ImageObject\",\"inLanguage\":\"es-MX\",\"@id\":\"https:\/\/nitu.mx\/#\/schema\/person\/image\/\",\"url\":\"https:\/\/secure.gravatar.com\/avatar\/5dd011c8ccfc5cd7e4c81e42252aab38?s=96&d=mm&r=g\",\"contentUrl\":\"https:\/\/secure.gravatar.com\/avatar\/5dd011c8ccfc5cd7e4c81e42252aab38?s=96&d=mm&r=g\",\"caption\":\"Redacci\u00f3n\"},\"url\":\"https:\/\/nitu.mx\/index.php\/author\/redaccion\/\"}]}<\/script>\n<!-- \/ Yoast SEO plugin. -->","yoast_head_json":{"title":"Viva Aerobus inaugura las rutas del AIFA a Cd. Ju\u00e1rez y M\u00e9rida - Nitu - Noticias de la Industria Turistica","robots":{"index":"index","follow":"follow","max-snippet":"max-snippet:-1","max-image-preview":"max-image-preview:large","max-video-preview":"max-video-preview:-1"},"canonical":"https:\/\/nitu.mx\/index.php\/2023\/12\/17\/viva-aerobus-inaugura-las-rutas-del-aifa-a-cd-juarez-y-merida\/","twitter_card":"summary_large_image","twitter_title":"Viva Aerobus inaugura las rutas del AIFA a Cd. Ju\u00e1rez y M\u00e9rida - Nitu - Noticias de la Industria Turistica","twitter_description":"Este s\u00e1bado despegaron del Aeropuerto Internacional Felipe \u00c1ngeles (AIFA), el vuelo inaugural de la ruta a M\u00e9rida de Viva Aerobus con cerca de 180 pasajeros a bordo; y\u00a0el primer vuelo desde este nuevo aeropuerto capitalino a Ciudad Ju\u00e1rez con m\u00e1s de 140 pasajeros. &#8220;Nos es grato dar, una vez m\u00e1s, la bienvenida a Viva Aerobus, [&hellip;]","twitter_image":"https:\/\/nitu.mx\/wp-content\/uploads\/2020\/11\/Viva-aerobus.jpg","twitter_creator":"@NITUmx","twitter_site":"@Arturo_Medina_G","twitter_misc":{"Escrito por":"Redacci\u00f3n","Tiempo de lectura":"3 minutos"},"schema":{"@context":"https:\/\/schema.org","@graph":[{"@type":"Article","@id":"https:\/\/nitu.mx\/index.php\/2023\/12\/17\/viva-aerobus-inaugura-las-rutas-del-aifa-a-cd-juarez-y-merida\/#article","isPartOf":{"@id":"https:\/\/nitu.mx\/index.php\/2023\/12\/17\/viva-aerobus-inaugura-las-rutas-del-aifa-a-cd-juarez-y-merida\/"},"author":{"name":"Redacci\u00f3n","@id":"https:\/\/nitu.mx\/#\/schema\/person\/4a28fe9bd65924f7c90623773daf1b0b"},"headline":"Viva Aerobus inaugura las rutas del AIFA a Cd. Ju\u00e1rez y M\u00e9rida","datePublished":"2023-12-17T20:40:46+00:00","dateModified":"2023-12-18T04:16:12+00:00","mainEntityOfPage":{"@id":"https:\/\/nitu.mx\/index.php\/2023\/12\/17\/viva-aerobus-inaugura-las-rutas-del-aifa-a-cd-juarez-y-merida\/"},"wordCount":676,"commentCount":0,"publisher":{"@id":"https:\/\/nitu.mx\/#\/schema\/person\/ae7a53426417292d3dd07b45a33e01bc"},"image":{"@id":"https:\/\/nitu.mx\/index.php\/2023\/12\/17\/viva-aerobus-inaugura-las-rutas-del-aifa-a-cd-juarez-y-merida\/#primaryimage"},"thumbnailUrl":"https:\/\/nitu.mx\/wp-content\/uploads\/2020\/11\/Viva-aerobus.jpg","keywords":["AIFA","Ciudad Ju\u00e1rez","Juan Carlos Zuazua","M\u00e9rida","Viva Aerobus"],"articleSection":["Aerol\u00edneas"],"inLanguage":"es-MX","potentialAction":[{"@type":"CommentAction","name":"Comment","target":["https:\/\/nitu.mx\/index.php\/2023\/12\/17\/viva-aerobus-inaugura-las-rutas-del-aifa-a-cd-juarez-y-merida\/#respond"]}]},{"@type":"WebPage","@id":"https:\/\/nitu.mx\/index.php\/2023\/12\/17\/viva-aerobus-inaugura-las-rutas-del-aifa-a-cd-juarez-y-merida\/","url":"https:\/\/nitu.mx\/index.php\/2023\/12\/17\/viva-aerobus-inaugura-las-rutas-del-aifa-a-cd-juarez-y-merida\/","name":"Viva Aerobus inaugura las rutas del AIFA a Cd. Ju\u00e1rez y M\u00e9rida - Nitu - Noticias de la Industria Turistica","isPartOf":{"@id":"https:\/\/nitu.mx\/#website"},"primaryImageOfPage":{"@id":"https:\/\/nitu.mx\/index.php\/2023\/12\/17\/viva-aerobus-inaugura-las-rutas-del-aifa-a-cd-juarez-y-merida\/#primaryimage"},"image":{"@id":"https:\/\/nitu.mx\/index.php\/2023\/12\/17\/viva-aerobus-inaugura-las-rutas-del-aifa-a-cd-juarez-y-merida\/#primaryimage"},"thumbnailUrl":"https:\/\/nitu.mx\/wp-content\/uploads\/2020\/11\/Viva-aerobus.jpg","datePublished":"2023-12-17T20:40:46+00:00","dateModified":"2023-12-18T04:16:12+00:00","breadcrumb":{"@id":"https:\/\/nitu.mx\/index.php\/2023\/12\/17\/viva-aerobus-inaugura-las-rutas-del-aifa-a-cd-juarez-y-merida\/#breadcrumb"},"inLanguage":"es-MX","potentialAction":[{"@type":"ReadAction","target":["https:\/\/nitu.mx\/index.php\/2023\/12\/17\/viva-aerobus-inaugura-las-rutas-del-aifa-a-cd-juarez-y-merida\/"]}]},{"@type":"ImageObject","inLanguage":"es-MX","@id":"https:\/\/nitu.mx\/index.php\/2023\/12\/17\/viva-aerobus-inaugura-las-rutas-del-aifa-a-cd-juarez-y-merida\/#primaryimage","url":"https:\/\/nitu.mx\/wp-content\/uploads\/2020\/11\/Viva-aerobus.jpg","contentUrl":"https:\/\/nitu.mx\/wp-content\/uploads\/2020\/11\/Viva-aerobus.jpg","width":1200,"height":675,"caption":"Viva Aerobus"},{"@type":"BreadcrumbList","@id":"https:\/\/nitu.mx\/index.php\/2023\/12\/17\/viva-aerobus-inaugura-las-rutas-del-aifa-a-cd-juarez-y-merida\/#breadcrumb","itemListElement":[{"@type":"ListItem","position":1,"name":"Inicio","item":"https:\/\/nitu.mx\/"},{"@type":"ListItem","position":2,"name":"Viva Aerobus inaugura las rutas del AIFA a Cd. Ju\u00e1rez y M\u00e9rida"}]},{"@type":"WebSite","@id":"https:\/\/nitu.mx\/#website","url":"https:\/\/nitu.mx\/","name":"Nitu - Noticias de la Industria Turistica","description":"Noticias de la Industria Turistica","publisher":{"@id":"https:\/\/nitu.mx\/#\/schema\/person\/ae7a53426417292d3dd07b45a33e01bc"},"alternateName":"Noticias de la Industria Turistica","potentialAction":[{"@type":"SearchAction","target":{"@type":"EntryPoint","urlTemplate":"https:\/\/nitu.mx\/?s={search_term_string}"},"query-input":"required name=search_term_string"}],"inLanguage":"es-MX"},{"@type":["Person","Organization"],"@id":"https:\/\/nitu.mx\/#\/schema\/person\/ae7a53426417292d3dd07b45a33e01bc","name":"Arturo Medina","image":{"@type":"ImageObject","inLanguage":"es-MX","@id":"https:\/\/nitu.mx\/#\/schema\/person\/image\/","url":"https:\/\/nitu.mx\/wp-content\/uploads\/2024\/04\/4A315622-1904-4D5C-B022-878CDC840E04-90x90-1.jpeg","contentUrl":"https:\/\/nitu.mx\/wp-content\/uploads\/2024\/04\/4A315622-1904-4D5C-B022-878CDC840E04-90x90-1.jpeg","width":90,"height":90,"caption":"Arturo Medina"},"logo":{"@id":"https:\/\/nitu.mx\/#\/schema\/person\/image\/"},"description":"Director NITU.mx, Egresado de la Escuela de Periodismo Carlos Septi\u00e9n Garc\u00eda. Periodista y analista especializado en turismo desde hace 35 a\u00f1os, radicado en Canc\u00fan Q.Roo. arturo@nitu.mx","sameAs":["https:\/\/nitu.mx","https:\/\/www.facebook.com\/NITUmx\/","medinacancun","https:\/\/twitter.com\/@Arturo_Medina_G"]},{"@type":"Person","@id":"https:\/\/nitu.mx\/#\/schema\/person\/4a28fe9bd65924f7c90623773daf1b0b","name":"Redacci\u00f3n","image":{"@type":"ImageObject","inLanguage":"es-MX","@id":"https:\/\/nitu.mx\/#\/schema\/person\/image\/","url":"https:\/\/secure.gravatar.com\/avatar\/5dd011c8ccfc5cd7e4c81e42252aab38?s=96&d=mm&r=g","contentUrl":"https:\/\/secure.gravatar.com\/avatar\/5dd011c8ccfc5cd7e4c81e42252aab38?s=96&d=mm&r=g","caption":"Redacci\u00f3n"},"url":"https:\/\/nitu.mx\/index.php\/author\/redaccion\/"}]}},"views":700,"_links":{"self":[{"href":"https:\/\/nitu.mx\/index.php\/wp-json\/wp\/v2\/posts\/67222"}],"collection":[{"href":"https:\/\/nitu.mx\/index.php\/wp-json\/wp\/v2\/posts"}],"about":[{"href":"https:\/\/nitu.mx\/index.php\/wp-json\/wp\/v2\/types\/post"}],"author":[{"embeddable":true,"href":"https:\/\/nitu.mx\/index.php\/wp-json\/wp\/v2\/users\/17"}],"replies":[{"embeddable":true,"href":"https:\/\/nitu.mx\/index.php\/wp-json\/wp\/v2\/comments?post=67222"}],"version-history":[{"count":2,"href":"https:\/\/nitu.mx\/index.php\/wp-json\/wp\/v2\/posts\/67222\/revisions"}],"predecessor-version":[{"id":67224,"href":"https:\/\/nitu.mx\/index.php\/wp-json\/wp\/v2\/posts\/67222\/revisions\/67224"}],"wp:featuredmedia":[{"embeddable":true,"href":"https:\/\/nitu.mx\/index.php\/wp-json\/wp\/v2\/media\/47779"}],"wp:attachment":[{"href":"https:\/\/nitu.mx\/index.php\/wp-json\/wp\/v2\/media?parent=67222"}],"wp:term":[{"taxonomy":"category","embeddable":true,"href":"https:\/\/nitu.mx\/index.php\/wp-json\/wp\/v2\/categories?post=67222"},{"taxonomy":"post_tag","embeddable":true,"href":"https:\/\/nitu.mx\/index.php\/wp-json\/wp\/v2\/tags?post=67222"}],"curies":[{"name":"wp","href":"https:\/\/api.w.org\/{rel}","templated":true}]}}