{"id":67203,"date":"2023-12-15T01:15:44","date_gmt":"2023-12-15T06:15:44","guid":{"rendered":"https:\/\/nitu.mx\/?p=67203"},"modified":"2023-12-15T01:15:44","modified_gmt":"2023-12-15T06:15:44","slug":"aeropuerto-de-tulum-tendra-vuelos-de-toronto-y-montreal-con-air-canada","status":"publish","type":"post","link":"https:\/\/nitu.mx\/index.php\/2023\/12\/15\/aeropuerto-de-tulum-tendra-vuelos-de-toronto-y-montreal-con-air-canada\/","title":{"rendered":"Aeropuerto de Tulum tendr\u00e1 vuelos de Toronto y Montreal con Air Canada"},"content":{"rendered":"<p style=\"font-weight: 400;\">Air Canada se convierte en la primera aerol\u00ednea canadiense en ofrecer servicio a Tulum, con vuelos desde Toronto y Montreal al aeropuerto m\u00e1s nuevo de la pen\u00ednsula mexicana de Yucat\u00e1n, y a Charleston, SC desde Toronto. Los boletos ya est\u00e1n disponibles para su compra en\u00a0aircanada.com, a trav\u00e9s de la aplicaci\u00f3n de Air Canada, los centros de contacto de Air Canada y tambi\u00e9n en las agencias de viajes. Los vuelos a Tulum se pondr\u00e1n a la venta el 15 de diciembre.<\/p>\n<p style=\"font-weight: 400;\">La aerol\u00ednea anunci\u00f3 el aumento en la capacidad de su red norteamericana para el verano de 2024 con la incorporaci\u00f3n de dos nuevos destinos, cinco nuevas rutas, el aumento de las frecuencias de vuelo en rutas clave y la reanudaci\u00f3n anticipada de rutas estacionales populares en respuesta a la demanda prevista.<\/p>\n<p style=\"font-weight: 400;\">&#8220;Estamos muy contentos de agregar dos nuevos destinos a nuestra red global, Tulum, M\u00e9xico desde nuestros centros de Toronto y Montreal, y Charleston, Carolina del Sur desde Toronto, adem\u00e1s de nuevos vuelos a Austin y St. Louis desde Montreal en el verano de 2024&#8221;,\u00a0dijo Mark Galardo, vicepresidente ejecutivo de Ingresos y Planificaci\u00f3n de Red de Air Canada.<\/p>\n<p style=\"font-weight: 400;\">&#8220;Estos nuevos destinos y rutas reflejan el liderazgo de Air Canada en el mercado y su estrategia de diversificaci\u00f3n de la red, a\u00f1adiendo capacidad a destinos de ocio muy demandados, como Tulum, y a \u00e1reas metropolitanas clave de r\u00e1pido crecimiento en Estados Unidos&#8221;, agreg\u00f3.\u00a0<a title=\"Inicia operaciones el Aeropuerto Internacional de Tulum \u00abFelipe Carrillo Puerto\u00bb, el 4o en QRoo\" href=\"https:\/\/nitu.mx\/index.php\/2023\/12\/03\/inicia-operaciones-el-aeropuerto-internacional-de-tulum-felipe-carrillo-puerto-el-4o-en-qroo\/\" rel=\"bookmark\">(Inicia operaciones el Aeropuerto Internacional de Tulum \u00abFelipe Carrillo Puerto\u00bb, el 4o en QRoo<\/a>).<\/p>\n<p style=\"font-weight: 400;\">&#8220;Tambi\u00e9n estamos muy satisfechos de ampliar nuestra red norteamericana de costa a costa con frecuencias adicionales en mercados clave como Ottawa, Calgary, Saskatoon y Regina, en mercados regionales, y reanudando antes las principales rutas estacionales. Al a\u00f1adir escala a nuestros centros canadienses, estamos ofreciendo m\u00e1s opciones de viaje y un acceso incomparable a y desde nuestra red mundial. Estamos deseando dar la bienvenida a bordo a nuestros clientes&#8221;, concluy\u00f3 Galardo.<\/p>\n<p style=\"font-weight: 400;\">Para el verano de 2024, Air Canada operar\u00e1 120 destinos en Canad\u00e1, EE.UU. y el Caribe con hasta 520 vuelos diarios, lo que se traduce en aproximadamente 66 mil asientos despachados, lo que representa un aumento del 5% de la capacidad de asientos en Norteam\u00e9rica y el Caribe con respecto a 2023.<\/p>\n<p style=\"font-weight: 400;\">&#8220;Celebro este gran anuncio de Air Canada. Sin conectividad no hay turismo, y las dos nuevas rutas al nuevo Aeropuerto Internacional de Tulum, que est\u00e1 listo para recibir cinco millones de pasajeros, impulsar\u00e1n la llegada de turistas de nuestro segundo mercado emisor m\u00e1s importante de turistas internacionales&#8221;, declar\u00f3 Miguel Torruco Marqu\u00e9s, secretario de Turismo de M\u00e9xico.\u00a0<a title=\"Air Canada, primera aerol\u00ednea que operar\u00e1 la ruta Monterrey-Toronto\" href=\"https:\/\/nitu.mx\/index.php\/2023\/08\/25\/air-canada-primera-aerolinea-que-operara-la-ruta-monterrey-toronto\/\" rel=\"bookmark\">(Air Canada, primera aerol\u00ednea que operar\u00e1 la ruta Monterrey-Toronto<\/a>).<\/p>\n<table style=\"font-weight: 400;\">\n<tbody>\n<tr>\n<td><strong>VUELO<\/strong><\/td>\n<td><strong>AEROPUERTO DE SALIDA<\/strong><\/td>\n<td><strong>AEROPUERTO DE LLEGADA<\/strong><\/td>\n<td><strong>SALIDAS<\/strong><\/td>\n<td><strong>LLEGADAS<\/strong><\/td>\n<td><strong>D\u00cdAS DE OPERACI\u00d3N<\/strong><\/td>\n<td><strong>OPERACI\u00d3N<\/strong><\/td>\n<\/tr>\n<tr>\n<td>AC1854<\/td>\n<td>Toronto (YYZ)<\/td>\n<td>Tulum (TQO)<\/td>\n<td>08:15<\/td>\n<td>11:20<\/td>\n<td>viernes y domingo<\/td>\n<td>Todo el a\u00f1o a partir del 3 de mayo<\/td>\n<\/tr>\n<tr>\n<td>AC1855<\/td>\n<td>Tulum (TQO)<\/td>\n<td>Toronto (YYZ)<\/td>\n<td>12:30<\/td>\n<td>17:35<\/td>\n<td>viernes y domingo<\/td>\n<td>Todo el a\u00f1o a partir del 3 de mayo<\/td>\n<\/tr>\n<tr>\n<td>AC1874<\/td>\n<td>Montreal (YUL)<\/td>\n<td>Tulum (TQO)<\/td>\n<td>08:15<\/td>\n<td>12:00<\/td>\n<td>s\u00e1bado<\/td>\n<td>Todo el a\u00f1o a partir del 4 de mayo<\/td>\n<\/tr>\n<tr>\n<td>AC1875<\/td>\n<td>Tulum (TQO)<\/td>\n<td>Montreal (YUL)<\/td>\n<td>13:10<\/td>\n<td>18:45<\/td>\n<td>s\u00e1bado<\/td>\n<td>Todo el a\u00f1o a partir del 4 de mayo<\/td>\n<\/tr>\n<\/tbody>\n<\/table>\n<p>&nbsp;<\/p>\n","protected":false},"excerpt":{"rendered":"<p>Air Canada se convierte en la primera aerol\u00ednea canadiense en ofrecer servicio a Tulum, con vuelos desde Toronto y Montreal al aeropuerto m\u00e1s nuevo de la pen\u00ednsula mexicana de Yucat\u00e1n, y a Charleston, SC desde Toronto. Los boletos ya est\u00e1n disponibles para su compra en\u00a0aircanada.com, a trav\u00e9s de la aplicaci\u00f3n de Air Canada, los centros [&hellip;]<\/p>\n","protected":false},"author":17,"featured_media":39320,"comment_status":"open","ping_status":"open","sticky":false,"template":"","format":"standard","meta":{"footnotes":""},"categories":[29],"tags":[1700,3695,1190,1052,390],"yoast_head":"<!-- This site is optimized with the Yoast SEO plugin v22.2 - https:\/\/yoast.com\/wordpress\/plugins\/seo\/ -->\n<title>Aeropuerto de Tulum tendr\u00e1 vuelos de Toronto y Montreal con Air Canada - Nitu - Noticias de la Industria Turistica<\/title>\n<meta name=\"robots\" content=\"index, follow, max-snippet:-1, max-image-preview:large, max-video-preview:-1\" \/>\n<link rel=\"canonical\" href=\"https:\/\/nitu.mx\/index.php\/2023\/12\/15\/aeropuerto-de-tulum-tendra-vuelos-de-toronto-y-montreal-con-air-canada\/\" \/>\n<meta name=\"twitter:card\" content=\"summary_large_image\" \/>\n<meta name=\"twitter:title\" content=\"Aeropuerto de Tulum tendr\u00e1 vuelos de Toronto y Montreal con Air Canada - Nitu - Noticias de la Industria Turistica\" \/>\n<meta name=\"twitter:description\" content=\"Air Canada se convierte en la primera aerol\u00ednea canadiense en ofrecer servicio a Tulum, con vuelos desde Toronto y Montreal al aeropuerto m\u00e1s nuevo de la pen\u00ednsula mexicana de Yucat\u00e1n, y a Charleston, SC desde Toronto. Los boletos ya est\u00e1n disponibles para su compra en\u00a0aircanada.com, a trav\u00e9s de la aplicaci\u00f3n de Air Canada, los centros [&hellip;]\" \/>\n<meta name=\"twitter:image\" content=\"https:\/\/nitu.mx\/wp-content\/uploads\/2020\/01\/Air-Canada-737-MAX.jpg\" \/>\n<meta name=\"twitter:creator\" content=\"@NITUmx\" \/>\n<meta name=\"twitter:site\" content=\"@Arturo_Medina_G\" \/>\n<meta name=\"twitter:label1\" content=\"Escrito por\" \/>\n\t<meta name=\"twitter:data1\" content=\"Redacci\u00f3n\" \/>\n\t<meta name=\"twitter:label2\" content=\"Tiempo de lectura\" \/>\n\t<meta name=\"twitter:data2\" content=\"3 minutos\" \/>\n<script type=\"application\/ld+json\" class=\"yoast-schema-graph\">{\"@context\":\"https:\/\/schema.org\",\"@graph\":[{\"@type\":\"Article\",\"@id\":\"https:\/\/nitu.mx\/index.php\/2023\/12\/15\/aeropuerto-de-tulum-tendra-vuelos-de-toronto-y-montreal-con-air-canada\/#article\",\"isPartOf\":{\"@id\":\"https:\/\/nitu.mx\/index.php\/2023\/12\/15\/aeropuerto-de-tulum-tendra-vuelos-de-toronto-y-montreal-con-air-canada\/\"},\"author\":{\"name\":\"Redacci\u00f3n\",\"@id\":\"https:\/\/nitu.mx\/#\/schema\/person\/4a28fe9bd65924f7c90623773daf1b0b\"},\"headline\":\"Aeropuerto de Tulum tendr\u00e1 vuelos de Toronto y Montreal con Air Canada\",\"datePublished\":\"2023-12-15T06:15:44+00:00\",\"dateModified\":\"2023-12-15T06:15:44+00:00\",\"mainEntityOfPage\":{\"@id\":\"https:\/\/nitu.mx\/index.php\/2023\/12\/15\/aeropuerto-de-tulum-tendra-vuelos-de-toronto-y-montreal-con-air-canada\/\"},\"wordCount\":550,\"commentCount\":0,\"publisher\":{\"@id\":\"https:\/\/nitu.mx\/#\/schema\/person\/ae7a53426417292d3dd07b45a33e01bc\"},\"image\":{\"@id\":\"https:\/\/nitu.mx\/index.php\/2023\/12\/15\/aeropuerto-de-tulum-tendra-vuelos-de-toronto-y-montreal-con-air-canada\/#primaryimage\"},\"thumbnailUrl\":\"https:\/\/nitu.mx\/wp-content\/uploads\/2020\/01\/Air-Canada-737-MAX.jpg\",\"keywords\":[\"Air Canada\",\"conectividad a\u00e9rea\",\"Montreal\",\"Toronto\",\"Tulum\"],\"articleSection\":[\"Aerol\u00edneas\"],\"inLanguage\":\"es-MX\",\"potentialAction\":[{\"@type\":\"CommentAction\",\"name\":\"Comment\",\"target\":[\"https:\/\/nitu.mx\/index.php\/2023\/12\/15\/aeropuerto-de-tulum-tendra-vuelos-de-toronto-y-montreal-con-air-canada\/#respond\"]}]},{\"@type\":\"WebPage\",\"@id\":\"https:\/\/nitu.mx\/index.php\/2023\/12\/15\/aeropuerto-de-tulum-tendra-vuelos-de-toronto-y-montreal-con-air-canada\/\",\"url\":\"https:\/\/nitu.mx\/index.php\/2023\/12\/15\/aeropuerto-de-tulum-tendra-vuelos-de-toronto-y-montreal-con-air-canada\/\",\"name\":\"Aeropuerto de Tulum tendr\u00e1 vuelos de Toronto y Montreal con Air Canada - Nitu - Noticias de la Industria Turistica\",\"isPartOf\":{\"@id\":\"https:\/\/nitu.mx\/#website\"},\"primaryImageOfPage\":{\"@id\":\"https:\/\/nitu.mx\/index.php\/2023\/12\/15\/aeropuerto-de-tulum-tendra-vuelos-de-toronto-y-montreal-con-air-canada\/#primaryimage\"},\"image\":{\"@id\":\"https:\/\/nitu.mx\/index.php\/2023\/12\/15\/aeropuerto-de-tulum-tendra-vuelos-de-toronto-y-montreal-con-air-canada\/#primaryimage\"},\"thumbnailUrl\":\"https:\/\/nitu.mx\/wp-content\/uploads\/2020\/01\/Air-Canada-737-MAX.jpg\",\"datePublished\":\"2023-12-15T06:15:44+00:00\",\"dateModified\":\"2023-12-15T06:15:44+00:00\",\"breadcrumb\":{\"@id\":\"https:\/\/nitu.mx\/index.php\/2023\/12\/15\/aeropuerto-de-tulum-tendra-vuelos-de-toronto-y-montreal-con-air-canada\/#breadcrumb\"},\"inLanguage\":\"es-MX\",\"potentialAction\":[{\"@type\":\"ReadAction\",\"target\":[\"https:\/\/nitu.mx\/index.php\/2023\/12\/15\/aeropuerto-de-tulum-tendra-vuelos-de-toronto-y-montreal-con-air-canada\/\"]}]},{\"@type\":\"ImageObject\",\"inLanguage\":\"es-MX\",\"@id\":\"https:\/\/nitu.mx\/index.php\/2023\/12\/15\/aeropuerto-de-tulum-tendra-vuelos-de-toronto-y-montreal-con-air-canada\/#primaryimage\",\"url\":\"https:\/\/nitu.mx\/wp-content\/uploads\/2020\/01\/Air-Canada-737-MAX.jpg\",\"contentUrl\":\"https:\/\/nitu.mx\/wp-content\/uploads\/2020\/01\/Air-Canada-737-MAX.jpg\",\"width\":850,\"height\":480,\"caption\":\"Air Canada 737 MAX\"},{\"@type\":\"BreadcrumbList\",\"@id\":\"https:\/\/nitu.mx\/index.php\/2023\/12\/15\/aeropuerto-de-tulum-tendra-vuelos-de-toronto-y-montreal-con-air-canada\/#breadcrumb\",\"itemListElement\":[{\"@type\":\"ListItem\",\"position\":1,\"name\":\"Inicio\",\"item\":\"https:\/\/nitu.mx\/\"},{\"@type\":\"ListItem\",\"position\":2,\"name\":\"Aeropuerto de Tulum tendr\u00e1 vuelos de Toronto y Montreal con Air Canada\"}]},{\"@type\":\"WebSite\",\"@id\":\"https:\/\/nitu.mx\/#website\",\"url\":\"https:\/\/nitu.mx\/\",\"name\":\"Nitu - Noticias de la Industria Turistica\",\"description\":\"Noticias de la Industria Turistica\",\"publisher\":{\"@id\":\"https:\/\/nitu.mx\/#\/schema\/person\/ae7a53426417292d3dd07b45a33e01bc\"},\"alternateName\":\"Noticias de la Industria Turistica\",\"potentialAction\":[{\"@type\":\"SearchAction\",\"target\":{\"@type\":\"EntryPoint\",\"urlTemplate\":\"https:\/\/nitu.mx\/?s={search_term_string}\"},\"query-input\":\"required name=search_term_string\"}],\"inLanguage\":\"es-MX\"},{\"@type\":[\"Person\",\"Organization\"],\"@id\":\"https:\/\/nitu.mx\/#\/schema\/person\/ae7a53426417292d3dd07b45a33e01bc\",\"name\":\"Arturo Medina\",\"image\":{\"@type\":\"ImageObject\",\"inLanguage\":\"es-MX\",\"@id\":\"https:\/\/nitu.mx\/#\/schema\/person\/image\/\",\"url\":\"https:\/\/nitu.mx\/wp-content\/uploads\/2024\/04\/4A315622-1904-4D5C-B022-878CDC840E04-90x90-1.jpeg\",\"contentUrl\":\"https:\/\/nitu.mx\/wp-content\/uploads\/2024\/04\/4A315622-1904-4D5C-B022-878CDC840E04-90x90-1.jpeg\",\"width\":90,\"height\":90,\"caption\":\"Arturo Medina\"},\"logo\":{\"@id\":\"https:\/\/nitu.mx\/#\/schema\/person\/image\/\"},\"description\":\"Director NITU.mx, Egresado de la Escuela de Periodismo Carlos Septi\u00e9n Garc\u00eda. Periodista y analista especializado en turismo desde hace 35 a\u00f1os, radicado en Canc\u00fan Q.Roo. arturo@nitu.mx\",\"sameAs\":[\"https:\/\/nitu.mx\",\"https:\/\/www.facebook.com\/NITUmx\/\",\"medinacancun\",\"https:\/\/twitter.com\/@Arturo_Medina_G\"]},{\"@type\":\"Person\",\"@id\":\"https:\/\/nitu.mx\/#\/schema\/person\/4a28fe9bd65924f7c90623773daf1b0b\",\"name\":\"Redacci\u00f3n\",\"image\":{\"@type\":\"ImageObject\",\"inLanguage\":\"es-MX\",\"@id\":\"https:\/\/nitu.mx\/#\/schema\/person\/image\/\",\"url\":\"https:\/\/secure.gravatar.com\/avatar\/5dd011c8ccfc5cd7e4c81e42252aab38?s=96&d=mm&r=g\",\"contentUrl\":\"https:\/\/secure.gravatar.com\/avatar\/5dd011c8ccfc5cd7e4c81e42252aab38?s=96&d=mm&r=g\",\"caption\":\"Redacci\u00f3n\"},\"url\":\"https:\/\/nitu.mx\/index.php\/author\/redaccion\/\"}]}<\/script>\n<!-- \/ Yoast SEO plugin. -->","yoast_head_json":{"title":"Aeropuerto de Tulum tendr\u00e1 vuelos de Toronto y Montreal con Air Canada - Nitu - Noticias de la Industria Turistica","robots":{"index":"index","follow":"follow","max-snippet":"max-snippet:-1","max-image-preview":"max-image-preview:large","max-video-preview":"max-video-preview:-1"},"canonical":"https:\/\/nitu.mx\/index.php\/2023\/12\/15\/aeropuerto-de-tulum-tendra-vuelos-de-toronto-y-montreal-con-air-canada\/","twitter_card":"summary_large_image","twitter_title":"Aeropuerto de Tulum tendr\u00e1 vuelos de Toronto y Montreal con Air Canada - Nitu - Noticias de la Industria Turistica","twitter_description":"Air Canada se convierte en la primera aerol\u00ednea canadiense en ofrecer servicio a Tulum, con vuelos desde Toronto y Montreal al aeropuerto m\u00e1s nuevo de la pen\u00ednsula mexicana de Yucat\u00e1n, y a Charleston, SC desde Toronto. Los boletos ya est\u00e1n disponibles para su compra en\u00a0aircanada.com, a trav\u00e9s de la aplicaci\u00f3n de Air Canada, los centros [&hellip;]","twitter_image":"https:\/\/nitu.mx\/wp-content\/uploads\/2020\/01\/Air-Canada-737-MAX.jpg","twitter_creator":"@NITUmx","twitter_site":"@Arturo_Medina_G","twitter_misc":{"Escrito por":"Redacci\u00f3n","Tiempo de lectura":"3 minutos"},"schema":{"@context":"https:\/\/schema.org","@graph":[{"@type":"Article","@id":"https:\/\/nitu.mx\/index.php\/2023\/12\/15\/aeropuerto-de-tulum-tendra-vuelos-de-toronto-y-montreal-con-air-canada\/#article","isPartOf":{"@id":"https:\/\/nitu.mx\/index.php\/2023\/12\/15\/aeropuerto-de-tulum-tendra-vuelos-de-toronto-y-montreal-con-air-canada\/"},"author":{"name":"Redacci\u00f3n","@id":"https:\/\/nitu.mx\/#\/schema\/person\/4a28fe9bd65924f7c90623773daf1b0b"},"headline":"Aeropuerto de Tulum tendr\u00e1 vuelos de Toronto y Montreal con Air Canada","datePublished":"2023-12-15T06:15:44+00:00","dateModified":"2023-12-15T06:15:44+00:00","mainEntityOfPage":{"@id":"https:\/\/nitu.mx\/index.php\/2023\/12\/15\/aeropuerto-de-tulum-tendra-vuelos-de-toronto-y-montreal-con-air-canada\/"},"wordCount":550,"commentCount":0,"publisher":{"@id":"https:\/\/nitu.mx\/#\/schema\/person\/ae7a53426417292d3dd07b45a33e01bc"},"image":{"@id":"https:\/\/nitu.mx\/index.php\/2023\/12\/15\/aeropuerto-de-tulum-tendra-vuelos-de-toronto-y-montreal-con-air-canada\/#primaryimage"},"thumbnailUrl":"https:\/\/nitu.mx\/wp-content\/uploads\/2020\/01\/Air-Canada-737-MAX.jpg","keywords":["Air Canada","conectividad a\u00e9rea","Montreal","Toronto","Tulum"],"articleSection":["Aerol\u00edneas"],"inLanguage":"es-MX","potentialAction":[{"@type":"CommentAction","name":"Comment","target":["https:\/\/nitu.mx\/index.php\/2023\/12\/15\/aeropuerto-de-tulum-tendra-vuelos-de-toronto-y-montreal-con-air-canada\/#respond"]}]},{"@type":"WebPage","@id":"https:\/\/nitu.mx\/index.php\/2023\/12\/15\/aeropuerto-de-tulum-tendra-vuelos-de-toronto-y-montreal-con-air-canada\/","url":"https:\/\/nitu.mx\/index.php\/2023\/12\/15\/aeropuerto-de-tulum-tendra-vuelos-de-toronto-y-montreal-con-air-canada\/","name":"Aeropuerto de Tulum tendr\u00e1 vuelos de Toronto y Montreal con Air Canada - Nitu - Noticias de la Industria Turistica","isPartOf":{"@id":"https:\/\/nitu.mx\/#website"},"primaryImageOfPage":{"@id":"https:\/\/nitu.mx\/index.php\/2023\/12\/15\/aeropuerto-de-tulum-tendra-vuelos-de-toronto-y-montreal-con-air-canada\/#primaryimage"},"image":{"@id":"https:\/\/nitu.mx\/index.php\/2023\/12\/15\/aeropuerto-de-tulum-tendra-vuelos-de-toronto-y-montreal-con-air-canada\/#primaryimage"},"thumbnailUrl":"https:\/\/nitu.mx\/wp-content\/uploads\/2020\/01\/Air-Canada-737-MAX.jpg","datePublished":"2023-12-15T06:15:44+00:00","dateModified":"2023-12-15T06:15:44+00:00","breadcrumb":{"@id":"https:\/\/nitu.mx\/index.php\/2023\/12\/15\/aeropuerto-de-tulum-tendra-vuelos-de-toronto-y-montreal-con-air-canada\/#breadcrumb"},"inLanguage":"es-MX","potentialAction":[{"@type":"ReadAction","target":["https:\/\/nitu.mx\/index.php\/2023\/12\/15\/aeropuerto-de-tulum-tendra-vuelos-de-toronto-y-montreal-con-air-canada\/"]}]},{"@type":"ImageObject","inLanguage":"es-MX","@id":"https:\/\/nitu.mx\/index.php\/2023\/12\/15\/aeropuerto-de-tulum-tendra-vuelos-de-toronto-y-montreal-con-air-canada\/#primaryimage","url":"https:\/\/nitu.mx\/wp-content\/uploads\/2020\/01\/Air-Canada-737-MAX.jpg","contentUrl":"https:\/\/nitu.mx\/wp-content\/uploads\/2020\/01\/Air-Canada-737-MAX.jpg","width":850,"height":480,"caption":"Air Canada 737 MAX"},{"@type":"BreadcrumbList","@id":"https:\/\/nitu.mx\/index.php\/2023\/12\/15\/aeropuerto-de-tulum-tendra-vuelos-de-toronto-y-montreal-con-air-canada\/#breadcrumb","itemListElement":[{"@type":"ListItem","position":1,"name":"Inicio","item":"https:\/\/nitu.mx\/"},{"@type":"ListItem","position":2,"name":"Aeropuerto de Tulum tendr\u00e1 vuelos de Toronto y Montreal con Air Canada"}]},{"@type":"WebSite","@id":"https:\/\/nitu.mx\/#website","url":"https:\/\/nitu.mx\/","name":"Nitu - Noticias de la Industria Turistica","description":"Noticias de la Industria Turistica","publisher":{"@id":"https:\/\/nitu.mx\/#\/schema\/person\/ae7a53426417292d3dd07b45a33e01bc"},"alternateName":"Noticias de la Industria Turistica","potentialAction":[{"@type":"SearchAction","target":{"@type":"EntryPoint","urlTemplate":"https:\/\/nitu.mx\/?s={search_term_string}"},"query-input":"required name=search_term_string"}],"inLanguage":"es-MX"},{"@type":["Person","Organization"],"@id":"https:\/\/nitu.mx\/#\/schema\/person\/ae7a53426417292d3dd07b45a33e01bc","name":"Arturo Medina","image":{"@type":"ImageObject","inLanguage":"es-MX","@id":"https:\/\/nitu.mx\/#\/schema\/person\/image\/","url":"https:\/\/nitu.mx\/wp-content\/uploads\/2024\/04\/4A315622-1904-4D5C-B022-878CDC840E04-90x90-1.jpeg","contentUrl":"https:\/\/nitu.mx\/wp-content\/uploads\/2024\/04\/4A315622-1904-4D5C-B022-878CDC840E04-90x90-1.jpeg","width":90,"height":90,"caption":"Arturo Medina"},"logo":{"@id":"https:\/\/nitu.mx\/#\/schema\/person\/image\/"},"description":"Director NITU.mx, Egresado de la Escuela de Periodismo Carlos Septi\u00e9n Garc\u00eda. Periodista y analista especializado en turismo desde hace 35 a\u00f1os, radicado en Canc\u00fan Q.Roo. arturo@nitu.mx","sameAs":["https:\/\/nitu.mx","https:\/\/www.facebook.com\/NITUmx\/","medinacancun","https:\/\/twitter.com\/@Arturo_Medina_G"]},{"@type":"Person","@id":"https:\/\/nitu.mx\/#\/schema\/person\/4a28fe9bd65924f7c90623773daf1b0b","name":"Redacci\u00f3n","image":{"@type":"ImageObject","inLanguage":"es-MX","@id":"https:\/\/nitu.mx\/#\/schema\/person\/image\/","url":"https:\/\/secure.gravatar.com\/avatar\/5dd011c8ccfc5cd7e4c81e42252aab38?s=96&d=mm&r=g","contentUrl":"https:\/\/secure.gravatar.com\/avatar\/5dd011c8ccfc5cd7e4c81e42252aab38?s=96&d=mm&r=g","caption":"Redacci\u00f3n"},"url":"https:\/\/nitu.mx\/index.php\/author\/redaccion\/"}]}},"views":815,"_links":{"self":[{"href":"https:\/\/nitu.mx\/index.php\/wp-json\/wp\/v2\/posts\/67203"}],"collection":[{"href":"https:\/\/nitu.mx\/index.php\/wp-json\/wp\/v2\/posts"}],"about":[{"href":"https:\/\/nitu.mx\/index.php\/wp-json\/wp\/v2\/types\/post"}],"author":[{"embeddable":true,"href":"https:\/\/nitu.mx\/index.php\/wp-json\/wp\/v2\/users\/17"}],"replies":[{"embeddable":true,"href":"https:\/\/nitu.mx\/index.php\/wp-json\/wp\/v2\/comments?post=67203"}],"version-history":[{"count":2,"href":"https:\/\/nitu.mx\/index.php\/wp-json\/wp\/v2\/posts\/67203\/revisions"}],"predecessor-version":[{"id":67205,"href":"https:\/\/nitu.mx\/index.php\/wp-json\/wp\/v2\/posts\/67203\/revisions\/67205"}],"wp:featuredmedia":[{"embeddable":true,"href":"https:\/\/nitu.mx\/index.php\/wp-json\/wp\/v2\/media\/39320"}],"wp:attachment":[{"href":"https:\/\/nitu.mx\/index.php\/wp-json\/wp\/v2\/media?parent=67203"}],"wp:term":[{"taxonomy":"category","embeddable":true,"href":"https:\/\/nitu.mx\/index.php\/wp-json\/wp\/v2\/categories?post=67203"},{"taxonomy":"post_tag","embeddable":true,"href":"https:\/\/nitu.mx\/index.php\/wp-json\/wp\/v2\/tags?post=67203"}],"curies":[{"name":"wp","href":"https:\/\/api.w.org\/{rel}","templated":true}]}}