{"id":67136,"date":"2023-12-11T01:28:26","date_gmt":"2023-12-11T06:28:26","guid":{"rendered":"https:\/\/nitu.mx\/?p=67136"},"modified":"2023-12-11T01:28:39","modified_gmt":"2023-12-11T06:28:39","slug":"quintana-roo-presente-en-museo-del-vaticano-en-los-festejos-navidenos","status":"publish","type":"post","link":"https:\/\/nitu.mx\/index.php\/2023\/12\/11\/quintana-roo-presente-en-museo-del-vaticano-en-los-festejos-navidenos\/","title":{"rendered":"Quintana Roo presente en museo del Vaticano en los festejos navide\u00f1os"},"content":{"rendered":"<p>Quintana Roo ser\u00e1 el estado mexicano invitado a adornar con trabajos de artesanos del estado museos \u00a0y la V\u00eda de la Conciliazione en el Vaticano por lo que una comitiva, encabezada por la gobernadora Mara Lezama est\u00e1 presente en la Santa Sede en donde ser\u00e1n recibidos por el Santo Padre.<\/p>\n<p>Los momentos culminantes en el Vaticano, en \u00e9poca navide\u00f1a, son la Misa de Gallo, que el papa preside el 24 por la noche, en la Bas\u00edlica de San Pedro, y el mensaje navide\u00f1o y la Bendici\u00f3n Urbi et Orbi a Roma y al mundo, que el papa imparte desde la logia central de la Bas\u00edlica de San Pedro, el 25 a las 12 del d\u00eda.<\/p>\n<p>Lo que quiz\u00e1s no sepan es que la Navidad en el Vaticano est\u00e1 estrechamente relacionada con M\u00e9xico, porque a partir de 2007, cada a\u00f1o, un estado de la Rep\u00fablica Mexicana dona al papa y al Vaticano las decoraciones para \u00e1rboles de navidad y nacimientos, que son colocados en el Aula de las Audiencias y en los Museos del Vaticano.<\/p>\n<p>Tanto los ornamentos del \u00e1rbol como los pesebres son el fruto de las manos de artesanos, que utilizan materiales t\u00edpicamente mexicanos. Adem\u00e1s, cada a\u00f1o en la V\u00eda de la Conciliazione, que desemboca en la Plaza de San Pedro, se monta una exposici\u00f3n fotogr\u00e1fica sobre las bellezas del estado invitado, que este a\u00f1o ser\u00e1 Quintana Roo.<\/p>\n<p>El a\u00f1o pasado\u00a0le toc\u00f3 al Estado de Nuevo Le\u00f3n.<\/p>\n","protected":false},"excerpt":{"rendered":"<p>Quintana Roo ser\u00e1 el estado mexicano invitado a adornar con trabajos de artesanos del estado museos \u00a0y la V\u00eda de la Conciliazione en el Vaticano por lo que una comitiva, encabezada por la gobernadora Mara Lezama est\u00e1 presente en la Santa Sede en donde ser\u00e1n recibidos por el Santo Padre. Los momentos culminantes en el [&hellip;]<\/p>\n","protected":false},"author":2,"featured_media":67138,"comment_status":"open","ping_status":"open","sticky":false,"template":"","format":"standard","meta":{"footnotes":""},"categories":[18475],"tags":[14028,260,24318],"yoast_head":"<!-- This site is optimized with the Yoast SEO plugin v22.2 - https:\/\/yoast.com\/wordpress\/plugins\/seo\/ -->\n<title>Quintana Roo presente en museo del Vaticano en los festejos navide\u00f1os - Nitu - Noticias de la Industria Turistica<\/title>\n<meta name=\"robots\" content=\"index, follow, max-snippet:-1, max-image-preview:large, max-video-preview:-1\" \/>\n<link rel=\"canonical\" href=\"https:\/\/nitu.mx\/index.php\/2023\/12\/11\/quintana-roo-presente-en-museo-del-vaticano-en-los-festejos-navidenos\/\" \/>\n<meta name=\"twitter:card\" content=\"summary_large_image\" \/>\n<meta name=\"twitter:title\" content=\"Quintana Roo presente en museo del Vaticano en los festejos navide\u00f1os - Nitu - Noticias de la Industria Turistica\" \/>\n<meta name=\"twitter:description\" content=\"Quintana Roo ser\u00e1 el estado mexicano invitado a adornar con trabajos de artesanos del estado museos \u00a0y la V\u00eda de la Conciliazione en el Vaticano por lo que una comitiva, encabezada por la gobernadora Mara Lezama est\u00e1 presente en la Santa Sede en donde ser\u00e1n recibidos por el Santo Padre. Los momentos culminantes en el [&hellip;]\" \/>\n<meta name=\"twitter:image\" content=\"https:\/\/nitu.mx\/wp-content\/uploads\/2023\/12\/IMG_2237.jpeg\" \/>\n<meta name=\"twitter:creator\" content=\"@Arturo_Medina_G\" \/>\n<meta name=\"twitter:site\" content=\"@Arturo_Medina_G\" \/>\n<meta name=\"twitter:label1\" content=\"Escrito por\" \/>\n\t<meta name=\"twitter:data1\" content=\"Arturo Medina\" \/>\n\t<meta name=\"twitter:label2\" content=\"Tiempo de lectura\" \/>\n\t<meta name=\"twitter:data2\" content=\"1 minuto\" \/>\n<script type=\"application\/ld+json\" class=\"yoast-schema-graph\">{\"@context\":\"https:\/\/schema.org\",\"@graph\":[{\"@type\":\"Article\",\"@id\":\"https:\/\/nitu.mx\/index.php\/2023\/12\/11\/quintana-roo-presente-en-museo-del-vaticano-en-los-festejos-navidenos\/#article\",\"isPartOf\":{\"@id\":\"https:\/\/nitu.mx\/index.php\/2023\/12\/11\/quintana-roo-presente-en-museo-del-vaticano-en-los-festejos-navidenos\/\"},\"author\":{\"name\":\"Arturo Medina\",\"@id\":\"https:\/\/nitu.mx\/#\/schema\/person\/ae7a53426417292d3dd07b45a33e01bc\"},\"headline\":\"Quintana Roo presente en museo del Vaticano en los festejos navide\u00f1os\",\"datePublished\":\"2023-12-11T06:28:26+00:00\",\"dateModified\":\"2023-12-11T06:28:39+00:00\",\"mainEntityOfPage\":{\"@id\":\"https:\/\/nitu.mx\/index.php\/2023\/12\/11\/quintana-roo-presente-en-museo-del-vaticano-en-los-festejos-navidenos\/\"},\"wordCount\":268,\"commentCount\":0,\"publisher\":{\"@id\":\"https:\/\/nitu.mx\/#\/schema\/person\/ae7a53426417292d3dd07b45a33e01bc\"},\"image\":{\"@id\":\"https:\/\/nitu.mx\/index.php\/2023\/12\/11\/quintana-roo-presente-en-museo-del-vaticano-en-los-festejos-navidenos\/#primaryimage\"},\"thumbnailUrl\":\"https:\/\/nitu.mx\/wp-content\/uploads\/2023\/12\/IMG_2237.jpeg\",\"keywords\":[\"Mara Lezama\",\"Quintana Roo\",\"Vaticano\"],\"articleSection\":[\"Caribe Mexicano\"],\"inLanguage\":\"es-MX\",\"potentialAction\":[{\"@type\":\"CommentAction\",\"name\":\"Comment\",\"target\":[\"https:\/\/nitu.mx\/index.php\/2023\/12\/11\/quintana-roo-presente-en-museo-del-vaticano-en-los-festejos-navidenos\/#respond\"]}]},{\"@type\":\"WebPage\",\"@id\":\"https:\/\/nitu.mx\/index.php\/2023\/12\/11\/quintana-roo-presente-en-museo-del-vaticano-en-los-festejos-navidenos\/\",\"url\":\"https:\/\/nitu.mx\/index.php\/2023\/12\/11\/quintana-roo-presente-en-museo-del-vaticano-en-los-festejos-navidenos\/\",\"name\":\"Quintana Roo presente en museo del Vaticano en los festejos navide\u00f1os - Nitu - Noticias de la Industria Turistica\",\"isPartOf\":{\"@id\":\"https:\/\/nitu.mx\/#website\"},\"primaryImageOfPage\":{\"@id\":\"https:\/\/nitu.mx\/index.php\/2023\/12\/11\/quintana-roo-presente-en-museo-del-vaticano-en-los-festejos-navidenos\/#primaryimage\"},\"image\":{\"@id\":\"https:\/\/nitu.mx\/index.php\/2023\/12\/11\/quintana-roo-presente-en-museo-del-vaticano-en-los-festejos-navidenos\/#primaryimage\"},\"thumbnailUrl\":\"https:\/\/nitu.mx\/wp-content\/uploads\/2023\/12\/IMG_2237.jpeg\",\"datePublished\":\"2023-12-11T06:28:26+00:00\",\"dateModified\":\"2023-12-11T06:28:39+00:00\",\"breadcrumb\":{\"@id\":\"https:\/\/nitu.mx\/index.php\/2023\/12\/11\/quintana-roo-presente-en-museo-del-vaticano-en-los-festejos-navidenos\/#breadcrumb\"},\"inLanguage\":\"es-MX\",\"potentialAction\":[{\"@type\":\"ReadAction\",\"target\":[\"https:\/\/nitu.mx\/index.php\/2023\/12\/11\/quintana-roo-presente-en-museo-del-vaticano-en-los-festejos-navidenos\/\"]}]},{\"@type\":\"ImageObject\",\"inLanguage\":\"es-MX\",\"@id\":\"https:\/\/nitu.mx\/index.php\/2023\/12\/11\/quintana-roo-presente-en-museo-del-vaticano-en-los-festejos-navidenos\/#primaryimage\",\"url\":\"https:\/\/nitu.mx\/wp-content\/uploads\/2023\/12\/IMG_2237.jpeg\",\"contentUrl\":\"https:\/\/nitu.mx\/wp-content\/uploads\/2023\/12\/IMG_2237.jpeg\",\"width\":739,\"height\":415},{\"@type\":\"BreadcrumbList\",\"@id\":\"https:\/\/nitu.mx\/index.php\/2023\/12\/11\/quintana-roo-presente-en-museo-del-vaticano-en-los-festejos-navidenos\/#breadcrumb\",\"itemListElement\":[{\"@type\":\"ListItem\",\"position\":1,\"name\":\"Inicio\",\"item\":\"https:\/\/nitu.mx\/\"},{\"@type\":\"ListItem\",\"position\":2,\"name\":\"Quintana Roo presente en museo del Vaticano en los festejos navide\u00f1os\"}]},{\"@type\":\"WebSite\",\"@id\":\"https:\/\/nitu.mx\/#website\",\"url\":\"https:\/\/nitu.mx\/\",\"name\":\"Nitu - Noticias de la Industria Turistica\",\"description\":\"Noticias de la Industria Turistica\",\"publisher\":{\"@id\":\"https:\/\/nitu.mx\/#\/schema\/person\/ae7a53426417292d3dd07b45a33e01bc\"},\"alternateName\":\"Noticias de la Industria Turistica\",\"potentialAction\":[{\"@type\":\"SearchAction\",\"target\":{\"@type\":\"EntryPoint\",\"urlTemplate\":\"https:\/\/nitu.mx\/?s={search_term_string}\"},\"query-input\":\"required name=search_term_string\"}],\"inLanguage\":\"es-MX\"},{\"@type\":[\"Person\",\"Organization\"],\"@id\":\"https:\/\/nitu.mx\/#\/schema\/person\/ae7a53426417292d3dd07b45a33e01bc\",\"name\":\"Arturo Medina\",\"image\":{\"@type\":\"ImageObject\",\"inLanguage\":\"es-MX\",\"@id\":\"https:\/\/nitu.mx\/#\/schema\/person\/image\/\",\"url\":\"https:\/\/nitu.mx\/wp-content\/uploads\/2024\/04\/4A315622-1904-4D5C-B022-878CDC840E04-90x90-1.jpeg\",\"contentUrl\":\"https:\/\/nitu.mx\/wp-content\/uploads\/2024\/04\/4A315622-1904-4D5C-B022-878CDC840E04-90x90-1.jpeg\",\"width\":90,\"height\":90,\"caption\":\"Arturo Medina\"},\"logo\":{\"@id\":\"https:\/\/nitu.mx\/#\/schema\/person\/image\/\"},\"description\":\"Director NITU.mx, Egresado de la Escuela de Periodismo Carlos Septi\u00e9n Garc\u00eda. Periodista y analista especializado en turismo desde hace 35 a\u00f1os, radicado en Canc\u00fan Q.Roo. arturo@nitu.mx\",\"sameAs\":[\"https:\/\/nitu.mx\",\"https:\/\/www.facebook.com\/NITUmx\/\",\"medinacancun\",\"https:\/\/twitter.com\/@Arturo_Medina_G\"],\"url\":\"https:\/\/nitu.mx\/index.php\/author\/arturo-medina\/\"}]}<\/script>\n<!-- \/ Yoast SEO plugin. -->","yoast_head_json":{"title":"Quintana Roo presente en museo del Vaticano en los festejos navide\u00f1os - Nitu - Noticias de la Industria Turistica","robots":{"index":"index","follow":"follow","max-snippet":"max-snippet:-1","max-image-preview":"max-image-preview:large","max-video-preview":"max-video-preview:-1"},"canonical":"https:\/\/nitu.mx\/index.php\/2023\/12\/11\/quintana-roo-presente-en-museo-del-vaticano-en-los-festejos-navidenos\/","twitter_card":"summary_large_image","twitter_title":"Quintana Roo presente en museo del Vaticano en los festejos navide\u00f1os - Nitu - Noticias de la Industria Turistica","twitter_description":"Quintana Roo ser\u00e1 el estado mexicano invitado a adornar con trabajos de artesanos del estado museos \u00a0y la V\u00eda de la Conciliazione en el Vaticano por lo que una comitiva, encabezada por la gobernadora Mara Lezama est\u00e1 presente en la Santa Sede en donde ser\u00e1n recibidos por el Santo Padre. Los momentos culminantes en el [&hellip;]","twitter_image":"https:\/\/nitu.mx\/wp-content\/uploads\/2023\/12\/IMG_2237.jpeg","twitter_creator":"@Arturo_Medina_G","twitter_site":"@Arturo_Medina_G","twitter_misc":{"Escrito por":"Arturo Medina","Tiempo de lectura":"1 minuto"},"schema":{"@context":"https:\/\/schema.org","@graph":[{"@type":"Article","@id":"https:\/\/nitu.mx\/index.php\/2023\/12\/11\/quintana-roo-presente-en-museo-del-vaticano-en-los-festejos-navidenos\/#article","isPartOf":{"@id":"https:\/\/nitu.mx\/index.php\/2023\/12\/11\/quintana-roo-presente-en-museo-del-vaticano-en-los-festejos-navidenos\/"},"author":{"name":"Arturo Medina","@id":"https:\/\/nitu.mx\/#\/schema\/person\/ae7a53426417292d3dd07b45a33e01bc"},"headline":"Quintana Roo presente en museo del Vaticano en los festejos navide\u00f1os","datePublished":"2023-12-11T06:28:26+00:00","dateModified":"2023-12-11T06:28:39+00:00","mainEntityOfPage":{"@id":"https:\/\/nitu.mx\/index.php\/2023\/12\/11\/quintana-roo-presente-en-museo-del-vaticano-en-los-festejos-navidenos\/"},"wordCount":268,"commentCount":0,"publisher":{"@id":"https:\/\/nitu.mx\/#\/schema\/person\/ae7a53426417292d3dd07b45a33e01bc"},"image":{"@id":"https:\/\/nitu.mx\/index.php\/2023\/12\/11\/quintana-roo-presente-en-museo-del-vaticano-en-los-festejos-navidenos\/#primaryimage"},"thumbnailUrl":"https:\/\/nitu.mx\/wp-content\/uploads\/2023\/12\/IMG_2237.jpeg","keywords":["Mara Lezama","Quintana Roo","Vaticano"],"articleSection":["Caribe Mexicano"],"inLanguage":"es-MX","potentialAction":[{"@type":"CommentAction","name":"Comment","target":["https:\/\/nitu.mx\/index.php\/2023\/12\/11\/quintana-roo-presente-en-museo-del-vaticano-en-los-festejos-navidenos\/#respond"]}]},{"@type":"WebPage","@id":"https:\/\/nitu.mx\/index.php\/2023\/12\/11\/quintana-roo-presente-en-museo-del-vaticano-en-los-festejos-navidenos\/","url":"https:\/\/nitu.mx\/index.php\/2023\/12\/11\/quintana-roo-presente-en-museo-del-vaticano-en-los-festejos-navidenos\/","name":"Quintana Roo presente en museo del Vaticano en los festejos navide\u00f1os - Nitu - Noticias de la Industria Turistica","isPartOf":{"@id":"https:\/\/nitu.mx\/#website"},"primaryImageOfPage":{"@id":"https:\/\/nitu.mx\/index.php\/2023\/12\/11\/quintana-roo-presente-en-museo-del-vaticano-en-los-festejos-navidenos\/#primaryimage"},"image":{"@id":"https:\/\/nitu.mx\/index.php\/2023\/12\/11\/quintana-roo-presente-en-museo-del-vaticano-en-los-festejos-navidenos\/#primaryimage"},"thumbnailUrl":"https:\/\/nitu.mx\/wp-content\/uploads\/2023\/12\/IMG_2237.jpeg","datePublished":"2023-12-11T06:28:26+00:00","dateModified":"2023-12-11T06:28:39+00:00","breadcrumb":{"@id":"https:\/\/nitu.mx\/index.php\/2023\/12\/11\/quintana-roo-presente-en-museo-del-vaticano-en-los-festejos-navidenos\/#breadcrumb"},"inLanguage":"es-MX","potentialAction":[{"@type":"ReadAction","target":["https:\/\/nitu.mx\/index.php\/2023\/12\/11\/quintana-roo-presente-en-museo-del-vaticano-en-los-festejos-navidenos\/"]}]},{"@type":"ImageObject","inLanguage":"es-MX","@id":"https:\/\/nitu.mx\/index.php\/2023\/12\/11\/quintana-roo-presente-en-museo-del-vaticano-en-los-festejos-navidenos\/#primaryimage","url":"https:\/\/nitu.mx\/wp-content\/uploads\/2023\/12\/IMG_2237.jpeg","contentUrl":"https:\/\/nitu.mx\/wp-content\/uploads\/2023\/12\/IMG_2237.jpeg","width":739,"height":415},{"@type":"BreadcrumbList","@id":"https:\/\/nitu.mx\/index.php\/2023\/12\/11\/quintana-roo-presente-en-museo-del-vaticano-en-los-festejos-navidenos\/#breadcrumb","itemListElement":[{"@type":"ListItem","position":1,"name":"Inicio","item":"https:\/\/nitu.mx\/"},{"@type":"ListItem","position":2,"name":"Quintana Roo presente en museo del Vaticano en los festejos navide\u00f1os"}]},{"@type":"WebSite","@id":"https:\/\/nitu.mx\/#website","url":"https:\/\/nitu.mx\/","name":"Nitu - Noticias de la Industria Turistica","description":"Noticias de la Industria Turistica","publisher":{"@id":"https:\/\/nitu.mx\/#\/schema\/person\/ae7a53426417292d3dd07b45a33e01bc"},"alternateName":"Noticias de la Industria Turistica","potentialAction":[{"@type":"SearchAction","target":{"@type":"EntryPoint","urlTemplate":"https:\/\/nitu.mx\/?s={search_term_string}"},"query-input":"required name=search_term_string"}],"inLanguage":"es-MX"},{"@type":["Person","Organization"],"@id":"https:\/\/nitu.mx\/#\/schema\/person\/ae7a53426417292d3dd07b45a33e01bc","name":"Arturo Medina","image":{"@type":"ImageObject","inLanguage":"es-MX","@id":"https:\/\/nitu.mx\/#\/schema\/person\/image\/","url":"https:\/\/nitu.mx\/wp-content\/uploads\/2024\/04\/4A315622-1904-4D5C-B022-878CDC840E04-90x90-1.jpeg","contentUrl":"https:\/\/nitu.mx\/wp-content\/uploads\/2024\/04\/4A315622-1904-4D5C-B022-878CDC840E04-90x90-1.jpeg","width":90,"height":90,"caption":"Arturo Medina"},"logo":{"@id":"https:\/\/nitu.mx\/#\/schema\/person\/image\/"},"description":"Director NITU.mx, Egresado de la Escuela de Periodismo Carlos Septi\u00e9n Garc\u00eda. Periodista y analista especializado en turismo desde hace 35 a\u00f1os, radicado en Canc\u00fan Q.Roo. arturo@nitu.mx","sameAs":["https:\/\/nitu.mx","https:\/\/www.facebook.com\/NITUmx\/","medinacancun","https:\/\/twitter.com\/@Arturo_Medina_G"],"url":"https:\/\/nitu.mx\/index.php\/author\/arturo-medina\/"}]}},"views":355,"_links":{"self":[{"href":"https:\/\/nitu.mx\/index.php\/wp-json\/wp\/v2\/posts\/67136"}],"collection":[{"href":"https:\/\/nitu.mx\/index.php\/wp-json\/wp\/v2\/posts"}],"about":[{"href":"https:\/\/nitu.mx\/index.php\/wp-json\/wp\/v2\/types\/post"}],"author":[{"embeddable":true,"href":"https:\/\/nitu.mx\/index.php\/wp-json\/wp\/v2\/users\/2"}],"replies":[{"embeddable":true,"href":"https:\/\/nitu.mx\/index.php\/wp-json\/wp\/v2\/comments?post=67136"}],"version-history":[{"count":1,"href":"https:\/\/nitu.mx\/index.php\/wp-json\/wp\/v2\/posts\/67136\/revisions"}],"predecessor-version":[{"id":67137,"href":"https:\/\/nitu.mx\/index.php\/wp-json\/wp\/v2\/posts\/67136\/revisions\/67137"}],"wp:featuredmedia":[{"embeddable":true,"href":"https:\/\/nitu.mx\/index.php\/wp-json\/wp\/v2\/media\/67138"}],"wp:attachment":[{"href":"https:\/\/nitu.mx\/index.php\/wp-json\/wp\/v2\/media?parent=67136"}],"wp:term":[{"taxonomy":"category","embeddable":true,"href":"https:\/\/nitu.mx\/index.php\/wp-json\/wp\/v2\/categories?post=67136"},{"taxonomy":"post_tag","embeddable":true,"href":"https:\/\/nitu.mx\/index.php\/wp-json\/wp\/v2\/tags?post=67136"}],"curies":[{"name":"wp","href":"https:\/\/api.w.org\/{rel}","templated":true}]}}